{"id":1042,"date":"2019-06-06T09:20:37","date_gmt":"2019-06-06T09:20:37","guid":{"rendered":"http:\/\/gumi.hu\/autogumi\/?p=1042"},"modified":"2019-06-07T13:44:57","modified_gmt":"2019-06-07T13:44:57","slug":"iden-unnepelte-25-eves-fennallasat-a-pirelli","status":"publish","type":"post","link":"https:\/\/gumi.hu\/auto-gumi\/iden-unnepelte-25-eves-fennallasat-a-pirelli\/","title":{"rendered":"Id\u00e9n \u00fcnnepelte 25 \u00e9ves fenn\u00e1ll\u00e1s\u00e1t a Pirelli"},"content":{"rendered":"\n<h4 class=\"wp-block-heading\">1994-ben\nk\u00e9sz\u00fclt Anne Leibovitz fotogr\u00e1fus legend\u00e1s felv\u00e9tele, amelyen Carl Lewis fut\u00f3\n\u00e1ll a rajtn\u00e1l piros magassark\u00faban. A Pirelli abroncsgy\u00e1rt\u00f3 kamp\u00e1nya a k\u00f6vetkez\u0151\nszlogennel indult \u00fatj\u00e1ra: \u201eMit \u00e9r az er\u0151, ha nem uralod\u201d. A mai napig ez a Pirelli\nmeghat\u00e1roz\u00f3 jelmondata, amely egybeolvadt a gy\u00e1rt\u00f3 nev\u00e9vel.<\/h4>\n\n\n\n<p>A vil\u00e1gh\u00edr\u0171 felv\u00e9tel ut\u00e1n k\u00e9t \u00e9vvel, t\u00e9v\u00e9rekl\u00e1m is k\u00e9sz\u00fclt Carl Lewis f\u0151szerepl\u00e9s\u00e9vel. A fut\u00f3 New York nevezetess\u00e9gei k\u00f6zt rohan, lehetetlen kih\u00edv\u00e1sokat v\u00e9grehajtva. A rekl\u00e1m v\u00e9g\u00e9n felemeli a talp\u00e1t \u00e9s kider\u00fcl, hogy azt a <a href=\"https:\/\/gumi.hu\/keresesmeretszerint\/osszes\/osszes\/osszes\/nyarigumi\/pirelli\/\" target=\"_blank\" rel=\"noreferrer noopener\" aria-label=\"Pirelli (\u00faj f\u00fcl\u00f6n nyitja meg)\">Pirelli<\/a> P6000-es ny\u00e1ri gumij\u00e1nak mint\u00e1zata bor\u00edtja. <\/p>\n\n\n\n<p>Carl Lewis\nut\u00e1n egy m\u00e1sik fut\u00f3, Marie-Jos\u00e9 P\u00e9rec k\u00e9pviselte a m\u00e1rk\u00e1t n\u00e9h\u00e1ny \u00e9vig. 1988-t\u00f3l\nRonaldo v\u00e1ltotta \u0151t, ikonikus Rio De Janeiro-i fot\u00f3j\u00e1val. A k\u00e9pen a focista\nh\u00e1ttal \u00e1ll a f\u00e9nyk\u00e9pez\u0151g\u00e9pnek, arccal a brazil Megv\u00e1lt\u00f3 Krisztus szobor fel\u00e9\nn\u00e9z \u00e9s felemeli egyik l\u00e1b\u00e1t. Talp\u00e1n j\u00f3l l\u00e1that\u00f3an kivehet\u0151 a Pirelli\ngumiabroncs\u00e1nak mint\u00e1ja. <\/p>\n\n\n\n<figure class=\"wp-block-image\"><a href=\"https:\/\/110.inter.it\/en\/pirelli-en\/pirelli-immagine1eng\/\" target=\"_blank\" rel=\"noreferrer noopener\"><img fetchpriority=\"high\" decoding=\"async\" width=\"1440\" height=\"650\" src=\"https:\/\/gumi.hu\/autogumi\/wp-content\/uploads\/2019\/06\/Pirelli-Ronaldo-Interok.jpg\" alt=\"\" class=\"wp-image-1044\"\/><\/a><\/figure>\n\n\n\n<p>2010-t\u0151l a <a rel=\"noreferrer noopener\" aria-label=\"Pirelli (\u00faj f\u00fcl\u00f6n nyitja meg)\" href=\"https:\/\/gumi.hu\/keresesmeretszerint\/osszes\/osszes\/osszes\/nyarigumi\/pirelli\/\" target=\"_blank\">Pirelli<\/a> minden \u00e9vben <a href=\"https:\/\/corporate.pirelli.com\/corporate\/en-ww\/investors\/financial-publications\/financial-reports\" target=\"_blank\" rel=\"noreferrer noopener\" aria-label=\"\u00c9ves Besz\u00e1mol\u00f3t (\u00faj f\u00fcl\u00f6n nyitja meg)\">\u00c9ves Besz\u00e1mol\u00f3t<\/a> ad ki, amely egyszer\u0171 \u00e9s sz\u00e1raz besz\u00e1mol\u00f3 helyett ma m\u00e1r sz\u00ednes, m\u0171v\u00e9szeti alkot\u00e1sokkal d\u00edsz\u00edtett kommunik\u00e1ci\u00f3s eszk\u00f6z. A besz\u00e1mol\u00f3 a tehets\u00e9ges kort\u00e1rs m\u0171v\u00e9szek seg\u00edts\u00e9g\u00e9vel mes\u00e9li el az abroncsgy\u00e1rt\u00f3 elm\u00falt egy \u00e9v\u00e9t. 2017 el\u0151tt fot\u00f3kkal, street arttal, \u00e9s kalligr\u00e1fi\u00e1val sz\u00ednes\u00edtett\u00e9k, 2017-ben pedig a digit\u00e1lis meg\u00fajul\u00e1s bemutat\u00e1s\u00e1ra tett\u00e9k a hangs\u00falyt.<\/p>\n\n\n\n<figure class=\"wp-block-image\"><img decoding=\"async\" width=\"1024\" height=\"768\" src=\"https:\/\/gumi.hu\/autogumi\/wp-content\/uploads\/2019\/06\/Id\u00e9n-\u00fcnnepelte-2-1.jpg\" alt=\"\" class=\"wp-image-1045\"\/><\/figure>\n\n\n\n<figure class=\"wp-block-embed-youtube wp-block-embed is-type-video is-provider-youtube wp-embed-aspect-16-9 wp-has-aspect-ratio\"><div class=\"wp-block-embed__wrapper\">\nhttps:\/\/www.youtube.com\/watch?v=2dlAumpyO8o\n<\/div><\/figure>\n","protected":false},"excerpt":{"rendered":"<p>1994-ben k\u00e9sz\u00fclt Anne Leibovitz fotogr\u00e1fus legend\u00e1s felv\u00e9tele, amelyen Carl Lewis fut\u00f3 \u00e1ll a rajtn\u00e1l piros magassark\u00faban. A Pirelli abroncsgy\u00e1rt\u00f3 kamp\u00e1nya a k\u00f6vetkez\u0151 szlogennel indult \u00fatj\u00e1ra: \u201eMit \u00e9r az er\u0151, ha nem uralod\u201d. A mai napig ez a Pirelli meghat\u00e1roz\u00f3 jelmondata, amely egybeolvadt a gy\u00e1rt\u00f3 nev\u00e9vel. A vil\u00e1gh\u00edr\u0171 felv\u00e9tel ut\u00e1n k\u00e9t \u00e9vvel, t\u00e9v\u00e9rekl\u00e1m is k\u00e9sz\u00fclt Carl &#8230; <a title=\"Id\u00e9n \u00fcnnepelte 25 \u00e9ves fenn\u00e1ll\u00e1s\u00e1t a Pirelli\" class=\"read-more\" href=\"https:\/\/gumi.hu\/auto-gumi\/iden-unnepelte-25-eves-fennallasat-a-pirelli\/\" aria-label=\"Read more about Id\u00e9n \u00fcnnepelte 25 \u00e9ves fenn\u00e1ll\u00e1s\u00e1t a Pirelli\">Olvass tov\u00e1bb<\/a><\/p>\n","protected":false},"author":1,"featured_media":1043,"comment_status":"closed","ping_status":"open","sticky":false,"template":"","format":"standard","meta":{"footnotes":""},"categories":[9],"tags":[],"class_list":["post-1042","post","type-post","status-publish","format-standard","has-post-thumbnail","hentry","category-pirelli"],"yoast_head":"<!-- This site is optimized with the Yoast SEO plugin v26.7 - https:\/\/yoast.com\/wordpress\/plugins\/seo\/ -->\n<title>Id\u00e9n \u00fcnnepelte 25 \u00e9ves fenn\u00e1ll\u00e1s\u00e1t a Pirelli - Gumi.hu<\/title>\n<meta name=\"robots\" content=\"index, follow, max-snippet:-1, max-image-preview:large, max-video-preview:-1\" \/>\n<link rel=\"canonical\" href=\"https:\/\/gumi.hu\/auto-gumi\/iden-unnepelte-25-eves-fennallasat-a-pirelli\/\" \/>\n<meta property=\"og:locale\" content=\"hu_HU\" \/>\n<meta property=\"og:type\" content=\"article\" \/>\n<meta property=\"og:title\" content=\"Id\u00e9n \u00fcnnepelte 25 \u00e9ves fenn\u00e1ll\u00e1s\u00e1t a Pirelli - Gumi.hu\" \/>\n<meta property=\"og:description\" content=\"1994-ben k\u00e9sz\u00fclt Anne Leibovitz fotogr\u00e1fus legend\u00e1s felv\u00e9tele, amelyen Carl Lewis fut\u00f3 \u00e1ll a rajtn\u00e1l piros magassark\u00faban. A Pirelli abroncsgy\u00e1rt\u00f3 kamp\u00e1nya a k\u00f6vetkez\u0151 szlogennel indult \u00fatj\u00e1ra: \u201eMit \u00e9r az er\u0151, ha nem uralod\u201d. A mai napig ez a Pirelli meghat\u00e1roz\u00f3 jelmondata, amely egybeolvadt a gy\u00e1rt\u00f3 nev\u00e9vel. A vil\u00e1gh\u00edr\u0171 felv\u00e9tel ut\u00e1n k\u00e9t \u00e9vvel, t\u00e9v\u00e9rekl\u00e1m is k\u00e9sz\u00fclt Carl ... Olvass tov\u00e1bb\" \/>\n<meta property=\"og:url\" content=\"https:\/\/gumi.hu\/auto-gumi\/iden-unnepelte-25-eves-fennallasat-a-pirelli\/\" \/>\n<meta property=\"og:site_name\" content=\"Gumi.hu\" \/>\n<meta property=\"article:publisher\" content=\"https:\/\/www.facebook.com\/akhautoszerviz\/\" \/>\n<meta property=\"article:published_time\" content=\"2019-06-06T09:20:37+00:00\" \/>\n<meta property=\"article:modified_time\" content=\"2019-06-07T13:44:57+00:00\" \/>\n<meta property=\"og:image\" content=\"https:\/\/gumi.hu\/auto-gumi\/wp-content\/uploads\/2019\/06\/Id\u00e9n-\u00fcnnepelte-1.jpg\" \/>\n\t<meta property=\"og:image:width\" content=\"1190\" \/>\n\t<meta property=\"og:image:height\" content=\"796\" \/>\n\t<meta property=\"og:image:type\" content=\"image\/jpeg\" \/>\n<meta name=\"author\" content=\"admin\" \/>\n<meta name=\"twitter:card\" content=\"summary_large_image\" \/>\n<meta name=\"twitter:label1\" content=\"Szerz\u0151:\" \/>\n\t<meta name=\"twitter:data1\" content=\"admin\" \/>\n\t<meta name=\"twitter:label2\" content=\"Becs\u00fclt olvas\u00e1si id\u0151\" \/>\n\t<meta name=\"twitter:data2\" content=\"2 perc\" \/>\n<script type=\"application\/ld+json\" class=\"yoast-schema-graph\">{\"@context\":\"https:\/\/schema.org\",\"@graph\":[{\"@type\":\"Article\",\"@id\":\"https:\/\/gumi.hu\/auto-gumi\/iden-unnepelte-25-eves-fennallasat-a-pirelli\/#article\",\"isPartOf\":{\"@id\":\"https:\/\/gumi.hu\/auto-gumi\/iden-unnepelte-25-eves-fennallasat-a-pirelli\/\"},\"author\":{\"name\":\"admin\",\"@id\":\"https:\/\/gumi.hu\/auto-gumi\/#\/schema\/person\/2353e58979249dd8ea620c1b5702f6f3\"},\"headline\":\"Id\u00e9n \u00fcnnepelte 25 \u00e9ves fenn\u00e1ll\u00e1s\u00e1t a Pirelli\",\"datePublished\":\"2019-06-06T09:20:37+00:00\",\"dateModified\":\"2019-06-07T13:44:57+00:00\",\"mainEntityOfPage\":{\"@id\":\"https:\/\/gumi.hu\/auto-gumi\/iden-unnepelte-25-eves-fennallasat-a-pirelli\/\"},\"wordCount\":316,\"publisher\":{\"@id\":\"https:\/\/gumi.hu\/auto-gumi\/#organization\"},\"image\":{\"@id\":\"https:\/\/gumi.hu\/auto-gumi\/iden-unnepelte-25-eves-fennallasat-a-pirelli\/#primaryimage\"},\"thumbnailUrl\":\"https:\/\/gumi.hu\/auto-gumi\/wp-content\/uploads\/2019\/06\/Id\u00e9n-\u00fcnnepelte-1.jpg\",\"articleSection\":[\"pirelli\"],\"inLanguage\":\"hu\"},{\"@type\":\"WebPage\",\"@id\":\"https:\/\/gumi.hu\/auto-gumi\/iden-unnepelte-25-eves-fennallasat-a-pirelli\/\",\"url\":\"https:\/\/gumi.hu\/auto-gumi\/iden-unnepelte-25-eves-fennallasat-a-pirelli\/\",\"name\":\"Id\u00e9n \u00fcnnepelte 25 \u00e9ves fenn\u00e1ll\u00e1s\u00e1t a Pirelli - Gumi.hu\",\"isPartOf\":{\"@id\":\"https:\/\/gumi.hu\/auto-gumi\/#website\"},\"primaryImageOfPage\":{\"@id\":\"https:\/\/gumi.hu\/auto-gumi\/iden-unnepelte-25-eves-fennallasat-a-pirelli\/#primaryimage\"},\"image\":{\"@id\":\"https:\/\/gumi.hu\/auto-gumi\/iden-unnepelte-25-eves-fennallasat-a-pirelli\/#primaryimage\"},\"thumbnailUrl\":\"https:\/\/gumi.hu\/auto-gumi\/wp-content\/uploads\/2019\/06\/Id\u00e9n-\u00fcnnepelte-1.jpg\",\"datePublished\":\"2019-06-06T09:20:37+00:00\",\"dateModified\":\"2019-06-07T13:44:57+00:00\",\"breadcrumb\":{\"@id\":\"https:\/\/gumi.hu\/auto-gumi\/iden-unnepelte-25-eves-fennallasat-a-pirelli\/#breadcrumb\"},\"inLanguage\":\"hu\",\"potentialAction\":[{\"@type\":\"ReadAction\",\"target\":[\"https:\/\/gumi.hu\/auto-gumi\/iden-unnepelte-25-eves-fennallasat-a-pirelli\/\"]}]},{\"@type\":\"ImageObject\",\"inLanguage\":\"hu\",\"@id\":\"https:\/\/gumi.hu\/auto-gumi\/iden-unnepelte-25-eves-fennallasat-a-pirelli\/#primaryimage\",\"url\":\"https:\/\/gumi.hu\/auto-gumi\/wp-content\/uploads\/2019\/06\/Id\u00e9n-\u00fcnnepelte-1.jpg\",\"contentUrl\":\"https:\/\/gumi.hu\/auto-gumi\/wp-content\/uploads\/2019\/06\/Id\u00e9n-\u00fcnnepelte-1.jpg\",\"width\":1190,\"height\":796},{\"@type\":\"BreadcrumbList\",\"@id\":\"https:\/\/gumi.hu\/auto-gumi\/iden-unnepelte-25-eves-fennallasat-a-pirelli\/#breadcrumb\",\"itemListElement\":[{\"@type\":\"ListItem\",\"position\":1,\"name\":\"Kezd\u0151lap\",\"item\":\"https:\/\/gumi.hu\/auto-gumi\/\"},{\"@type\":\"ListItem\",\"position\":2,\"name\":\"Id\u00e9n \u00fcnnepelte 25 \u00e9ves fenn\u00e1ll\u00e1s\u00e1t a Pirelli\"}]},{\"@type\":\"WebSite\",\"@id\":\"https:\/\/gumi.hu\/auto-gumi\/#website\",\"url\":\"https:\/\/gumi.hu\/auto-gumi\/\",\"name\":\"Gumi.hu\",\"description\":\"\",\"publisher\":{\"@id\":\"https:\/\/gumi.hu\/auto-gumi\/#organization\"},\"potentialAction\":[{\"@type\":\"SearchAction\",\"target\":{\"@type\":\"EntryPoint\",\"urlTemplate\":\"https:\/\/gumi.hu\/auto-gumi\/?s={search_term_string}\"},\"query-input\":{\"@type\":\"PropertyValueSpecification\",\"valueRequired\":true,\"valueName\":\"search_term_string\"}}],\"inLanguage\":\"hu\"},{\"@type\":\"Organization\",\"@id\":\"https:\/\/gumi.hu\/auto-gumi\/#organization\",\"name\":\"Gumi.hu\",\"url\":\"https:\/\/gumi.hu\/auto-gumi\/\",\"logo\":{\"@type\":\"ImageObject\",\"inLanguage\":\"hu\",\"@id\":\"https:\/\/gumi.hu\/auto-gumi\/#\/schema\/logo\/image\/\",\"url\":\"https:\/\/gumi.hu\/auto-gumi\/wp-content\/uploads\/2021\/12\/cropped-gumi.hulogo.png\",\"contentUrl\":\"https:\/\/gumi.hu\/auto-gumi\/wp-content\/uploads\/2021\/12\/cropped-gumi.hulogo.png\",\"width\":597,\"height\":256,\"caption\":\"Gumi.hu\"},\"image\":{\"@id\":\"https:\/\/gumi.hu\/auto-gumi\/#\/schema\/logo\/image\/\"},\"sameAs\":[\"https:\/\/www.facebook.com\/akhautoszerviz\/\",\"https:\/\/www.instagram.com\/gumi.hu_poweredbyakh\/\",\"https:\/\/www.youtube.com\/channel\/UCyYJ0QGG6gLMXAADVRYY6_w\"]},{\"@type\":\"Person\",\"@id\":\"https:\/\/gumi.hu\/auto-gumi\/#\/schema\/person\/2353e58979249dd8ea620c1b5702f6f3\",\"name\":\"admin\",\"image\":{\"@type\":\"ImageObject\",\"inLanguage\":\"hu\",\"@id\":\"https:\/\/gumi.hu\/auto-gumi\/#\/schema\/person\/image\/\",\"url\":\"https:\/\/secure.gravatar.com\/avatar\/4f5763fd55850261cec8f332c71917800e8784ed69d7ab099747ab0a62b34fe1?s=96&d=mm&r=g\",\"contentUrl\":\"https:\/\/secure.gravatar.com\/avatar\/4f5763fd55850261cec8f332c71917800e8784ed69d7ab099747ab0a62b34fe1?s=96&d=mm&r=g\",\"caption\":\"admin\"}}]}<\/script>\n<!-- \/ Yoast SEO plugin. -->","yoast_head_json":{"title":"Id\u00e9n \u00fcnnepelte 25 \u00e9ves fenn\u00e1ll\u00e1s\u00e1t a Pirelli - Gumi.hu","robots":{"index":"index","follow":"follow","max-snippet":"max-snippet:-1","max-image-preview":"max-image-preview:large","max-video-preview":"max-video-preview:-1"},"canonical":"https:\/\/gumi.hu\/auto-gumi\/iden-unnepelte-25-eves-fennallasat-a-pirelli\/","og_locale":"hu_HU","og_type":"article","og_title":"Id\u00e9n \u00fcnnepelte 25 \u00e9ves fenn\u00e1ll\u00e1s\u00e1t a Pirelli - Gumi.hu","og_description":"1994-ben k\u00e9sz\u00fclt Anne Leibovitz fotogr\u00e1fus legend\u00e1s felv\u00e9tele, amelyen Carl Lewis fut\u00f3 \u00e1ll a rajtn\u00e1l piros magassark\u00faban. A Pirelli abroncsgy\u00e1rt\u00f3 kamp\u00e1nya a k\u00f6vetkez\u0151 szlogennel indult \u00fatj\u00e1ra: \u201eMit \u00e9r az er\u0151, ha nem uralod\u201d. A mai napig ez a Pirelli meghat\u00e1roz\u00f3 jelmondata, amely egybeolvadt a gy\u00e1rt\u00f3 nev\u00e9vel. A vil\u00e1gh\u00edr\u0171 felv\u00e9tel ut\u00e1n k\u00e9t \u00e9vvel, t\u00e9v\u00e9rekl\u00e1m is k\u00e9sz\u00fclt Carl ... Olvass tov\u00e1bb","og_url":"https:\/\/gumi.hu\/auto-gumi\/iden-unnepelte-25-eves-fennallasat-a-pirelli\/","og_site_name":"Gumi.hu","article_publisher":"https:\/\/www.facebook.com\/akhautoszerviz\/","article_published_time":"2019-06-06T09:20:37+00:00","article_modified_time":"2019-06-07T13:44:57+00:00","og_image":[{"width":1190,"height":796,"url":"https:\/\/gumi.hu\/auto-gumi\/wp-content\/uploads\/2019\/06\/Id\u00e9n-\u00fcnnepelte-1.jpg","type":"image\/jpeg"}],"author":"admin","twitter_card":"summary_large_image","twitter_misc":{"Szerz\u0151:":"admin","Becs\u00fclt olvas\u00e1si id\u0151":"2 perc"},"schema":{"@context":"https:\/\/schema.org","@graph":[{"@type":"Article","@id":"https:\/\/gumi.hu\/auto-gumi\/iden-unnepelte-25-eves-fennallasat-a-pirelli\/#article","isPartOf":{"@id":"https:\/\/gumi.hu\/auto-gumi\/iden-unnepelte-25-eves-fennallasat-a-pirelli\/"},"author":{"name":"admin","@id":"https:\/\/gumi.hu\/auto-gumi\/#\/schema\/person\/2353e58979249dd8ea620c1b5702f6f3"},"headline":"Id\u00e9n \u00fcnnepelte 25 \u00e9ves fenn\u00e1ll\u00e1s\u00e1t a Pirelli","datePublished":"2019-06-06T09:20:37+00:00","dateModified":"2019-06-07T13:44:57+00:00","mainEntityOfPage":{"@id":"https:\/\/gumi.hu\/auto-gumi\/iden-unnepelte-25-eves-fennallasat-a-pirelli\/"},"wordCount":316,"publisher":{"@id":"https:\/\/gumi.hu\/auto-gumi\/#organization"},"image":{"@id":"https:\/\/gumi.hu\/auto-gumi\/iden-unnepelte-25-eves-fennallasat-a-pirelli\/#primaryimage"},"thumbnailUrl":"https:\/\/gumi.hu\/auto-gumi\/wp-content\/uploads\/2019\/06\/Id\u00e9n-\u00fcnnepelte-1.jpg","articleSection":["pirelli"],"inLanguage":"hu"},{"@type":"WebPage","@id":"https:\/\/gumi.hu\/auto-gumi\/iden-unnepelte-25-eves-fennallasat-a-pirelli\/","url":"https:\/\/gumi.hu\/auto-gumi\/iden-unnepelte-25-eves-fennallasat-a-pirelli\/","name":"Id\u00e9n \u00fcnnepelte 25 \u00e9ves fenn\u00e1ll\u00e1s\u00e1t a Pirelli - Gumi.hu","isPartOf":{"@id":"https:\/\/gumi.hu\/auto-gumi\/#website"},"primaryImageOfPage":{"@id":"https:\/\/gumi.hu\/auto-gumi\/iden-unnepelte-25-eves-fennallasat-a-pirelli\/#primaryimage"},"image":{"@id":"https:\/\/gumi.hu\/auto-gumi\/iden-unnepelte-25-eves-fennallasat-a-pirelli\/#primaryimage"},"thumbnailUrl":"https:\/\/gumi.hu\/auto-gumi\/wp-content\/uploads\/2019\/06\/Id\u00e9n-\u00fcnnepelte-1.jpg","datePublished":"2019-06-06T09:20:37+00:00","dateModified":"2019-06-07T13:44:57+00:00","breadcrumb":{"@id":"https:\/\/gumi.hu\/auto-gumi\/iden-unnepelte-25-eves-fennallasat-a-pirelli\/#breadcrumb"},"inLanguage":"hu","potentialAction":[{"@type":"ReadAction","target":["https:\/\/gumi.hu\/auto-gumi\/iden-unnepelte-25-eves-fennallasat-a-pirelli\/"]}]},{"@type":"ImageObject","inLanguage":"hu","@id":"https:\/\/gumi.hu\/auto-gumi\/iden-unnepelte-25-eves-fennallasat-a-pirelli\/#primaryimage","url":"https:\/\/gumi.hu\/auto-gumi\/wp-content\/uploads\/2019\/06\/Id\u00e9n-\u00fcnnepelte-1.jpg","contentUrl":"https:\/\/gumi.hu\/auto-gumi\/wp-content\/uploads\/2019\/06\/Id\u00e9n-\u00fcnnepelte-1.jpg","width":1190,"height":796},{"@type":"BreadcrumbList","@id":"https:\/\/gumi.hu\/auto-gumi\/iden-unnepelte-25-eves-fennallasat-a-pirelli\/#breadcrumb","itemListElement":[{"@type":"ListItem","position":1,"name":"Kezd\u0151lap","item":"https:\/\/gumi.hu\/auto-gumi\/"},{"@type":"ListItem","position":2,"name":"Id\u00e9n \u00fcnnepelte 25 \u00e9ves fenn\u00e1ll\u00e1s\u00e1t a Pirelli"}]},{"@type":"WebSite","@id":"https:\/\/gumi.hu\/auto-gumi\/#website","url":"https:\/\/gumi.hu\/auto-gumi\/","name":"Gumi.hu","description":"","publisher":{"@id":"https:\/\/gumi.hu\/auto-gumi\/#organization"},"potentialAction":[{"@type":"SearchAction","target":{"@type":"EntryPoint","urlTemplate":"https:\/\/gumi.hu\/auto-gumi\/?s={search_term_string}"},"query-input":{"@type":"PropertyValueSpecification","valueRequired":true,"valueName":"search_term_string"}}],"inLanguage":"hu"},{"@type":"Organization","@id":"https:\/\/gumi.hu\/auto-gumi\/#organization","name":"Gumi.hu","url":"https:\/\/gumi.hu\/auto-gumi\/","logo":{"@type":"ImageObject","inLanguage":"hu","@id":"https:\/\/gumi.hu\/auto-gumi\/#\/schema\/logo\/image\/","url":"https:\/\/gumi.hu\/auto-gumi\/wp-content\/uploads\/2021\/12\/cropped-gumi.hulogo.png","contentUrl":"https:\/\/gumi.hu\/auto-gumi\/wp-content\/uploads\/2021\/12\/cropped-gumi.hulogo.png","width":597,"height":256,"caption":"Gumi.hu"},"image":{"@id":"https:\/\/gumi.hu\/auto-gumi\/#\/schema\/logo\/image\/"},"sameAs":["https:\/\/www.facebook.com\/akhautoszerviz\/","https:\/\/www.instagram.com\/gumi.hu_poweredbyakh\/","https:\/\/www.youtube.com\/channel\/UCyYJ0QGG6gLMXAADVRYY6_w"]},{"@type":"Person","@id":"https:\/\/gumi.hu\/auto-gumi\/#\/schema\/person\/2353e58979249dd8ea620c1b5702f6f3","name":"admin","image":{"@type":"ImageObject","inLanguage":"hu","@id":"https:\/\/gumi.hu\/auto-gumi\/#\/schema\/person\/image\/","url":"https:\/\/secure.gravatar.com\/avatar\/4f5763fd55850261cec8f332c71917800e8784ed69d7ab099747ab0a62b34fe1?s=96&d=mm&r=g","contentUrl":"https:\/\/secure.gravatar.com\/avatar\/4f5763fd55850261cec8f332c71917800e8784ed69d7ab099747ab0a62b34fe1?s=96&d=mm&r=g","caption":"admin"}}]}},"_links":{"self":[{"href":"https:\/\/gumi.hu\/auto-gumi\/wp-json\/wp\/v2\/posts\/1042","targetHints":{"allow":["GET"]}}],"collection":[{"href":"https:\/\/gumi.hu\/auto-gumi\/wp-json\/wp\/v2\/posts"}],"about":[{"href":"https:\/\/gumi.hu\/auto-gumi\/wp-json\/wp\/v2\/types\/post"}],"author":[{"embeddable":true,"href":"https:\/\/gumi.hu\/auto-gumi\/wp-json\/wp\/v2\/users\/1"}],"replies":[{"embeddable":true,"href":"https:\/\/gumi.hu\/auto-gumi\/wp-json\/wp\/v2\/comments?post=1042"}],"version-history":[{"count":3,"href":"https:\/\/gumi.hu\/auto-gumi\/wp-json\/wp\/v2\/posts\/1042\/revisions"}],"predecessor-version":[{"id":1058,"href":"https:\/\/gumi.hu\/auto-gumi\/wp-json\/wp\/v2\/posts\/1042\/revisions\/1058"}],"wp:featuredmedia":[{"embeddable":true,"href":"https:\/\/gumi.hu\/auto-gumi\/wp-json\/wp\/v2\/media\/1043"}],"wp:attachment":[{"href":"https:\/\/gumi.hu\/auto-gumi\/wp-json\/wp\/v2\/media?parent=1042"}],"wp:term":[{"taxonomy":"category","embeddable":true,"href":"https:\/\/gumi.hu\/auto-gumi\/wp-json\/wp\/v2\/categories?post=1042"},{"taxonomy":"post_tag","embeddable":true,"href":"https:\/\/gumi.hu\/auto-gumi\/wp-json\/wp\/v2\/tags?post=1042"}],"curies":[{"name":"wp","href":"https:\/\/api.w.org\/{rel}","templated":true}]}}