{"id":1048,"date":"2019-06-06T09:27:32","date_gmt":"2019-06-06T09:27:32","guid":{"rendered":"http:\/\/gumi.hu\/autogumi\/?p=1048"},"modified":"2019-06-07T13:18:57","modified_gmt":"2019-06-07T13:18:57","slug":"pirelli-bejelentes-eldolt-melyik-keverekeket-hasznalhatjak-a-2019-es-magyar-nagydijon","status":"publish","type":"post","link":"https:\/\/gumi.hu\/auto-gumi\/pirelli-bejelentes-eldolt-melyik-keverekeket-hasznalhatjak-a-2019-es-magyar-nagydijon\/","title":{"rendered":"Pirelli-bejelent\u00e9s: Eld\u0151lt, melyik kever\u00e9keket haszn\u00e1lhatj\u00e1k a 2019-es Magyar Nagyd\u00edjon"},"content":{"rendered":"\n<h4 class=\"wp-block-heading\">\n\n\n\n\n\n\n\n\n\n\n\n\n\n\n\n\nA\nPirelli gumiabroncsgy\u00e1rt\u00f3 a napokban hivatalosan is k\u00f6zz\u00e9tette az idei\nkever\u00e9keket, amelyeket a Forma 1 Magyar Nagyd\u00edjon haszn\u00e1lhatnak a versenyz\u0151k. Az\nolasz gy\u00e1rt\u00f3 id\u00e9n \u00f6tf\u00e9le kever\u00e9kb\u0151l v\u00e1logat, a kem\u00e9nys\u00e9gt\u0151l f\u00fcgg\u0151en. A C1\njel\u00f6l\u00e9s\u0171 a legkem\u00e9nyebb, m\u00edg a C5 a legl\u00e1gyabb gumiabroncsszett. \n\n\n\n<\/h4>\n\n\n\n<p>A <a href=\"https:\/\/gumi.hu\/keresesmeretszerint\/osszes\/osszes\/osszes\/nyarigumi\/pirelli\/\" target=\"_blank\" rel=\"noreferrer noopener\" aria-label=\"Pirelli (\u00faj f\u00fcl\u00f6n nyitja meg)\">Pirelli<\/a> v\u00e1laszt\u00e1sa a magyar p\u00e1ly\u00e1n a C2, C3 \u00e9s a C4-es szettekre esett, azaz a kev\u00e9sb\u00e9 kem\u00e9nyre, a k\u00f6zepesre \u00e9s a kiss\u00e9 l\u00e1gyra. A gy\u00e1rt\u00f3 ebben az id\u00e9nyben m\u00e1r a tizenk\u00e9t h\u00e9tv\u00e9g\u00e9b\u0151l h\u00e9tn\u00e9l ugyanezeket a gumikat v\u00e1lasztotta.<\/p>\n\n\n\n<figure class=\"wp-block-image\"><img fetchpriority=\"high\" decoding=\"async\" width=\"960\" height=\"720\" src=\"https:\/\/gumi.hu\/autogumi\/wp-content\/uploads\/2019\/06\/Pirelli-bejelent\u00e9s-1.jpg\" alt=\"\" class=\"wp-image-1051\"\/><\/figure>\n\n\n\n<p>\u00a0A <a href=\"https:\/\/gumi.hu\/keresesmeretszerint\/osszes\/osszes\/osszes\/nyarigumi\/pirelli\/\" target=\"_blank\" rel=\"noreferrer noopener\" aria-label=\"Pirelli (\u00faj f\u00fcl\u00f6n nyitja meg)\">Pirelli<\/a> id\u00e9n leegyszer\u0171s\u00edtette az abroncsok elnevez\u00e9s\u00e9t \u00e9s jel\u00f6l\u00e9s\u00e9t, mert a tavalyi jel\u00f6l\u00e9sek kisebb kavarod\u00e1st okoztak. \u00cdgy lett C1-C5-ig tart\u00f3 az elnevez\u00e9s, \u00e9s a gumik k\u00fcls\u0151 oldal\u00e1n egy-egy, a kem\u00e9nys\u00e9gnek megfelel\u0151 feh\u00e9r, s\u00e1rga vagy piros sz\u00edn\u0171 cs\u00edk is fut.<\/p>\n\n\n\n<p>Az \u00faj Forma1-es szab\u00e1lyok szerint az indul\u00f3knak v\u00e1lasztaniuk kell egy szettet a l\u00e1gy aut\u00f3gumik k\u00f6z\u00fcl, amelyet a Q3-as szakaszon haszn\u00e1lhatnak. \u00a0Az els\u0151 futamot kiv\u00e9ve, a versenyen a k\u00f6zepes \u00e9s a kem\u00e9ny garnit\u00far\u00e1b\u00f3l is k\u00f6telez\u0151 feltenni.  A 2019. \u00e9vi Magyar Nagyd\u00edjat augusztus 2-4-e k\u00f6z\u00f6tt rendezik meg a Hungaroringen. Tov\u00e1bbi inform\u00e1ci\u00f3k\u00e9rt l\u00e1togasson el a <a href=\"https:\/\/www.formula1.com\/\" target=\"_blank\" rel=\"noreferrer noopener\" aria-label=\"hivatalos honlapra (\u00faj f\u00fcl\u00f6n nyitja meg)\">hivatalos honlapra<\/a>.<\/p>\n\n\n\n<figure class=\"wp-block-embed-youtube wp-block-embed is-type-video is-provider-youtube wp-embed-aspect-16-9 wp-has-aspect-ratio\"><div class=\"wp-block-embed__wrapper\">\n<iframe title=\"2019 Pirelli F1 Tyres Revealed\" width=\"1200\" height=\"675\" src=\"https:\/\/www.youtube.com\/embed\/E1LQ5REb288?feature=oembed\" frameborder=\"0\" allow=\"accelerometer; autoplay; clipboard-write; encrypted-media; gyroscope; picture-in-picture\" allowfullscreen><\/iframe>\n<\/div><\/figure>\n","protected":false},"excerpt":{"rendered":"<p>A Pirelli gumiabroncsgy\u00e1rt\u00f3 a napokban hivatalosan is k\u00f6zz\u00e9tette az idei kever\u00e9keket, amelyeket a Forma 1 Magyar Nagyd\u00edjon haszn\u00e1lhatnak a versenyz\u0151k. Az olasz gy\u00e1rt\u00f3 id\u00e9n \u00f6tf\u00e9le kever\u00e9kb\u0151l v\u00e1logat, a kem\u00e9nys\u00e9gt\u0151l f\u00fcgg\u0151en. A C1 jel\u00f6l\u00e9s\u0171 a legkem\u00e9nyebb, m\u00edg a C5 a legl\u00e1gyabb gumiabroncsszett. A Pirelli v\u00e1laszt\u00e1sa a magyar p\u00e1ly\u00e1n a C2, C3 \u00e9s a C4-es szettekre esett, &#8230; <a title=\"Pirelli-bejelent\u00e9s: Eld\u0151lt, melyik kever\u00e9keket haszn\u00e1lhatj\u00e1k a 2019-es Magyar Nagyd\u00edjon\" class=\"read-more\" href=\"https:\/\/gumi.hu\/auto-gumi\/pirelli-bejelentes-eldolt-melyik-keverekeket-hasznalhatjak-a-2019-es-magyar-nagydijon\/\" aria-label=\"Read more about Pirelli-bejelent\u00e9s: Eld\u0151lt, melyik kever\u00e9keket haszn\u00e1lhatj\u00e1k a 2019-es Magyar Nagyd\u00edjon\">Olvass tov\u00e1bb<\/a><\/p>\n","protected":false},"author":1,"featured_media":1052,"comment_status":"closed","ping_status":"open","sticky":false,"template":"","format":"standard","meta":{"footnotes":""},"categories":[9],"tags":[],"class_list":["post-1048","post","type-post","status-publish","format-standard","has-post-thumbnail","hentry","category-pirelli"],"yoast_head":"<!-- This site is optimized with the Yoast SEO plugin v26.7 - https:\/\/yoast.com\/wordpress\/plugins\/seo\/ -->\n<title>Pirelli-bejelent\u00e9s: Eld\u0151lt, melyik kever\u00e9keket haszn\u00e1lhatj\u00e1k a 2019-es Magyar Nagyd\u00edjon - Gumi.hu<\/title>\n<meta name=\"robots\" content=\"index, follow, max-snippet:-1, max-image-preview:large, max-video-preview:-1\" \/>\n<link rel=\"canonical\" href=\"https:\/\/gumi.hu\/auto-gumi\/pirelli-bejelentes-eldolt-melyik-keverekeket-hasznalhatjak-a-2019-es-magyar-nagydijon\/\" \/>\n<meta property=\"og:locale\" content=\"hu_HU\" \/>\n<meta property=\"og:type\" content=\"article\" \/>\n<meta property=\"og:title\" content=\"Pirelli-bejelent\u00e9s: Eld\u0151lt, melyik kever\u00e9keket haszn\u00e1lhatj\u00e1k a 2019-es Magyar Nagyd\u00edjon - Gumi.hu\" \/>\n<meta property=\"og:description\" content=\"A Pirelli gumiabroncsgy\u00e1rt\u00f3 a napokban hivatalosan is k\u00f6zz\u00e9tette az idei kever\u00e9keket, amelyeket a Forma 1 Magyar Nagyd\u00edjon haszn\u00e1lhatnak a versenyz\u0151k. Az olasz gy\u00e1rt\u00f3 id\u00e9n \u00f6tf\u00e9le kever\u00e9kb\u0151l v\u00e1logat, a kem\u00e9nys\u00e9gt\u0151l f\u00fcgg\u0151en. A C1 jel\u00f6l\u00e9s\u0171 a legkem\u00e9nyebb, m\u00edg a C5 a legl\u00e1gyabb gumiabroncsszett. A Pirelli v\u00e1laszt\u00e1sa a magyar p\u00e1ly\u00e1n a C2, C3 \u00e9s a C4-es szettekre esett, ... Olvass tov\u00e1bb\" \/>\n<meta property=\"og:url\" content=\"https:\/\/gumi.hu\/auto-gumi\/pirelli-bejelentes-eldolt-melyik-keverekeket-hasznalhatjak-a-2019-es-magyar-nagydijon\/\" \/>\n<meta property=\"og:site_name\" content=\"Gumi.hu\" \/>\n<meta property=\"article:publisher\" content=\"https:\/\/www.facebook.com\/akhautoszerviz\/\" \/>\n<meta property=\"article:published_time\" content=\"2019-06-06T09:27:32+00:00\" \/>\n<meta property=\"article:modified_time\" content=\"2019-06-07T13:18:57+00:00\" \/>\n<meta property=\"og:image\" content=\"https:\/\/gumi.hu\/auto-gumi\/wp-content\/uploads\/2019\/06\/Pirelli-bejelent\u00e9s2-1.jpg\" \/>\n\t<meta property=\"og:image:width\" content=\"1536\" \/>\n\t<meta property=\"og:image:height\" content=\"863\" \/>\n\t<meta property=\"og:image:type\" content=\"image\/jpeg\" \/>\n<meta name=\"author\" content=\"admin\" \/>\n<meta name=\"twitter:card\" content=\"summary_large_image\" \/>\n<meta name=\"twitter:label1\" content=\"Szerz\u0151:\" \/>\n\t<meta name=\"twitter:data1\" content=\"admin\" \/>\n\t<meta name=\"twitter:label2\" content=\"Becs\u00fclt olvas\u00e1si id\u0151\" \/>\n\t<meta name=\"twitter:data2\" content=\"1 perc\" \/>\n<script type=\"application\/ld+json\" class=\"yoast-schema-graph\">{\"@context\":\"https:\/\/schema.org\",\"@graph\":[{\"@type\":\"Article\",\"@id\":\"https:\/\/gumi.hu\/auto-gumi\/pirelli-bejelentes-eldolt-melyik-keverekeket-hasznalhatjak-a-2019-es-magyar-nagydijon\/#article\",\"isPartOf\":{\"@id\":\"https:\/\/gumi.hu\/auto-gumi\/pirelli-bejelentes-eldolt-melyik-keverekeket-hasznalhatjak-a-2019-es-magyar-nagydijon\/\"},\"author\":{\"name\":\"admin\",\"@id\":\"https:\/\/gumi.hu\/auto-gumi\/#\/schema\/person\/2353e58979249dd8ea620c1b5702f6f3\"},\"headline\":\"Pirelli-bejelent\u00e9s: Eld\u0151lt, melyik kever\u00e9keket haszn\u00e1lhatj\u00e1k a 2019-es Magyar Nagyd\u00edjon\",\"datePublished\":\"2019-06-06T09:27:32+00:00\",\"dateModified\":\"2019-06-07T13:18:57+00:00\",\"mainEntityOfPage\":{\"@id\":\"https:\/\/gumi.hu\/auto-gumi\/pirelli-bejelentes-eldolt-melyik-keverekeket-hasznalhatjak-a-2019-es-magyar-nagydijon\/\"},\"wordCount\":285,\"publisher\":{\"@id\":\"https:\/\/gumi.hu\/auto-gumi\/#organization\"},\"image\":{\"@id\":\"https:\/\/gumi.hu\/auto-gumi\/pirelli-bejelentes-eldolt-melyik-keverekeket-hasznalhatjak-a-2019-es-magyar-nagydijon\/#primaryimage\"},\"thumbnailUrl\":\"https:\/\/gumi.hu\/auto-gumi\/wp-content\/uploads\/2019\/06\/Pirelli-bejelent\u00e9s2-1.jpg\",\"articleSection\":[\"pirelli\"],\"inLanguage\":\"hu\"},{\"@type\":\"WebPage\",\"@id\":\"https:\/\/gumi.hu\/auto-gumi\/pirelli-bejelentes-eldolt-melyik-keverekeket-hasznalhatjak-a-2019-es-magyar-nagydijon\/\",\"url\":\"https:\/\/gumi.hu\/auto-gumi\/pirelli-bejelentes-eldolt-melyik-keverekeket-hasznalhatjak-a-2019-es-magyar-nagydijon\/\",\"name\":\"Pirelli-bejelent\u00e9s: Eld\u0151lt, melyik kever\u00e9keket haszn\u00e1lhatj\u00e1k a 2019-es Magyar Nagyd\u00edjon - Gumi.hu\",\"isPartOf\":{\"@id\":\"https:\/\/gumi.hu\/auto-gumi\/#website\"},\"primaryImageOfPage\":{\"@id\":\"https:\/\/gumi.hu\/auto-gumi\/pirelli-bejelentes-eldolt-melyik-keverekeket-hasznalhatjak-a-2019-es-magyar-nagydijon\/#primaryimage\"},\"image\":{\"@id\":\"https:\/\/gumi.hu\/auto-gumi\/pirelli-bejelentes-eldolt-melyik-keverekeket-hasznalhatjak-a-2019-es-magyar-nagydijon\/#primaryimage\"},\"thumbnailUrl\":\"https:\/\/gumi.hu\/auto-gumi\/wp-content\/uploads\/2019\/06\/Pirelli-bejelent\u00e9s2-1.jpg\",\"datePublished\":\"2019-06-06T09:27:32+00:00\",\"dateModified\":\"2019-06-07T13:18:57+00:00\",\"breadcrumb\":{\"@id\":\"https:\/\/gumi.hu\/auto-gumi\/pirelli-bejelentes-eldolt-melyik-keverekeket-hasznalhatjak-a-2019-es-magyar-nagydijon\/#breadcrumb\"},\"inLanguage\":\"hu\",\"potentialAction\":[{\"@type\":\"ReadAction\",\"target\":[\"https:\/\/gumi.hu\/auto-gumi\/pirelli-bejelentes-eldolt-melyik-keverekeket-hasznalhatjak-a-2019-es-magyar-nagydijon\/\"]}]},{\"@type\":\"ImageObject\",\"inLanguage\":\"hu\",\"@id\":\"https:\/\/gumi.hu\/auto-gumi\/pirelli-bejelentes-eldolt-melyik-keverekeket-hasznalhatjak-a-2019-es-magyar-nagydijon\/#primaryimage\",\"url\":\"https:\/\/gumi.hu\/auto-gumi\/wp-content\/uploads\/2019\/06\/Pirelli-bejelent\u00e9s2-1.jpg\",\"contentUrl\":\"https:\/\/gumi.hu\/auto-gumi\/wp-content\/uploads\/2019\/06\/Pirelli-bejelent\u00e9s2-1.jpg\",\"width\":1536,\"height\":863},{\"@type\":\"BreadcrumbList\",\"@id\":\"https:\/\/gumi.hu\/auto-gumi\/pirelli-bejelentes-eldolt-melyik-keverekeket-hasznalhatjak-a-2019-es-magyar-nagydijon\/#breadcrumb\",\"itemListElement\":[{\"@type\":\"ListItem\",\"position\":1,\"name\":\"Kezd\u0151lap\",\"item\":\"https:\/\/gumi.hu\/auto-gumi\/\"},{\"@type\":\"ListItem\",\"position\":2,\"name\":\"Pirelli-bejelent\u00e9s: Eld\u0151lt, melyik kever\u00e9keket haszn\u00e1lhatj\u00e1k a 2019-es Magyar Nagyd\u00edjon\"}]},{\"@type\":\"WebSite\",\"@id\":\"https:\/\/gumi.hu\/auto-gumi\/#website\",\"url\":\"https:\/\/gumi.hu\/auto-gumi\/\",\"name\":\"Gumi.hu\",\"description\":\"\",\"publisher\":{\"@id\":\"https:\/\/gumi.hu\/auto-gumi\/#organization\"},\"potentialAction\":[{\"@type\":\"SearchAction\",\"target\":{\"@type\":\"EntryPoint\",\"urlTemplate\":\"https:\/\/gumi.hu\/auto-gumi\/?s={search_term_string}\"},\"query-input\":{\"@type\":\"PropertyValueSpecification\",\"valueRequired\":true,\"valueName\":\"search_term_string\"}}],\"inLanguage\":\"hu\"},{\"@type\":\"Organization\",\"@id\":\"https:\/\/gumi.hu\/auto-gumi\/#organization\",\"name\":\"Gumi.hu\",\"url\":\"https:\/\/gumi.hu\/auto-gumi\/\",\"logo\":{\"@type\":\"ImageObject\",\"inLanguage\":\"hu\",\"@id\":\"https:\/\/gumi.hu\/auto-gumi\/#\/schema\/logo\/image\/\",\"url\":\"https:\/\/gumi.hu\/auto-gumi\/wp-content\/uploads\/2021\/12\/cropped-gumi.hulogo.png\",\"contentUrl\":\"https:\/\/gumi.hu\/auto-gumi\/wp-content\/uploads\/2021\/12\/cropped-gumi.hulogo.png\",\"width\":597,\"height\":256,\"caption\":\"Gumi.hu\"},\"image\":{\"@id\":\"https:\/\/gumi.hu\/auto-gumi\/#\/schema\/logo\/image\/\"},\"sameAs\":[\"https:\/\/www.facebook.com\/akhautoszerviz\/\",\"https:\/\/www.instagram.com\/gumi.hu_poweredbyakh\/\",\"https:\/\/www.youtube.com\/channel\/UCyYJ0QGG6gLMXAADVRYY6_w\"]},{\"@type\":\"Person\",\"@id\":\"https:\/\/gumi.hu\/auto-gumi\/#\/schema\/person\/2353e58979249dd8ea620c1b5702f6f3\",\"name\":\"admin\",\"image\":{\"@type\":\"ImageObject\",\"inLanguage\":\"hu\",\"@id\":\"https:\/\/gumi.hu\/auto-gumi\/#\/schema\/person\/image\/\",\"url\":\"https:\/\/secure.gravatar.com\/avatar\/4f5763fd55850261cec8f332c71917800e8784ed69d7ab099747ab0a62b34fe1?s=96&d=mm&r=g\",\"contentUrl\":\"https:\/\/secure.gravatar.com\/avatar\/4f5763fd55850261cec8f332c71917800e8784ed69d7ab099747ab0a62b34fe1?s=96&d=mm&r=g\",\"caption\":\"admin\"}}]}<\/script>\n<!-- \/ Yoast SEO plugin. -->","yoast_head_json":{"title":"Pirelli-bejelent\u00e9s: Eld\u0151lt, melyik kever\u00e9keket haszn\u00e1lhatj\u00e1k a 2019-es Magyar Nagyd\u00edjon - Gumi.hu","robots":{"index":"index","follow":"follow","max-snippet":"max-snippet:-1","max-image-preview":"max-image-preview:large","max-video-preview":"max-video-preview:-1"},"canonical":"https:\/\/gumi.hu\/auto-gumi\/pirelli-bejelentes-eldolt-melyik-keverekeket-hasznalhatjak-a-2019-es-magyar-nagydijon\/","og_locale":"hu_HU","og_type":"article","og_title":"Pirelli-bejelent\u00e9s: Eld\u0151lt, melyik kever\u00e9keket haszn\u00e1lhatj\u00e1k a 2019-es Magyar Nagyd\u00edjon - Gumi.hu","og_description":"A Pirelli gumiabroncsgy\u00e1rt\u00f3 a napokban hivatalosan is k\u00f6zz\u00e9tette az idei kever\u00e9keket, amelyeket a Forma 1 Magyar Nagyd\u00edjon haszn\u00e1lhatnak a versenyz\u0151k. Az olasz gy\u00e1rt\u00f3 id\u00e9n \u00f6tf\u00e9le kever\u00e9kb\u0151l v\u00e1logat, a kem\u00e9nys\u00e9gt\u0151l f\u00fcgg\u0151en. A C1 jel\u00f6l\u00e9s\u0171 a legkem\u00e9nyebb, m\u00edg a C5 a legl\u00e1gyabb gumiabroncsszett. A Pirelli v\u00e1laszt\u00e1sa a magyar p\u00e1ly\u00e1n a C2, C3 \u00e9s a C4-es szettekre esett, ... Olvass tov\u00e1bb","og_url":"https:\/\/gumi.hu\/auto-gumi\/pirelli-bejelentes-eldolt-melyik-keverekeket-hasznalhatjak-a-2019-es-magyar-nagydijon\/","og_site_name":"Gumi.hu","article_publisher":"https:\/\/www.facebook.com\/akhautoszerviz\/","article_published_time":"2019-06-06T09:27:32+00:00","article_modified_time":"2019-06-07T13:18:57+00:00","og_image":[{"width":1536,"height":863,"url":"https:\/\/gumi.hu\/auto-gumi\/wp-content\/uploads\/2019\/06\/Pirelli-bejelent\u00e9s2-1.jpg","type":"image\/jpeg"}],"author":"admin","twitter_card":"summary_large_image","twitter_misc":{"Szerz\u0151:":"admin","Becs\u00fclt olvas\u00e1si id\u0151":"1 perc"},"schema":{"@context":"https:\/\/schema.org","@graph":[{"@type":"Article","@id":"https:\/\/gumi.hu\/auto-gumi\/pirelli-bejelentes-eldolt-melyik-keverekeket-hasznalhatjak-a-2019-es-magyar-nagydijon\/#article","isPartOf":{"@id":"https:\/\/gumi.hu\/auto-gumi\/pirelli-bejelentes-eldolt-melyik-keverekeket-hasznalhatjak-a-2019-es-magyar-nagydijon\/"},"author":{"name":"admin","@id":"https:\/\/gumi.hu\/auto-gumi\/#\/schema\/person\/2353e58979249dd8ea620c1b5702f6f3"},"headline":"Pirelli-bejelent\u00e9s: Eld\u0151lt, melyik kever\u00e9keket haszn\u00e1lhatj\u00e1k a 2019-es Magyar Nagyd\u00edjon","datePublished":"2019-06-06T09:27:32+00:00","dateModified":"2019-06-07T13:18:57+00:00","mainEntityOfPage":{"@id":"https:\/\/gumi.hu\/auto-gumi\/pirelli-bejelentes-eldolt-melyik-keverekeket-hasznalhatjak-a-2019-es-magyar-nagydijon\/"},"wordCount":285,"publisher":{"@id":"https:\/\/gumi.hu\/auto-gumi\/#organization"},"image":{"@id":"https:\/\/gumi.hu\/auto-gumi\/pirelli-bejelentes-eldolt-melyik-keverekeket-hasznalhatjak-a-2019-es-magyar-nagydijon\/#primaryimage"},"thumbnailUrl":"https:\/\/gumi.hu\/auto-gumi\/wp-content\/uploads\/2019\/06\/Pirelli-bejelent\u00e9s2-1.jpg","articleSection":["pirelli"],"inLanguage":"hu"},{"@type":"WebPage","@id":"https:\/\/gumi.hu\/auto-gumi\/pirelli-bejelentes-eldolt-melyik-keverekeket-hasznalhatjak-a-2019-es-magyar-nagydijon\/","url":"https:\/\/gumi.hu\/auto-gumi\/pirelli-bejelentes-eldolt-melyik-keverekeket-hasznalhatjak-a-2019-es-magyar-nagydijon\/","name":"Pirelli-bejelent\u00e9s: Eld\u0151lt, melyik kever\u00e9keket haszn\u00e1lhatj\u00e1k a 2019-es Magyar Nagyd\u00edjon - Gumi.hu","isPartOf":{"@id":"https:\/\/gumi.hu\/auto-gumi\/#website"},"primaryImageOfPage":{"@id":"https:\/\/gumi.hu\/auto-gumi\/pirelli-bejelentes-eldolt-melyik-keverekeket-hasznalhatjak-a-2019-es-magyar-nagydijon\/#primaryimage"},"image":{"@id":"https:\/\/gumi.hu\/auto-gumi\/pirelli-bejelentes-eldolt-melyik-keverekeket-hasznalhatjak-a-2019-es-magyar-nagydijon\/#primaryimage"},"thumbnailUrl":"https:\/\/gumi.hu\/auto-gumi\/wp-content\/uploads\/2019\/06\/Pirelli-bejelent\u00e9s2-1.jpg","datePublished":"2019-06-06T09:27:32+00:00","dateModified":"2019-06-07T13:18:57+00:00","breadcrumb":{"@id":"https:\/\/gumi.hu\/auto-gumi\/pirelli-bejelentes-eldolt-melyik-keverekeket-hasznalhatjak-a-2019-es-magyar-nagydijon\/#breadcrumb"},"inLanguage":"hu","potentialAction":[{"@type":"ReadAction","target":["https:\/\/gumi.hu\/auto-gumi\/pirelli-bejelentes-eldolt-melyik-keverekeket-hasznalhatjak-a-2019-es-magyar-nagydijon\/"]}]},{"@type":"ImageObject","inLanguage":"hu","@id":"https:\/\/gumi.hu\/auto-gumi\/pirelli-bejelentes-eldolt-melyik-keverekeket-hasznalhatjak-a-2019-es-magyar-nagydijon\/#primaryimage","url":"https:\/\/gumi.hu\/auto-gumi\/wp-content\/uploads\/2019\/06\/Pirelli-bejelent\u00e9s2-1.jpg","contentUrl":"https:\/\/gumi.hu\/auto-gumi\/wp-content\/uploads\/2019\/06\/Pirelli-bejelent\u00e9s2-1.jpg","width":1536,"height":863},{"@type":"BreadcrumbList","@id":"https:\/\/gumi.hu\/auto-gumi\/pirelli-bejelentes-eldolt-melyik-keverekeket-hasznalhatjak-a-2019-es-magyar-nagydijon\/#breadcrumb","itemListElement":[{"@type":"ListItem","position":1,"name":"Kezd\u0151lap","item":"https:\/\/gumi.hu\/auto-gumi\/"},{"@type":"ListItem","position":2,"name":"Pirelli-bejelent\u00e9s: Eld\u0151lt, melyik kever\u00e9keket haszn\u00e1lhatj\u00e1k a 2019-es Magyar Nagyd\u00edjon"}]},{"@type":"WebSite","@id":"https:\/\/gumi.hu\/auto-gumi\/#website","url":"https:\/\/gumi.hu\/auto-gumi\/","name":"Gumi.hu","description":"","publisher":{"@id":"https:\/\/gumi.hu\/auto-gumi\/#organization"},"potentialAction":[{"@type":"SearchAction","target":{"@type":"EntryPoint","urlTemplate":"https:\/\/gumi.hu\/auto-gumi\/?s={search_term_string}"},"query-input":{"@type":"PropertyValueSpecification","valueRequired":true,"valueName":"search_term_string"}}],"inLanguage":"hu"},{"@type":"Organization","@id":"https:\/\/gumi.hu\/auto-gumi\/#organization","name":"Gumi.hu","url":"https:\/\/gumi.hu\/auto-gumi\/","logo":{"@type":"ImageObject","inLanguage":"hu","@id":"https:\/\/gumi.hu\/auto-gumi\/#\/schema\/logo\/image\/","url":"https:\/\/gumi.hu\/auto-gumi\/wp-content\/uploads\/2021\/12\/cropped-gumi.hulogo.png","contentUrl":"https:\/\/gumi.hu\/auto-gumi\/wp-content\/uploads\/2021\/12\/cropped-gumi.hulogo.png","width":597,"height":256,"caption":"Gumi.hu"},"image":{"@id":"https:\/\/gumi.hu\/auto-gumi\/#\/schema\/logo\/image\/"},"sameAs":["https:\/\/www.facebook.com\/akhautoszerviz\/","https:\/\/www.instagram.com\/gumi.hu_poweredbyakh\/","https:\/\/www.youtube.com\/channel\/UCyYJ0QGG6gLMXAADVRYY6_w"]},{"@type":"Person","@id":"https:\/\/gumi.hu\/auto-gumi\/#\/schema\/person\/2353e58979249dd8ea620c1b5702f6f3","name":"admin","image":{"@type":"ImageObject","inLanguage":"hu","@id":"https:\/\/gumi.hu\/auto-gumi\/#\/schema\/person\/image\/","url":"https:\/\/secure.gravatar.com\/avatar\/4f5763fd55850261cec8f332c71917800e8784ed69d7ab099747ab0a62b34fe1?s=96&d=mm&r=g","contentUrl":"https:\/\/secure.gravatar.com\/avatar\/4f5763fd55850261cec8f332c71917800e8784ed69d7ab099747ab0a62b34fe1?s=96&d=mm&r=g","caption":"admin"}}]}},"_links":{"self":[{"href":"https:\/\/gumi.hu\/auto-gumi\/wp-json\/wp\/v2\/posts\/1048","targetHints":{"allow":["GET"]}}],"collection":[{"href":"https:\/\/gumi.hu\/auto-gumi\/wp-json\/wp\/v2\/posts"}],"about":[{"href":"https:\/\/gumi.hu\/auto-gumi\/wp-json\/wp\/v2\/types\/post"}],"author":[{"embeddable":true,"href":"https:\/\/gumi.hu\/auto-gumi\/wp-json\/wp\/v2\/users\/1"}],"replies":[{"embeddable":true,"href":"https:\/\/gumi.hu\/auto-gumi\/wp-json\/wp\/v2\/comments?post=1048"}],"version-history":[{"count":3,"href":"https:\/\/gumi.hu\/auto-gumi\/wp-json\/wp\/v2\/posts\/1048\/revisions"}],"predecessor-version":[{"id":1056,"href":"https:\/\/gumi.hu\/auto-gumi\/wp-json\/wp\/v2\/posts\/1048\/revisions\/1056"}],"wp:featuredmedia":[{"embeddable":true,"href":"https:\/\/gumi.hu\/auto-gumi\/wp-json\/wp\/v2\/media\/1052"}],"wp:attachment":[{"href":"https:\/\/gumi.hu\/auto-gumi\/wp-json\/wp\/v2\/media?parent=1048"}],"wp:term":[{"taxonomy":"category","embeddable":true,"href":"https:\/\/gumi.hu\/auto-gumi\/wp-json\/wp\/v2\/categories?post=1048"},{"taxonomy":"post_tag","embeddable":true,"href":"https:\/\/gumi.hu\/auto-gumi\/wp-json\/wp\/v2\/tags?post=1048"}],"curies":[{"name":"wp","href":"https:\/\/api.w.org\/{rel}","templated":true}]}}