{"id":1109,"date":"2019-08-12T09:53:24","date_gmt":"2019-08-12T09:53:24","guid":{"rendered":"http:\/\/gumi.hu\/autogumi\/?p=1109"},"modified":"2019-08-12T09:53:52","modified_gmt":"2019-08-12T09:53:52","slug":"momo-a-2019-es-autopromotec-en","status":"publish","type":"post","link":"https:\/\/gumi.hu\/auto-gumi\/momo-a-2019-es-autopromotec-en\/","title":{"rendered":"MOMO A 2019-ES AUTOPROMOTEC-en"},"content":{"rendered":"\n<p>A 2019.\nm\u00e1jus 22-26. k\u00f6z\u00f6tt, Olaszorsz\u00e1gban megrendelkez\u00e9sre ker\u00fcl\u0151 Autopromotec-en a\nMOMO is r\u00e9szt vett.<\/p>\n\n\n\n<figure class=\"wp-block-image\"><img fetchpriority=\"high\" decoding=\"async\" width=\"3892\" height=\"2891\" src=\"http:\/\/gumi.hu\/autogumi\/wp-content\/uploads\/2019\/08\/autopromotec1.jpeg\" alt=\"\" class=\"wp-image-1095\"\/><\/figure>\n\n\n\n<p>&nbsp;Az Autopromotec a legf\u0151bb &#8211; Olaszorsz\u00e1gban\nrendezett &#8211; aut\u00f3s nemzetk\u00f6zi rendezv\u00e9ny, ami \u00f6sszehozza az aut\u00f3ipari ut\u00f3piac\n\u00fczleti szektor\u00e1nak szinte \u00f6sszes r\u00e9sztvev\u0151j\u00e9t. Ebben az \u00e9vben a MOMO is\nk\u00e9pviseltette mag\u00e1t egy &#8211; minden term\u00e9k\u00e9t felsorakoztat\u00f3 &#8211; standdal, hogy a\nl\u00e1togat\u00f3k betekint\u00e9st nyerhessenek a m\u00e1rka vil\u00e1g\u00e1ba.<\/p>\n\n\n\n<figure class=\"wp-block-image\"><img decoding=\"async\" width=\"4032\" height=\"3024\" src=\"http:\/\/gumi.hu\/autogumi\/wp-content\/uploads\/2019\/08\/autopromotec3.jpeg\" alt=\"\" class=\"wp-image-1097\"\/><\/figure>\n\n\n\n<p>Abroncsok,\nkerekek \u00e9s korm\u00e1nykerekek egy \u00f6n\u00e1ll\u00f3 standban, a rendezv\u00e9ny helysz\u00edn\u00e9n (a Hall\n20-ban), a legjelent\u0151sebb aut\u00f3ipari m\u00e1rk\u00e1k k\u00f6z\u00f6tt. A decemberi Essen Motorshow\nel\u0151zm\u00e9nyek\u00e9nt, t\u00f6bbek k\u00f6z\u00f6tt a k\u00f6vetkez\u0151 fontosabb h\u00edreket k\u00f6z\u00f6lt\u00e9k: 3 \u00faj\nmodellel b\u0151v\u00fcl az RF sz\u00e9ria palett\u00e1ja. Az RF-04, RF-05 \u00e9s a kifejezetten\nSUV-okra kifejlesztett RFX-01. Ezeken k\u00edv\u00fcl a MyMOMO programot, amelynek\nk\u00f6sz\u00f6nhet\u0151en a m\u00e1rka exkluz\u00edv kerekei szem\u00e9lyre szabhat\u00f3ak lesznek. <\/p>\n\n\n\n<figure class=\"wp-block-image\"><img decoding=\"async\" width=\"4032\" height=\"3024\" src=\"http:\/\/gumi.hu\/autogumi\/wp-content\/uploads\/2019\/08\/autopromotec4-1.jpeg\" alt=\"\" class=\"wp-image-1112\"\/><\/figure>\n","protected":false},"excerpt":{"rendered":"<p>A 2019. m\u00e1jus 22-26. k\u00f6z\u00f6tt, Olaszorsz\u00e1gban megrendelkez\u00e9sre ker\u00fcl\u0151 Autopromotec-en a MOMO is r\u00e9szt vett. &nbsp;Az Autopromotec a legf\u0151bb &#8211; Olaszorsz\u00e1gban rendezett &#8211; aut\u00f3s nemzetk\u00f6zi rendezv\u00e9ny, ami \u00f6sszehozza az aut\u00f3ipari ut\u00f3piac \u00fczleti szektor\u00e1nak szinte \u00f6sszes r\u00e9sztvev\u0151j\u00e9t. Ebben az \u00e9vben a MOMO is k\u00e9pviseltette mag\u00e1t egy &#8211; minden term\u00e9k\u00e9t felsorakoztat\u00f3 &#8211; standdal, hogy a l\u00e1togat\u00f3k betekint\u00e9st nyerhessenek &#8230; <a title=\"MOMO A 2019-ES AUTOPROMOTEC-en\" class=\"read-more\" href=\"https:\/\/gumi.hu\/auto-gumi\/momo-a-2019-es-autopromotec-en\/\" aria-label=\"Read more about MOMO A 2019-ES AUTOPROMOTEC-en\">Olvass tov\u00e1bb<\/a><\/p>\n","protected":false},"author":1,"featured_media":1100,"comment_status":"closed","ping_status":"open","sticky":false,"template":"","format":"standard","meta":{"footnotes":""},"categories":[16],"tags":[],"class_list":["post-1109","post","type-post","status-publish","format-standard","has-post-thumbnail","hentry","category-momo"],"yoast_head":"<!-- This site is optimized with the Yoast SEO plugin v26.7 - https:\/\/yoast.com\/wordpress\/plugins\/seo\/ -->\n<title>MOMO A 2019-ES AUTOPROMOTEC-en - Gumi.hu<\/title>\n<meta name=\"robots\" content=\"index, follow, max-snippet:-1, max-image-preview:large, max-video-preview:-1\" \/>\n<link rel=\"canonical\" href=\"https:\/\/gumi.hu\/auto-gumi\/momo-a-2019-es-autopromotec-en\/\" \/>\n<meta property=\"og:locale\" content=\"hu_HU\" \/>\n<meta property=\"og:type\" content=\"article\" \/>\n<meta property=\"og:title\" content=\"MOMO A 2019-ES AUTOPROMOTEC-en - Gumi.hu\" \/>\n<meta property=\"og:description\" content=\"A 2019. m\u00e1jus 22-26. k\u00f6z\u00f6tt, Olaszorsz\u00e1gban megrendelkez\u00e9sre ker\u00fcl\u0151 Autopromotec-en a MOMO is r\u00e9szt vett. &nbsp;Az Autopromotec a legf\u0151bb &#8211; Olaszorsz\u00e1gban rendezett &#8211; aut\u00f3s nemzetk\u00f6zi rendezv\u00e9ny, ami \u00f6sszehozza az aut\u00f3ipari ut\u00f3piac \u00fczleti szektor\u00e1nak szinte \u00f6sszes r\u00e9sztvev\u0151j\u00e9t. Ebben az \u00e9vben a MOMO is k\u00e9pviseltette mag\u00e1t egy &#8211; minden term\u00e9k\u00e9t felsorakoztat\u00f3 &#8211; standdal, hogy a l\u00e1togat\u00f3k betekint\u00e9st nyerhessenek ... Olvass tov\u00e1bb\" \/>\n<meta property=\"og:url\" content=\"https:\/\/gumi.hu\/auto-gumi\/momo-a-2019-es-autopromotec-en\/\" \/>\n<meta property=\"og:site_name\" content=\"Gumi.hu\" \/>\n<meta property=\"article:publisher\" content=\"https:\/\/www.facebook.com\/akhautoszerviz\/\" \/>\n<meta property=\"article:published_time\" content=\"2019-08-12T09:53:24+00:00\" \/>\n<meta property=\"article:modified_time\" content=\"2019-08-12T09:53:52+00:00\" \/>\n<meta property=\"og:image\" content=\"https:\/\/gumi.hu\/auto-gumi\/wp-content\/uploads\/2019\/08\/autopromotec6.jpeg\" \/>\n\t<meta property=\"og:image:width\" content=\"1024\" \/>\n\t<meta property=\"og:image:height\" content=\"768\" \/>\n\t<meta property=\"og:image:type\" content=\"image\/jpeg\" \/>\n<meta name=\"author\" content=\"admin\" \/>\n<meta name=\"twitter:card\" content=\"summary_large_image\" \/>\n<meta name=\"twitter:label1\" content=\"Szerz\u0151:\" \/>\n\t<meta name=\"twitter:data1\" content=\"admin\" \/>\n\t<meta name=\"twitter:label2\" content=\"Becs\u00fclt olvas\u00e1si id\u0151\" \/>\n\t<meta name=\"twitter:data2\" content=\"1 perc\" \/>\n<script type=\"application\/ld+json\" class=\"yoast-schema-graph\">{\"@context\":\"https:\/\/schema.org\",\"@graph\":[{\"@type\":\"Article\",\"@id\":\"https:\/\/gumi.hu\/auto-gumi\/momo-a-2019-es-autopromotec-en\/#article\",\"isPartOf\":{\"@id\":\"https:\/\/gumi.hu\/auto-gumi\/momo-a-2019-es-autopromotec-en\/\"},\"author\":{\"name\":\"admin\",\"@id\":\"https:\/\/gumi.hu\/auto-gumi\/#\/schema\/person\/2353e58979249dd8ea620c1b5702f6f3\"},\"headline\":\"MOMO A 2019-ES AUTOPROMOTEC-en\",\"datePublished\":\"2019-08-12T09:53:24+00:00\",\"dateModified\":\"2019-08-12T09:53:52+00:00\",\"mainEntityOfPage\":{\"@id\":\"https:\/\/gumi.hu\/auto-gumi\/momo-a-2019-es-autopromotec-en\/\"},\"wordCount\":185,\"publisher\":{\"@id\":\"https:\/\/gumi.hu\/auto-gumi\/#organization\"},\"image\":{\"@id\":\"https:\/\/gumi.hu\/auto-gumi\/momo-a-2019-es-autopromotec-en\/#primaryimage\"},\"thumbnailUrl\":\"https:\/\/gumi.hu\/auto-gumi\/wp-content\/uploads\/2019\/08\/autopromotec6.jpeg\",\"articleSection\":[\"momo\"],\"inLanguage\":\"hu\"},{\"@type\":\"WebPage\",\"@id\":\"https:\/\/gumi.hu\/auto-gumi\/momo-a-2019-es-autopromotec-en\/\",\"url\":\"https:\/\/gumi.hu\/auto-gumi\/momo-a-2019-es-autopromotec-en\/\",\"name\":\"MOMO A 2019-ES AUTOPROMOTEC-en - Gumi.hu\",\"isPartOf\":{\"@id\":\"https:\/\/gumi.hu\/auto-gumi\/#website\"},\"primaryImageOfPage\":{\"@id\":\"https:\/\/gumi.hu\/auto-gumi\/momo-a-2019-es-autopromotec-en\/#primaryimage\"},\"image\":{\"@id\":\"https:\/\/gumi.hu\/auto-gumi\/momo-a-2019-es-autopromotec-en\/#primaryimage\"},\"thumbnailUrl\":\"https:\/\/gumi.hu\/auto-gumi\/wp-content\/uploads\/2019\/08\/autopromotec6.jpeg\",\"datePublished\":\"2019-08-12T09:53:24+00:00\",\"dateModified\":\"2019-08-12T09:53:52+00:00\",\"breadcrumb\":{\"@id\":\"https:\/\/gumi.hu\/auto-gumi\/momo-a-2019-es-autopromotec-en\/#breadcrumb\"},\"inLanguage\":\"hu\",\"potentialAction\":[{\"@type\":\"ReadAction\",\"target\":[\"https:\/\/gumi.hu\/auto-gumi\/momo-a-2019-es-autopromotec-en\/\"]}]},{\"@type\":\"ImageObject\",\"inLanguage\":\"hu\",\"@id\":\"https:\/\/gumi.hu\/auto-gumi\/momo-a-2019-es-autopromotec-en\/#primaryimage\",\"url\":\"https:\/\/gumi.hu\/auto-gumi\/wp-content\/uploads\/2019\/08\/autopromotec6.jpeg\",\"contentUrl\":\"https:\/\/gumi.hu\/auto-gumi\/wp-content\/uploads\/2019\/08\/autopromotec6.jpeg\",\"width\":4032,\"height\":3024},{\"@type\":\"BreadcrumbList\",\"@id\":\"https:\/\/gumi.hu\/auto-gumi\/momo-a-2019-es-autopromotec-en\/#breadcrumb\",\"itemListElement\":[{\"@type\":\"ListItem\",\"position\":1,\"name\":\"Kezd\u0151lap\",\"item\":\"https:\/\/gumi.hu\/auto-gumi\/\"},{\"@type\":\"ListItem\",\"position\":2,\"name\":\"MOMO A 2019-ES AUTOPROMOTEC-en\"}]},{\"@type\":\"WebSite\",\"@id\":\"https:\/\/gumi.hu\/auto-gumi\/#website\",\"url\":\"https:\/\/gumi.hu\/auto-gumi\/\",\"name\":\"Gumi.hu\",\"description\":\"\",\"publisher\":{\"@id\":\"https:\/\/gumi.hu\/auto-gumi\/#organization\"},\"potentialAction\":[{\"@type\":\"SearchAction\",\"target\":{\"@type\":\"EntryPoint\",\"urlTemplate\":\"https:\/\/gumi.hu\/auto-gumi\/?s={search_term_string}\"},\"query-input\":{\"@type\":\"PropertyValueSpecification\",\"valueRequired\":true,\"valueName\":\"search_term_string\"}}],\"inLanguage\":\"hu\"},{\"@type\":\"Organization\",\"@id\":\"https:\/\/gumi.hu\/auto-gumi\/#organization\",\"name\":\"Gumi.hu\",\"url\":\"https:\/\/gumi.hu\/auto-gumi\/\",\"logo\":{\"@type\":\"ImageObject\",\"inLanguage\":\"hu\",\"@id\":\"https:\/\/gumi.hu\/auto-gumi\/#\/schema\/logo\/image\/\",\"url\":\"https:\/\/gumi.hu\/auto-gumi\/wp-content\/uploads\/2021\/12\/cropped-gumi.hulogo.png\",\"contentUrl\":\"https:\/\/gumi.hu\/auto-gumi\/wp-content\/uploads\/2021\/12\/cropped-gumi.hulogo.png\",\"width\":597,\"height\":256,\"caption\":\"Gumi.hu\"},\"image\":{\"@id\":\"https:\/\/gumi.hu\/auto-gumi\/#\/schema\/logo\/image\/\"},\"sameAs\":[\"https:\/\/www.facebook.com\/akhautoszerviz\/\",\"https:\/\/www.instagram.com\/gumi.hu_poweredbyakh\/\",\"https:\/\/www.youtube.com\/channel\/UCyYJ0QGG6gLMXAADVRYY6_w\"]},{\"@type\":\"Person\",\"@id\":\"https:\/\/gumi.hu\/auto-gumi\/#\/schema\/person\/2353e58979249dd8ea620c1b5702f6f3\",\"name\":\"admin\",\"image\":{\"@type\":\"ImageObject\",\"inLanguage\":\"hu\",\"@id\":\"https:\/\/gumi.hu\/auto-gumi\/#\/schema\/person\/image\/\",\"url\":\"https:\/\/secure.gravatar.com\/avatar\/4f5763fd55850261cec8f332c71917800e8784ed69d7ab099747ab0a62b34fe1?s=96&d=mm&r=g\",\"contentUrl\":\"https:\/\/secure.gravatar.com\/avatar\/4f5763fd55850261cec8f332c71917800e8784ed69d7ab099747ab0a62b34fe1?s=96&d=mm&r=g\",\"caption\":\"admin\"}}]}<\/script>\n<!-- \/ Yoast SEO plugin. -->","yoast_head_json":{"title":"MOMO A 2019-ES AUTOPROMOTEC-en - Gumi.hu","robots":{"index":"index","follow":"follow","max-snippet":"max-snippet:-1","max-image-preview":"max-image-preview:large","max-video-preview":"max-video-preview:-1"},"canonical":"https:\/\/gumi.hu\/auto-gumi\/momo-a-2019-es-autopromotec-en\/","og_locale":"hu_HU","og_type":"article","og_title":"MOMO A 2019-ES AUTOPROMOTEC-en - Gumi.hu","og_description":"A 2019. m\u00e1jus 22-26. k\u00f6z\u00f6tt, Olaszorsz\u00e1gban megrendelkez\u00e9sre ker\u00fcl\u0151 Autopromotec-en a MOMO is r\u00e9szt vett. &nbsp;Az Autopromotec a legf\u0151bb &#8211; Olaszorsz\u00e1gban rendezett &#8211; aut\u00f3s nemzetk\u00f6zi rendezv\u00e9ny, ami \u00f6sszehozza az aut\u00f3ipari ut\u00f3piac \u00fczleti szektor\u00e1nak szinte \u00f6sszes r\u00e9sztvev\u0151j\u00e9t. Ebben az \u00e9vben a MOMO is k\u00e9pviseltette mag\u00e1t egy &#8211; minden term\u00e9k\u00e9t felsorakoztat\u00f3 &#8211; standdal, hogy a l\u00e1togat\u00f3k betekint\u00e9st nyerhessenek ... Olvass tov\u00e1bb","og_url":"https:\/\/gumi.hu\/auto-gumi\/momo-a-2019-es-autopromotec-en\/","og_site_name":"Gumi.hu","article_publisher":"https:\/\/www.facebook.com\/akhautoszerviz\/","article_published_time":"2019-08-12T09:53:24+00:00","article_modified_time":"2019-08-12T09:53:52+00:00","og_image":[{"url":"https:\/\/gumi.hu\/auto-gumi\/wp-content\/uploads\/2019\/08\/autopromotec6.jpeg","width":1024,"height":768,"type":"image\/jpeg"}],"author":"admin","twitter_card":"summary_large_image","twitter_misc":{"Szerz\u0151:":"admin","Becs\u00fclt olvas\u00e1si id\u0151":"1 perc"},"schema":{"@context":"https:\/\/schema.org","@graph":[{"@type":"Article","@id":"https:\/\/gumi.hu\/auto-gumi\/momo-a-2019-es-autopromotec-en\/#article","isPartOf":{"@id":"https:\/\/gumi.hu\/auto-gumi\/momo-a-2019-es-autopromotec-en\/"},"author":{"name":"admin","@id":"https:\/\/gumi.hu\/auto-gumi\/#\/schema\/person\/2353e58979249dd8ea620c1b5702f6f3"},"headline":"MOMO A 2019-ES AUTOPROMOTEC-en","datePublished":"2019-08-12T09:53:24+00:00","dateModified":"2019-08-12T09:53:52+00:00","mainEntityOfPage":{"@id":"https:\/\/gumi.hu\/auto-gumi\/momo-a-2019-es-autopromotec-en\/"},"wordCount":185,"publisher":{"@id":"https:\/\/gumi.hu\/auto-gumi\/#organization"},"image":{"@id":"https:\/\/gumi.hu\/auto-gumi\/momo-a-2019-es-autopromotec-en\/#primaryimage"},"thumbnailUrl":"https:\/\/gumi.hu\/auto-gumi\/wp-content\/uploads\/2019\/08\/autopromotec6.jpeg","articleSection":["momo"],"inLanguage":"hu"},{"@type":"WebPage","@id":"https:\/\/gumi.hu\/auto-gumi\/momo-a-2019-es-autopromotec-en\/","url":"https:\/\/gumi.hu\/auto-gumi\/momo-a-2019-es-autopromotec-en\/","name":"MOMO A 2019-ES AUTOPROMOTEC-en - Gumi.hu","isPartOf":{"@id":"https:\/\/gumi.hu\/auto-gumi\/#website"},"primaryImageOfPage":{"@id":"https:\/\/gumi.hu\/auto-gumi\/momo-a-2019-es-autopromotec-en\/#primaryimage"},"image":{"@id":"https:\/\/gumi.hu\/auto-gumi\/momo-a-2019-es-autopromotec-en\/#primaryimage"},"thumbnailUrl":"https:\/\/gumi.hu\/auto-gumi\/wp-content\/uploads\/2019\/08\/autopromotec6.jpeg","datePublished":"2019-08-12T09:53:24+00:00","dateModified":"2019-08-12T09:53:52+00:00","breadcrumb":{"@id":"https:\/\/gumi.hu\/auto-gumi\/momo-a-2019-es-autopromotec-en\/#breadcrumb"},"inLanguage":"hu","potentialAction":[{"@type":"ReadAction","target":["https:\/\/gumi.hu\/auto-gumi\/momo-a-2019-es-autopromotec-en\/"]}]},{"@type":"ImageObject","inLanguage":"hu","@id":"https:\/\/gumi.hu\/auto-gumi\/momo-a-2019-es-autopromotec-en\/#primaryimage","url":"https:\/\/gumi.hu\/auto-gumi\/wp-content\/uploads\/2019\/08\/autopromotec6.jpeg","contentUrl":"https:\/\/gumi.hu\/auto-gumi\/wp-content\/uploads\/2019\/08\/autopromotec6.jpeg","width":4032,"height":3024},{"@type":"BreadcrumbList","@id":"https:\/\/gumi.hu\/auto-gumi\/momo-a-2019-es-autopromotec-en\/#breadcrumb","itemListElement":[{"@type":"ListItem","position":1,"name":"Kezd\u0151lap","item":"https:\/\/gumi.hu\/auto-gumi\/"},{"@type":"ListItem","position":2,"name":"MOMO A 2019-ES AUTOPROMOTEC-en"}]},{"@type":"WebSite","@id":"https:\/\/gumi.hu\/auto-gumi\/#website","url":"https:\/\/gumi.hu\/auto-gumi\/","name":"Gumi.hu","description":"","publisher":{"@id":"https:\/\/gumi.hu\/auto-gumi\/#organization"},"potentialAction":[{"@type":"SearchAction","target":{"@type":"EntryPoint","urlTemplate":"https:\/\/gumi.hu\/auto-gumi\/?s={search_term_string}"},"query-input":{"@type":"PropertyValueSpecification","valueRequired":true,"valueName":"search_term_string"}}],"inLanguage":"hu"},{"@type":"Organization","@id":"https:\/\/gumi.hu\/auto-gumi\/#organization","name":"Gumi.hu","url":"https:\/\/gumi.hu\/auto-gumi\/","logo":{"@type":"ImageObject","inLanguage":"hu","@id":"https:\/\/gumi.hu\/auto-gumi\/#\/schema\/logo\/image\/","url":"https:\/\/gumi.hu\/auto-gumi\/wp-content\/uploads\/2021\/12\/cropped-gumi.hulogo.png","contentUrl":"https:\/\/gumi.hu\/auto-gumi\/wp-content\/uploads\/2021\/12\/cropped-gumi.hulogo.png","width":597,"height":256,"caption":"Gumi.hu"},"image":{"@id":"https:\/\/gumi.hu\/auto-gumi\/#\/schema\/logo\/image\/"},"sameAs":["https:\/\/www.facebook.com\/akhautoszerviz\/","https:\/\/www.instagram.com\/gumi.hu_poweredbyakh\/","https:\/\/www.youtube.com\/channel\/UCyYJ0QGG6gLMXAADVRYY6_w"]},{"@type":"Person","@id":"https:\/\/gumi.hu\/auto-gumi\/#\/schema\/person\/2353e58979249dd8ea620c1b5702f6f3","name":"admin","image":{"@type":"ImageObject","inLanguage":"hu","@id":"https:\/\/gumi.hu\/auto-gumi\/#\/schema\/person\/image\/","url":"https:\/\/secure.gravatar.com\/avatar\/4f5763fd55850261cec8f332c71917800e8784ed69d7ab099747ab0a62b34fe1?s=96&d=mm&r=g","contentUrl":"https:\/\/secure.gravatar.com\/avatar\/4f5763fd55850261cec8f332c71917800e8784ed69d7ab099747ab0a62b34fe1?s=96&d=mm&r=g","caption":"admin"}}]}},"_links":{"self":[{"href":"https:\/\/gumi.hu\/auto-gumi\/wp-json\/wp\/v2\/posts\/1109","targetHints":{"allow":["GET"]}}],"collection":[{"href":"https:\/\/gumi.hu\/auto-gumi\/wp-json\/wp\/v2\/posts"}],"about":[{"href":"https:\/\/gumi.hu\/auto-gumi\/wp-json\/wp\/v2\/types\/post"}],"author":[{"embeddable":true,"href":"https:\/\/gumi.hu\/auto-gumi\/wp-json\/wp\/v2\/users\/1"}],"replies":[{"embeddable":true,"href":"https:\/\/gumi.hu\/auto-gumi\/wp-json\/wp\/v2\/comments?post=1109"}],"version-history":[{"count":2,"href":"https:\/\/gumi.hu\/auto-gumi\/wp-json\/wp\/v2\/posts\/1109\/revisions"}],"predecessor-version":[{"id":1113,"href":"https:\/\/gumi.hu\/auto-gumi\/wp-json\/wp\/v2\/posts\/1109\/revisions\/1113"}],"wp:featuredmedia":[{"embeddable":true,"href":"https:\/\/gumi.hu\/auto-gumi\/wp-json\/wp\/v2\/media\/1100"}],"wp:attachment":[{"href":"https:\/\/gumi.hu\/auto-gumi\/wp-json\/wp\/v2\/media?parent=1109"}],"wp:term":[{"taxonomy":"category","embeddable":true,"href":"https:\/\/gumi.hu\/auto-gumi\/wp-json\/wp\/v2\/categories?post=1109"},{"taxonomy":"post_tag","embeddable":true,"href":"https:\/\/gumi.hu\/auto-gumi\/wp-json\/wp\/v2\/tags?post=1109"}],"curies":[{"name":"wp","href":"https:\/\/api.w.org\/{rel}","templated":true}]}}