{"id":1142,"date":"2019-08-12T11:06:03","date_gmt":"2019-08-12T11:06:03","guid":{"rendered":"http:\/\/gumi.hu\/autogumi\/?p=1142"},"modified":"2019-08-12T11:06:49","modified_gmt":"2019-08-12T11:06:49","slug":"a-magyar-felsofoku-oktatasban-is-szerepet-vallal-a-hankook","status":"publish","type":"post","link":"https:\/\/gumi.hu\/auto-gumi\/a-magyar-felsofoku-oktatasban-is-szerepet-vallal-a-hankook\/","title":{"rendered":"A magyar fels\u0151fok\u00fa oktat\u00e1sban is szerepet v\u00e1llal a Hankook"},"content":{"rendered":"\n<p>A d\u00e9l-koreai abroncsgy\u00e1rt\u00f3\nfontosnak tartja az oktat\u00e1si rendszer fejleszt\u00e9s\u00e9t, mely a m\u00e1r \u00e9vek \u00f3ta t\u00f6bb\nalkalommal v\u00e9gzett region\u00e1lis oktat\u00e1si int\u00e9zm\u00e9nyek t\u00e1mogat\u00e1s\u00e1ban is\nmegnyilv\u00e1nul. A Hankook Tire m\u00e1r m\u00e1sodik alkalommal rendezi meg a Hankook\nOktat\u00e1si P\u00e1ly\u00e1zati Programj\u00e1t (HOPP) haz\u00e1nkban, melyre meghat\u00e1rozott megy\u00e9kb\u0151l\n(B\u00e1cs-Kiskun, Fej\u00e9r Tolna megye), olyan k\u00f6z\u00e9piskol\u00e1k jelentkez\u00e9s\u00e9t v\u00e1rt\u00e1k, akik\ntudatosan \u00fcgyelnek a k\u00fcl\u00f6nb\u00f6z\u0151 gazdas\u00e1gi, technol\u00f3giai \u00e9s t\u00e1rsadalmi\ninnov\u00e1ci\u00f3kban rejl\u0151 lehet\u0151s\u00e9gek kutat\u00e1s\u00e1ra.&nbsp;\n<\/p>\n\n\n\n<p>A Hankook id\u00e9n az oktat\u00e1si\nprogramj\u00e1nak b\u0151v\u00edt\u00e9s\u00e9vel a magyar egyetemi hallgat\u00f3kra is figyelmet ford\u00edt. Kiemelt\nc\u00e9lj\u00e1nak tekinti, hogy m\u00e1r a kezdetekt\u0151l fogva \u00f6szt\u00f6n\u00f6zze a fiatal\np\u00e1lyakezd\u0151ket egy potenci\u00e1lis j\u00f6v\u0151k\u00e9p kialak\u00edt\u00e1s\u00e1ra. Ennek aprop\u00f3j\u00e1n, a pr\u00e9mium\nabroncsgy\u00e1rt\u00f3 els\u0151 alkalommal t\u00e1mogatta a Budapesti Corvinus Egyetem XX.\nOrsz\u00e1gos Esettanulm\u00e1nyi Verseny\u00e9t, ahol a gazdas\u00e1gi ter\u00fcleteken tanul\u00f3\nhallgat\u00f3k m\u00e9rhett\u00e9k \u00f6ssze tud\u00e1sukat. <\/p>\n\n\n\n<figure class=\"wp-block-image\"><img fetchpriority=\"high\" decoding=\"async\" width=\"2048\" height=\"1536\" src=\"http:\/\/gumi.hu\/autogumi\/wp-content\/uploads\/2019\/08\/Hankook_Fels\u0151oktat\u00e1s-t\u00e1mogat\u00e1s.jpg\" alt=\"\" class=\"wp-image-1143\"\/><\/figure>\n\n\n\n<p>Hwang Seong Hak, a Hankook Tire\nMagyarorsz\u00e1g Kft. \u00fcgyvezet\u0151 igazgat\u00f3ja a k\u00f6vetkez\u0151ket mondta: \u201eA j\u00f6v\u0151\ntehets\u00e9geire val\u00f3 \u00f6sszpontos\u00edt\u00e1s d\u00f6nt\u0151 fontoss\u00e1g\u00fa egy c\u00e9g, \u00edgy a Hankook\n\u00e9let\u00e9ben is. Sz\u00e1munkra kiemelten fontos a tehets\u00e9ggondoz\u00e1s \u00e9s a feln\u00f6vekv\u0151\ngener\u00e1ci\u00f3k \u00f6szt\u00f6nz\u00e9se, hiszen a jelenlegi munkaer\u0151piaci viszonyok mellett a\nsaj\u00e1t munkaer\u0151 kinevel\u00e9se, a p\u00e1lyakezd\u0151k bevonz\u00e1sa a HR strat\u00e9gia alappill\u00e9r\u00e9t\nkell jelents\u00e9k. Nem csup\u00e1n arr\u00f3l van sz\u00f3, hogy hossz\u00fat\u00e1von n\u00e1lunk tudjanak\nelhelyezkedni, hanem ez egy val\u00f3di szeml\u00e9letv\u00e1lt\u00e1s, amely sor\u00e1n a v\u00e1llalat\nfelismeri, hogy az \u00faj gener\u00e1ci\u00f3kon kereszt\u00fcl a saj\u00e1t j\u00f6v\u0151j\u00e9t is \u00e9p\u00edti, hogy\nmik\u00e9nt kezelik a p\u00e1lyakezd\u0151ket, mik\u00e9nt \u00f6szt\u00f6nzik a tehets\u00e9ges di\u00e1kokat\u201d. <\/p>\n","protected":false},"excerpt":{"rendered":"<p>A d\u00e9l-koreai abroncsgy\u00e1rt\u00f3 fontosnak tartja az oktat\u00e1si rendszer fejleszt\u00e9s\u00e9t, mely a m\u00e1r \u00e9vek \u00f3ta t\u00f6bb alkalommal v\u00e9gzett region\u00e1lis oktat\u00e1si int\u00e9zm\u00e9nyek t\u00e1mogat\u00e1s\u00e1ban is megnyilv\u00e1nul. A Hankook Tire m\u00e1r m\u00e1sodik alkalommal rendezi meg a Hankook Oktat\u00e1si P\u00e1ly\u00e1zati Programj\u00e1t (HOPP) haz\u00e1nkban, melyre meghat\u00e1rozott megy\u00e9kb\u0151l (B\u00e1cs-Kiskun, Fej\u00e9r Tolna megye), olyan k\u00f6z\u00e9piskol\u00e1k jelentkez\u00e9s\u00e9t v\u00e1rt\u00e1k, akik tudatosan \u00fcgyelnek a k\u00fcl\u00f6nb\u00f6z\u0151 gazdas\u00e1gi, &#8230; <a title=\"A magyar fels\u0151fok\u00fa oktat\u00e1sban is szerepet v\u00e1llal a Hankook\" class=\"read-more\" href=\"https:\/\/gumi.hu\/auto-gumi\/a-magyar-felsofoku-oktatasban-is-szerepet-vallal-a-hankook\/\" aria-label=\"Read more about A magyar fels\u0151fok\u00fa oktat\u00e1sban is szerepet v\u00e1llal a Hankook\">Olvass tov\u00e1bb<\/a><\/p>\n","protected":false},"author":1,"featured_media":1131,"comment_status":"closed","ping_status":"open","sticky":false,"template":"","format":"standard","meta":{"footnotes":""},"categories":[17],"tags":[],"class_list":["post-1142","post","type-post","status-publish","format-standard","has-post-thumbnail","hentry","category-hankook"],"yoast_head":"<!-- This site is optimized with the Yoast SEO plugin v26.7 - https:\/\/yoast.com\/wordpress\/plugins\/seo\/ -->\n<title>A magyar fels\u0151fok\u00fa oktat\u00e1sban is szerepet v\u00e1llal a Hankook - Gumi.hu<\/title>\n<meta name=\"robots\" content=\"index, follow, max-snippet:-1, max-image-preview:large, max-video-preview:-1\" \/>\n<link rel=\"canonical\" href=\"https:\/\/gumi.hu\/auto-gumi\/a-magyar-felsofoku-oktatasban-is-szerepet-vallal-a-hankook\/\" \/>\n<meta property=\"og:locale\" content=\"hu_HU\" \/>\n<meta property=\"og:type\" content=\"article\" \/>\n<meta property=\"og:title\" content=\"A magyar fels\u0151fok\u00fa oktat\u00e1sban is szerepet v\u00e1llal a Hankook - Gumi.hu\" \/>\n<meta property=\"og:description\" content=\"A d\u00e9l-koreai abroncsgy\u00e1rt\u00f3 fontosnak tartja az oktat\u00e1si rendszer fejleszt\u00e9s\u00e9t, mely a m\u00e1r \u00e9vek \u00f3ta t\u00f6bb alkalommal v\u00e9gzett region\u00e1lis oktat\u00e1si int\u00e9zm\u00e9nyek t\u00e1mogat\u00e1s\u00e1ban is megnyilv\u00e1nul. A Hankook Tire m\u00e1r m\u00e1sodik alkalommal rendezi meg a Hankook Oktat\u00e1si P\u00e1ly\u00e1zati Programj\u00e1t (HOPP) haz\u00e1nkban, melyre meghat\u00e1rozott megy\u00e9kb\u0151l (B\u00e1cs-Kiskun, Fej\u00e9r Tolna megye), olyan k\u00f6z\u00e9piskol\u00e1k jelentkez\u00e9s\u00e9t v\u00e1rt\u00e1k, akik tudatosan \u00fcgyelnek a k\u00fcl\u00f6nb\u00f6z\u0151 gazdas\u00e1gi, ... Olvass tov\u00e1bb\" \/>\n<meta property=\"og:url\" content=\"https:\/\/gumi.hu\/auto-gumi\/a-magyar-felsofoku-oktatasban-is-szerepet-vallal-a-hankook\/\" \/>\n<meta property=\"og:site_name\" content=\"Gumi.hu\" \/>\n<meta property=\"article:publisher\" content=\"https:\/\/www.facebook.com\/akhautoszerviz\/\" \/>\n<meta property=\"article:published_time\" content=\"2019-08-12T11:06:03+00:00\" \/>\n<meta property=\"article:modified_time\" content=\"2019-08-12T11:06:49+00:00\" \/>\n<meta property=\"og:image\" content=\"https:\/\/gumi.hu\/auto-gumi\/wp-content\/uploads\/2019\/08\/maxresdefault.jpg\" \/>\n\t<meta property=\"og:image:width\" content=\"1280\" \/>\n\t<meta property=\"og:image:height\" content=\"720\" \/>\n\t<meta property=\"og:image:type\" content=\"image\/jpeg\" \/>\n<meta name=\"author\" content=\"admin\" \/>\n<meta name=\"twitter:card\" content=\"summary_large_image\" \/>\n<meta name=\"twitter:label1\" content=\"Szerz\u0151:\" \/>\n\t<meta name=\"twitter:data1\" content=\"admin\" \/>\n\t<meta name=\"twitter:label2\" content=\"Becs\u00fclt olvas\u00e1si id\u0151\" \/>\n\t<meta name=\"twitter:data2\" content=\"2 perc\" \/>\n<script type=\"application\/ld+json\" class=\"yoast-schema-graph\">{\"@context\":\"https:\/\/schema.org\",\"@graph\":[{\"@type\":\"Article\",\"@id\":\"https:\/\/gumi.hu\/auto-gumi\/a-magyar-felsofoku-oktatasban-is-szerepet-vallal-a-hankook\/#article\",\"isPartOf\":{\"@id\":\"https:\/\/gumi.hu\/auto-gumi\/a-magyar-felsofoku-oktatasban-is-szerepet-vallal-a-hankook\/\"},\"author\":{\"name\":\"admin\",\"@id\":\"https:\/\/gumi.hu\/auto-gumi\/#\/schema\/person\/2353e58979249dd8ea620c1b5702f6f3\"},\"headline\":\"A magyar fels\u0151fok\u00fa oktat\u00e1sban is szerepet v\u00e1llal a Hankook\",\"datePublished\":\"2019-08-12T11:06:03+00:00\",\"dateModified\":\"2019-08-12T11:06:49+00:00\",\"mainEntityOfPage\":{\"@id\":\"https:\/\/gumi.hu\/auto-gumi\/a-magyar-felsofoku-oktatasban-is-szerepet-vallal-a-hankook\/\"},\"wordCount\":367,\"publisher\":{\"@id\":\"https:\/\/gumi.hu\/auto-gumi\/#organization\"},\"image\":{\"@id\":\"https:\/\/gumi.hu\/auto-gumi\/a-magyar-felsofoku-oktatasban-is-szerepet-vallal-a-hankook\/#primaryimage\"},\"thumbnailUrl\":\"https:\/\/gumi.hu\/auto-gumi\/wp-content\/uploads\/2019\/08\/maxresdefault.jpg\",\"articleSection\":[\"hankook\"],\"inLanguage\":\"hu\"},{\"@type\":\"WebPage\",\"@id\":\"https:\/\/gumi.hu\/auto-gumi\/a-magyar-felsofoku-oktatasban-is-szerepet-vallal-a-hankook\/\",\"url\":\"https:\/\/gumi.hu\/auto-gumi\/a-magyar-felsofoku-oktatasban-is-szerepet-vallal-a-hankook\/\",\"name\":\"A magyar fels\u0151fok\u00fa oktat\u00e1sban is szerepet v\u00e1llal a Hankook - Gumi.hu\",\"isPartOf\":{\"@id\":\"https:\/\/gumi.hu\/auto-gumi\/#website\"},\"primaryImageOfPage\":{\"@id\":\"https:\/\/gumi.hu\/auto-gumi\/a-magyar-felsofoku-oktatasban-is-szerepet-vallal-a-hankook\/#primaryimage\"},\"image\":{\"@id\":\"https:\/\/gumi.hu\/auto-gumi\/a-magyar-felsofoku-oktatasban-is-szerepet-vallal-a-hankook\/#primaryimage\"},\"thumbnailUrl\":\"https:\/\/gumi.hu\/auto-gumi\/wp-content\/uploads\/2019\/08\/maxresdefault.jpg\",\"datePublished\":\"2019-08-12T11:06:03+00:00\",\"dateModified\":\"2019-08-12T11:06:49+00:00\",\"breadcrumb\":{\"@id\":\"https:\/\/gumi.hu\/auto-gumi\/a-magyar-felsofoku-oktatasban-is-szerepet-vallal-a-hankook\/#breadcrumb\"},\"inLanguage\":\"hu\",\"potentialAction\":[{\"@type\":\"ReadAction\",\"target\":[\"https:\/\/gumi.hu\/auto-gumi\/a-magyar-felsofoku-oktatasban-is-szerepet-vallal-a-hankook\/\"]}]},{\"@type\":\"ImageObject\",\"inLanguage\":\"hu\",\"@id\":\"https:\/\/gumi.hu\/auto-gumi\/a-magyar-felsofoku-oktatasban-is-szerepet-vallal-a-hankook\/#primaryimage\",\"url\":\"https:\/\/gumi.hu\/auto-gumi\/wp-content\/uploads\/2019\/08\/maxresdefault.jpg\",\"contentUrl\":\"https:\/\/gumi.hu\/auto-gumi\/wp-content\/uploads\/2019\/08\/maxresdefault.jpg\",\"width\":1280,\"height\":720},{\"@type\":\"BreadcrumbList\",\"@id\":\"https:\/\/gumi.hu\/auto-gumi\/a-magyar-felsofoku-oktatasban-is-szerepet-vallal-a-hankook\/#breadcrumb\",\"itemListElement\":[{\"@type\":\"ListItem\",\"position\":1,\"name\":\"Kezd\u0151lap\",\"item\":\"https:\/\/gumi.hu\/auto-gumi\/\"},{\"@type\":\"ListItem\",\"position\":2,\"name\":\"A magyar fels\u0151fok\u00fa oktat\u00e1sban is szerepet v\u00e1llal a Hankook\"}]},{\"@type\":\"WebSite\",\"@id\":\"https:\/\/gumi.hu\/auto-gumi\/#website\",\"url\":\"https:\/\/gumi.hu\/auto-gumi\/\",\"name\":\"Gumi.hu\",\"description\":\"\",\"publisher\":{\"@id\":\"https:\/\/gumi.hu\/auto-gumi\/#organization\"},\"potentialAction\":[{\"@type\":\"SearchAction\",\"target\":{\"@type\":\"EntryPoint\",\"urlTemplate\":\"https:\/\/gumi.hu\/auto-gumi\/?s={search_term_string}\"},\"query-input\":{\"@type\":\"PropertyValueSpecification\",\"valueRequired\":true,\"valueName\":\"search_term_string\"}}],\"inLanguage\":\"hu\"},{\"@type\":\"Organization\",\"@id\":\"https:\/\/gumi.hu\/auto-gumi\/#organization\",\"name\":\"Gumi.hu\",\"url\":\"https:\/\/gumi.hu\/auto-gumi\/\",\"logo\":{\"@type\":\"ImageObject\",\"inLanguage\":\"hu\",\"@id\":\"https:\/\/gumi.hu\/auto-gumi\/#\/schema\/logo\/image\/\",\"url\":\"https:\/\/gumi.hu\/auto-gumi\/wp-content\/uploads\/2021\/12\/cropped-gumi.hulogo.png\",\"contentUrl\":\"https:\/\/gumi.hu\/auto-gumi\/wp-content\/uploads\/2021\/12\/cropped-gumi.hulogo.png\",\"width\":597,\"height\":256,\"caption\":\"Gumi.hu\"},\"image\":{\"@id\":\"https:\/\/gumi.hu\/auto-gumi\/#\/schema\/logo\/image\/\"},\"sameAs\":[\"https:\/\/www.facebook.com\/akhautoszerviz\/\",\"https:\/\/www.instagram.com\/gumi.hu_poweredbyakh\/\",\"https:\/\/www.youtube.com\/channel\/UCyYJ0QGG6gLMXAADVRYY6_w\"]},{\"@type\":\"Person\",\"@id\":\"https:\/\/gumi.hu\/auto-gumi\/#\/schema\/person\/2353e58979249dd8ea620c1b5702f6f3\",\"name\":\"admin\",\"image\":{\"@type\":\"ImageObject\",\"inLanguage\":\"hu\",\"@id\":\"https:\/\/gumi.hu\/auto-gumi\/#\/schema\/person\/image\/\",\"url\":\"https:\/\/secure.gravatar.com\/avatar\/4f5763fd55850261cec8f332c71917800e8784ed69d7ab099747ab0a62b34fe1?s=96&d=mm&r=g\",\"contentUrl\":\"https:\/\/secure.gravatar.com\/avatar\/4f5763fd55850261cec8f332c71917800e8784ed69d7ab099747ab0a62b34fe1?s=96&d=mm&r=g\",\"caption\":\"admin\"}}]}<\/script>\n<!-- \/ Yoast SEO plugin. -->","yoast_head_json":{"title":"A magyar fels\u0151fok\u00fa oktat\u00e1sban is szerepet v\u00e1llal a Hankook - Gumi.hu","robots":{"index":"index","follow":"follow","max-snippet":"max-snippet:-1","max-image-preview":"max-image-preview:large","max-video-preview":"max-video-preview:-1"},"canonical":"https:\/\/gumi.hu\/auto-gumi\/a-magyar-felsofoku-oktatasban-is-szerepet-vallal-a-hankook\/","og_locale":"hu_HU","og_type":"article","og_title":"A magyar fels\u0151fok\u00fa oktat\u00e1sban is szerepet v\u00e1llal a Hankook - Gumi.hu","og_description":"A d\u00e9l-koreai abroncsgy\u00e1rt\u00f3 fontosnak tartja az oktat\u00e1si rendszer fejleszt\u00e9s\u00e9t, mely a m\u00e1r \u00e9vek \u00f3ta t\u00f6bb alkalommal v\u00e9gzett region\u00e1lis oktat\u00e1si int\u00e9zm\u00e9nyek t\u00e1mogat\u00e1s\u00e1ban is megnyilv\u00e1nul. A Hankook Tire m\u00e1r m\u00e1sodik alkalommal rendezi meg a Hankook Oktat\u00e1si P\u00e1ly\u00e1zati Programj\u00e1t (HOPP) haz\u00e1nkban, melyre meghat\u00e1rozott megy\u00e9kb\u0151l (B\u00e1cs-Kiskun, Fej\u00e9r Tolna megye), olyan k\u00f6z\u00e9piskol\u00e1k jelentkez\u00e9s\u00e9t v\u00e1rt\u00e1k, akik tudatosan \u00fcgyelnek a k\u00fcl\u00f6nb\u00f6z\u0151 gazdas\u00e1gi, ... Olvass tov\u00e1bb","og_url":"https:\/\/gumi.hu\/auto-gumi\/a-magyar-felsofoku-oktatasban-is-szerepet-vallal-a-hankook\/","og_site_name":"Gumi.hu","article_publisher":"https:\/\/www.facebook.com\/akhautoszerviz\/","article_published_time":"2019-08-12T11:06:03+00:00","article_modified_time":"2019-08-12T11:06:49+00:00","og_image":[{"width":1280,"height":720,"url":"https:\/\/gumi.hu\/auto-gumi\/wp-content\/uploads\/2019\/08\/maxresdefault.jpg","type":"image\/jpeg"}],"author":"admin","twitter_card":"summary_large_image","twitter_misc":{"Szerz\u0151:":"admin","Becs\u00fclt olvas\u00e1si id\u0151":"2 perc"},"schema":{"@context":"https:\/\/schema.org","@graph":[{"@type":"Article","@id":"https:\/\/gumi.hu\/auto-gumi\/a-magyar-felsofoku-oktatasban-is-szerepet-vallal-a-hankook\/#article","isPartOf":{"@id":"https:\/\/gumi.hu\/auto-gumi\/a-magyar-felsofoku-oktatasban-is-szerepet-vallal-a-hankook\/"},"author":{"name":"admin","@id":"https:\/\/gumi.hu\/auto-gumi\/#\/schema\/person\/2353e58979249dd8ea620c1b5702f6f3"},"headline":"A magyar fels\u0151fok\u00fa oktat\u00e1sban is szerepet v\u00e1llal a Hankook","datePublished":"2019-08-12T11:06:03+00:00","dateModified":"2019-08-12T11:06:49+00:00","mainEntityOfPage":{"@id":"https:\/\/gumi.hu\/auto-gumi\/a-magyar-felsofoku-oktatasban-is-szerepet-vallal-a-hankook\/"},"wordCount":367,"publisher":{"@id":"https:\/\/gumi.hu\/auto-gumi\/#organization"},"image":{"@id":"https:\/\/gumi.hu\/auto-gumi\/a-magyar-felsofoku-oktatasban-is-szerepet-vallal-a-hankook\/#primaryimage"},"thumbnailUrl":"https:\/\/gumi.hu\/auto-gumi\/wp-content\/uploads\/2019\/08\/maxresdefault.jpg","articleSection":["hankook"],"inLanguage":"hu"},{"@type":"WebPage","@id":"https:\/\/gumi.hu\/auto-gumi\/a-magyar-felsofoku-oktatasban-is-szerepet-vallal-a-hankook\/","url":"https:\/\/gumi.hu\/auto-gumi\/a-magyar-felsofoku-oktatasban-is-szerepet-vallal-a-hankook\/","name":"A magyar fels\u0151fok\u00fa oktat\u00e1sban is szerepet v\u00e1llal a Hankook - Gumi.hu","isPartOf":{"@id":"https:\/\/gumi.hu\/auto-gumi\/#website"},"primaryImageOfPage":{"@id":"https:\/\/gumi.hu\/auto-gumi\/a-magyar-felsofoku-oktatasban-is-szerepet-vallal-a-hankook\/#primaryimage"},"image":{"@id":"https:\/\/gumi.hu\/auto-gumi\/a-magyar-felsofoku-oktatasban-is-szerepet-vallal-a-hankook\/#primaryimage"},"thumbnailUrl":"https:\/\/gumi.hu\/auto-gumi\/wp-content\/uploads\/2019\/08\/maxresdefault.jpg","datePublished":"2019-08-12T11:06:03+00:00","dateModified":"2019-08-12T11:06:49+00:00","breadcrumb":{"@id":"https:\/\/gumi.hu\/auto-gumi\/a-magyar-felsofoku-oktatasban-is-szerepet-vallal-a-hankook\/#breadcrumb"},"inLanguage":"hu","potentialAction":[{"@type":"ReadAction","target":["https:\/\/gumi.hu\/auto-gumi\/a-magyar-felsofoku-oktatasban-is-szerepet-vallal-a-hankook\/"]}]},{"@type":"ImageObject","inLanguage":"hu","@id":"https:\/\/gumi.hu\/auto-gumi\/a-magyar-felsofoku-oktatasban-is-szerepet-vallal-a-hankook\/#primaryimage","url":"https:\/\/gumi.hu\/auto-gumi\/wp-content\/uploads\/2019\/08\/maxresdefault.jpg","contentUrl":"https:\/\/gumi.hu\/auto-gumi\/wp-content\/uploads\/2019\/08\/maxresdefault.jpg","width":1280,"height":720},{"@type":"BreadcrumbList","@id":"https:\/\/gumi.hu\/auto-gumi\/a-magyar-felsofoku-oktatasban-is-szerepet-vallal-a-hankook\/#breadcrumb","itemListElement":[{"@type":"ListItem","position":1,"name":"Kezd\u0151lap","item":"https:\/\/gumi.hu\/auto-gumi\/"},{"@type":"ListItem","position":2,"name":"A magyar fels\u0151fok\u00fa oktat\u00e1sban is szerepet v\u00e1llal a Hankook"}]},{"@type":"WebSite","@id":"https:\/\/gumi.hu\/auto-gumi\/#website","url":"https:\/\/gumi.hu\/auto-gumi\/","name":"Gumi.hu","description":"","publisher":{"@id":"https:\/\/gumi.hu\/auto-gumi\/#organization"},"potentialAction":[{"@type":"SearchAction","target":{"@type":"EntryPoint","urlTemplate":"https:\/\/gumi.hu\/auto-gumi\/?s={search_term_string}"},"query-input":{"@type":"PropertyValueSpecification","valueRequired":true,"valueName":"search_term_string"}}],"inLanguage":"hu"},{"@type":"Organization","@id":"https:\/\/gumi.hu\/auto-gumi\/#organization","name":"Gumi.hu","url":"https:\/\/gumi.hu\/auto-gumi\/","logo":{"@type":"ImageObject","inLanguage":"hu","@id":"https:\/\/gumi.hu\/auto-gumi\/#\/schema\/logo\/image\/","url":"https:\/\/gumi.hu\/auto-gumi\/wp-content\/uploads\/2021\/12\/cropped-gumi.hulogo.png","contentUrl":"https:\/\/gumi.hu\/auto-gumi\/wp-content\/uploads\/2021\/12\/cropped-gumi.hulogo.png","width":597,"height":256,"caption":"Gumi.hu"},"image":{"@id":"https:\/\/gumi.hu\/auto-gumi\/#\/schema\/logo\/image\/"},"sameAs":["https:\/\/www.facebook.com\/akhautoszerviz\/","https:\/\/www.instagram.com\/gumi.hu_poweredbyakh\/","https:\/\/www.youtube.com\/channel\/UCyYJ0QGG6gLMXAADVRYY6_w"]},{"@type":"Person","@id":"https:\/\/gumi.hu\/auto-gumi\/#\/schema\/person\/2353e58979249dd8ea620c1b5702f6f3","name":"admin","image":{"@type":"ImageObject","inLanguage":"hu","@id":"https:\/\/gumi.hu\/auto-gumi\/#\/schema\/person\/image\/","url":"https:\/\/secure.gravatar.com\/avatar\/4f5763fd55850261cec8f332c71917800e8784ed69d7ab099747ab0a62b34fe1?s=96&d=mm&r=g","contentUrl":"https:\/\/secure.gravatar.com\/avatar\/4f5763fd55850261cec8f332c71917800e8784ed69d7ab099747ab0a62b34fe1?s=96&d=mm&r=g","caption":"admin"}}]}},"_links":{"self":[{"href":"https:\/\/gumi.hu\/auto-gumi\/wp-json\/wp\/v2\/posts\/1142","targetHints":{"allow":["GET"]}}],"collection":[{"href":"https:\/\/gumi.hu\/auto-gumi\/wp-json\/wp\/v2\/posts"}],"about":[{"href":"https:\/\/gumi.hu\/auto-gumi\/wp-json\/wp\/v2\/types\/post"}],"author":[{"embeddable":true,"href":"https:\/\/gumi.hu\/auto-gumi\/wp-json\/wp\/v2\/users\/1"}],"replies":[{"embeddable":true,"href":"https:\/\/gumi.hu\/auto-gumi\/wp-json\/wp\/v2\/comments?post=1142"}],"version-history":[{"count":1,"href":"https:\/\/gumi.hu\/auto-gumi\/wp-json\/wp\/v2\/posts\/1142\/revisions"}],"predecessor-version":[{"id":1144,"href":"https:\/\/gumi.hu\/auto-gumi\/wp-json\/wp\/v2\/posts\/1142\/revisions\/1144"}],"wp:featuredmedia":[{"embeddable":true,"href":"https:\/\/gumi.hu\/auto-gumi\/wp-json\/wp\/v2\/media\/1131"}],"wp:attachment":[{"href":"https:\/\/gumi.hu\/auto-gumi\/wp-json\/wp\/v2\/media?parent=1142"}],"wp:term":[{"taxonomy":"category","embeddable":true,"href":"https:\/\/gumi.hu\/auto-gumi\/wp-json\/wp\/v2\/categories?post=1142"},{"taxonomy":"post_tag","embeddable":true,"href":"https:\/\/gumi.hu\/auto-gumi\/wp-json\/wp\/v2\/tags?post=1142"}],"curies":[{"name":"wp","href":"https:\/\/api.w.org\/{rel}","templated":true}]}}