{"id":1203,"date":"2019-08-12T12:19:57","date_gmt":"2019-08-12T12:19:57","guid":{"rendered":"http:\/\/gumi.hu\/autogumi\/?p=1203"},"modified":"2019-08-12T12:19:57","modified_gmt":"2019-08-12T12:19:57","slug":"maxxis-jarmuvel-indultak-a-coronel-testverek-a-2019-es-dakar-rallyn","status":"publish","type":"post","link":"https:\/\/gumi.hu\/auto-gumi\/maxxis-jarmuvel-indultak-a-coronel-testverek-a-2019-es-dakar-rallyn\/","title":{"rendered":"Maxxis j\u00e1rm\u0171vel indultak a Coronel testv\u00e9rek a 2019-es Dakar Rallyn"},"content":{"rendered":"\n<p>T\u00f6bb h\u00f3napos munka \u00e9s felk\u00e9sz\u00fcl\u00e9s\nut\u00e1n, a holland testv\u00e9rp\u00e1r, Tim \u00e9s Tom Coronel a \u201eBeast 2.0\u201d (Sz\u00f6rny 2.0)\nfant\u00e1zian\u00e9vre keresztelt, Maxxis aut\u00f3jukkal v\u00e1gtak neki a Peru d\u00e9li r\u00e9sz\u00e9n megrendezett\nidei Dakar Rallyn. A k\u00e9thetes, 5000 kilom\u00e9ter hossz\u00fa, sivatagot \u00e1tszel\u0151 rally\njanu\u00e1r 7-\u00e9n vette kezdet\u00e9t. <\/p>\n\n\n\n<p>Rajong\u00f3k ezrei k\u00f6sz\u00f6nt\u00f6tt\u00e9k a\nCoronel testv\u00e9reket \u00e9s tov\u00e1bbi 330 versenyt\u00e1rsukat, a limai rajtn\u00e1l a janu\u00e1r\n7-i h\u00e9tv\u00e9g\u00e9n. \u00c9rdekess\u00e9g, hogy a buggyt, amivel indultak, teljes eg\u00e9sz\u00e9ben a\ntestv\u00e9rp\u00e1r \u00e9p\u00edtette meg, \u00edgy saj\u00e1t kez\u00fckbe v\u00e9ve a felk\u00e9sz\u00fcl\u00e9si folyamatot. <\/p>\n\n\n\n<figure class=\"wp-block-image is-resized\"><img fetchpriority=\"high\" decoding=\"async\" src=\"http:\/\/gumi.hu\/autogumi\/wp-content\/uploads\/2019\/08\/Maxxis-Dakar-2016.jpg\" alt=\"\" class=\"wp-image-1205\" width=\"1072\" height=\"700\"\/><\/figure>\n\n\n\n<p>\u201eMicsoda hangulat, micsoda t\u00f6meg.\nHihetetlen. \u2013 mondta az esem\u00e9nyr\u0151l a testv\u00e9rp\u00e1r egyik tagja \u2013 Ha eddig nem\nv\u00e1rtuk volna el\u00e9gg\u00e9, akkor most m\u00e1r biztosan.\u201d <\/p>\n\n\n\n<p>Annak ellen\u00e9re, hogy csak n\u00e9h\u00e1ny\nversenyz\u0151nek siker\u00fclt c\u00e9lba is \u00e9rnie, a Coronel testv\u00e9rek a n\u00e9h\u00e1ny szerencs\u00e9s\nk\u00f6z\u00f6tt voltak. A befejez\u00e9s ut\u00e1ni interj\u00faban el\u00e1rult\u00e1k, hogy mi seg\u00edtett nekik:\n\u201eJ\u00f3 volt az aut\u00f3nk \u00e9s nagyon j\u00f3 volt a csapatunk. Ezen k\u00edv\u00fcl n\u00e9h\u00e1ny helyi is\nseg\u00edtett.\u201d A verseny v\u00e9g\u00e9n konstat\u00e1lt\u00e1k, hogy ez volt az eddigi legjobb Dakar\nRallyjuk. Sikeresnek \u00e9lt\u00e9k meg a rallyt, nagyon meg voltak el\u00e9gedve a Maxxissal\nk\u00f6z\u00f6s Sz\u00f6rnyeteg\u00fckkel, \u00e9s j\u00f6v\u0151re a Sza\u00fad-Ar\u00e1bi\u00e1ban megrendez\u00e9sre ker\u00fcl\u0151\nversenyen m\u00e1r a 3.0-val fognak r\u00e9szt venni. <\/p>\n","protected":false},"excerpt":{"rendered":"<p>T\u00f6bb h\u00f3napos munka \u00e9s felk\u00e9sz\u00fcl\u00e9s ut\u00e1n, a holland testv\u00e9rp\u00e1r, Tim \u00e9s Tom Coronel a \u201eBeast 2.0\u201d (Sz\u00f6rny 2.0) fant\u00e1zian\u00e9vre keresztelt, Maxxis aut\u00f3jukkal v\u00e1gtak neki a Peru d\u00e9li r\u00e9sz\u00e9n megrendezett idei Dakar Rallyn. A k\u00e9thetes, 5000 kilom\u00e9ter hossz\u00fa, sivatagot \u00e1tszel\u0151 rally janu\u00e1r 7-\u00e9n vette kezdet\u00e9t. Rajong\u00f3k ezrei k\u00f6sz\u00f6nt\u00f6tt\u00e9k a Coronel testv\u00e9reket \u00e9s tov\u00e1bbi 330 versenyt\u00e1rsukat, a &#8230; <a title=\"Maxxis j\u00e1rm\u0171vel indultak a Coronel testv\u00e9rek a 2019-es Dakar Rallyn\" class=\"read-more\" href=\"https:\/\/gumi.hu\/auto-gumi\/maxxis-jarmuvel-indultak-a-coronel-testverek-a-2019-es-dakar-rallyn\/\" aria-label=\"Read more about Maxxis j\u00e1rm\u0171vel indultak a Coronel testv\u00e9rek a 2019-es Dakar Rallyn\">Olvass tov\u00e1bb<\/a><\/p>\n","protected":false},"author":1,"featured_media":1204,"comment_status":"closed","ping_status":"open","sticky":false,"template":"","format":"standard","meta":{"footnotes":""},"categories":[18],"tags":[],"class_list":["post-1203","post","type-post","status-publish","format-standard","has-post-thumbnail","hentry","category-maxxis"],"yoast_head":"<!-- This site is optimized with the Yoast SEO plugin v26.7 - https:\/\/yoast.com\/wordpress\/plugins\/seo\/ -->\n<title>Maxxis j\u00e1rm\u0171vel indultak a Coronel testv\u00e9rek a 2019-es Dakar Rallyn - Gumi.hu<\/title>\n<meta name=\"robots\" content=\"index, follow, max-snippet:-1, max-image-preview:large, max-video-preview:-1\" \/>\n<link rel=\"canonical\" href=\"https:\/\/gumi.hu\/auto-gumi\/maxxis-jarmuvel-indultak-a-coronel-testverek-a-2019-es-dakar-rallyn\/\" \/>\n<meta property=\"og:locale\" content=\"hu_HU\" \/>\n<meta property=\"og:type\" content=\"article\" \/>\n<meta property=\"og:title\" content=\"Maxxis j\u00e1rm\u0171vel indultak a Coronel testv\u00e9rek a 2019-es Dakar Rallyn - Gumi.hu\" \/>\n<meta property=\"og:description\" content=\"T\u00f6bb h\u00f3napos munka \u00e9s felk\u00e9sz\u00fcl\u00e9s ut\u00e1n, a holland testv\u00e9rp\u00e1r, Tim \u00e9s Tom Coronel a \u201eBeast 2.0\u201d (Sz\u00f6rny 2.0) fant\u00e1zian\u00e9vre keresztelt, Maxxis aut\u00f3jukkal v\u00e1gtak neki a Peru d\u00e9li r\u00e9sz\u00e9n megrendezett idei Dakar Rallyn. A k\u00e9thetes, 5000 kilom\u00e9ter hossz\u00fa, sivatagot \u00e1tszel\u0151 rally janu\u00e1r 7-\u00e9n vette kezdet\u00e9t. Rajong\u00f3k ezrei k\u00f6sz\u00f6nt\u00f6tt\u00e9k a Coronel testv\u00e9reket \u00e9s tov\u00e1bbi 330 versenyt\u00e1rsukat, a ... Olvass tov\u00e1bb\" \/>\n<meta property=\"og:url\" content=\"https:\/\/gumi.hu\/auto-gumi\/maxxis-jarmuvel-indultak-a-coronel-testverek-a-2019-es-dakar-rallyn\/\" \/>\n<meta property=\"og:site_name\" content=\"Gumi.hu\" \/>\n<meta property=\"article:publisher\" content=\"https:\/\/www.facebook.com\/akhautoszerviz\/\" \/>\n<meta property=\"article:published_time\" content=\"2019-08-12T12:19:57+00:00\" \/>\n<meta property=\"og:image\" content=\"https:\/\/gumi.hu\/auto-gumi\/wp-content\/uploads\/2019\/08\/dakar.jpg\" \/>\n\t<meta property=\"og:image:width\" content=\"5018\" \/>\n\t<meta property=\"og:image:height\" content=\"1828\" \/>\n\t<meta property=\"og:image:type\" content=\"image\/jpeg\" \/>\n<meta name=\"author\" content=\"admin\" \/>\n<meta name=\"twitter:card\" content=\"summary_large_image\" \/>\n<meta name=\"twitter:label1\" content=\"Szerz\u0151:\" \/>\n\t<meta name=\"twitter:data1\" content=\"admin\" \/>\n\t<meta name=\"twitter:label2\" content=\"Becs\u00fclt olvas\u00e1si id\u0151\" \/>\n\t<meta name=\"twitter:data2\" content=\"1 perc\" \/>\n<script type=\"application\/ld+json\" class=\"yoast-schema-graph\">{\"@context\":\"https:\/\/schema.org\",\"@graph\":[{\"@type\":\"Article\",\"@id\":\"https:\/\/gumi.hu\/auto-gumi\/maxxis-jarmuvel-indultak-a-coronel-testverek-a-2019-es-dakar-rallyn\/#article\",\"isPartOf\":{\"@id\":\"https:\/\/gumi.hu\/auto-gumi\/maxxis-jarmuvel-indultak-a-coronel-testverek-a-2019-es-dakar-rallyn\/\"},\"author\":{\"name\":\"admin\",\"@id\":\"https:\/\/gumi.hu\/auto-gumi\/#\/schema\/person\/2353e58979249dd8ea620c1b5702f6f3\"},\"headline\":\"Maxxis j\u00e1rm\u0171vel indultak a Coronel testv\u00e9rek a 2019-es Dakar Rallyn\",\"datePublished\":\"2019-08-12T12:19:57+00:00\",\"mainEntityOfPage\":{\"@id\":\"https:\/\/gumi.hu\/auto-gumi\/maxxis-jarmuvel-indultak-a-coronel-testverek-a-2019-es-dakar-rallyn\/\"},\"wordCount\":289,\"publisher\":{\"@id\":\"https:\/\/gumi.hu\/auto-gumi\/#organization\"},\"image\":{\"@id\":\"https:\/\/gumi.hu\/auto-gumi\/maxxis-jarmuvel-indultak-a-coronel-testverek-a-2019-es-dakar-rallyn\/#primaryimage\"},\"thumbnailUrl\":\"https:\/\/gumi.hu\/auto-gumi\/wp-content\/uploads\/2019\/08\/dakar.jpg\",\"articleSection\":[\"maxxis\"],\"inLanguage\":\"hu\"},{\"@type\":\"WebPage\",\"@id\":\"https:\/\/gumi.hu\/auto-gumi\/maxxis-jarmuvel-indultak-a-coronel-testverek-a-2019-es-dakar-rallyn\/\",\"url\":\"https:\/\/gumi.hu\/auto-gumi\/maxxis-jarmuvel-indultak-a-coronel-testverek-a-2019-es-dakar-rallyn\/\",\"name\":\"Maxxis j\u00e1rm\u0171vel indultak a Coronel testv\u00e9rek a 2019-es Dakar Rallyn - Gumi.hu\",\"isPartOf\":{\"@id\":\"https:\/\/gumi.hu\/auto-gumi\/#website\"},\"primaryImageOfPage\":{\"@id\":\"https:\/\/gumi.hu\/auto-gumi\/maxxis-jarmuvel-indultak-a-coronel-testverek-a-2019-es-dakar-rallyn\/#primaryimage\"},\"image\":{\"@id\":\"https:\/\/gumi.hu\/auto-gumi\/maxxis-jarmuvel-indultak-a-coronel-testverek-a-2019-es-dakar-rallyn\/#primaryimage\"},\"thumbnailUrl\":\"https:\/\/gumi.hu\/auto-gumi\/wp-content\/uploads\/2019\/08\/dakar.jpg\",\"datePublished\":\"2019-08-12T12:19:57+00:00\",\"breadcrumb\":{\"@id\":\"https:\/\/gumi.hu\/auto-gumi\/maxxis-jarmuvel-indultak-a-coronel-testverek-a-2019-es-dakar-rallyn\/#breadcrumb\"},\"inLanguage\":\"hu\",\"potentialAction\":[{\"@type\":\"ReadAction\",\"target\":[\"https:\/\/gumi.hu\/auto-gumi\/maxxis-jarmuvel-indultak-a-coronel-testverek-a-2019-es-dakar-rallyn\/\"]}]},{\"@type\":\"ImageObject\",\"inLanguage\":\"hu\",\"@id\":\"https:\/\/gumi.hu\/auto-gumi\/maxxis-jarmuvel-indultak-a-coronel-testverek-a-2019-es-dakar-rallyn\/#primaryimage\",\"url\":\"https:\/\/gumi.hu\/auto-gumi\/wp-content\/uploads\/2019\/08\/dakar.jpg\",\"contentUrl\":\"https:\/\/gumi.hu\/auto-gumi\/wp-content\/uploads\/2019\/08\/dakar.jpg\",\"width\":5018,\"height\":1828},{\"@type\":\"BreadcrumbList\",\"@id\":\"https:\/\/gumi.hu\/auto-gumi\/maxxis-jarmuvel-indultak-a-coronel-testverek-a-2019-es-dakar-rallyn\/#breadcrumb\",\"itemListElement\":[{\"@type\":\"ListItem\",\"position\":1,\"name\":\"Kezd\u0151lap\",\"item\":\"https:\/\/gumi.hu\/auto-gumi\/\"},{\"@type\":\"ListItem\",\"position\":2,\"name\":\"Maxxis j\u00e1rm\u0171vel indultak a Coronel testv\u00e9rek a 2019-es Dakar Rallyn\"}]},{\"@type\":\"WebSite\",\"@id\":\"https:\/\/gumi.hu\/auto-gumi\/#website\",\"url\":\"https:\/\/gumi.hu\/auto-gumi\/\",\"name\":\"Gumi.hu\",\"description\":\"\",\"publisher\":{\"@id\":\"https:\/\/gumi.hu\/auto-gumi\/#organization\"},\"potentialAction\":[{\"@type\":\"SearchAction\",\"target\":{\"@type\":\"EntryPoint\",\"urlTemplate\":\"https:\/\/gumi.hu\/auto-gumi\/?s={search_term_string}\"},\"query-input\":{\"@type\":\"PropertyValueSpecification\",\"valueRequired\":true,\"valueName\":\"search_term_string\"}}],\"inLanguage\":\"hu\"},{\"@type\":\"Organization\",\"@id\":\"https:\/\/gumi.hu\/auto-gumi\/#organization\",\"name\":\"Gumi.hu\",\"url\":\"https:\/\/gumi.hu\/auto-gumi\/\",\"logo\":{\"@type\":\"ImageObject\",\"inLanguage\":\"hu\",\"@id\":\"https:\/\/gumi.hu\/auto-gumi\/#\/schema\/logo\/image\/\",\"url\":\"https:\/\/gumi.hu\/auto-gumi\/wp-content\/uploads\/2021\/12\/cropped-gumi.hulogo.png\",\"contentUrl\":\"https:\/\/gumi.hu\/auto-gumi\/wp-content\/uploads\/2021\/12\/cropped-gumi.hulogo.png\",\"width\":597,\"height\":256,\"caption\":\"Gumi.hu\"},\"image\":{\"@id\":\"https:\/\/gumi.hu\/auto-gumi\/#\/schema\/logo\/image\/\"},\"sameAs\":[\"https:\/\/www.facebook.com\/akhautoszerviz\/\",\"https:\/\/www.instagram.com\/gumi.hu_poweredbyakh\/\",\"https:\/\/www.youtube.com\/channel\/UCyYJ0QGG6gLMXAADVRYY6_w\"]},{\"@type\":\"Person\",\"@id\":\"https:\/\/gumi.hu\/auto-gumi\/#\/schema\/person\/2353e58979249dd8ea620c1b5702f6f3\",\"name\":\"admin\",\"image\":{\"@type\":\"ImageObject\",\"inLanguage\":\"hu\",\"@id\":\"https:\/\/gumi.hu\/auto-gumi\/#\/schema\/person\/image\/\",\"url\":\"https:\/\/secure.gravatar.com\/avatar\/4f5763fd55850261cec8f332c71917800e8784ed69d7ab099747ab0a62b34fe1?s=96&d=mm&r=g\",\"contentUrl\":\"https:\/\/secure.gravatar.com\/avatar\/4f5763fd55850261cec8f332c71917800e8784ed69d7ab099747ab0a62b34fe1?s=96&d=mm&r=g\",\"caption\":\"admin\"}}]}<\/script>\n<!-- \/ Yoast SEO plugin. -->","yoast_head_json":{"title":"Maxxis j\u00e1rm\u0171vel indultak a Coronel testv\u00e9rek a 2019-es Dakar Rallyn - Gumi.hu","robots":{"index":"index","follow":"follow","max-snippet":"max-snippet:-1","max-image-preview":"max-image-preview:large","max-video-preview":"max-video-preview:-1"},"canonical":"https:\/\/gumi.hu\/auto-gumi\/maxxis-jarmuvel-indultak-a-coronel-testverek-a-2019-es-dakar-rallyn\/","og_locale":"hu_HU","og_type":"article","og_title":"Maxxis j\u00e1rm\u0171vel indultak a Coronel testv\u00e9rek a 2019-es Dakar Rallyn - Gumi.hu","og_description":"T\u00f6bb h\u00f3napos munka \u00e9s felk\u00e9sz\u00fcl\u00e9s ut\u00e1n, a holland testv\u00e9rp\u00e1r, Tim \u00e9s Tom Coronel a \u201eBeast 2.0\u201d (Sz\u00f6rny 2.0) fant\u00e1zian\u00e9vre keresztelt, Maxxis aut\u00f3jukkal v\u00e1gtak neki a Peru d\u00e9li r\u00e9sz\u00e9n megrendezett idei Dakar Rallyn. A k\u00e9thetes, 5000 kilom\u00e9ter hossz\u00fa, sivatagot \u00e1tszel\u0151 rally janu\u00e1r 7-\u00e9n vette kezdet\u00e9t. Rajong\u00f3k ezrei k\u00f6sz\u00f6nt\u00f6tt\u00e9k a Coronel testv\u00e9reket \u00e9s tov\u00e1bbi 330 versenyt\u00e1rsukat, a ... Olvass tov\u00e1bb","og_url":"https:\/\/gumi.hu\/auto-gumi\/maxxis-jarmuvel-indultak-a-coronel-testverek-a-2019-es-dakar-rallyn\/","og_site_name":"Gumi.hu","article_publisher":"https:\/\/www.facebook.com\/akhautoszerviz\/","article_published_time":"2019-08-12T12:19:57+00:00","og_image":[{"width":5018,"height":1828,"url":"https:\/\/gumi.hu\/auto-gumi\/wp-content\/uploads\/2019\/08\/dakar.jpg","type":"image\/jpeg"}],"author":"admin","twitter_card":"summary_large_image","twitter_misc":{"Szerz\u0151:":"admin","Becs\u00fclt olvas\u00e1si id\u0151":"1 perc"},"schema":{"@context":"https:\/\/schema.org","@graph":[{"@type":"Article","@id":"https:\/\/gumi.hu\/auto-gumi\/maxxis-jarmuvel-indultak-a-coronel-testverek-a-2019-es-dakar-rallyn\/#article","isPartOf":{"@id":"https:\/\/gumi.hu\/auto-gumi\/maxxis-jarmuvel-indultak-a-coronel-testverek-a-2019-es-dakar-rallyn\/"},"author":{"name":"admin","@id":"https:\/\/gumi.hu\/auto-gumi\/#\/schema\/person\/2353e58979249dd8ea620c1b5702f6f3"},"headline":"Maxxis j\u00e1rm\u0171vel indultak a Coronel testv\u00e9rek a 2019-es Dakar Rallyn","datePublished":"2019-08-12T12:19:57+00:00","mainEntityOfPage":{"@id":"https:\/\/gumi.hu\/auto-gumi\/maxxis-jarmuvel-indultak-a-coronel-testverek-a-2019-es-dakar-rallyn\/"},"wordCount":289,"publisher":{"@id":"https:\/\/gumi.hu\/auto-gumi\/#organization"},"image":{"@id":"https:\/\/gumi.hu\/auto-gumi\/maxxis-jarmuvel-indultak-a-coronel-testverek-a-2019-es-dakar-rallyn\/#primaryimage"},"thumbnailUrl":"https:\/\/gumi.hu\/auto-gumi\/wp-content\/uploads\/2019\/08\/dakar.jpg","articleSection":["maxxis"],"inLanguage":"hu"},{"@type":"WebPage","@id":"https:\/\/gumi.hu\/auto-gumi\/maxxis-jarmuvel-indultak-a-coronel-testverek-a-2019-es-dakar-rallyn\/","url":"https:\/\/gumi.hu\/auto-gumi\/maxxis-jarmuvel-indultak-a-coronel-testverek-a-2019-es-dakar-rallyn\/","name":"Maxxis j\u00e1rm\u0171vel indultak a Coronel testv\u00e9rek a 2019-es Dakar Rallyn - Gumi.hu","isPartOf":{"@id":"https:\/\/gumi.hu\/auto-gumi\/#website"},"primaryImageOfPage":{"@id":"https:\/\/gumi.hu\/auto-gumi\/maxxis-jarmuvel-indultak-a-coronel-testverek-a-2019-es-dakar-rallyn\/#primaryimage"},"image":{"@id":"https:\/\/gumi.hu\/auto-gumi\/maxxis-jarmuvel-indultak-a-coronel-testverek-a-2019-es-dakar-rallyn\/#primaryimage"},"thumbnailUrl":"https:\/\/gumi.hu\/auto-gumi\/wp-content\/uploads\/2019\/08\/dakar.jpg","datePublished":"2019-08-12T12:19:57+00:00","breadcrumb":{"@id":"https:\/\/gumi.hu\/auto-gumi\/maxxis-jarmuvel-indultak-a-coronel-testverek-a-2019-es-dakar-rallyn\/#breadcrumb"},"inLanguage":"hu","potentialAction":[{"@type":"ReadAction","target":["https:\/\/gumi.hu\/auto-gumi\/maxxis-jarmuvel-indultak-a-coronel-testverek-a-2019-es-dakar-rallyn\/"]}]},{"@type":"ImageObject","inLanguage":"hu","@id":"https:\/\/gumi.hu\/auto-gumi\/maxxis-jarmuvel-indultak-a-coronel-testverek-a-2019-es-dakar-rallyn\/#primaryimage","url":"https:\/\/gumi.hu\/auto-gumi\/wp-content\/uploads\/2019\/08\/dakar.jpg","contentUrl":"https:\/\/gumi.hu\/auto-gumi\/wp-content\/uploads\/2019\/08\/dakar.jpg","width":5018,"height":1828},{"@type":"BreadcrumbList","@id":"https:\/\/gumi.hu\/auto-gumi\/maxxis-jarmuvel-indultak-a-coronel-testverek-a-2019-es-dakar-rallyn\/#breadcrumb","itemListElement":[{"@type":"ListItem","position":1,"name":"Kezd\u0151lap","item":"https:\/\/gumi.hu\/auto-gumi\/"},{"@type":"ListItem","position":2,"name":"Maxxis j\u00e1rm\u0171vel indultak a Coronel testv\u00e9rek a 2019-es Dakar Rallyn"}]},{"@type":"WebSite","@id":"https:\/\/gumi.hu\/auto-gumi\/#website","url":"https:\/\/gumi.hu\/auto-gumi\/","name":"Gumi.hu","description":"","publisher":{"@id":"https:\/\/gumi.hu\/auto-gumi\/#organization"},"potentialAction":[{"@type":"SearchAction","target":{"@type":"EntryPoint","urlTemplate":"https:\/\/gumi.hu\/auto-gumi\/?s={search_term_string}"},"query-input":{"@type":"PropertyValueSpecification","valueRequired":true,"valueName":"search_term_string"}}],"inLanguage":"hu"},{"@type":"Organization","@id":"https:\/\/gumi.hu\/auto-gumi\/#organization","name":"Gumi.hu","url":"https:\/\/gumi.hu\/auto-gumi\/","logo":{"@type":"ImageObject","inLanguage":"hu","@id":"https:\/\/gumi.hu\/auto-gumi\/#\/schema\/logo\/image\/","url":"https:\/\/gumi.hu\/auto-gumi\/wp-content\/uploads\/2021\/12\/cropped-gumi.hulogo.png","contentUrl":"https:\/\/gumi.hu\/auto-gumi\/wp-content\/uploads\/2021\/12\/cropped-gumi.hulogo.png","width":597,"height":256,"caption":"Gumi.hu"},"image":{"@id":"https:\/\/gumi.hu\/auto-gumi\/#\/schema\/logo\/image\/"},"sameAs":["https:\/\/www.facebook.com\/akhautoszerviz\/","https:\/\/www.instagram.com\/gumi.hu_poweredbyakh\/","https:\/\/www.youtube.com\/channel\/UCyYJ0QGG6gLMXAADVRYY6_w"]},{"@type":"Person","@id":"https:\/\/gumi.hu\/auto-gumi\/#\/schema\/person\/2353e58979249dd8ea620c1b5702f6f3","name":"admin","image":{"@type":"ImageObject","inLanguage":"hu","@id":"https:\/\/gumi.hu\/auto-gumi\/#\/schema\/person\/image\/","url":"https:\/\/secure.gravatar.com\/avatar\/4f5763fd55850261cec8f332c71917800e8784ed69d7ab099747ab0a62b34fe1?s=96&d=mm&r=g","contentUrl":"https:\/\/secure.gravatar.com\/avatar\/4f5763fd55850261cec8f332c71917800e8784ed69d7ab099747ab0a62b34fe1?s=96&d=mm&r=g","caption":"admin"}}]}},"_links":{"self":[{"href":"https:\/\/gumi.hu\/auto-gumi\/wp-json\/wp\/v2\/posts\/1203","targetHints":{"allow":["GET"]}}],"collection":[{"href":"https:\/\/gumi.hu\/auto-gumi\/wp-json\/wp\/v2\/posts"}],"about":[{"href":"https:\/\/gumi.hu\/auto-gumi\/wp-json\/wp\/v2\/types\/post"}],"author":[{"embeddable":true,"href":"https:\/\/gumi.hu\/auto-gumi\/wp-json\/wp\/v2\/users\/1"}],"replies":[{"embeddable":true,"href":"https:\/\/gumi.hu\/auto-gumi\/wp-json\/wp\/v2\/comments?post=1203"}],"version-history":[{"count":1,"href":"https:\/\/gumi.hu\/auto-gumi\/wp-json\/wp\/v2\/posts\/1203\/revisions"}],"predecessor-version":[{"id":1206,"href":"https:\/\/gumi.hu\/auto-gumi\/wp-json\/wp\/v2\/posts\/1203\/revisions\/1206"}],"wp:featuredmedia":[{"embeddable":true,"href":"https:\/\/gumi.hu\/auto-gumi\/wp-json\/wp\/v2\/media\/1204"}],"wp:attachment":[{"href":"https:\/\/gumi.hu\/auto-gumi\/wp-json\/wp\/v2\/media?parent=1203"}],"wp:term":[{"taxonomy":"category","embeddable":true,"href":"https:\/\/gumi.hu\/auto-gumi\/wp-json\/wp\/v2\/categories?post=1203"},{"taxonomy":"post_tag","embeddable":true,"href":"https:\/\/gumi.hu\/auto-gumi\/wp-json\/wp\/v2\/tags?post=1203"}],"curies":[{"name":"wp","href":"https:\/\/api.w.org\/{rel}","templated":true}]}}