{"id":1734,"date":"2019-10-21T10:41:23","date_gmt":"2019-10-21T10:41:23","guid":{"rendered":"http:\/\/gumi.hu\/autogumi\/?p=1734"},"modified":"2019-10-21T10:42:23","modified_gmt":"2019-10-21T10:42:23","slug":"2019-ben-is-egyuttmukodik-a-renault-f1-team-es-a-castrol","status":"publish","type":"post","link":"https:\/\/gumi.hu\/auto-gumi\/2019-ben-is-egyuttmukodik-a-renault-f1-team-es-a-castrol\/","title":{"rendered":"2019-ben is egy\u00fcttm\u0171k\u00f6dik a Renault F1 Team \u00e9s a Castrol"},"content":{"rendered":"\n<p>A Renault F1 Team bejelent\u00e9se alapj\u00e1n a csapat k\u00e9t\nszt\u00e1rsof\u0151r\u00e9t ind\u00edtja az idei szezonban \u2013 Daniel Ricciardot \u00e9s Nico H\u00fclkenberget.\nA csapat tov\u00e1bb\u00e1 rendk\u00edv\u00fcl b\u00fcszke arra, hogy olyan pr\u00e9mium m\u00e1rk\u00e1k t\u00e1mogatj\u00e1k\nt\u00f6bbek k\u00f6z\u00f6tt, mint a <strong>Castrol<\/strong> \u00e9s a\nBP. Az \u00faj aerodinamikai szab\u00e1lyoz\u00e1soknak megfelel\u0151 kivitelez\u00e9sek nyomai m\u00e1r fellelhet\u0151k\na Renault R.S. 19-r\u0151l felbukkant fot\u00f3kon. A Renault E-Tech 19-es hajt\u00f3m\u0171nek\nk\u00f6sz\u00f6nhet\u0151en a Renault R.S. 19-es versenyaut\u00f3, sokkal ink\u00e1bb egys\u00e9gess\u00e9 v\u00e1lt a\nRenault hibrid k\u00edn\u00e1lat\u00e1val. <\/p>\n\n\n\n<p>A Renault 2016-os visszat\u00e9r\u00e9s\u00e9t k\u00f6vet\u0151en, folyamatos\nfejl\u0151d\u00e9st tapasztalhatunk, mind a technol\u00f3giai alapok, mind pedig a kiemelked\u0151\nemberi er\u0151forr\u00e1sok ter\u00e9n. A nagym\u00e9rt\u00e9k\u0171 m\u0171szaki beruh\u00e1z\u00e1soknak k\u00f6sz\u00f6nhet\u0151en, az\negyes\u00fclt kir\u00e1lys\u00e1gbeli Enston \u00e9s a franciaorsz\u00e1gi Viry-Ch\u00e2tillon\nl\u00e9tes\u00edtm\u00e9nyeiben rendk\u00edv\u00fcli \u00fctemben emelkedett a gy\u00e1rt\u00f3k\u00e9pess\u00e9g, illetve a\nmunkaer\u0151 is 50%-al n\u00f6vekedett. B\u00edznak benne, hogy a k\u00e9t szt\u00e1rpil\u00f3ta bemutat\u00e1sa\npedig a hossz\u00fa t\u00e1v\u00fa siker kulcsa. <\/p>\n\n\n\n<div class=\"wp-block-image\"><figure class=\"alignright\"><img fetchpriority=\"high\" decoding=\"async\" width=\"377\" height=\"342\" src=\"http:\/\/gumi.hu\/autogumi\/wp-content\/uploads\/2019\/10\/Renault-F1-Team_1.png\" alt=\"\" class=\"wp-image-1737\"\/><\/figure><\/div>\n\n\n\n<p>Cyril Abiteboul, a Renault F1\u00ae Team \u00fcgyvezet\u0151 igazgat\u00f3ja a k\u00f6vetkez\u0151ket\nnyilatkozta: &nbsp;<em>\u201eElk\u00e9peszt\u0151 kih\u00edv\u00e1s volt a bajnoks\u00e1gban val\u00f3\nr\u00e9szv\u00e9tel alatt megszervezni ezeket a projekteket, csak \u00fagy, mint az, hogy a\nnagy r\u00e9sz\u00fck l\u00e9tre is j\u00f6jj\u00f6n.\u201d A beruh\u00e1z\u00e1sok v\u00e9gs\u0151 megval\u00f3s\u00edt\u00e1sa hatalmas\neredm\u00e9ny volt, \u00e9s le vagyok ny\u0171g\u00f6zve att\u00f3l, ahogy egyt\u0151l egyig mindenki\nhozz\u00e1\u00e1llt. Ez j\u00f3l t\u00fckr\u00f6zi az id\u0151k\u00f6zben \u00e1ltalunk gy\u0171jt\u00f6tt lend\u00fcletet: kilencedik\nhely 2016-ban nyolc ponttal, hatodik hely 2017-ben 57&nbsp;ponttal \u00e9s negyedik\nhely tavaly 122&nbsp;ponttal. A szezont \u00fagy ind\u00edtottuk, hogy szeretn\u00e9nk\nmegtartani ezt az er\u0151s \u00e9s sikeres lend\u00fcletet. Nem c\u00e9lzunk meg egy konkr\u00e9t\nhelyez\u00e9st vagy adott pontsz\u00e1mot: amit szeretn\u00e9k l\u00e1tni, az az, hogy a csapat\ntov\u00e1bbra is meg\u00e1ll\u00e1s n\u00e9lk\u00fcl halad a legjobb csapatok fel\u00e9. A m\u00e9rn\u00f6ki kiv\u00e1l\u00f3s\u00e1g\nViryben priorit\u00e1st \u00e9lvez, m\u00edg Enstone-ban szezonr\u00f3l szezonra az alv\u00e1z\nversenyk\u00e9pess\u00e9g\u00e9re \u00f6sszpontos\u00edtunk.\u201d<\/em><\/p>\n\n\n\n<p>Cyril Abiteboul v\u00e9lem\u00e9nye az \u00faj sof\u0151rfel\u00e1ll\u00e1sr\u00f3l: <em>A Daniellel \u00e9s Nic\u00f3val k\u00f6t\u00f6tt partners\u00e9g\nny\u00fajtotta plusz lend\u00fclet igazi magabiztoss\u00e1got ad a csapatnak a szezonra. \u00dagy\nv\u00e9lem, hogy nek\u00fcnk van az egyik leger\u0151sebb \u2013 ha nem a leger\u0151sebb \u2013\nsof\u0151rfel\u00e1ll\u00e1sunk. Daniel egy kiv\u00e1l\u00f3 csapat bizony\u00edtottan nyertes szak\u00e9rtelm\u00e9t\nhozza mag\u00e1val, m\u00edg Nic\u00f3t a gy\u0151zni akar\u00e1s hajtja. Rendk\u00edv\u00fcli m\u00e9rt\u00e9kben al\u00e1 van\nbecs\u00fclve \u2013 gyors, hat\u00e1rozott \u00e9s motiv\u00e1lja a csapatot. Egy\u00e9niben mindketten\nnagyon er\u0151sek, \u00e9s \u00fagy \u00e9rzem, hogy t\u00f6k\u00e9letesen kieg\u00e9sz\u00edtik egym\u00e1st. Az energia,\namit a csapatba hoztak, k\u00e9zzelfoghat\u00f3 \u00e9s rem\u00e9lem, hogy egy<\/em><em> <\/em><em>olyan aut\u00f3t tudunk nekik biztos\u00edtani,\namellyel meg tudj\u00e1k csillogtatni tehets\u00e9g\u00fcket.\u201d<\/em><\/p>\n\n\n\n<p>A n\u00e9met nemzetis\u00e9g\u0171 szt\u00e1rpil\u00f3ta, Nico H\u00fclkenberg id\u00e9n m\u00e1r\nharmadj\u00e1ra sz\u00e1ll versenybe a Renault csapat\u00e1val: <em>\u201eCsapatk\u00e9nt nagyon sokat fejl\u0151dt\u00fcnk 2017 eleje \u00f3ta \u00e9s ez mind r\u00e9sze a\nfolyamatnak, ha el akarjuk \u00e9rni a hossz\u00fa t\u00e1v\u00fa c\u00e9ljainkat. Amikor csatlakoztam,\naz infrastrukt\u00fara m\u00e9g gyerekcip\u0151ben j\u00e1rt, \u00e9s az\u00f3ta hatalmas utat j\u00e1rtunk be. A\nlegjobbat akarom kihozni magamb\u00f3l, a csapatban \u00e9s az aut\u00f3ban rejl\u0151 potenci\u00e1lt\npedig maximaliz\u00e1lni szeretn\u00e9m. A fontos az, hogy csapatk\u00e9nt nagyot l\u00e9pt\u00fcnk\nel\u0151re \u00e9s folyamatosan jobban teljes\u00edt\u00fcnk. Szeretn\u00e9nk, ha ez a trend tov\u00e1bbra is\nfolytat\u00f3dna, \u00e9s folyamatos fejleszt\u00e9sekkel rukkoln\u00e1nk el\u0151.\u201d<\/em><\/p>\n\n\n\n<p>Az ausztr\u00e1l Daniel Ricciardo nyilatkozata: <em>\u201eA Renault hatalmas m\u00falttal rendelkezik a\nmotorsportban, \u00e9ppen ez\u00e9rt az, hogy r\u00e9szesei lehet\u00fcnk az \u00e1ltaluk a Formula\u20131-ben\nmegtett k\u00f6vetkez\u0151 l\u00e9p\u00e9snek, izgalmas kih\u00edv\u00e1s. Az\u00e9rt vagyok itt, hogy\nteljes\u00edtsem a feladatom a p\u00e1ly\u00e1n \u00e9s olyan gyorsan vezessek, amilyen gyorsan\ncsak tudok, de emellett szeretn\u00e9m energi\u00e1val is felt\u00f6lteni a csapatot. Mindenki\nl\u00e1ba al\u00e1 szeretn\u00e9k egy rug\u00f3t \u201eszerelni\u201d, mivel ez a munk\u00e1m r\u00e9sze \u00e9s persze a\nszem\u00e9lyis\u00e9gem is ilyen. K\u00e9pes vagyok arra \u00f6szt\u00f6n\u00f6zni a csapatot, hogy m\u00e9g egy\nkicsit kem\u00e9nyebben dolgozzanak, t\u00f6bb er\u0151fesz\u00edt\u00e9st rakjanak bele \u00e9s mindenki\negy\u00fctt versenyezzen. \u00c9n szeretn\u00e9k a pozit\u00edv energia kataliz\u00e1tora lenni.\u201d<\/em>\n\u00e9s&nbsp; <em>\u201eMinden,\namit 2018-ban tanultam, jobb\u00e1 tesz a 2019-es \u00e9vben. A k\u00fcl\u00f6nbs\u00e9g csup\u00e1n annyi\nlesz, hogy \u00e9rettebb lettem. Tiszt\u00e1bban l\u00e1tom, hogy merre tartok, \u00e9s a c\u00e9lom az,\nhogy ez a j\u00f3 eredm\u00e9nyekben mutatkozzon meg a p\u00e1ly\u00e1n. Pozit\u00edv nyom\u00e1st \u00e9s\nelv\u00e1r\u00e1st \u00e9rzek ir\u00e1nyomba arra, hogy j\u00f3l teljes\u00edtsek, amit egy\u00e9bk\u00e9nt m\u00e1r alig\nv\u00e1rok.\u201d<\/em><\/p>\n\n\n\n<p>&nbsp;cikk: <a href=\"https:\/\/www.castrol.com\/hu_hu\/hungary\/home\/castrol-story\/newsroom\/press-releases\/renault-f1-team.html\">https:\/\/www.castrol.com\/hu_hu\/hungary\/home\/castrol-story\/newsroom\/press-releases\/renault-f1-team.html<\/a><\/p>\n","protected":false},"excerpt":{"rendered":"<p>A Renault F1 Team bejelent\u00e9se alapj\u00e1n a csapat k\u00e9t szt\u00e1rsof\u0151r\u00e9t ind\u00edtja az idei szezonban \u2013 Daniel Ricciardot \u00e9s Nico H\u00fclkenberget. A csapat tov\u00e1bb\u00e1 rendk\u00edv\u00fcl b\u00fcszke arra, hogy olyan pr\u00e9mium m\u00e1rk\u00e1k t\u00e1mogatj\u00e1k t\u00f6bbek k\u00f6z\u00f6tt, mint a Castrol \u00e9s a BP. Az \u00faj aerodinamikai szab\u00e1lyoz\u00e1soknak megfelel\u0151 kivitelez\u00e9sek nyomai m\u00e1r fellelhet\u0151k a Renault R.S. 19-r\u0151l felbukkant fot\u00f3kon. A &#8230; <a title=\"2019-ben is egy\u00fcttm\u0171k\u00f6dik a Renault F1 Team \u00e9s a Castrol\" class=\"read-more\" href=\"https:\/\/gumi.hu\/auto-gumi\/2019-ben-is-egyuttmukodik-a-renault-f1-team-es-a-castrol\/\" aria-label=\"Read more about 2019-ben is egy\u00fcttm\u0171k\u00f6dik a Renault F1 Team \u00e9s a Castrol\">Olvass tov\u00e1bb<\/a><\/p>\n","protected":false},"author":1,"featured_media":1557,"comment_status":"closed","ping_status":"open","sticky":false,"template":"","format":"standard","meta":{"footnotes":""},"categories":[23],"tags":[],"class_list":["post-1734","post","type-post","status-publish","format-standard","has-post-thumbnail","hentry","category-castrol"],"yoast_head":"<!-- This site is optimized with the Yoast SEO plugin v26.7 - https:\/\/yoast.com\/wordpress\/plugins\/seo\/ -->\n<title>2019-ben is egy\u00fcttm\u0171k\u00f6dik a Renault F1 Team \u00e9s a Castrol - Gumi.hu<\/title>\n<meta name=\"robots\" content=\"index, follow, max-snippet:-1, max-image-preview:large, max-video-preview:-1\" \/>\n<link rel=\"canonical\" href=\"https:\/\/gumi.hu\/auto-gumi\/2019-ben-is-egyuttmukodik-a-renault-f1-team-es-a-castrol\/\" \/>\n<meta property=\"og:locale\" content=\"hu_HU\" \/>\n<meta property=\"og:type\" content=\"article\" \/>\n<meta property=\"og:title\" content=\"2019-ben is egy\u00fcttm\u0171k\u00f6dik a Renault F1 Team \u00e9s a Castrol - Gumi.hu\" \/>\n<meta property=\"og:description\" content=\"A Renault F1 Team bejelent\u00e9se alapj\u00e1n a csapat k\u00e9t szt\u00e1rsof\u0151r\u00e9t ind\u00edtja az idei szezonban \u2013 Daniel Ricciardot \u00e9s Nico H\u00fclkenberget. A csapat tov\u00e1bb\u00e1 rendk\u00edv\u00fcl b\u00fcszke arra, hogy olyan pr\u00e9mium m\u00e1rk\u00e1k t\u00e1mogatj\u00e1k t\u00f6bbek k\u00f6z\u00f6tt, mint a Castrol \u00e9s a BP. Az \u00faj aerodinamikai szab\u00e1lyoz\u00e1soknak megfelel\u0151 kivitelez\u00e9sek nyomai m\u00e1r fellelhet\u0151k a Renault R.S. 19-r\u0151l felbukkant fot\u00f3kon. A ... Olvass tov\u00e1bb\" \/>\n<meta property=\"og:url\" content=\"https:\/\/gumi.hu\/auto-gumi\/2019-ben-is-egyuttmukodik-a-renault-f1-team-es-a-castrol\/\" \/>\n<meta property=\"og:site_name\" content=\"Gumi.hu\" \/>\n<meta property=\"article:publisher\" content=\"https:\/\/www.facebook.com\/akhautoszerviz\/\" \/>\n<meta property=\"article:published_time\" content=\"2019-10-21T10:41:23+00:00\" \/>\n<meta property=\"article:modified_time\" content=\"2019-10-21T10:42:23+00:00\" \/>\n<meta property=\"og:image\" content=\"https:\/\/gumi.hu\/auto-gumi\/wp-content\/uploads\/2019\/09\/Renault_F1-Team_2.jpg\" \/>\n\t<meta property=\"og:image:width\" content=\"1920\" \/>\n\t<meta property=\"og:image:height\" content=\"1080\" \/>\n\t<meta property=\"og:image:type\" content=\"image\/jpeg\" \/>\n<meta name=\"author\" content=\"admin\" \/>\n<meta name=\"twitter:card\" content=\"summary_large_image\" \/>\n<meta name=\"twitter:label1\" content=\"Szerz\u0151:\" \/>\n\t<meta name=\"twitter:data1\" content=\"admin\" \/>\n\t<meta name=\"twitter:label2\" content=\"Becs\u00fclt olvas\u00e1si id\u0151\" \/>\n\t<meta name=\"twitter:data2\" content=\"4 perc\" \/>\n<script type=\"application\/ld+json\" class=\"yoast-schema-graph\">{\"@context\":\"https:\/\/schema.org\",\"@graph\":[{\"@type\":\"Article\",\"@id\":\"https:\/\/gumi.hu\/auto-gumi\/2019-ben-is-egyuttmukodik-a-renault-f1-team-es-a-castrol\/#article\",\"isPartOf\":{\"@id\":\"https:\/\/gumi.hu\/auto-gumi\/2019-ben-is-egyuttmukodik-a-renault-f1-team-es-a-castrol\/\"},\"author\":{\"name\":\"admin\",\"@id\":\"https:\/\/gumi.hu\/auto-gumi\/#\/schema\/person\/2353e58979249dd8ea620c1b5702f6f3\"},\"headline\":\"2019-ben is egy\u00fcttm\u0171k\u00f6dik a Renault F1 Team \u00e9s a Castrol\",\"datePublished\":\"2019-10-21T10:41:23+00:00\",\"dateModified\":\"2019-10-21T10:42:23+00:00\",\"mainEntityOfPage\":{\"@id\":\"https:\/\/gumi.hu\/auto-gumi\/2019-ben-is-egyuttmukodik-a-renault-f1-team-es-a-castrol\/\"},\"wordCount\":905,\"publisher\":{\"@id\":\"https:\/\/gumi.hu\/auto-gumi\/#organization\"},\"image\":{\"@id\":\"https:\/\/gumi.hu\/auto-gumi\/2019-ben-is-egyuttmukodik-a-renault-f1-team-es-a-castrol\/#primaryimage\"},\"thumbnailUrl\":\"https:\/\/gumi.hu\/auto-gumi\/wp-content\/uploads\/2019\/09\/Renault_F1-Team_2.jpg\",\"articleSection\":[\"castrol\"],\"inLanguage\":\"hu\"},{\"@type\":\"WebPage\",\"@id\":\"https:\/\/gumi.hu\/auto-gumi\/2019-ben-is-egyuttmukodik-a-renault-f1-team-es-a-castrol\/\",\"url\":\"https:\/\/gumi.hu\/auto-gumi\/2019-ben-is-egyuttmukodik-a-renault-f1-team-es-a-castrol\/\",\"name\":\"2019-ben is egy\u00fcttm\u0171k\u00f6dik a Renault F1 Team \u00e9s a Castrol - Gumi.hu\",\"isPartOf\":{\"@id\":\"https:\/\/gumi.hu\/auto-gumi\/#website\"},\"primaryImageOfPage\":{\"@id\":\"https:\/\/gumi.hu\/auto-gumi\/2019-ben-is-egyuttmukodik-a-renault-f1-team-es-a-castrol\/#primaryimage\"},\"image\":{\"@id\":\"https:\/\/gumi.hu\/auto-gumi\/2019-ben-is-egyuttmukodik-a-renault-f1-team-es-a-castrol\/#primaryimage\"},\"thumbnailUrl\":\"https:\/\/gumi.hu\/auto-gumi\/wp-content\/uploads\/2019\/09\/Renault_F1-Team_2.jpg\",\"datePublished\":\"2019-10-21T10:41:23+00:00\",\"dateModified\":\"2019-10-21T10:42:23+00:00\",\"breadcrumb\":{\"@id\":\"https:\/\/gumi.hu\/auto-gumi\/2019-ben-is-egyuttmukodik-a-renault-f1-team-es-a-castrol\/#breadcrumb\"},\"inLanguage\":\"hu\",\"potentialAction\":[{\"@type\":\"ReadAction\",\"target\":[\"https:\/\/gumi.hu\/auto-gumi\/2019-ben-is-egyuttmukodik-a-renault-f1-team-es-a-castrol\/\"]}]},{\"@type\":\"ImageObject\",\"inLanguage\":\"hu\",\"@id\":\"https:\/\/gumi.hu\/auto-gumi\/2019-ben-is-egyuttmukodik-a-renault-f1-team-es-a-castrol\/#primaryimage\",\"url\":\"https:\/\/gumi.hu\/auto-gumi\/wp-content\/uploads\/2019\/09\/Renault_F1-Team_2.jpg\",\"contentUrl\":\"https:\/\/gumi.hu\/auto-gumi\/wp-content\/uploads\/2019\/09\/Renault_F1-Team_2.jpg\",\"width\":1920,\"height\":1080},{\"@type\":\"BreadcrumbList\",\"@id\":\"https:\/\/gumi.hu\/auto-gumi\/2019-ben-is-egyuttmukodik-a-renault-f1-team-es-a-castrol\/#breadcrumb\",\"itemListElement\":[{\"@type\":\"ListItem\",\"position\":1,\"name\":\"Kezd\u0151lap\",\"item\":\"https:\/\/gumi.hu\/auto-gumi\/\"},{\"@type\":\"ListItem\",\"position\":2,\"name\":\"2019-ben is egy\u00fcttm\u0171k\u00f6dik a Renault F1 Team \u00e9s a Castrol\"}]},{\"@type\":\"WebSite\",\"@id\":\"https:\/\/gumi.hu\/auto-gumi\/#website\",\"url\":\"https:\/\/gumi.hu\/auto-gumi\/\",\"name\":\"Gumi.hu\",\"description\":\"\",\"publisher\":{\"@id\":\"https:\/\/gumi.hu\/auto-gumi\/#organization\"},\"potentialAction\":[{\"@type\":\"SearchAction\",\"target\":{\"@type\":\"EntryPoint\",\"urlTemplate\":\"https:\/\/gumi.hu\/auto-gumi\/?s={search_term_string}\"},\"query-input\":{\"@type\":\"PropertyValueSpecification\",\"valueRequired\":true,\"valueName\":\"search_term_string\"}}],\"inLanguage\":\"hu\"},{\"@type\":\"Organization\",\"@id\":\"https:\/\/gumi.hu\/auto-gumi\/#organization\",\"name\":\"Gumi.hu\",\"url\":\"https:\/\/gumi.hu\/auto-gumi\/\",\"logo\":{\"@type\":\"ImageObject\",\"inLanguage\":\"hu\",\"@id\":\"https:\/\/gumi.hu\/auto-gumi\/#\/schema\/logo\/image\/\",\"url\":\"https:\/\/gumi.hu\/auto-gumi\/wp-content\/uploads\/2021\/12\/cropped-gumi.hulogo.png\",\"contentUrl\":\"https:\/\/gumi.hu\/auto-gumi\/wp-content\/uploads\/2021\/12\/cropped-gumi.hulogo.png\",\"width\":597,\"height\":256,\"caption\":\"Gumi.hu\"},\"image\":{\"@id\":\"https:\/\/gumi.hu\/auto-gumi\/#\/schema\/logo\/image\/\"},\"sameAs\":[\"https:\/\/www.facebook.com\/akhautoszerviz\/\",\"https:\/\/www.instagram.com\/gumi.hu_poweredbyakh\/\",\"https:\/\/www.youtube.com\/channel\/UCyYJ0QGG6gLMXAADVRYY6_w\"]},{\"@type\":\"Person\",\"@id\":\"https:\/\/gumi.hu\/auto-gumi\/#\/schema\/person\/2353e58979249dd8ea620c1b5702f6f3\",\"name\":\"admin\",\"image\":{\"@type\":\"ImageObject\",\"inLanguage\":\"hu\",\"@id\":\"https:\/\/gumi.hu\/auto-gumi\/#\/schema\/person\/image\/\",\"url\":\"https:\/\/secure.gravatar.com\/avatar\/4f5763fd55850261cec8f332c71917800e8784ed69d7ab099747ab0a62b34fe1?s=96&d=mm&r=g\",\"contentUrl\":\"https:\/\/secure.gravatar.com\/avatar\/4f5763fd55850261cec8f332c71917800e8784ed69d7ab099747ab0a62b34fe1?s=96&d=mm&r=g\",\"caption\":\"admin\"}}]}<\/script>\n<!-- \/ Yoast SEO plugin. -->","yoast_head_json":{"title":"2019-ben is egy\u00fcttm\u0171k\u00f6dik a Renault F1 Team \u00e9s a Castrol - Gumi.hu","robots":{"index":"index","follow":"follow","max-snippet":"max-snippet:-1","max-image-preview":"max-image-preview:large","max-video-preview":"max-video-preview:-1"},"canonical":"https:\/\/gumi.hu\/auto-gumi\/2019-ben-is-egyuttmukodik-a-renault-f1-team-es-a-castrol\/","og_locale":"hu_HU","og_type":"article","og_title":"2019-ben is egy\u00fcttm\u0171k\u00f6dik a Renault F1 Team \u00e9s a Castrol - Gumi.hu","og_description":"A Renault F1 Team bejelent\u00e9se alapj\u00e1n a csapat k\u00e9t szt\u00e1rsof\u0151r\u00e9t ind\u00edtja az idei szezonban \u2013 Daniel Ricciardot \u00e9s Nico H\u00fclkenberget. A csapat tov\u00e1bb\u00e1 rendk\u00edv\u00fcl b\u00fcszke arra, hogy olyan pr\u00e9mium m\u00e1rk\u00e1k t\u00e1mogatj\u00e1k t\u00f6bbek k\u00f6z\u00f6tt, mint a Castrol \u00e9s a BP. Az \u00faj aerodinamikai szab\u00e1lyoz\u00e1soknak megfelel\u0151 kivitelez\u00e9sek nyomai m\u00e1r fellelhet\u0151k a Renault R.S. 19-r\u0151l felbukkant fot\u00f3kon. A ... Olvass tov\u00e1bb","og_url":"https:\/\/gumi.hu\/auto-gumi\/2019-ben-is-egyuttmukodik-a-renault-f1-team-es-a-castrol\/","og_site_name":"Gumi.hu","article_publisher":"https:\/\/www.facebook.com\/akhautoszerviz\/","article_published_time":"2019-10-21T10:41:23+00:00","article_modified_time":"2019-10-21T10:42:23+00:00","og_image":[{"width":1920,"height":1080,"url":"https:\/\/gumi.hu\/auto-gumi\/wp-content\/uploads\/2019\/09\/Renault_F1-Team_2.jpg","type":"image\/jpeg"}],"author":"admin","twitter_card":"summary_large_image","twitter_misc":{"Szerz\u0151:":"admin","Becs\u00fclt olvas\u00e1si id\u0151":"4 perc"},"schema":{"@context":"https:\/\/schema.org","@graph":[{"@type":"Article","@id":"https:\/\/gumi.hu\/auto-gumi\/2019-ben-is-egyuttmukodik-a-renault-f1-team-es-a-castrol\/#article","isPartOf":{"@id":"https:\/\/gumi.hu\/auto-gumi\/2019-ben-is-egyuttmukodik-a-renault-f1-team-es-a-castrol\/"},"author":{"name":"admin","@id":"https:\/\/gumi.hu\/auto-gumi\/#\/schema\/person\/2353e58979249dd8ea620c1b5702f6f3"},"headline":"2019-ben is egy\u00fcttm\u0171k\u00f6dik a Renault F1 Team \u00e9s a Castrol","datePublished":"2019-10-21T10:41:23+00:00","dateModified":"2019-10-21T10:42:23+00:00","mainEntityOfPage":{"@id":"https:\/\/gumi.hu\/auto-gumi\/2019-ben-is-egyuttmukodik-a-renault-f1-team-es-a-castrol\/"},"wordCount":905,"publisher":{"@id":"https:\/\/gumi.hu\/auto-gumi\/#organization"},"image":{"@id":"https:\/\/gumi.hu\/auto-gumi\/2019-ben-is-egyuttmukodik-a-renault-f1-team-es-a-castrol\/#primaryimage"},"thumbnailUrl":"https:\/\/gumi.hu\/auto-gumi\/wp-content\/uploads\/2019\/09\/Renault_F1-Team_2.jpg","articleSection":["castrol"],"inLanguage":"hu"},{"@type":"WebPage","@id":"https:\/\/gumi.hu\/auto-gumi\/2019-ben-is-egyuttmukodik-a-renault-f1-team-es-a-castrol\/","url":"https:\/\/gumi.hu\/auto-gumi\/2019-ben-is-egyuttmukodik-a-renault-f1-team-es-a-castrol\/","name":"2019-ben is egy\u00fcttm\u0171k\u00f6dik a Renault F1 Team \u00e9s a Castrol - Gumi.hu","isPartOf":{"@id":"https:\/\/gumi.hu\/auto-gumi\/#website"},"primaryImageOfPage":{"@id":"https:\/\/gumi.hu\/auto-gumi\/2019-ben-is-egyuttmukodik-a-renault-f1-team-es-a-castrol\/#primaryimage"},"image":{"@id":"https:\/\/gumi.hu\/auto-gumi\/2019-ben-is-egyuttmukodik-a-renault-f1-team-es-a-castrol\/#primaryimage"},"thumbnailUrl":"https:\/\/gumi.hu\/auto-gumi\/wp-content\/uploads\/2019\/09\/Renault_F1-Team_2.jpg","datePublished":"2019-10-21T10:41:23+00:00","dateModified":"2019-10-21T10:42:23+00:00","breadcrumb":{"@id":"https:\/\/gumi.hu\/auto-gumi\/2019-ben-is-egyuttmukodik-a-renault-f1-team-es-a-castrol\/#breadcrumb"},"inLanguage":"hu","potentialAction":[{"@type":"ReadAction","target":["https:\/\/gumi.hu\/auto-gumi\/2019-ben-is-egyuttmukodik-a-renault-f1-team-es-a-castrol\/"]}]},{"@type":"ImageObject","inLanguage":"hu","@id":"https:\/\/gumi.hu\/auto-gumi\/2019-ben-is-egyuttmukodik-a-renault-f1-team-es-a-castrol\/#primaryimage","url":"https:\/\/gumi.hu\/auto-gumi\/wp-content\/uploads\/2019\/09\/Renault_F1-Team_2.jpg","contentUrl":"https:\/\/gumi.hu\/auto-gumi\/wp-content\/uploads\/2019\/09\/Renault_F1-Team_2.jpg","width":1920,"height":1080},{"@type":"BreadcrumbList","@id":"https:\/\/gumi.hu\/auto-gumi\/2019-ben-is-egyuttmukodik-a-renault-f1-team-es-a-castrol\/#breadcrumb","itemListElement":[{"@type":"ListItem","position":1,"name":"Kezd\u0151lap","item":"https:\/\/gumi.hu\/auto-gumi\/"},{"@type":"ListItem","position":2,"name":"2019-ben is egy\u00fcttm\u0171k\u00f6dik a Renault F1 Team \u00e9s a Castrol"}]},{"@type":"WebSite","@id":"https:\/\/gumi.hu\/auto-gumi\/#website","url":"https:\/\/gumi.hu\/auto-gumi\/","name":"Gumi.hu","description":"","publisher":{"@id":"https:\/\/gumi.hu\/auto-gumi\/#organization"},"potentialAction":[{"@type":"SearchAction","target":{"@type":"EntryPoint","urlTemplate":"https:\/\/gumi.hu\/auto-gumi\/?s={search_term_string}"},"query-input":{"@type":"PropertyValueSpecification","valueRequired":true,"valueName":"search_term_string"}}],"inLanguage":"hu"},{"@type":"Organization","@id":"https:\/\/gumi.hu\/auto-gumi\/#organization","name":"Gumi.hu","url":"https:\/\/gumi.hu\/auto-gumi\/","logo":{"@type":"ImageObject","inLanguage":"hu","@id":"https:\/\/gumi.hu\/auto-gumi\/#\/schema\/logo\/image\/","url":"https:\/\/gumi.hu\/auto-gumi\/wp-content\/uploads\/2021\/12\/cropped-gumi.hulogo.png","contentUrl":"https:\/\/gumi.hu\/auto-gumi\/wp-content\/uploads\/2021\/12\/cropped-gumi.hulogo.png","width":597,"height":256,"caption":"Gumi.hu"},"image":{"@id":"https:\/\/gumi.hu\/auto-gumi\/#\/schema\/logo\/image\/"},"sameAs":["https:\/\/www.facebook.com\/akhautoszerviz\/","https:\/\/www.instagram.com\/gumi.hu_poweredbyakh\/","https:\/\/www.youtube.com\/channel\/UCyYJ0QGG6gLMXAADVRYY6_w"]},{"@type":"Person","@id":"https:\/\/gumi.hu\/auto-gumi\/#\/schema\/person\/2353e58979249dd8ea620c1b5702f6f3","name":"admin","image":{"@type":"ImageObject","inLanguage":"hu","@id":"https:\/\/gumi.hu\/auto-gumi\/#\/schema\/person\/image\/","url":"https:\/\/secure.gravatar.com\/avatar\/4f5763fd55850261cec8f332c71917800e8784ed69d7ab099747ab0a62b34fe1?s=96&d=mm&r=g","contentUrl":"https:\/\/secure.gravatar.com\/avatar\/4f5763fd55850261cec8f332c71917800e8784ed69d7ab099747ab0a62b34fe1?s=96&d=mm&r=g","caption":"admin"}}]}},"_links":{"self":[{"href":"https:\/\/gumi.hu\/auto-gumi\/wp-json\/wp\/v2\/posts\/1734","targetHints":{"allow":["GET"]}}],"collection":[{"href":"https:\/\/gumi.hu\/auto-gumi\/wp-json\/wp\/v2\/posts"}],"about":[{"href":"https:\/\/gumi.hu\/auto-gumi\/wp-json\/wp\/v2\/types\/post"}],"author":[{"embeddable":true,"href":"https:\/\/gumi.hu\/auto-gumi\/wp-json\/wp\/v2\/users\/1"}],"replies":[{"embeddable":true,"href":"https:\/\/gumi.hu\/auto-gumi\/wp-json\/wp\/v2\/comments?post=1734"}],"version-history":[{"count":2,"href":"https:\/\/gumi.hu\/auto-gumi\/wp-json\/wp\/v2\/posts\/1734\/revisions"}],"predecessor-version":[{"id":1738,"href":"https:\/\/gumi.hu\/auto-gumi\/wp-json\/wp\/v2\/posts\/1734\/revisions\/1738"}],"wp:featuredmedia":[{"embeddable":true,"href":"https:\/\/gumi.hu\/auto-gumi\/wp-json\/wp\/v2\/media\/1557"}],"wp:attachment":[{"href":"https:\/\/gumi.hu\/auto-gumi\/wp-json\/wp\/v2\/media?parent=1734"}],"wp:term":[{"taxonomy":"category","embeddable":true,"href":"https:\/\/gumi.hu\/auto-gumi\/wp-json\/wp\/v2\/categories?post=1734"},{"taxonomy":"post_tag","embeddable":true,"href":"https:\/\/gumi.hu\/auto-gumi\/wp-json\/wp\/v2\/tags?post=1734"}],"curies":[{"name":"wp","href":"https:\/\/api.w.org\/{rel}","templated":true}]}}