{"id":1779,"date":"2019-10-21T11:22:08","date_gmt":"2019-10-21T11:22:08","guid":{"rendered":"http:\/\/gumi.hu\/autogumi\/?p=1779"},"modified":"2019-10-21T11:22:08","modified_gmt":"2019-10-21T11:22:08","slug":"a-michelin-a-fenntarthato-mobilitas-nyomaban","status":"publish","type":"post","link":"https:\/\/gumi.hu\/auto-gumi\/a-michelin-a-fenntarthato-mobilitas-nyomaban\/","title":{"rendered":"A Michelin a fenntarthat\u00f3 mobilit\u00e1s nyom\u00e1ban"},"content":{"rendered":"\n<p>Az abroncsgy\u00e1rt\u00f3 ipari \u00f3ri\u00e1s\nsz\u00e1m\u00edt\u00e1sba vette, hogy tev\u00e9kenys\u00e9ge folytat\u00e1sa sor\u00e1n, milyen m\u00e9rt\u00e9kben gyakorol\nhat\u00e1st k\u00f6rnyezet\u00e9re. \u00c9ppen ez\u00e9rt, a Michelin kiemelt figyelmet ford\u00edt\nterm\u00e9szet\u00fcnk folyamatos v\u00e9delm\u00e9re, melyet tudatosan \u00e9p\u00edt bele\nstrat\u00e9gi\u00e1j\u00e1ba.&nbsp; Ennek k\u00f6vetkezt\u00e9ben m\u00e1r\nr\u00e9g\u00f3ta hozz\u00e1j\u00e1rul a fenntarthat\u00f3 gazdas\u00e1gi folyamatok optimaliz\u00e1l\u00e1s\u00e1hoz.\n2020-ra azt t\u0171zt\u00e9k ki c\u00e9lul, hogy a gy\u00e1rt\u00e1saik alatt felhaszn\u00e1lt anyagok 30%-\u00e1t\nmeg\u00fajul\u00f3 vagy teljesen \u00fajrahasznos\u00edtott forr\u00e1sokb\u00f3l fogj\u00e1k el\u0151teremteni. 30\n\u00e9ven bel\u00fcl pedig ezt 80%-ra szeretn\u00e9k n\u00f6velni. A Michelin ebben az \u00e9vben r\u00e9szt\nvesz egy \u00fagy nevezett Movin\u2019On Summit kamp\u00e1nyban, melynek c\u00e9lja, hogy az ipar\u00e1g\nnagyjaival egy\u00fctt k\u00f6z\u00f6s egy\u00fcttm\u0171k\u00f6d\u00e9ssel, megvitass\u00e1k elk\u00f6telezetts\u00e9g\u00fcket \u00e9s\namb\u00edci\u00f3ikat, hogy k\u00e9pesek legyenek kidolgozni hossz\u00fa t\u00e1v\u00fa, fenntarthat\u00f3\ninnov\u00e1ci\u00f3s folyamatokat \u00e9s mobilit\u00e1si lehet\u0151s\u00e9geket. <\/p>\n\n\n\n<p>A Movin\u2019On egy 1998-ban l\u00e9trej\u00f6tt\nmozgalom, mely glob\u00e1lis szinten fogja \u00f6ssze azokat a v\u00e1llalatokat, melyek\n\u00e9rdekeltek a fenntarthat\u00f3s\u00e1g \u00e9s a k\u00f6rnyezetv\u00e9delem k\u00e9rd\u00e9sk\u00f6r\u00e9ben. M\u00e1ra m\u00e1r t\u00f6bb\nezer taggal rendelkeznek, akik k\u00f6z\u00f6tt megtal\u00e1lhat\u00f3ak k\u00fcl\u00f6nb\u00f6z\u0151 start-up\ntulajdonosok, szak\u00e9rt\u0151k, politikusok, el\u0151ad\u00f3k a vil\u00e1g minden t\u00e1j\u00e1r\u00f3l. Egy 3\nnapos konferencia keretein bel\u00fcl, k\u00f6r\u00fclbel\u00fcl 50 workshop-ot tartanak, a mester\nel\u0151ad\u00e1sok \u00e9s k\u00fcl\u00f6nf\u00e9le demonstr\u00e1ci\u00f3k mellett. T\u00f6bb workshop is arra \u00e9p\u00fcl, hogy\nnyissanak a r\u00e9szv\u00e9nyesek fel\u00e9 \u00e9s egy\u00fctt tudj\u00e1k \u00f6sszevetni elgondol\u00e1saikat a\nj\u00f6v\u0151re val\u00f3 tekintettel \u00e9s \u00fajabb innovat\u00edv technol\u00f3giai megold\u00e1sokat vitassanak\nmeg, lehets\u00e9ges szab\u00e1lyoz\u00e1sok mellett. <\/p>\n\n\n\n<p>A Michelin er\u0151fesz\u00edt\u00e9sei\nmeghozt\u00e1k a gy\u00fcm\u00f6lcs\u00e9t, hiszen 2019. m\u00e1rcius\u00e1ban, egy 31 f\u0151b\u0151l \u00e1ll\u00f3 nemzetk\u00f6zi\nabroncs specialist\u00e1kb\u00f3l \u00e1ll\u00f3 zs\u0171ri, a v\u00e1llalatnak \u00edt\u00e9lte \u201eAz \u00e9v\nabroncsgy\u00e1rt\u00f3ja\u201d c\u00edmet, mely hatalmas megtiszteltet\u00e9s a francia gumigy\u00e1rt\u00f3nak.&nbsp; <\/p>\n\n\n\n<figure class=\"wp-block-embed-youtube wp-block-embed is-type-video is-provider-youtube wp-embed-aspect-16-9 wp-has-aspect-ratio\"><div class=\"wp-block-embed__wrapper\">\n<iframe title=\"Movin&#039;on : Michelin and its mobility ecosystem\" width=\"1200\" height=\"675\" src=\"https:\/\/www.youtube.com\/embed\/OwVsgwHNRL8?feature=oembed\" frameborder=\"0\" allow=\"accelerometer; autoplay; clipboard-write; encrypted-media; gyroscope; picture-in-picture\" allowfullscreen><\/iframe>\n<\/div><\/figure>\n","protected":false},"excerpt":{"rendered":"<p>Az abroncsgy\u00e1rt\u00f3 ipari \u00f3ri\u00e1s sz\u00e1m\u00edt\u00e1sba vette, hogy tev\u00e9kenys\u00e9ge folytat\u00e1sa sor\u00e1n, milyen m\u00e9rt\u00e9kben gyakorol hat\u00e1st k\u00f6rnyezet\u00e9re. \u00c9ppen ez\u00e9rt, a Michelin kiemelt figyelmet ford\u00edt term\u00e9szet\u00fcnk folyamatos v\u00e9delm\u00e9re, melyet tudatosan \u00e9p\u00edt bele strat\u00e9gi\u00e1j\u00e1ba.&nbsp; Ennek k\u00f6vetkezt\u00e9ben m\u00e1r r\u00e9g\u00f3ta hozz\u00e1j\u00e1rul a fenntarthat\u00f3 gazdas\u00e1gi folyamatok optimaliz\u00e1l\u00e1s\u00e1hoz. 2020-ra azt t\u0171zt\u00e9k ki c\u00e9lul, hogy a gy\u00e1rt\u00e1saik alatt felhaszn\u00e1lt anyagok 30%-\u00e1t meg\u00fajul\u00f3 vagy teljesen &#8230; <a title=\"A Michelin a fenntarthat\u00f3 mobilit\u00e1s nyom\u00e1ban\" class=\"read-more\" href=\"https:\/\/gumi.hu\/auto-gumi\/a-michelin-a-fenntarthato-mobilitas-nyomaban\/\" aria-label=\"Read more about A Michelin a fenntarthat\u00f3 mobilit\u00e1s nyom\u00e1ban\">Olvass tov\u00e1bb<\/a><\/p>\n","protected":false},"author":1,"featured_media":1780,"comment_status":"closed","ping_status":"open","sticky":false,"template":"","format":"standard","meta":{"footnotes":""},"categories":[24],"tags":[],"class_list":["post-1779","post","type-post","status-publish","format-standard","has-post-thumbnail","hentry","category-michelin"],"yoast_head":"<!-- This site is optimized with the Yoast SEO plugin v26.7 - https:\/\/yoast.com\/wordpress\/plugins\/seo\/ -->\n<title>A Michelin a fenntarthat\u00f3 mobilit\u00e1s nyom\u00e1ban - Gumi.hu<\/title>\n<meta name=\"robots\" content=\"index, follow, max-snippet:-1, max-image-preview:large, max-video-preview:-1\" \/>\n<link rel=\"canonical\" href=\"https:\/\/gumi.hu\/auto-gumi\/a-michelin-a-fenntarthato-mobilitas-nyomaban\/\" \/>\n<meta property=\"og:locale\" content=\"hu_HU\" \/>\n<meta property=\"og:type\" content=\"article\" \/>\n<meta property=\"og:title\" content=\"A Michelin a fenntarthat\u00f3 mobilit\u00e1s nyom\u00e1ban - Gumi.hu\" \/>\n<meta property=\"og:description\" content=\"Az abroncsgy\u00e1rt\u00f3 ipari \u00f3ri\u00e1s sz\u00e1m\u00edt\u00e1sba vette, hogy tev\u00e9kenys\u00e9ge folytat\u00e1sa sor\u00e1n, milyen m\u00e9rt\u00e9kben gyakorol hat\u00e1st k\u00f6rnyezet\u00e9re. \u00c9ppen ez\u00e9rt, a Michelin kiemelt figyelmet ford\u00edt term\u00e9szet\u00fcnk folyamatos v\u00e9delm\u00e9re, melyet tudatosan \u00e9p\u00edt bele strat\u00e9gi\u00e1j\u00e1ba.&nbsp; Ennek k\u00f6vetkezt\u00e9ben m\u00e1r r\u00e9g\u00f3ta hozz\u00e1j\u00e1rul a fenntarthat\u00f3 gazdas\u00e1gi folyamatok optimaliz\u00e1l\u00e1s\u00e1hoz. 2020-ra azt t\u0171zt\u00e9k ki c\u00e9lul, hogy a gy\u00e1rt\u00e1saik alatt felhaszn\u00e1lt anyagok 30%-\u00e1t meg\u00fajul\u00f3 vagy teljesen ... Olvass tov\u00e1bb\" \/>\n<meta property=\"og:url\" content=\"https:\/\/gumi.hu\/auto-gumi\/a-michelin-a-fenntarthato-mobilitas-nyomaban\/\" \/>\n<meta property=\"og:site_name\" content=\"Gumi.hu\" \/>\n<meta property=\"article:publisher\" content=\"https:\/\/www.facebook.com\/akhautoszerviz\/\" \/>\n<meta property=\"article:published_time\" content=\"2019-10-21T11:22:08+00:00\" \/>\n<meta property=\"og:image\" content=\"https:\/\/gumi.hu\/auto-gumi\/wp-content\/uploads\/2019\/10\/Movin-on-photo.png\" \/>\n\t<meta property=\"og:image:width\" content=\"1040\" \/>\n\t<meta property=\"og:image:height\" content=\"400\" \/>\n\t<meta property=\"og:image:type\" content=\"image\/png\" \/>\n<meta name=\"author\" content=\"admin\" \/>\n<meta name=\"twitter:card\" content=\"summary_large_image\" \/>\n<meta name=\"twitter:label1\" content=\"Szerz\u0151:\" \/>\n\t<meta name=\"twitter:data1\" content=\"admin\" \/>\n\t<meta name=\"twitter:label2\" content=\"Becs\u00fclt olvas\u00e1si id\u0151\" \/>\n\t<meta name=\"twitter:data2\" content=\"2 perc\" \/>\n<script type=\"application\/ld+json\" class=\"yoast-schema-graph\">{\"@context\":\"https:\/\/schema.org\",\"@graph\":[{\"@type\":\"Article\",\"@id\":\"https:\/\/gumi.hu\/auto-gumi\/a-michelin-a-fenntarthato-mobilitas-nyomaban\/#article\",\"isPartOf\":{\"@id\":\"https:\/\/gumi.hu\/auto-gumi\/a-michelin-a-fenntarthato-mobilitas-nyomaban\/\"},\"author\":{\"name\":\"admin\",\"@id\":\"https:\/\/gumi.hu\/auto-gumi\/#\/schema\/person\/2353e58979249dd8ea620c1b5702f6f3\"},\"headline\":\"A Michelin a fenntarthat\u00f3 mobilit\u00e1s nyom\u00e1ban\",\"datePublished\":\"2019-10-21T11:22:08+00:00\",\"mainEntityOfPage\":{\"@id\":\"https:\/\/gumi.hu\/auto-gumi\/a-michelin-a-fenntarthato-mobilitas-nyomaban\/\"},\"wordCount\":391,\"publisher\":{\"@id\":\"https:\/\/gumi.hu\/auto-gumi\/#organization\"},\"image\":{\"@id\":\"https:\/\/gumi.hu\/auto-gumi\/a-michelin-a-fenntarthato-mobilitas-nyomaban\/#primaryimage\"},\"thumbnailUrl\":\"https:\/\/gumi.hu\/auto-gumi\/wp-content\/uploads\/2019\/10\/Movin-on-photo.png\",\"articleSection\":[\"michelin\"],\"inLanguage\":\"hu\"},{\"@type\":\"WebPage\",\"@id\":\"https:\/\/gumi.hu\/auto-gumi\/a-michelin-a-fenntarthato-mobilitas-nyomaban\/\",\"url\":\"https:\/\/gumi.hu\/auto-gumi\/a-michelin-a-fenntarthato-mobilitas-nyomaban\/\",\"name\":\"A Michelin a fenntarthat\u00f3 mobilit\u00e1s nyom\u00e1ban - Gumi.hu\",\"isPartOf\":{\"@id\":\"https:\/\/gumi.hu\/auto-gumi\/#website\"},\"primaryImageOfPage\":{\"@id\":\"https:\/\/gumi.hu\/auto-gumi\/a-michelin-a-fenntarthato-mobilitas-nyomaban\/#primaryimage\"},\"image\":{\"@id\":\"https:\/\/gumi.hu\/auto-gumi\/a-michelin-a-fenntarthato-mobilitas-nyomaban\/#primaryimage\"},\"thumbnailUrl\":\"https:\/\/gumi.hu\/auto-gumi\/wp-content\/uploads\/2019\/10\/Movin-on-photo.png\",\"datePublished\":\"2019-10-21T11:22:08+00:00\",\"breadcrumb\":{\"@id\":\"https:\/\/gumi.hu\/auto-gumi\/a-michelin-a-fenntarthato-mobilitas-nyomaban\/#breadcrumb\"},\"inLanguage\":\"hu\",\"potentialAction\":[{\"@type\":\"ReadAction\",\"target\":[\"https:\/\/gumi.hu\/auto-gumi\/a-michelin-a-fenntarthato-mobilitas-nyomaban\/\"]}]},{\"@type\":\"ImageObject\",\"inLanguage\":\"hu\",\"@id\":\"https:\/\/gumi.hu\/auto-gumi\/a-michelin-a-fenntarthato-mobilitas-nyomaban\/#primaryimage\",\"url\":\"https:\/\/gumi.hu\/auto-gumi\/wp-content\/uploads\/2019\/10\/Movin-on-photo.png\",\"contentUrl\":\"https:\/\/gumi.hu\/auto-gumi\/wp-content\/uploads\/2019\/10\/Movin-on-photo.png\",\"width\":1040,\"height\":400},{\"@type\":\"BreadcrumbList\",\"@id\":\"https:\/\/gumi.hu\/auto-gumi\/a-michelin-a-fenntarthato-mobilitas-nyomaban\/#breadcrumb\",\"itemListElement\":[{\"@type\":\"ListItem\",\"position\":1,\"name\":\"Kezd\u0151lap\",\"item\":\"https:\/\/gumi.hu\/auto-gumi\/\"},{\"@type\":\"ListItem\",\"position\":2,\"name\":\"A Michelin a fenntarthat\u00f3 mobilit\u00e1s nyom\u00e1ban\"}]},{\"@type\":\"WebSite\",\"@id\":\"https:\/\/gumi.hu\/auto-gumi\/#website\",\"url\":\"https:\/\/gumi.hu\/auto-gumi\/\",\"name\":\"Gumi.hu\",\"description\":\"\",\"publisher\":{\"@id\":\"https:\/\/gumi.hu\/auto-gumi\/#organization\"},\"potentialAction\":[{\"@type\":\"SearchAction\",\"target\":{\"@type\":\"EntryPoint\",\"urlTemplate\":\"https:\/\/gumi.hu\/auto-gumi\/?s={search_term_string}\"},\"query-input\":{\"@type\":\"PropertyValueSpecification\",\"valueRequired\":true,\"valueName\":\"search_term_string\"}}],\"inLanguage\":\"hu\"},{\"@type\":\"Organization\",\"@id\":\"https:\/\/gumi.hu\/auto-gumi\/#organization\",\"name\":\"Gumi.hu\",\"url\":\"https:\/\/gumi.hu\/auto-gumi\/\",\"logo\":{\"@type\":\"ImageObject\",\"inLanguage\":\"hu\",\"@id\":\"https:\/\/gumi.hu\/auto-gumi\/#\/schema\/logo\/image\/\",\"url\":\"https:\/\/gumi.hu\/auto-gumi\/wp-content\/uploads\/2021\/12\/cropped-gumi.hulogo.png\",\"contentUrl\":\"https:\/\/gumi.hu\/auto-gumi\/wp-content\/uploads\/2021\/12\/cropped-gumi.hulogo.png\",\"width\":597,\"height\":256,\"caption\":\"Gumi.hu\"},\"image\":{\"@id\":\"https:\/\/gumi.hu\/auto-gumi\/#\/schema\/logo\/image\/\"},\"sameAs\":[\"https:\/\/www.facebook.com\/akhautoszerviz\/\",\"https:\/\/www.instagram.com\/gumi.hu_poweredbyakh\/\",\"https:\/\/www.youtube.com\/channel\/UCyYJ0QGG6gLMXAADVRYY6_w\"]},{\"@type\":\"Person\",\"@id\":\"https:\/\/gumi.hu\/auto-gumi\/#\/schema\/person\/2353e58979249dd8ea620c1b5702f6f3\",\"name\":\"admin\",\"image\":{\"@type\":\"ImageObject\",\"inLanguage\":\"hu\",\"@id\":\"https:\/\/gumi.hu\/auto-gumi\/#\/schema\/person\/image\/\",\"url\":\"https:\/\/secure.gravatar.com\/avatar\/4f5763fd55850261cec8f332c71917800e8784ed69d7ab099747ab0a62b34fe1?s=96&d=mm&r=g\",\"contentUrl\":\"https:\/\/secure.gravatar.com\/avatar\/4f5763fd55850261cec8f332c71917800e8784ed69d7ab099747ab0a62b34fe1?s=96&d=mm&r=g\",\"caption\":\"admin\"}}]}<\/script>\n<!-- \/ Yoast SEO plugin. -->","yoast_head_json":{"title":"A Michelin a fenntarthat\u00f3 mobilit\u00e1s nyom\u00e1ban - Gumi.hu","robots":{"index":"index","follow":"follow","max-snippet":"max-snippet:-1","max-image-preview":"max-image-preview:large","max-video-preview":"max-video-preview:-1"},"canonical":"https:\/\/gumi.hu\/auto-gumi\/a-michelin-a-fenntarthato-mobilitas-nyomaban\/","og_locale":"hu_HU","og_type":"article","og_title":"A Michelin a fenntarthat\u00f3 mobilit\u00e1s nyom\u00e1ban - Gumi.hu","og_description":"Az abroncsgy\u00e1rt\u00f3 ipari \u00f3ri\u00e1s sz\u00e1m\u00edt\u00e1sba vette, hogy tev\u00e9kenys\u00e9ge folytat\u00e1sa sor\u00e1n, milyen m\u00e9rt\u00e9kben gyakorol hat\u00e1st k\u00f6rnyezet\u00e9re. \u00c9ppen ez\u00e9rt, a Michelin kiemelt figyelmet ford\u00edt term\u00e9szet\u00fcnk folyamatos v\u00e9delm\u00e9re, melyet tudatosan \u00e9p\u00edt bele strat\u00e9gi\u00e1j\u00e1ba.&nbsp; Ennek k\u00f6vetkezt\u00e9ben m\u00e1r r\u00e9g\u00f3ta hozz\u00e1j\u00e1rul a fenntarthat\u00f3 gazdas\u00e1gi folyamatok optimaliz\u00e1l\u00e1s\u00e1hoz. 2020-ra azt t\u0171zt\u00e9k ki c\u00e9lul, hogy a gy\u00e1rt\u00e1saik alatt felhaszn\u00e1lt anyagok 30%-\u00e1t meg\u00fajul\u00f3 vagy teljesen ... Olvass tov\u00e1bb","og_url":"https:\/\/gumi.hu\/auto-gumi\/a-michelin-a-fenntarthato-mobilitas-nyomaban\/","og_site_name":"Gumi.hu","article_publisher":"https:\/\/www.facebook.com\/akhautoszerviz\/","article_published_time":"2019-10-21T11:22:08+00:00","og_image":[{"width":1040,"height":400,"url":"https:\/\/gumi.hu\/auto-gumi\/wp-content\/uploads\/2019\/10\/Movin-on-photo.png","type":"image\/png"}],"author":"admin","twitter_card":"summary_large_image","twitter_misc":{"Szerz\u0151:":"admin","Becs\u00fclt olvas\u00e1si id\u0151":"2 perc"},"schema":{"@context":"https:\/\/schema.org","@graph":[{"@type":"Article","@id":"https:\/\/gumi.hu\/auto-gumi\/a-michelin-a-fenntarthato-mobilitas-nyomaban\/#article","isPartOf":{"@id":"https:\/\/gumi.hu\/auto-gumi\/a-michelin-a-fenntarthato-mobilitas-nyomaban\/"},"author":{"name":"admin","@id":"https:\/\/gumi.hu\/auto-gumi\/#\/schema\/person\/2353e58979249dd8ea620c1b5702f6f3"},"headline":"A Michelin a fenntarthat\u00f3 mobilit\u00e1s nyom\u00e1ban","datePublished":"2019-10-21T11:22:08+00:00","mainEntityOfPage":{"@id":"https:\/\/gumi.hu\/auto-gumi\/a-michelin-a-fenntarthato-mobilitas-nyomaban\/"},"wordCount":391,"publisher":{"@id":"https:\/\/gumi.hu\/auto-gumi\/#organization"},"image":{"@id":"https:\/\/gumi.hu\/auto-gumi\/a-michelin-a-fenntarthato-mobilitas-nyomaban\/#primaryimage"},"thumbnailUrl":"https:\/\/gumi.hu\/auto-gumi\/wp-content\/uploads\/2019\/10\/Movin-on-photo.png","articleSection":["michelin"],"inLanguage":"hu"},{"@type":"WebPage","@id":"https:\/\/gumi.hu\/auto-gumi\/a-michelin-a-fenntarthato-mobilitas-nyomaban\/","url":"https:\/\/gumi.hu\/auto-gumi\/a-michelin-a-fenntarthato-mobilitas-nyomaban\/","name":"A Michelin a fenntarthat\u00f3 mobilit\u00e1s nyom\u00e1ban - Gumi.hu","isPartOf":{"@id":"https:\/\/gumi.hu\/auto-gumi\/#website"},"primaryImageOfPage":{"@id":"https:\/\/gumi.hu\/auto-gumi\/a-michelin-a-fenntarthato-mobilitas-nyomaban\/#primaryimage"},"image":{"@id":"https:\/\/gumi.hu\/auto-gumi\/a-michelin-a-fenntarthato-mobilitas-nyomaban\/#primaryimage"},"thumbnailUrl":"https:\/\/gumi.hu\/auto-gumi\/wp-content\/uploads\/2019\/10\/Movin-on-photo.png","datePublished":"2019-10-21T11:22:08+00:00","breadcrumb":{"@id":"https:\/\/gumi.hu\/auto-gumi\/a-michelin-a-fenntarthato-mobilitas-nyomaban\/#breadcrumb"},"inLanguage":"hu","potentialAction":[{"@type":"ReadAction","target":["https:\/\/gumi.hu\/auto-gumi\/a-michelin-a-fenntarthato-mobilitas-nyomaban\/"]}]},{"@type":"ImageObject","inLanguage":"hu","@id":"https:\/\/gumi.hu\/auto-gumi\/a-michelin-a-fenntarthato-mobilitas-nyomaban\/#primaryimage","url":"https:\/\/gumi.hu\/auto-gumi\/wp-content\/uploads\/2019\/10\/Movin-on-photo.png","contentUrl":"https:\/\/gumi.hu\/auto-gumi\/wp-content\/uploads\/2019\/10\/Movin-on-photo.png","width":1040,"height":400},{"@type":"BreadcrumbList","@id":"https:\/\/gumi.hu\/auto-gumi\/a-michelin-a-fenntarthato-mobilitas-nyomaban\/#breadcrumb","itemListElement":[{"@type":"ListItem","position":1,"name":"Kezd\u0151lap","item":"https:\/\/gumi.hu\/auto-gumi\/"},{"@type":"ListItem","position":2,"name":"A Michelin a fenntarthat\u00f3 mobilit\u00e1s nyom\u00e1ban"}]},{"@type":"WebSite","@id":"https:\/\/gumi.hu\/auto-gumi\/#website","url":"https:\/\/gumi.hu\/auto-gumi\/","name":"Gumi.hu","description":"","publisher":{"@id":"https:\/\/gumi.hu\/auto-gumi\/#organization"},"potentialAction":[{"@type":"SearchAction","target":{"@type":"EntryPoint","urlTemplate":"https:\/\/gumi.hu\/auto-gumi\/?s={search_term_string}"},"query-input":{"@type":"PropertyValueSpecification","valueRequired":true,"valueName":"search_term_string"}}],"inLanguage":"hu"},{"@type":"Organization","@id":"https:\/\/gumi.hu\/auto-gumi\/#organization","name":"Gumi.hu","url":"https:\/\/gumi.hu\/auto-gumi\/","logo":{"@type":"ImageObject","inLanguage":"hu","@id":"https:\/\/gumi.hu\/auto-gumi\/#\/schema\/logo\/image\/","url":"https:\/\/gumi.hu\/auto-gumi\/wp-content\/uploads\/2021\/12\/cropped-gumi.hulogo.png","contentUrl":"https:\/\/gumi.hu\/auto-gumi\/wp-content\/uploads\/2021\/12\/cropped-gumi.hulogo.png","width":597,"height":256,"caption":"Gumi.hu"},"image":{"@id":"https:\/\/gumi.hu\/auto-gumi\/#\/schema\/logo\/image\/"},"sameAs":["https:\/\/www.facebook.com\/akhautoszerviz\/","https:\/\/www.instagram.com\/gumi.hu_poweredbyakh\/","https:\/\/www.youtube.com\/channel\/UCyYJ0QGG6gLMXAADVRYY6_w"]},{"@type":"Person","@id":"https:\/\/gumi.hu\/auto-gumi\/#\/schema\/person\/2353e58979249dd8ea620c1b5702f6f3","name":"admin","image":{"@type":"ImageObject","inLanguage":"hu","@id":"https:\/\/gumi.hu\/auto-gumi\/#\/schema\/person\/image\/","url":"https:\/\/secure.gravatar.com\/avatar\/4f5763fd55850261cec8f332c71917800e8784ed69d7ab099747ab0a62b34fe1?s=96&d=mm&r=g","contentUrl":"https:\/\/secure.gravatar.com\/avatar\/4f5763fd55850261cec8f332c71917800e8784ed69d7ab099747ab0a62b34fe1?s=96&d=mm&r=g","caption":"admin"}}]}},"_links":{"self":[{"href":"https:\/\/gumi.hu\/auto-gumi\/wp-json\/wp\/v2\/posts\/1779","targetHints":{"allow":["GET"]}}],"collection":[{"href":"https:\/\/gumi.hu\/auto-gumi\/wp-json\/wp\/v2\/posts"}],"about":[{"href":"https:\/\/gumi.hu\/auto-gumi\/wp-json\/wp\/v2\/types\/post"}],"author":[{"embeddable":true,"href":"https:\/\/gumi.hu\/auto-gumi\/wp-json\/wp\/v2\/users\/1"}],"replies":[{"embeddable":true,"href":"https:\/\/gumi.hu\/auto-gumi\/wp-json\/wp\/v2\/comments?post=1779"}],"version-history":[{"count":1,"href":"https:\/\/gumi.hu\/auto-gumi\/wp-json\/wp\/v2\/posts\/1779\/revisions"}],"predecessor-version":[{"id":1781,"href":"https:\/\/gumi.hu\/auto-gumi\/wp-json\/wp\/v2\/posts\/1779\/revisions\/1781"}],"wp:featuredmedia":[{"embeddable":true,"href":"https:\/\/gumi.hu\/auto-gumi\/wp-json\/wp\/v2\/media\/1780"}],"wp:attachment":[{"href":"https:\/\/gumi.hu\/auto-gumi\/wp-json\/wp\/v2\/media?parent=1779"}],"wp:term":[{"taxonomy":"category","embeddable":true,"href":"https:\/\/gumi.hu\/auto-gumi\/wp-json\/wp\/v2\/categories?post=1779"},{"taxonomy":"post_tag","embeddable":true,"href":"https:\/\/gumi.hu\/auto-gumi\/wp-json\/wp\/v2\/tags?post=1779"}],"curies":[{"name":"wp","href":"https:\/\/api.w.org\/{rel}","templated":true}]}}