{"id":565,"date":"2019-02-04T06:59:19","date_gmt":"2019-02-04T06:59:19","guid":{"rendered":"http:\/\/gumi.hu\/markak\/?p=565"},"modified":"2019-02-19T06:19:34","modified_gmt":"2019-02-19T06:19:34","slug":"a-kumho-3-eves-szerzodest-irt-ala-a-tottenhammel","status":"publish","type":"post","link":"https:\/\/gumi.hu\/auto-gumi\/a-kumho-3-eves-szerzodest-irt-ala-a-tottenhammel\/","title":{"rendered":"A Kumho 3 \u00e9ves szerz\u0151d\u00e9st \u00edrt al\u00e1 a Tottenhammel"},"content":{"rendered":"\n<p>A d\u00e9l-koreai gumiabroncsgy\u00e1rt\u00f3 meg\u00faj\u00edtotta szerz\u0151d\u00e9s\u00e9t a\nTottenham Hotspurre, az \u00fajabb h\u00e1rom \u00e9ves ciklus a 2018\/2019-es szezonnal vette\nkezdet\u00e9t. A londoni klub \u00e9s a vil\u00e1gszerte n\u00e9pszer\u0171 aut\u00f3gumik gy\u00e1rt\u00f3ja a\nmeg\u00e1llapod\u00e1s al\u00e1\u00edr\u00e1s\u00e1val \u00fajabb fejezet\u00e9t nyitotta meg a 2016 \u00f3ta tart\u00f3\negy\u00fcttm\u0171k\u00f6d\u00e9snek.<\/p>\n\n\n\n<p>A Kumho c\u00e9lja egy\u00e9rtelm\u0171: tov\u00e1bbra is er\u0151teljes jelenl\u00e9tet\nakar mutatni az Egyes\u00fclt Kir\u00e1lys\u00e1gban \u00e9s a nemzetk\u00f6zi piacon, ehhez pedig\nkiv\u00e1l\u00f3 f\u00f3rumnak tartj\u00e1k a Tottenham hazai m\u00e9rk\u0151z\u00e9seit \u00e9s digit\u00e1lis fel\u00fcleteit. <\/p>\n\n\n\n<p>Daniel Levy, a Tottenham Hotspur eln\u00f6ke elmondta, hogy a\nhosszabb\u00edt\u00e1s is azt bizony\u00edtja, hogy sikeres \u00e9veken vannak t\u00fal, az \u00fajabb h\u00e1rom\n\u00e9ves partners\u00e9gi viszony pedig a Kumho \u00e9s a Tottenham sikeres egy\u00fcttm\u0171k\u00f6d\u00e9s\u00e9t\nbizony\u00edtja. \u201e\u00c9rdekes \u00e9s izgalmas folytatni egy olyan egy\u00fcttm\u0171k\u00f6d\u00e9st, amely a\nTottenham egyre n\u00f6vekv\u0151 online fel\u00fcleteit haszn\u00e1lja ki, az Egyes\u00fclt\nKir\u00e1lys\u00e1gban \u00e9s szerte a vil\u00e1gon egyar\u00e1nt \u2013 mondta a Kumho lehet\u0151s\u00e9geir\u0151l\nDaniel Levy.<\/p>\n\n\n\n<p>Kyungtai Ju a Kumho Tire Europe eln\u00f6ke szint\u00e9n \u00fcdv\u00f6z\u00f6lte az\negy\u00fcttm\u0171k\u00f6d\u00e9s meghosszabb\u00edt\u00e1s\u00e1t, amely eddig is rendk\u00edv\u00fcl gy\u00fcm\u00f6lcs\u00f6z\u0151 volt\nmindk\u00e9t f\u00e9lnek. A Kumho eur\u00f3pai eln\u00f6ke szint\u00e9n izgatottan tekint a soron\nk\u00f6vetkez\u0151 id\u0151szak el\u00e9, \u00e9s \u00fagy gondolja, hogy a Tottenham seg\u00edts\u00e9g\u00e9vel m\u00e9g t\u00f6bb\npotenci\u00e1lis v\u00e1s\u00e1rl\u00f3jukhoz el\u00e9rhetnek, akik a megfizethet\u0151, min\u0151s\u00e9gi Kumho\ngumiabroncsokat keresik.<\/p>\n\n\n\n<figure class=\"wp-block-embed-facebook wp-block-embed is-type-video is-provider-facebook\"><div class=\"wp-block-embed__wrapper\">\nhttps:\/\/www.facebook.com\/TottenhamHotspur\/videos\/10154698179933505\/\n<\/div><\/figure>\n","protected":false},"excerpt":{"rendered":"<p>A d\u00e9l-koreai gumiabroncsgy\u00e1rt\u00f3 meg\u00faj\u00edtotta szerz\u0151d\u00e9s\u00e9t a Tottenham Hotspurre, az \u00fajabb h\u00e1rom \u00e9ves ciklus a 2018\/2019-es szezonnal vette kezdet\u00e9t. A londoni klub \u00e9s a vil\u00e1gszerte n\u00e9pszer\u0171 aut\u00f3gumik gy\u00e1rt\u00f3ja a meg\u00e1llapod\u00e1s al\u00e1\u00edr\u00e1s\u00e1val \u00fajabb fejezet\u00e9t nyitotta meg a 2016 \u00f3ta tart\u00f3 egy\u00fcttm\u0171k\u00f6d\u00e9snek. A Kumho c\u00e9lja egy\u00e9rtelm\u0171: tov\u00e1bbra is er\u0151teljes jelenl\u00e9tet akar mutatni az Egyes\u00fclt Kir\u00e1lys\u00e1gban \u00e9s a nemzetk\u00f6zi &#8230; <a title=\"A Kumho 3 \u00e9ves szerz\u0151d\u00e9st \u00edrt al\u00e1 a Tottenhammel\" class=\"read-more\" href=\"https:\/\/gumi.hu\/auto-gumi\/a-kumho-3-eves-szerzodest-irt-ala-a-tottenhammel\/\" aria-label=\"Read more about A Kumho 3 \u00e9ves szerz\u0151d\u00e9st \u00edrt al\u00e1 a Tottenhammel\">Olvass tov\u00e1bb<\/a><\/p>\n","protected":false},"author":1,"featured_media":610,"comment_status":"closed","ping_status":"open","sticky":false,"template":"","format":"standard","meta":{"footnotes":""},"categories":[8],"tags":[],"class_list":["post-565","post","type-post","status-publish","format-standard","has-post-thumbnail","hentry","category-kumho"],"yoast_head":"<!-- This site is optimized with the Yoast SEO plugin v26.7 - https:\/\/yoast.com\/wordpress\/plugins\/seo\/ -->\n<title>A Kumho 3 \u00e9ves szerz\u0151d\u00e9st \u00edrt al\u00e1 a Tottenhammel - Gumi.hu<\/title>\n<meta name=\"robots\" content=\"index, follow, max-snippet:-1, max-image-preview:large, max-video-preview:-1\" \/>\n<link rel=\"canonical\" href=\"https:\/\/gumi.hu\/auto-gumi\/a-kumho-3-eves-szerzodest-irt-ala-a-tottenhammel\/\" \/>\n<meta property=\"og:locale\" content=\"hu_HU\" \/>\n<meta property=\"og:type\" content=\"article\" \/>\n<meta property=\"og:title\" content=\"A Kumho 3 \u00e9ves szerz\u0151d\u00e9st \u00edrt al\u00e1 a Tottenhammel - Gumi.hu\" \/>\n<meta property=\"og:description\" content=\"A d\u00e9l-koreai gumiabroncsgy\u00e1rt\u00f3 meg\u00faj\u00edtotta szerz\u0151d\u00e9s\u00e9t a Tottenham Hotspurre, az \u00fajabb h\u00e1rom \u00e9ves ciklus a 2018\/2019-es szezonnal vette kezdet\u00e9t. A londoni klub \u00e9s a vil\u00e1gszerte n\u00e9pszer\u0171 aut\u00f3gumik gy\u00e1rt\u00f3ja a meg\u00e1llapod\u00e1s al\u00e1\u00edr\u00e1s\u00e1val \u00fajabb fejezet\u00e9t nyitotta meg a 2016 \u00f3ta tart\u00f3 egy\u00fcttm\u0171k\u00f6d\u00e9snek. A Kumho c\u00e9lja egy\u00e9rtelm\u0171: tov\u00e1bbra is er\u0151teljes jelenl\u00e9tet akar mutatni az Egyes\u00fclt Kir\u00e1lys\u00e1gban \u00e9s a nemzetk\u00f6zi ... Olvass tov\u00e1bb\" \/>\n<meta property=\"og:url\" content=\"https:\/\/gumi.hu\/auto-gumi\/a-kumho-3-eves-szerzodest-irt-ala-a-tottenhammel\/\" \/>\n<meta property=\"og:site_name\" content=\"Gumi.hu\" \/>\n<meta property=\"article:publisher\" content=\"https:\/\/www.facebook.com\/akhautoszerviz\/\" \/>\n<meta property=\"article:published_time\" content=\"2019-02-04T06:59:19+00:00\" \/>\n<meta property=\"article:modified_time\" content=\"2019-02-19T06:19:34+00:00\" \/>\n<meta property=\"og:image\" content=\"https:\/\/gumi.hu\/auto-gumi\/wp-content\/uploads\/2019\/02\/SPURS-IMAGE.2-min-1024x685.jpg\" \/>\n\t<meta property=\"og:image:width\" content=\"1024\" \/>\n\t<meta property=\"og:image:height\" content=\"685\" \/>\n\t<meta property=\"og:image:type\" content=\"image\/jpeg\" \/>\n<meta name=\"author\" content=\"admin\" \/>\n<meta name=\"twitter:card\" content=\"summary_large_image\" \/>\n<meta name=\"twitter:label1\" content=\"Szerz\u0151:\" \/>\n\t<meta name=\"twitter:data1\" content=\"admin\" \/>\n\t<meta name=\"twitter:label2\" content=\"Becs\u00fclt olvas\u00e1si id\u0151\" \/>\n\t<meta name=\"twitter:data2\" content=\"1 perc\" \/>\n<script type=\"application\/ld+json\" class=\"yoast-schema-graph\">{\"@context\":\"https:\/\/schema.org\",\"@graph\":[{\"@type\":\"Article\",\"@id\":\"https:\/\/gumi.hu\/auto-gumi\/a-kumho-3-eves-szerzodest-irt-ala-a-tottenhammel\/#article\",\"isPartOf\":{\"@id\":\"https:\/\/gumi.hu\/auto-gumi\/a-kumho-3-eves-szerzodest-irt-ala-a-tottenhammel\/\"},\"author\":{\"name\":\"admin\",\"@id\":\"https:\/\/gumi.hu\/auto-gumi\/#\/schema\/person\/2353e58979249dd8ea620c1b5702f6f3\"},\"headline\":\"A Kumho 3 \u00e9ves szerz\u0151d\u00e9st \u00edrt al\u00e1 a Tottenhammel\",\"datePublished\":\"2019-02-04T06:59:19+00:00\",\"dateModified\":\"2019-02-19T06:19:34+00:00\",\"mainEntityOfPage\":{\"@id\":\"https:\/\/gumi.hu\/auto-gumi\/a-kumho-3-eves-szerzodest-irt-ala-a-tottenhammel\/\"},\"wordCount\":301,\"publisher\":{\"@id\":\"https:\/\/gumi.hu\/auto-gumi\/#organization\"},\"image\":{\"@id\":\"https:\/\/gumi.hu\/auto-gumi\/a-kumho-3-eves-szerzodest-irt-ala-a-tottenhammel\/#primaryimage\"},\"thumbnailUrl\":\"https:\/\/gumi.hu\/auto-gumi\/wp-content\/uploads\/2019\/02\/SPURS-IMAGE.2-min-1024x685.jpg\",\"articleSection\":[\"kumho\"],\"inLanguage\":\"hu\"},{\"@type\":\"WebPage\",\"@id\":\"https:\/\/gumi.hu\/auto-gumi\/a-kumho-3-eves-szerzodest-irt-ala-a-tottenhammel\/\",\"url\":\"https:\/\/gumi.hu\/auto-gumi\/a-kumho-3-eves-szerzodest-irt-ala-a-tottenhammel\/\",\"name\":\"A Kumho 3 \u00e9ves szerz\u0151d\u00e9st \u00edrt al\u00e1 a Tottenhammel - Gumi.hu\",\"isPartOf\":{\"@id\":\"https:\/\/gumi.hu\/auto-gumi\/#website\"},\"primaryImageOfPage\":{\"@id\":\"https:\/\/gumi.hu\/auto-gumi\/a-kumho-3-eves-szerzodest-irt-ala-a-tottenhammel\/#primaryimage\"},\"image\":{\"@id\":\"https:\/\/gumi.hu\/auto-gumi\/a-kumho-3-eves-szerzodest-irt-ala-a-tottenhammel\/#primaryimage\"},\"thumbnailUrl\":\"https:\/\/gumi.hu\/auto-gumi\/wp-content\/uploads\/2019\/02\/SPURS-IMAGE.2-min-1024x685.jpg\",\"datePublished\":\"2019-02-04T06:59:19+00:00\",\"dateModified\":\"2019-02-19T06:19:34+00:00\",\"breadcrumb\":{\"@id\":\"https:\/\/gumi.hu\/auto-gumi\/a-kumho-3-eves-szerzodest-irt-ala-a-tottenhammel\/#breadcrumb\"},\"inLanguage\":\"hu\",\"potentialAction\":[{\"@type\":\"ReadAction\",\"target\":[\"https:\/\/gumi.hu\/auto-gumi\/a-kumho-3-eves-szerzodest-irt-ala-a-tottenhammel\/\"]}]},{\"@type\":\"ImageObject\",\"inLanguage\":\"hu\",\"@id\":\"https:\/\/gumi.hu\/auto-gumi\/a-kumho-3-eves-szerzodest-irt-ala-a-tottenhammel\/#primaryimage\",\"url\":\"https:\/\/gumi.hu\/auto-gumi\/wp-content\/uploads\/2019\/02\/SPURS-IMAGE.2-min-1024x685.jpg\",\"contentUrl\":\"https:\/\/gumi.hu\/auto-gumi\/wp-content\/uploads\/2019\/02\/SPURS-IMAGE.2-min-1024x685.jpg\",\"width\":1024,\"height\":685},{\"@type\":\"BreadcrumbList\",\"@id\":\"https:\/\/gumi.hu\/auto-gumi\/a-kumho-3-eves-szerzodest-irt-ala-a-tottenhammel\/#breadcrumb\",\"itemListElement\":[{\"@type\":\"ListItem\",\"position\":1,\"name\":\"Kezd\u0151lap\",\"item\":\"https:\/\/gumi.hu\/auto-gumi\/\"},{\"@type\":\"ListItem\",\"position\":2,\"name\":\"A Kumho 3 \u00e9ves szerz\u0151d\u00e9st \u00edrt al\u00e1 a Tottenhammel\"}]},{\"@type\":\"WebSite\",\"@id\":\"https:\/\/gumi.hu\/auto-gumi\/#website\",\"url\":\"https:\/\/gumi.hu\/auto-gumi\/\",\"name\":\"Gumi.hu\",\"description\":\"\",\"publisher\":{\"@id\":\"https:\/\/gumi.hu\/auto-gumi\/#organization\"},\"potentialAction\":[{\"@type\":\"SearchAction\",\"target\":{\"@type\":\"EntryPoint\",\"urlTemplate\":\"https:\/\/gumi.hu\/auto-gumi\/?s={search_term_string}\"},\"query-input\":{\"@type\":\"PropertyValueSpecification\",\"valueRequired\":true,\"valueName\":\"search_term_string\"}}],\"inLanguage\":\"hu\"},{\"@type\":\"Organization\",\"@id\":\"https:\/\/gumi.hu\/auto-gumi\/#organization\",\"name\":\"Gumi.hu\",\"url\":\"https:\/\/gumi.hu\/auto-gumi\/\",\"logo\":{\"@type\":\"ImageObject\",\"inLanguage\":\"hu\",\"@id\":\"https:\/\/gumi.hu\/auto-gumi\/#\/schema\/logo\/image\/\",\"url\":\"https:\/\/gumi.hu\/auto-gumi\/wp-content\/uploads\/2021\/12\/cropped-gumi.hulogo.png\",\"contentUrl\":\"https:\/\/gumi.hu\/auto-gumi\/wp-content\/uploads\/2021\/12\/cropped-gumi.hulogo.png\",\"width\":597,\"height\":256,\"caption\":\"Gumi.hu\"},\"image\":{\"@id\":\"https:\/\/gumi.hu\/auto-gumi\/#\/schema\/logo\/image\/\"},\"sameAs\":[\"https:\/\/www.facebook.com\/akhautoszerviz\/\",\"https:\/\/www.instagram.com\/gumi.hu_poweredbyakh\/\",\"https:\/\/www.youtube.com\/channel\/UCyYJ0QGG6gLMXAADVRYY6_w\"]},{\"@type\":\"Person\",\"@id\":\"https:\/\/gumi.hu\/auto-gumi\/#\/schema\/person\/2353e58979249dd8ea620c1b5702f6f3\",\"name\":\"admin\",\"image\":{\"@type\":\"ImageObject\",\"inLanguage\":\"hu\",\"@id\":\"https:\/\/gumi.hu\/auto-gumi\/#\/schema\/person\/image\/\",\"url\":\"https:\/\/secure.gravatar.com\/avatar\/4f5763fd55850261cec8f332c71917800e8784ed69d7ab099747ab0a62b34fe1?s=96&d=mm&r=g\",\"contentUrl\":\"https:\/\/secure.gravatar.com\/avatar\/4f5763fd55850261cec8f332c71917800e8784ed69d7ab099747ab0a62b34fe1?s=96&d=mm&r=g\",\"caption\":\"admin\"}}]}<\/script>\n<!-- \/ Yoast SEO plugin. -->","yoast_head_json":{"title":"A Kumho 3 \u00e9ves szerz\u0151d\u00e9st \u00edrt al\u00e1 a Tottenhammel - Gumi.hu","robots":{"index":"index","follow":"follow","max-snippet":"max-snippet:-1","max-image-preview":"max-image-preview:large","max-video-preview":"max-video-preview:-1"},"canonical":"https:\/\/gumi.hu\/auto-gumi\/a-kumho-3-eves-szerzodest-irt-ala-a-tottenhammel\/","og_locale":"hu_HU","og_type":"article","og_title":"A Kumho 3 \u00e9ves szerz\u0151d\u00e9st \u00edrt al\u00e1 a Tottenhammel - Gumi.hu","og_description":"A d\u00e9l-koreai gumiabroncsgy\u00e1rt\u00f3 meg\u00faj\u00edtotta szerz\u0151d\u00e9s\u00e9t a Tottenham Hotspurre, az \u00fajabb h\u00e1rom \u00e9ves ciklus a 2018\/2019-es szezonnal vette kezdet\u00e9t. A londoni klub \u00e9s a vil\u00e1gszerte n\u00e9pszer\u0171 aut\u00f3gumik gy\u00e1rt\u00f3ja a meg\u00e1llapod\u00e1s al\u00e1\u00edr\u00e1s\u00e1val \u00fajabb fejezet\u00e9t nyitotta meg a 2016 \u00f3ta tart\u00f3 egy\u00fcttm\u0171k\u00f6d\u00e9snek. A Kumho c\u00e9lja egy\u00e9rtelm\u0171: tov\u00e1bbra is er\u0151teljes jelenl\u00e9tet akar mutatni az Egyes\u00fclt Kir\u00e1lys\u00e1gban \u00e9s a nemzetk\u00f6zi ... Olvass tov\u00e1bb","og_url":"https:\/\/gumi.hu\/auto-gumi\/a-kumho-3-eves-szerzodest-irt-ala-a-tottenhammel\/","og_site_name":"Gumi.hu","article_publisher":"https:\/\/www.facebook.com\/akhautoszerviz\/","article_published_time":"2019-02-04T06:59:19+00:00","article_modified_time":"2019-02-19T06:19:34+00:00","og_image":[{"width":1024,"height":685,"url":"https:\/\/gumi.hu\/auto-gumi\/wp-content\/uploads\/2019\/02\/SPURS-IMAGE.2-min-1024x685.jpg","type":"image\/jpeg"}],"author":"admin","twitter_card":"summary_large_image","twitter_misc":{"Szerz\u0151:":"admin","Becs\u00fclt olvas\u00e1si id\u0151":"1 perc"},"schema":{"@context":"https:\/\/schema.org","@graph":[{"@type":"Article","@id":"https:\/\/gumi.hu\/auto-gumi\/a-kumho-3-eves-szerzodest-irt-ala-a-tottenhammel\/#article","isPartOf":{"@id":"https:\/\/gumi.hu\/auto-gumi\/a-kumho-3-eves-szerzodest-irt-ala-a-tottenhammel\/"},"author":{"name":"admin","@id":"https:\/\/gumi.hu\/auto-gumi\/#\/schema\/person\/2353e58979249dd8ea620c1b5702f6f3"},"headline":"A Kumho 3 \u00e9ves szerz\u0151d\u00e9st \u00edrt al\u00e1 a Tottenhammel","datePublished":"2019-02-04T06:59:19+00:00","dateModified":"2019-02-19T06:19:34+00:00","mainEntityOfPage":{"@id":"https:\/\/gumi.hu\/auto-gumi\/a-kumho-3-eves-szerzodest-irt-ala-a-tottenhammel\/"},"wordCount":301,"publisher":{"@id":"https:\/\/gumi.hu\/auto-gumi\/#organization"},"image":{"@id":"https:\/\/gumi.hu\/auto-gumi\/a-kumho-3-eves-szerzodest-irt-ala-a-tottenhammel\/#primaryimage"},"thumbnailUrl":"https:\/\/gumi.hu\/auto-gumi\/wp-content\/uploads\/2019\/02\/SPURS-IMAGE.2-min-1024x685.jpg","articleSection":["kumho"],"inLanguage":"hu"},{"@type":"WebPage","@id":"https:\/\/gumi.hu\/auto-gumi\/a-kumho-3-eves-szerzodest-irt-ala-a-tottenhammel\/","url":"https:\/\/gumi.hu\/auto-gumi\/a-kumho-3-eves-szerzodest-irt-ala-a-tottenhammel\/","name":"A Kumho 3 \u00e9ves szerz\u0151d\u00e9st \u00edrt al\u00e1 a Tottenhammel - Gumi.hu","isPartOf":{"@id":"https:\/\/gumi.hu\/auto-gumi\/#website"},"primaryImageOfPage":{"@id":"https:\/\/gumi.hu\/auto-gumi\/a-kumho-3-eves-szerzodest-irt-ala-a-tottenhammel\/#primaryimage"},"image":{"@id":"https:\/\/gumi.hu\/auto-gumi\/a-kumho-3-eves-szerzodest-irt-ala-a-tottenhammel\/#primaryimage"},"thumbnailUrl":"https:\/\/gumi.hu\/auto-gumi\/wp-content\/uploads\/2019\/02\/SPURS-IMAGE.2-min-1024x685.jpg","datePublished":"2019-02-04T06:59:19+00:00","dateModified":"2019-02-19T06:19:34+00:00","breadcrumb":{"@id":"https:\/\/gumi.hu\/auto-gumi\/a-kumho-3-eves-szerzodest-irt-ala-a-tottenhammel\/#breadcrumb"},"inLanguage":"hu","potentialAction":[{"@type":"ReadAction","target":["https:\/\/gumi.hu\/auto-gumi\/a-kumho-3-eves-szerzodest-irt-ala-a-tottenhammel\/"]}]},{"@type":"ImageObject","inLanguage":"hu","@id":"https:\/\/gumi.hu\/auto-gumi\/a-kumho-3-eves-szerzodest-irt-ala-a-tottenhammel\/#primaryimage","url":"https:\/\/gumi.hu\/auto-gumi\/wp-content\/uploads\/2019\/02\/SPURS-IMAGE.2-min-1024x685.jpg","contentUrl":"https:\/\/gumi.hu\/auto-gumi\/wp-content\/uploads\/2019\/02\/SPURS-IMAGE.2-min-1024x685.jpg","width":1024,"height":685},{"@type":"BreadcrumbList","@id":"https:\/\/gumi.hu\/auto-gumi\/a-kumho-3-eves-szerzodest-irt-ala-a-tottenhammel\/#breadcrumb","itemListElement":[{"@type":"ListItem","position":1,"name":"Kezd\u0151lap","item":"https:\/\/gumi.hu\/auto-gumi\/"},{"@type":"ListItem","position":2,"name":"A Kumho 3 \u00e9ves szerz\u0151d\u00e9st \u00edrt al\u00e1 a Tottenhammel"}]},{"@type":"WebSite","@id":"https:\/\/gumi.hu\/auto-gumi\/#website","url":"https:\/\/gumi.hu\/auto-gumi\/","name":"Gumi.hu","description":"","publisher":{"@id":"https:\/\/gumi.hu\/auto-gumi\/#organization"},"potentialAction":[{"@type":"SearchAction","target":{"@type":"EntryPoint","urlTemplate":"https:\/\/gumi.hu\/auto-gumi\/?s={search_term_string}"},"query-input":{"@type":"PropertyValueSpecification","valueRequired":true,"valueName":"search_term_string"}}],"inLanguage":"hu"},{"@type":"Organization","@id":"https:\/\/gumi.hu\/auto-gumi\/#organization","name":"Gumi.hu","url":"https:\/\/gumi.hu\/auto-gumi\/","logo":{"@type":"ImageObject","inLanguage":"hu","@id":"https:\/\/gumi.hu\/auto-gumi\/#\/schema\/logo\/image\/","url":"https:\/\/gumi.hu\/auto-gumi\/wp-content\/uploads\/2021\/12\/cropped-gumi.hulogo.png","contentUrl":"https:\/\/gumi.hu\/auto-gumi\/wp-content\/uploads\/2021\/12\/cropped-gumi.hulogo.png","width":597,"height":256,"caption":"Gumi.hu"},"image":{"@id":"https:\/\/gumi.hu\/auto-gumi\/#\/schema\/logo\/image\/"},"sameAs":["https:\/\/www.facebook.com\/akhautoszerviz\/","https:\/\/www.instagram.com\/gumi.hu_poweredbyakh\/","https:\/\/www.youtube.com\/channel\/UCyYJ0QGG6gLMXAADVRYY6_w"]},{"@type":"Person","@id":"https:\/\/gumi.hu\/auto-gumi\/#\/schema\/person\/2353e58979249dd8ea620c1b5702f6f3","name":"admin","image":{"@type":"ImageObject","inLanguage":"hu","@id":"https:\/\/gumi.hu\/auto-gumi\/#\/schema\/person\/image\/","url":"https:\/\/secure.gravatar.com\/avatar\/4f5763fd55850261cec8f332c71917800e8784ed69d7ab099747ab0a62b34fe1?s=96&d=mm&r=g","contentUrl":"https:\/\/secure.gravatar.com\/avatar\/4f5763fd55850261cec8f332c71917800e8784ed69d7ab099747ab0a62b34fe1?s=96&d=mm&r=g","caption":"admin"}}]}},"_links":{"self":[{"href":"https:\/\/gumi.hu\/auto-gumi\/wp-json\/wp\/v2\/posts\/565","targetHints":{"allow":["GET"]}}],"collection":[{"href":"https:\/\/gumi.hu\/auto-gumi\/wp-json\/wp\/v2\/posts"}],"about":[{"href":"https:\/\/gumi.hu\/auto-gumi\/wp-json\/wp\/v2\/types\/post"}],"author":[{"embeddable":true,"href":"https:\/\/gumi.hu\/auto-gumi\/wp-json\/wp\/v2\/users\/1"}],"replies":[{"embeddable":true,"href":"https:\/\/gumi.hu\/auto-gumi\/wp-json\/wp\/v2\/comments?post=565"}],"version-history":[{"count":5,"href":"https:\/\/gumi.hu\/auto-gumi\/wp-json\/wp\/v2\/posts\/565\/revisions"}],"predecessor-version":[{"id":612,"href":"https:\/\/gumi.hu\/auto-gumi\/wp-json\/wp\/v2\/posts\/565\/revisions\/612"}],"wp:featuredmedia":[{"embeddable":true,"href":"https:\/\/gumi.hu\/auto-gumi\/wp-json\/wp\/v2\/media\/610"}],"wp:attachment":[{"href":"https:\/\/gumi.hu\/auto-gumi\/wp-json\/wp\/v2\/media?parent=565"}],"wp:term":[{"taxonomy":"category","embeddable":true,"href":"https:\/\/gumi.hu\/auto-gumi\/wp-json\/wp\/v2\/categories?post=565"},{"taxonomy":"post_tag","embeddable":true,"href":"https:\/\/gumi.hu\/auto-gumi\/wp-json\/wp\/v2\/tags?post=565"}],"curies":[{"name":"wp","href":"https:\/\/api.w.org\/{rel}","templated":true}]}}