{"id":586,"date":"2019-02-04T07:27:03","date_gmt":"2019-02-04T07:27:03","guid":{"rendered":"http:\/\/gumi.hu\/markak\/?p=586"},"modified":"2019-02-18T12:14:42","modified_gmt":"2019-02-18T12:14:42","slug":"uj-versenyautoval-unnepel-a-falken","status":"publish","type":"post","link":"https:\/\/gumi.hu\/auto-gumi\/uj-versenyautoval-unnepel-a-falken\/","title":{"rendered":"\u00daj versenyaut\u00f3val \u00fcnnepel a Falken"},"content":{"rendered":"\n<p><strong>H\u00fasz\u00e9ves a Falken\nMotorsports, a jubileumot pedig mi m\u00e1ssal is \u00fcnnepelhetn\u00e9 a pr\u00e9mium szintet\nc\u00e9lz\u00f3 gumiabroncsgy\u00e1rt\u00f3, mint egy \u00faj Porsche 911-gyel!? A Falken aut\u00f3sport\ncsapata 1999 \u00f3ta bizony\u00edtja, hogy igenis helye van a N\u00fcrbugringen, az \u00faj\naut\u00f3val pedig tov\u00e1bb folytathatj\u00e1k a legmagasabb cs\u00facsok ostroml\u00e1s\u00e1t.<\/strong><\/p>\n\n\n\n<p>A 2019-ben h\u00fasz\u00e9ves jubileumot \u00fcnnepl\u0151 Falken csapat a m\u00e1r\nt\u00f6bbsz\u00f6r bizony\u00edtott BMW M6 GT3 mell\u00e9 vette meg a Porsche 911 GT3 R-t, amely\nm\u00e1r megjelen\u00e9s\u00e9ben is eg\u00e9szen leny\u0171g\u00f6z\u0151. A fantasztikus versenyaut\u00f3\nterm\u00e9szetesen a 911-es param\u00e9tereit k\u00f6veti, hathengeres boxermotort \u00e9s 550\nl\u00f3er\u0151t tal\u00e1lunk a motorh\u00e1ztet\u0151 alatt. <\/p>\n\n\n\n<p>A gumiabroncs tekintet\u00e9ben sem b\u00edzta a v\u00e9letlenre a Falken a\nj\u00f3 helyez\u00e9st. Az \u00faj Porsche els\u0151 tengely\u00e9n a gy\u00e1rt\u00f3 300\/680R18 aut\u00f3gumijai\nbiztos\u00edtj\u00e1k a min\u00e9l jobb tapad\u00e1st, a h\u00e1ts\u00f3 tengelyt tov\u00e1bbra is 310\/710R18-as\nFalken gumikkal szerelt\u00e9k.<\/p>\n\n\n\n<p>A Falken pil\u00f3t\u00e1inak n\u00e9vsora gyakorlatilag v\u00e1ltozatlan maradt.\nA Porsche 911-est k\u00e9t osztr\u00e1k: Martin Ragginger \u00e9s Klaus Bachler vezeti, a BMW\nkorm\u00e1ny\u00e1n\u00e1l a brit Peter Dumbreck \u00e9s a sv\u00e1jci Alexandre Imperatori \u00fclhetnek.<\/p>\n\n\n\n<p>Az \u00faj Porsche modell persze nem teljesen \u00faj a Falken csapat\nsz\u00e1m\u00e1ra. Els\u0151k\u00e9nt tesztelt\u00e9k 2018 \u0151sz\u00e9n, mondhatni els\u00f6pr\u0151 sikerrel. Nem volt\nk\u00e9rd\u00e9s a Falken sz\u00e1m\u00e1ra, hogy melyik aut\u00f3val v\u00e1gnak neki a jubileumi szezonnak,\na rajong\u00f3k el\u0151sz\u00f6r, \u00e9lesben 2019. m\u00e1rcius 23-\u00e1n a <a href=\"https:\/\/www.nuerburgring.de\/en\/events-tickets\/automobile\/vln.html\">VLN\nhossz\u00fa t\u00e1v\u00fa bajnoks\u00e1gon<\/a> l\u00e1thatj\u00e1k az \u00faj versenyaut\u00f3t.<\/p>\n\n\n\n<p>Ilyen lehet be\u00fclni az \u00faj Falken Porsch\u00e9ba:<\/p>\n\n\n\n<figure class=\"wp-block-embed-youtube wp-block-embed is-type-video is-provider-youtube wp-embed-aspect-16-9 wp-has-aspect-ratio\"><div class=\"wp-block-embed__wrapper\">\n<iframe title=\"Onboard Falken Porsche  | VLN Race 7\" width=\"1200\" height=\"675\" src=\"https:\/\/www.youtube.com\/embed\/grVUeMfxRks?feature=oembed\" frameborder=\"0\" allow=\"accelerometer; autoplay; clipboard-write; encrypted-media; gyroscope; picture-in-picture\" allowfullscreen><\/iframe>\n<\/div><\/figure>\n","protected":false},"excerpt":{"rendered":"<p>H\u00fasz\u00e9ves a Falken Motorsports, a jubileumot pedig mi m\u00e1ssal is \u00fcnnepelhetn\u00e9 a pr\u00e9mium szintet c\u00e9lz\u00f3 gumiabroncsgy\u00e1rt\u00f3, mint egy \u00faj Porsche 911-gyel!? A Falken aut\u00f3sport csapata 1999 \u00f3ta bizony\u00edtja, hogy igenis helye van a N\u00fcrbugringen, az \u00faj aut\u00f3val pedig tov\u00e1bb folytathatj\u00e1k a legmagasabb cs\u00facsok ostroml\u00e1s\u00e1t. A 2019-ben h\u00fasz\u00e9ves jubileumot \u00fcnnepl\u0151 Falken csapat a m\u00e1r t\u00f6bbsz\u00f6r bizony\u00edtott &#8230; <a title=\"\u00daj versenyaut\u00f3val \u00fcnnepel a Falken\" class=\"read-more\" href=\"https:\/\/gumi.hu\/auto-gumi\/uj-versenyautoval-unnepel-a-falken\/\" aria-label=\"Read more about \u00daj versenyaut\u00f3val \u00fcnnepel a Falken\">Olvass tov\u00e1bb<\/a><\/p>\n","protected":false},"author":1,"featured_media":605,"comment_status":"closed","ping_status":"open","sticky":false,"template":"","format":"standard","meta":{"footnotes":""},"categories":[5],"tags":[],"class_list":["post-586","post","type-post","status-publish","format-standard","has-post-thumbnail","hentry","category-falken"],"yoast_head":"<!-- This site is optimized with the Yoast SEO plugin v26.7 - https:\/\/yoast.com\/wordpress\/plugins\/seo\/ -->\n<title>\u00daj versenyaut\u00f3val \u00fcnnepel a Falken - Gumi.hu<\/title>\n<meta name=\"robots\" content=\"index, follow, max-snippet:-1, max-image-preview:large, max-video-preview:-1\" \/>\n<link rel=\"canonical\" href=\"https:\/\/gumi.hu\/auto-gumi\/uj-versenyautoval-unnepel-a-falken\/\" \/>\n<meta property=\"og:locale\" content=\"hu_HU\" \/>\n<meta property=\"og:type\" content=\"article\" \/>\n<meta property=\"og:title\" content=\"\u00daj versenyaut\u00f3val \u00fcnnepel a Falken - Gumi.hu\" \/>\n<meta property=\"og:description\" content=\"H\u00fasz\u00e9ves a Falken Motorsports, a jubileumot pedig mi m\u00e1ssal is \u00fcnnepelhetn\u00e9 a pr\u00e9mium szintet c\u00e9lz\u00f3 gumiabroncsgy\u00e1rt\u00f3, mint egy \u00faj Porsche 911-gyel!? A Falken aut\u00f3sport csapata 1999 \u00f3ta bizony\u00edtja, hogy igenis helye van a N\u00fcrbugringen, az \u00faj aut\u00f3val pedig tov\u00e1bb folytathatj\u00e1k a legmagasabb cs\u00facsok ostroml\u00e1s\u00e1t. A 2019-ben h\u00fasz\u00e9ves jubileumot \u00fcnnepl\u0151 Falken csapat a m\u00e1r t\u00f6bbsz\u00f6r bizony\u00edtott ... Olvass tov\u00e1bb\" \/>\n<meta property=\"og:url\" content=\"https:\/\/gumi.hu\/auto-gumi\/uj-versenyautoval-unnepel-a-falken\/\" \/>\n<meta property=\"og:site_name\" content=\"Gumi.hu\" \/>\n<meta property=\"article:publisher\" content=\"https:\/\/www.facebook.com\/akhautoszerviz\/\" \/>\n<meta property=\"article:published_time\" content=\"2019-02-04T07:27:03+00:00\" \/>\n<meta property=\"article:modified_time\" content=\"2019-02-18T12:14:42+00:00\" \/>\n<meta property=\"og:image\" content=\"https:\/\/gumi.hu\/auto-gumi\/wp-content\/uploads\/2019\/02\/uj_versenyautoval_unnepel_a_falken.jpg\" \/>\n\t<meta property=\"og:image:width\" content=\"600\" \/>\n\t<meta property=\"og:image:height\" content=\"338\" \/>\n\t<meta property=\"og:image:type\" content=\"image\/jpeg\" \/>\n<meta name=\"author\" content=\"admin\" \/>\n<meta name=\"twitter:card\" content=\"summary_large_image\" \/>\n<meta name=\"twitter:label1\" content=\"Szerz\u0151:\" \/>\n\t<meta name=\"twitter:data1\" content=\"admin\" \/>\n\t<meta name=\"twitter:label2\" content=\"Becs\u00fclt olvas\u00e1si id\u0151\" \/>\n\t<meta name=\"twitter:data2\" content=\"1 perc\" \/>\n<script type=\"application\/ld+json\" class=\"yoast-schema-graph\">{\"@context\":\"https:\/\/schema.org\",\"@graph\":[{\"@type\":\"Article\",\"@id\":\"https:\/\/gumi.hu\/auto-gumi\/uj-versenyautoval-unnepel-a-falken\/#article\",\"isPartOf\":{\"@id\":\"https:\/\/gumi.hu\/auto-gumi\/uj-versenyautoval-unnepel-a-falken\/\"},\"author\":{\"name\":\"admin\",\"@id\":\"https:\/\/gumi.hu\/auto-gumi\/#\/schema\/person\/2353e58979249dd8ea620c1b5702f6f3\"},\"headline\":\"\u00daj versenyaut\u00f3val \u00fcnnepel a Falken\",\"datePublished\":\"2019-02-04T07:27:03+00:00\",\"dateModified\":\"2019-02-18T12:14:42+00:00\",\"mainEntityOfPage\":{\"@id\":\"https:\/\/gumi.hu\/auto-gumi\/uj-versenyautoval-unnepel-a-falken\/\"},\"wordCount\":303,\"publisher\":{\"@id\":\"https:\/\/gumi.hu\/auto-gumi\/#organization\"},\"image\":{\"@id\":\"https:\/\/gumi.hu\/auto-gumi\/uj-versenyautoval-unnepel-a-falken\/#primaryimage\"},\"thumbnailUrl\":\"https:\/\/gumi.hu\/auto-gumi\/wp-content\/uploads\/2019\/02\/uj_versenyautoval_unnepel_a_falken.jpg\",\"articleSection\":[\"falken\"],\"inLanguage\":\"hu\"},{\"@type\":\"WebPage\",\"@id\":\"https:\/\/gumi.hu\/auto-gumi\/uj-versenyautoval-unnepel-a-falken\/\",\"url\":\"https:\/\/gumi.hu\/auto-gumi\/uj-versenyautoval-unnepel-a-falken\/\",\"name\":\"\u00daj versenyaut\u00f3val \u00fcnnepel a Falken - Gumi.hu\",\"isPartOf\":{\"@id\":\"https:\/\/gumi.hu\/auto-gumi\/#website\"},\"primaryImageOfPage\":{\"@id\":\"https:\/\/gumi.hu\/auto-gumi\/uj-versenyautoval-unnepel-a-falken\/#primaryimage\"},\"image\":{\"@id\":\"https:\/\/gumi.hu\/auto-gumi\/uj-versenyautoval-unnepel-a-falken\/#primaryimage\"},\"thumbnailUrl\":\"https:\/\/gumi.hu\/auto-gumi\/wp-content\/uploads\/2019\/02\/uj_versenyautoval_unnepel_a_falken.jpg\",\"datePublished\":\"2019-02-04T07:27:03+00:00\",\"dateModified\":\"2019-02-18T12:14:42+00:00\",\"breadcrumb\":{\"@id\":\"https:\/\/gumi.hu\/auto-gumi\/uj-versenyautoval-unnepel-a-falken\/#breadcrumb\"},\"inLanguage\":\"hu\",\"potentialAction\":[{\"@type\":\"ReadAction\",\"target\":[\"https:\/\/gumi.hu\/auto-gumi\/uj-versenyautoval-unnepel-a-falken\/\"]}]},{\"@type\":\"ImageObject\",\"inLanguage\":\"hu\",\"@id\":\"https:\/\/gumi.hu\/auto-gumi\/uj-versenyautoval-unnepel-a-falken\/#primaryimage\",\"url\":\"https:\/\/gumi.hu\/auto-gumi\/wp-content\/uploads\/2019\/02\/uj_versenyautoval_unnepel_a_falken.jpg\",\"contentUrl\":\"https:\/\/gumi.hu\/auto-gumi\/wp-content\/uploads\/2019\/02\/uj_versenyautoval_unnepel_a_falken.jpg\",\"width\":600,\"height\":338},{\"@type\":\"BreadcrumbList\",\"@id\":\"https:\/\/gumi.hu\/auto-gumi\/uj-versenyautoval-unnepel-a-falken\/#breadcrumb\",\"itemListElement\":[{\"@type\":\"ListItem\",\"position\":1,\"name\":\"Kezd\u0151lap\",\"item\":\"https:\/\/gumi.hu\/auto-gumi\/\"},{\"@type\":\"ListItem\",\"position\":2,\"name\":\"\u00daj versenyaut\u00f3val \u00fcnnepel a Falken\"}]},{\"@type\":\"WebSite\",\"@id\":\"https:\/\/gumi.hu\/auto-gumi\/#website\",\"url\":\"https:\/\/gumi.hu\/auto-gumi\/\",\"name\":\"Gumi.hu\",\"description\":\"\",\"publisher\":{\"@id\":\"https:\/\/gumi.hu\/auto-gumi\/#organization\"},\"potentialAction\":[{\"@type\":\"SearchAction\",\"target\":{\"@type\":\"EntryPoint\",\"urlTemplate\":\"https:\/\/gumi.hu\/auto-gumi\/?s={search_term_string}\"},\"query-input\":{\"@type\":\"PropertyValueSpecification\",\"valueRequired\":true,\"valueName\":\"search_term_string\"}}],\"inLanguage\":\"hu\"},{\"@type\":\"Organization\",\"@id\":\"https:\/\/gumi.hu\/auto-gumi\/#organization\",\"name\":\"Gumi.hu\",\"url\":\"https:\/\/gumi.hu\/auto-gumi\/\",\"logo\":{\"@type\":\"ImageObject\",\"inLanguage\":\"hu\",\"@id\":\"https:\/\/gumi.hu\/auto-gumi\/#\/schema\/logo\/image\/\",\"url\":\"https:\/\/gumi.hu\/auto-gumi\/wp-content\/uploads\/2021\/12\/cropped-gumi.hulogo.png\",\"contentUrl\":\"https:\/\/gumi.hu\/auto-gumi\/wp-content\/uploads\/2021\/12\/cropped-gumi.hulogo.png\",\"width\":597,\"height\":256,\"caption\":\"Gumi.hu\"},\"image\":{\"@id\":\"https:\/\/gumi.hu\/auto-gumi\/#\/schema\/logo\/image\/\"},\"sameAs\":[\"https:\/\/www.facebook.com\/akhautoszerviz\/\",\"https:\/\/www.instagram.com\/gumi.hu_poweredbyakh\/\",\"https:\/\/www.youtube.com\/channel\/UCyYJ0QGG6gLMXAADVRYY6_w\"]},{\"@type\":\"Person\",\"@id\":\"https:\/\/gumi.hu\/auto-gumi\/#\/schema\/person\/2353e58979249dd8ea620c1b5702f6f3\",\"name\":\"admin\",\"image\":{\"@type\":\"ImageObject\",\"inLanguage\":\"hu\",\"@id\":\"https:\/\/gumi.hu\/auto-gumi\/#\/schema\/person\/image\/\",\"url\":\"https:\/\/secure.gravatar.com\/avatar\/4f5763fd55850261cec8f332c71917800e8784ed69d7ab099747ab0a62b34fe1?s=96&d=mm&r=g\",\"contentUrl\":\"https:\/\/secure.gravatar.com\/avatar\/4f5763fd55850261cec8f332c71917800e8784ed69d7ab099747ab0a62b34fe1?s=96&d=mm&r=g\",\"caption\":\"admin\"}}]}<\/script>\n<!-- \/ Yoast SEO plugin. -->","yoast_head_json":{"title":"\u00daj versenyaut\u00f3val \u00fcnnepel a Falken - Gumi.hu","robots":{"index":"index","follow":"follow","max-snippet":"max-snippet:-1","max-image-preview":"max-image-preview:large","max-video-preview":"max-video-preview:-1"},"canonical":"https:\/\/gumi.hu\/auto-gumi\/uj-versenyautoval-unnepel-a-falken\/","og_locale":"hu_HU","og_type":"article","og_title":"\u00daj versenyaut\u00f3val \u00fcnnepel a Falken - Gumi.hu","og_description":"H\u00fasz\u00e9ves a Falken Motorsports, a jubileumot pedig mi m\u00e1ssal is \u00fcnnepelhetn\u00e9 a pr\u00e9mium szintet c\u00e9lz\u00f3 gumiabroncsgy\u00e1rt\u00f3, mint egy \u00faj Porsche 911-gyel!? A Falken aut\u00f3sport csapata 1999 \u00f3ta bizony\u00edtja, hogy igenis helye van a N\u00fcrbugringen, az \u00faj aut\u00f3val pedig tov\u00e1bb folytathatj\u00e1k a legmagasabb cs\u00facsok ostroml\u00e1s\u00e1t. A 2019-ben h\u00fasz\u00e9ves jubileumot \u00fcnnepl\u0151 Falken csapat a m\u00e1r t\u00f6bbsz\u00f6r bizony\u00edtott ... Olvass tov\u00e1bb","og_url":"https:\/\/gumi.hu\/auto-gumi\/uj-versenyautoval-unnepel-a-falken\/","og_site_name":"Gumi.hu","article_publisher":"https:\/\/www.facebook.com\/akhautoszerviz\/","article_published_time":"2019-02-04T07:27:03+00:00","article_modified_time":"2019-02-18T12:14:42+00:00","og_image":[{"width":600,"height":338,"url":"https:\/\/gumi.hu\/auto-gumi\/wp-content\/uploads\/2019\/02\/uj_versenyautoval_unnepel_a_falken.jpg","type":"image\/jpeg"}],"author":"admin","twitter_card":"summary_large_image","twitter_misc":{"Szerz\u0151:":"admin","Becs\u00fclt olvas\u00e1si id\u0151":"1 perc"},"schema":{"@context":"https:\/\/schema.org","@graph":[{"@type":"Article","@id":"https:\/\/gumi.hu\/auto-gumi\/uj-versenyautoval-unnepel-a-falken\/#article","isPartOf":{"@id":"https:\/\/gumi.hu\/auto-gumi\/uj-versenyautoval-unnepel-a-falken\/"},"author":{"name":"admin","@id":"https:\/\/gumi.hu\/auto-gumi\/#\/schema\/person\/2353e58979249dd8ea620c1b5702f6f3"},"headline":"\u00daj versenyaut\u00f3val \u00fcnnepel a Falken","datePublished":"2019-02-04T07:27:03+00:00","dateModified":"2019-02-18T12:14:42+00:00","mainEntityOfPage":{"@id":"https:\/\/gumi.hu\/auto-gumi\/uj-versenyautoval-unnepel-a-falken\/"},"wordCount":303,"publisher":{"@id":"https:\/\/gumi.hu\/auto-gumi\/#organization"},"image":{"@id":"https:\/\/gumi.hu\/auto-gumi\/uj-versenyautoval-unnepel-a-falken\/#primaryimage"},"thumbnailUrl":"https:\/\/gumi.hu\/auto-gumi\/wp-content\/uploads\/2019\/02\/uj_versenyautoval_unnepel_a_falken.jpg","articleSection":["falken"],"inLanguage":"hu"},{"@type":"WebPage","@id":"https:\/\/gumi.hu\/auto-gumi\/uj-versenyautoval-unnepel-a-falken\/","url":"https:\/\/gumi.hu\/auto-gumi\/uj-versenyautoval-unnepel-a-falken\/","name":"\u00daj versenyaut\u00f3val \u00fcnnepel a Falken - Gumi.hu","isPartOf":{"@id":"https:\/\/gumi.hu\/auto-gumi\/#website"},"primaryImageOfPage":{"@id":"https:\/\/gumi.hu\/auto-gumi\/uj-versenyautoval-unnepel-a-falken\/#primaryimage"},"image":{"@id":"https:\/\/gumi.hu\/auto-gumi\/uj-versenyautoval-unnepel-a-falken\/#primaryimage"},"thumbnailUrl":"https:\/\/gumi.hu\/auto-gumi\/wp-content\/uploads\/2019\/02\/uj_versenyautoval_unnepel_a_falken.jpg","datePublished":"2019-02-04T07:27:03+00:00","dateModified":"2019-02-18T12:14:42+00:00","breadcrumb":{"@id":"https:\/\/gumi.hu\/auto-gumi\/uj-versenyautoval-unnepel-a-falken\/#breadcrumb"},"inLanguage":"hu","potentialAction":[{"@type":"ReadAction","target":["https:\/\/gumi.hu\/auto-gumi\/uj-versenyautoval-unnepel-a-falken\/"]}]},{"@type":"ImageObject","inLanguage":"hu","@id":"https:\/\/gumi.hu\/auto-gumi\/uj-versenyautoval-unnepel-a-falken\/#primaryimage","url":"https:\/\/gumi.hu\/auto-gumi\/wp-content\/uploads\/2019\/02\/uj_versenyautoval_unnepel_a_falken.jpg","contentUrl":"https:\/\/gumi.hu\/auto-gumi\/wp-content\/uploads\/2019\/02\/uj_versenyautoval_unnepel_a_falken.jpg","width":600,"height":338},{"@type":"BreadcrumbList","@id":"https:\/\/gumi.hu\/auto-gumi\/uj-versenyautoval-unnepel-a-falken\/#breadcrumb","itemListElement":[{"@type":"ListItem","position":1,"name":"Kezd\u0151lap","item":"https:\/\/gumi.hu\/auto-gumi\/"},{"@type":"ListItem","position":2,"name":"\u00daj versenyaut\u00f3val \u00fcnnepel a Falken"}]},{"@type":"WebSite","@id":"https:\/\/gumi.hu\/auto-gumi\/#website","url":"https:\/\/gumi.hu\/auto-gumi\/","name":"Gumi.hu","description":"","publisher":{"@id":"https:\/\/gumi.hu\/auto-gumi\/#organization"},"potentialAction":[{"@type":"SearchAction","target":{"@type":"EntryPoint","urlTemplate":"https:\/\/gumi.hu\/auto-gumi\/?s={search_term_string}"},"query-input":{"@type":"PropertyValueSpecification","valueRequired":true,"valueName":"search_term_string"}}],"inLanguage":"hu"},{"@type":"Organization","@id":"https:\/\/gumi.hu\/auto-gumi\/#organization","name":"Gumi.hu","url":"https:\/\/gumi.hu\/auto-gumi\/","logo":{"@type":"ImageObject","inLanguage":"hu","@id":"https:\/\/gumi.hu\/auto-gumi\/#\/schema\/logo\/image\/","url":"https:\/\/gumi.hu\/auto-gumi\/wp-content\/uploads\/2021\/12\/cropped-gumi.hulogo.png","contentUrl":"https:\/\/gumi.hu\/auto-gumi\/wp-content\/uploads\/2021\/12\/cropped-gumi.hulogo.png","width":597,"height":256,"caption":"Gumi.hu"},"image":{"@id":"https:\/\/gumi.hu\/auto-gumi\/#\/schema\/logo\/image\/"},"sameAs":["https:\/\/www.facebook.com\/akhautoszerviz\/","https:\/\/www.instagram.com\/gumi.hu_poweredbyakh\/","https:\/\/www.youtube.com\/channel\/UCyYJ0QGG6gLMXAADVRYY6_w"]},{"@type":"Person","@id":"https:\/\/gumi.hu\/auto-gumi\/#\/schema\/person\/2353e58979249dd8ea620c1b5702f6f3","name":"admin","image":{"@type":"ImageObject","inLanguage":"hu","@id":"https:\/\/gumi.hu\/auto-gumi\/#\/schema\/person\/image\/","url":"https:\/\/secure.gravatar.com\/avatar\/4f5763fd55850261cec8f332c71917800e8784ed69d7ab099747ab0a62b34fe1?s=96&d=mm&r=g","contentUrl":"https:\/\/secure.gravatar.com\/avatar\/4f5763fd55850261cec8f332c71917800e8784ed69d7ab099747ab0a62b34fe1?s=96&d=mm&r=g","caption":"admin"}}]}},"_links":{"self":[{"href":"https:\/\/gumi.hu\/auto-gumi\/wp-json\/wp\/v2\/posts\/586","targetHints":{"allow":["GET"]}}],"collection":[{"href":"https:\/\/gumi.hu\/auto-gumi\/wp-json\/wp\/v2\/posts"}],"about":[{"href":"https:\/\/gumi.hu\/auto-gumi\/wp-json\/wp\/v2\/types\/post"}],"author":[{"embeddable":true,"href":"https:\/\/gumi.hu\/auto-gumi\/wp-json\/wp\/v2\/users\/1"}],"replies":[{"embeddable":true,"href":"https:\/\/gumi.hu\/auto-gumi\/wp-json\/wp\/v2\/comments?post=586"}],"version-history":[{"count":3,"href":"https:\/\/gumi.hu\/auto-gumi\/wp-json\/wp\/v2\/posts\/586\/revisions"}],"predecessor-version":[{"id":606,"href":"https:\/\/gumi.hu\/auto-gumi\/wp-json\/wp\/v2\/posts\/586\/revisions\/606"}],"wp:featuredmedia":[{"embeddable":true,"href":"https:\/\/gumi.hu\/auto-gumi\/wp-json\/wp\/v2\/media\/605"}],"wp:attachment":[{"href":"https:\/\/gumi.hu\/auto-gumi\/wp-json\/wp\/v2\/media?parent=586"}],"wp:term":[{"taxonomy":"category","embeddable":true,"href":"https:\/\/gumi.hu\/auto-gumi\/wp-json\/wp\/v2\/categories?post=586"},{"taxonomy":"post_tag","embeddable":true,"href":"https:\/\/gumi.hu\/auto-gumi\/wp-json\/wp\/v2\/tags?post=586"}],"curies":[{"name":"wp","href":"https:\/\/api.w.org\/{rel}","templated":true}]}}