{"id":616,"date":"2019-02-19T06:26:31","date_gmt":"2019-02-19T06:26:31","guid":{"rendered":"http:\/\/gumi.hu\/markak\/?p=616"},"modified":"2019-02-19T06:29:21","modified_gmt":"2019-02-19T06:29:21","slug":"nexen-gumik-a-legujabb-vw-jettakon","status":"publish","type":"post","link":"https:\/\/gumi.hu\/auto-gumi\/nexen-gumik-a-legujabb-vw-jettakon\/","title":{"rendered":"Nexen gumik a leg\u00fajabb VW Jett\u00e1kon"},"content":{"rendered":"\n<p>Igaz\u00e1n komoly szakmai elismer\u00e9s, ha egy aut\u00f3gy\u00e1rt\u00f3 els\u0151\nszerel\u00e9snek v\u00e1laszt egy bizonyos gumiabroncsot. Az elismer\u00e9s m\u00e9g nagyobb, ha\negy rendk\u00edv\u00fcl n\u00e9pszer\u0171 csal\u00e1di aut\u00f3ra v\u00e1lasztanak els\u0151 gumiabroncsot a gy\u00e1rt\u00f3k,\na Volkswagen Jetta pedig a n\u00e9met aut\u00f3gy\u00e1rt\u00f3 legn\u00e9pszer\u0171bb csal\u00e1di sedanja.<\/p>\n\n\n\n<p>A 2019-es VW Jetta, a n\u00e9pszer\u0171 aut\u00f3modell kilencedik\ngener\u00e1ci\u00f3j\u00e1t jelenti, a Jett\u00e1kb\u00f3l a t\u00edpus 1979-es sz\u00ednrel\u00e9p\u00e9se \u00f3ta t\u00f6bb mint 17\nmilli\u00f3 darabot adtak el vil\u00e1gszerte. Az \u00faj Jett\u00e1k m\u00e1r a <a href=\"https:\/\/gumi.hu\/termek\/autogumi\/Nexen\/N-Priz%20AH8\/205\/60R16%20%2092H\/nyarigumi\/?id=20560R16AH8\">Nexen\nN\u2019Priz AH8<\/a> gumiabroncsaival felszerelve hagyj\u00e1k el a Volkswagen\ngy\u00e1rakat. A n\u00e9metek v\u00e1laszt\u00e1sa az\u00e9rt esett a rendk\u00edv\u00fcl j\u00f3 eredm\u00e9nyeket\nproduk\u00e1l\u00f3 aut\u00f3gumira, mert sz\u00e1raz \u00e9s nedves \u00fatviszonyok k\u00f6z\u00f6tt is remek\u00fcl\nteljes\u00edtett, r\u00e1ad\u00e1sul a minim\u00e1lis h\u00f3 sem fogott ki rajta.<\/p>\n\n\n\n<p>A Nexen N\u2019Priz AH8 nemcsak biztons\u00e1gos, hanem lehet\u0151v\u00e9 teszi\na halk \u00e9s \u00fczemanyagbar\u00e1t k\u00f6zleked\u00e9st is. Travis Kang, a Nexen Tire vezet\u0151je\nelmondta, hogy rendk\u00edv\u00fcl izgatottak, hogy a Volkswagen, mint az egyik vezet\u0151\nnemzetk\u00f6zi aut\u00f3gy\u00e1rt\u00f3 v\u00e1llalat k\u00e9rte fel \u0151ket az egy\u00fcttm\u0171k\u00f6d\u00e9sre.<\/p>\n\n\n\n<p>A Nexen nem el\u0151sz\u00f6r nyerte meg az aut\u00f3gy\u00e1rt\u00f3k bizalm\u00e1t,\nhiszen Nexen gumikkal els\u0151 szerel\u00e9sk\u00e9nt tal\u00e1lkozhatunk Prsche, Reanult, Fiat,\nSkoda \u00e9s SEAT g\u00e9pkocsikon is, de a Nexen szakmais\u00e1g\u00e1t d\u00edcs\u00e9ri, hogy a sort m\u00e9g\nhosszan lehetne folytatni.<\/p>\n\n\n\n<figure class=\"wp-block-embed-youtube wp-block-embed is-type-video is-provider-youtube wp-embed-aspect-16-9 wp-has-aspect-ratio\"><div class=\"wp-block-embed__wrapper\">\n<iframe title=\"NEXEN Tire N&#039;Priz AH8\" width=\"1200\" height=\"675\" src=\"https:\/\/www.youtube.com\/embed\/AGNX3UFEuvA?feature=oembed\" frameborder=\"0\" allow=\"accelerometer; autoplay; clipboard-write; encrypted-media; gyroscope; picture-in-picture; web-share\" allowfullscreen><\/iframe>\n<\/div><\/figure>\n","protected":false},"excerpt":{"rendered":"<p>Igaz\u00e1n komoly szakmai elismer\u00e9s, ha egy aut\u00f3gy\u00e1rt\u00f3 els\u0151 szerel\u00e9snek v\u00e1laszt egy bizonyos gumiabroncsot. Az elismer\u00e9s m\u00e9g nagyobb, ha egy rendk\u00edv\u00fcl n\u00e9pszer\u0171 csal\u00e1di aut\u00f3ra v\u00e1lasztanak els\u0151 gumiabroncsot a gy\u00e1rt\u00f3k, a Volkswagen Jetta pedig a n\u00e9met aut\u00f3gy\u00e1rt\u00f3 legn\u00e9pszer\u0171bb csal\u00e1di sedanja. A 2019-es VW Jetta, a n\u00e9pszer\u0171 aut\u00f3modell kilencedik gener\u00e1ci\u00f3j\u00e1t jelenti, a Jett\u00e1kb\u00f3l a t\u00edpus 1979-es sz\u00ednrel\u00e9p\u00e9se \u00f3ta &#8230; <a title=\"Nexen gumik a leg\u00fajabb VW Jett\u00e1kon\" class=\"read-more\" href=\"https:\/\/gumi.hu\/auto-gumi\/nexen-gumik-a-legujabb-vw-jettakon\/\" aria-label=\"Read more about Nexen gumik a leg\u00fajabb VW Jett\u00e1kon\">Olvass tov\u00e1bb<\/a><\/p>\n","protected":false},"author":1,"featured_media":619,"comment_status":"closed","ping_status":"open","sticky":false,"template":"","format":"standard","meta":{"footnotes":""},"categories":[10],"tags":[],"class_list":["post-616","post","type-post","status-publish","format-standard","has-post-thumbnail","hentry","category-nexen"],"yoast_head":"<!-- This site is optimized with the Yoast SEO plugin v26.7 - https:\/\/yoast.com\/wordpress\/plugins\/seo\/ -->\n<title>Nexen gumik a leg\u00fajabb VW Jett\u00e1kon - Gumi.hu<\/title>\n<meta name=\"robots\" content=\"index, follow, max-snippet:-1, max-image-preview:large, max-video-preview:-1\" \/>\n<link rel=\"canonical\" href=\"https:\/\/gumi.hu\/auto-gumi\/nexen-gumik-a-legujabb-vw-jettakon\/\" \/>\n<meta property=\"og:locale\" content=\"hu_HU\" \/>\n<meta property=\"og:type\" content=\"article\" \/>\n<meta property=\"og:title\" content=\"Nexen gumik a leg\u00fajabb VW Jett\u00e1kon - Gumi.hu\" \/>\n<meta property=\"og:description\" content=\"Igaz\u00e1n komoly szakmai elismer\u00e9s, ha egy aut\u00f3gy\u00e1rt\u00f3 els\u0151 szerel\u00e9snek v\u00e1laszt egy bizonyos gumiabroncsot. Az elismer\u00e9s m\u00e9g nagyobb, ha egy rendk\u00edv\u00fcl n\u00e9pszer\u0171 csal\u00e1di aut\u00f3ra v\u00e1lasztanak els\u0151 gumiabroncsot a gy\u00e1rt\u00f3k, a Volkswagen Jetta pedig a n\u00e9met aut\u00f3gy\u00e1rt\u00f3 legn\u00e9pszer\u0171bb csal\u00e1di sedanja. A 2019-es VW Jetta, a n\u00e9pszer\u0171 aut\u00f3modell kilencedik gener\u00e1ci\u00f3j\u00e1t jelenti, a Jett\u00e1kb\u00f3l a t\u00edpus 1979-es sz\u00ednrel\u00e9p\u00e9se \u00f3ta ... Olvass tov\u00e1bb\" \/>\n<meta property=\"og:url\" content=\"https:\/\/gumi.hu\/auto-gumi\/nexen-gumik-a-legujabb-vw-jettakon\/\" \/>\n<meta property=\"og:site_name\" content=\"Gumi.hu\" \/>\n<meta property=\"article:publisher\" content=\"https:\/\/www.facebook.com\/akhautoszerviz\/\" \/>\n<meta property=\"article:published_time\" content=\"2019-02-19T06:26:31+00:00\" \/>\n<meta property=\"article:modified_time\" content=\"2019-02-19T06:29:21+00:00\" \/>\n<meta property=\"og:image\" content=\"https:\/\/gumi.hu\/auto-gumi\/wp-content\/uploads\/2019\/02\/nexen-tire-npriz_AH8.jpg\" \/>\n\t<meta property=\"og:image:width\" content=\"920\" \/>\n\t<meta property=\"og:image:height\" content=\"729\" \/>\n\t<meta property=\"og:image:type\" content=\"image\/jpeg\" \/>\n<meta name=\"author\" content=\"admin\" \/>\n<meta name=\"twitter:card\" content=\"summary_large_image\" \/>\n<meta name=\"twitter:label1\" content=\"Szerz\u0151:\" \/>\n\t<meta name=\"twitter:data1\" content=\"admin\" \/>\n\t<meta name=\"twitter:label2\" content=\"Becs\u00fclt olvas\u00e1si id\u0151\" \/>\n\t<meta name=\"twitter:data2\" content=\"1 perc\" \/>\n<script type=\"application\/ld+json\" class=\"yoast-schema-graph\">{\"@context\":\"https:\/\/schema.org\",\"@graph\":[{\"@type\":\"Article\",\"@id\":\"https:\/\/gumi.hu\/auto-gumi\/nexen-gumik-a-legujabb-vw-jettakon\/#article\",\"isPartOf\":{\"@id\":\"https:\/\/gumi.hu\/auto-gumi\/nexen-gumik-a-legujabb-vw-jettakon\/\"},\"author\":{\"name\":\"admin\",\"@id\":\"https:\/\/gumi.hu\/auto-gumi\/#\/schema\/person\/2353e58979249dd8ea620c1b5702f6f3\"},\"headline\":\"Nexen gumik a leg\u00fajabb VW Jett\u00e1kon\",\"datePublished\":\"2019-02-19T06:26:31+00:00\",\"dateModified\":\"2019-02-19T06:29:21+00:00\",\"mainEntityOfPage\":{\"@id\":\"https:\/\/gumi.hu\/auto-gumi\/nexen-gumik-a-legujabb-vw-jettakon\/\"},\"wordCount\":286,\"publisher\":{\"@id\":\"https:\/\/gumi.hu\/auto-gumi\/#organization\"},\"image\":{\"@id\":\"https:\/\/gumi.hu\/auto-gumi\/nexen-gumik-a-legujabb-vw-jettakon\/#primaryimage\"},\"thumbnailUrl\":\"https:\/\/gumi.hu\/auto-gumi\/wp-content\/uploads\/2019\/02\/nexen-tire-npriz_AH8.jpg\",\"articleSection\":[\"nexen\"],\"inLanguage\":\"hu\"},{\"@type\":\"WebPage\",\"@id\":\"https:\/\/gumi.hu\/auto-gumi\/nexen-gumik-a-legujabb-vw-jettakon\/\",\"url\":\"https:\/\/gumi.hu\/auto-gumi\/nexen-gumik-a-legujabb-vw-jettakon\/\",\"name\":\"Nexen gumik a leg\u00fajabb VW Jett\u00e1kon - Gumi.hu\",\"isPartOf\":{\"@id\":\"https:\/\/gumi.hu\/auto-gumi\/#website\"},\"primaryImageOfPage\":{\"@id\":\"https:\/\/gumi.hu\/auto-gumi\/nexen-gumik-a-legujabb-vw-jettakon\/#primaryimage\"},\"image\":{\"@id\":\"https:\/\/gumi.hu\/auto-gumi\/nexen-gumik-a-legujabb-vw-jettakon\/#primaryimage\"},\"thumbnailUrl\":\"https:\/\/gumi.hu\/auto-gumi\/wp-content\/uploads\/2019\/02\/nexen-tire-npriz_AH8.jpg\",\"datePublished\":\"2019-02-19T06:26:31+00:00\",\"dateModified\":\"2019-02-19T06:29:21+00:00\",\"breadcrumb\":{\"@id\":\"https:\/\/gumi.hu\/auto-gumi\/nexen-gumik-a-legujabb-vw-jettakon\/#breadcrumb\"},\"inLanguage\":\"hu\",\"potentialAction\":[{\"@type\":\"ReadAction\",\"target\":[\"https:\/\/gumi.hu\/auto-gumi\/nexen-gumik-a-legujabb-vw-jettakon\/\"]}]},{\"@type\":\"ImageObject\",\"inLanguage\":\"hu\",\"@id\":\"https:\/\/gumi.hu\/auto-gumi\/nexen-gumik-a-legujabb-vw-jettakon\/#primaryimage\",\"url\":\"https:\/\/gumi.hu\/auto-gumi\/wp-content\/uploads\/2019\/02\/nexen-tire-npriz_AH8.jpg\",\"contentUrl\":\"https:\/\/gumi.hu\/auto-gumi\/wp-content\/uploads\/2019\/02\/nexen-tire-npriz_AH8.jpg\",\"width\":920,\"height\":729},{\"@type\":\"BreadcrumbList\",\"@id\":\"https:\/\/gumi.hu\/auto-gumi\/nexen-gumik-a-legujabb-vw-jettakon\/#breadcrumb\",\"itemListElement\":[{\"@type\":\"ListItem\",\"position\":1,\"name\":\"Kezd\u0151lap\",\"item\":\"https:\/\/gumi.hu\/auto-gumi\/\"},{\"@type\":\"ListItem\",\"position\":2,\"name\":\"Nexen gumik a leg\u00fajabb VW Jett\u00e1kon\"}]},{\"@type\":\"WebSite\",\"@id\":\"https:\/\/gumi.hu\/auto-gumi\/#website\",\"url\":\"https:\/\/gumi.hu\/auto-gumi\/\",\"name\":\"Gumi.hu\",\"description\":\"\",\"publisher\":{\"@id\":\"https:\/\/gumi.hu\/auto-gumi\/#organization\"},\"potentialAction\":[{\"@type\":\"SearchAction\",\"target\":{\"@type\":\"EntryPoint\",\"urlTemplate\":\"https:\/\/gumi.hu\/auto-gumi\/?s={search_term_string}\"},\"query-input\":{\"@type\":\"PropertyValueSpecification\",\"valueRequired\":true,\"valueName\":\"search_term_string\"}}],\"inLanguage\":\"hu\"},{\"@type\":\"Organization\",\"@id\":\"https:\/\/gumi.hu\/auto-gumi\/#organization\",\"name\":\"Gumi.hu\",\"url\":\"https:\/\/gumi.hu\/auto-gumi\/\",\"logo\":{\"@type\":\"ImageObject\",\"inLanguage\":\"hu\",\"@id\":\"https:\/\/gumi.hu\/auto-gumi\/#\/schema\/logo\/image\/\",\"url\":\"https:\/\/gumi.hu\/auto-gumi\/wp-content\/uploads\/2021\/12\/cropped-gumi.hulogo.png\",\"contentUrl\":\"https:\/\/gumi.hu\/auto-gumi\/wp-content\/uploads\/2021\/12\/cropped-gumi.hulogo.png\",\"width\":597,\"height\":256,\"caption\":\"Gumi.hu\"},\"image\":{\"@id\":\"https:\/\/gumi.hu\/auto-gumi\/#\/schema\/logo\/image\/\"},\"sameAs\":[\"https:\/\/www.facebook.com\/akhautoszerviz\/\",\"https:\/\/www.instagram.com\/gumi.hu_poweredbyakh\/\",\"https:\/\/www.youtube.com\/channel\/UCyYJ0QGG6gLMXAADVRYY6_w\"]},{\"@type\":\"Person\",\"@id\":\"https:\/\/gumi.hu\/auto-gumi\/#\/schema\/person\/2353e58979249dd8ea620c1b5702f6f3\",\"name\":\"admin\",\"image\":{\"@type\":\"ImageObject\",\"inLanguage\":\"hu\",\"@id\":\"https:\/\/gumi.hu\/auto-gumi\/#\/schema\/person\/image\/\",\"url\":\"https:\/\/secure.gravatar.com\/avatar\/4f5763fd55850261cec8f332c71917800e8784ed69d7ab099747ab0a62b34fe1?s=96&d=mm&r=g\",\"contentUrl\":\"https:\/\/secure.gravatar.com\/avatar\/4f5763fd55850261cec8f332c71917800e8784ed69d7ab099747ab0a62b34fe1?s=96&d=mm&r=g\",\"caption\":\"admin\"}}]}<\/script>\n<!-- \/ Yoast SEO plugin. -->","yoast_head_json":{"title":"Nexen gumik a leg\u00fajabb VW Jett\u00e1kon - Gumi.hu","robots":{"index":"index","follow":"follow","max-snippet":"max-snippet:-1","max-image-preview":"max-image-preview:large","max-video-preview":"max-video-preview:-1"},"canonical":"https:\/\/gumi.hu\/auto-gumi\/nexen-gumik-a-legujabb-vw-jettakon\/","og_locale":"hu_HU","og_type":"article","og_title":"Nexen gumik a leg\u00fajabb VW Jett\u00e1kon - Gumi.hu","og_description":"Igaz\u00e1n komoly szakmai elismer\u00e9s, ha egy aut\u00f3gy\u00e1rt\u00f3 els\u0151 szerel\u00e9snek v\u00e1laszt egy bizonyos gumiabroncsot. Az elismer\u00e9s m\u00e9g nagyobb, ha egy rendk\u00edv\u00fcl n\u00e9pszer\u0171 csal\u00e1di aut\u00f3ra v\u00e1lasztanak els\u0151 gumiabroncsot a gy\u00e1rt\u00f3k, a Volkswagen Jetta pedig a n\u00e9met aut\u00f3gy\u00e1rt\u00f3 legn\u00e9pszer\u0171bb csal\u00e1di sedanja. A 2019-es VW Jetta, a n\u00e9pszer\u0171 aut\u00f3modell kilencedik gener\u00e1ci\u00f3j\u00e1t jelenti, a Jett\u00e1kb\u00f3l a t\u00edpus 1979-es sz\u00ednrel\u00e9p\u00e9se \u00f3ta ... Olvass tov\u00e1bb","og_url":"https:\/\/gumi.hu\/auto-gumi\/nexen-gumik-a-legujabb-vw-jettakon\/","og_site_name":"Gumi.hu","article_publisher":"https:\/\/www.facebook.com\/akhautoszerviz\/","article_published_time":"2019-02-19T06:26:31+00:00","article_modified_time":"2019-02-19T06:29:21+00:00","og_image":[{"width":920,"height":729,"url":"https:\/\/gumi.hu\/auto-gumi\/wp-content\/uploads\/2019\/02\/nexen-tire-npriz_AH8.jpg","type":"image\/jpeg"}],"author":"admin","twitter_card":"summary_large_image","twitter_misc":{"Szerz\u0151:":"admin","Becs\u00fclt olvas\u00e1si id\u0151":"1 perc"},"schema":{"@context":"https:\/\/schema.org","@graph":[{"@type":"Article","@id":"https:\/\/gumi.hu\/auto-gumi\/nexen-gumik-a-legujabb-vw-jettakon\/#article","isPartOf":{"@id":"https:\/\/gumi.hu\/auto-gumi\/nexen-gumik-a-legujabb-vw-jettakon\/"},"author":{"name":"admin","@id":"https:\/\/gumi.hu\/auto-gumi\/#\/schema\/person\/2353e58979249dd8ea620c1b5702f6f3"},"headline":"Nexen gumik a leg\u00fajabb VW Jett\u00e1kon","datePublished":"2019-02-19T06:26:31+00:00","dateModified":"2019-02-19T06:29:21+00:00","mainEntityOfPage":{"@id":"https:\/\/gumi.hu\/auto-gumi\/nexen-gumik-a-legujabb-vw-jettakon\/"},"wordCount":286,"publisher":{"@id":"https:\/\/gumi.hu\/auto-gumi\/#organization"},"image":{"@id":"https:\/\/gumi.hu\/auto-gumi\/nexen-gumik-a-legujabb-vw-jettakon\/#primaryimage"},"thumbnailUrl":"https:\/\/gumi.hu\/auto-gumi\/wp-content\/uploads\/2019\/02\/nexen-tire-npriz_AH8.jpg","articleSection":["nexen"],"inLanguage":"hu"},{"@type":"WebPage","@id":"https:\/\/gumi.hu\/auto-gumi\/nexen-gumik-a-legujabb-vw-jettakon\/","url":"https:\/\/gumi.hu\/auto-gumi\/nexen-gumik-a-legujabb-vw-jettakon\/","name":"Nexen gumik a leg\u00fajabb VW Jett\u00e1kon - Gumi.hu","isPartOf":{"@id":"https:\/\/gumi.hu\/auto-gumi\/#website"},"primaryImageOfPage":{"@id":"https:\/\/gumi.hu\/auto-gumi\/nexen-gumik-a-legujabb-vw-jettakon\/#primaryimage"},"image":{"@id":"https:\/\/gumi.hu\/auto-gumi\/nexen-gumik-a-legujabb-vw-jettakon\/#primaryimage"},"thumbnailUrl":"https:\/\/gumi.hu\/auto-gumi\/wp-content\/uploads\/2019\/02\/nexen-tire-npriz_AH8.jpg","datePublished":"2019-02-19T06:26:31+00:00","dateModified":"2019-02-19T06:29:21+00:00","breadcrumb":{"@id":"https:\/\/gumi.hu\/auto-gumi\/nexen-gumik-a-legujabb-vw-jettakon\/#breadcrumb"},"inLanguage":"hu","potentialAction":[{"@type":"ReadAction","target":["https:\/\/gumi.hu\/auto-gumi\/nexen-gumik-a-legujabb-vw-jettakon\/"]}]},{"@type":"ImageObject","inLanguage":"hu","@id":"https:\/\/gumi.hu\/auto-gumi\/nexen-gumik-a-legujabb-vw-jettakon\/#primaryimage","url":"https:\/\/gumi.hu\/auto-gumi\/wp-content\/uploads\/2019\/02\/nexen-tire-npriz_AH8.jpg","contentUrl":"https:\/\/gumi.hu\/auto-gumi\/wp-content\/uploads\/2019\/02\/nexen-tire-npriz_AH8.jpg","width":920,"height":729},{"@type":"BreadcrumbList","@id":"https:\/\/gumi.hu\/auto-gumi\/nexen-gumik-a-legujabb-vw-jettakon\/#breadcrumb","itemListElement":[{"@type":"ListItem","position":1,"name":"Kezd\u0151lap","item":"https:\/\/gumi.hu\/auto-gumi\/"},{"@type":"ListItem","position":2,"name":"Nexen gumik a leg\u00fajabb VW Jett\u00e1kon"}]},{"@type":"WebSite","@id":"https:\/\/gumi.hu\/auto-gumi\/#website","url":"https:\/\/gumi.hu\/auto-gumi\/","name":"Gumi.hu","description":"","publisher":{"@id":"https:\/\/gumi.hu\/auto-gumi\/#organization"},"potentialAction":[{"@type":"SearchAction","target":{"@type":"EntryPoint","urlTemplate":"https:\/\/gumi.hu\/auto-gumi\/?s={search_term_string}"},"query-input":{"@type":"PropertyValueSpecification","valueRequired":true,"valueName":"search_term_string"}}],"inLanguage":"hu"},{"@type":"Organization","@id":"https:\/\/gumi.hu\/auto-gumi\/#organization","name":"Gumi.hu","url":"https:\/\/gumi.hu\/auto-gumi\/","logo":{"@type":"ImageObject","inLanguage":"hu","@id":"https:\/\/gumi.hu\/auto-gumi\/#\/schema\/logo\/image\/","url":"https:\/\/gumi.hu\/auto-gumi\/wp-content\/uploads\/2021\/12\/cropped-gumi.hulogo.png","contentUrl":"https:\/\/gumi.hu\/auto-gumi\/wp-content\/uploads\/2021\/12\/cropped-gumi.hulogo.png","width":597,"height":256,"caption":"Gumi.hu"},"image":{"@id":"https:\/\/gumi.hu\/auto-gumi\/#\/schema\/logo\/image\/"},"sameAs":["https:\/\/www.facebook.com\/akhautoszerviz\/","https:\/\/www.instagram.com\/gumi.hu_poweredbyakh\/","https:\/\/www.youtube.com\/channel\/UCyYJ0QGG6gLMXAADVRYY6_w"]},{"@type":"Person","@id":"https:\/\/gumi.hu\/auto-gumi\/#\/schema\/person\/2353e58979249dd8ea620c1b5702f6f3","name":"admin","image":{"@type":"ImageObject","inLanguage":"hu","@id":"https:\/\/gumi.hu\/auto-gumi\/#\/schema\/person\/image\/","url":"https:\/\/secure.gravatar.com\/avatar\/4f5763fd55850261cec8f332c71917800e8784ed69d7ab099747ab0a62b34fe1?s=96&d=mm&r=g","contentUrl":"https:\/\/secure.gravatar.com\/avatar\/4f5763fd55850261cec8f332c71917800e8784ed69d7ab099747ab0a62b34fe1?s=96&d=mm&r=g","caption":"admin"}}]}},"_links":{"self":[{"href":"https:\/\/gumi.hu\/auto-gumi\/wp-json\/wp\/v2\/posts\/616","targetHints":{"allow":["GET"]}}],"collection":[{"href":"https:\/\/gumi.hu\/auto-gumi\/wp-json\/wp\/v2\/posts"}],"about":[{"href":"https:\/\/gumi.hu\/auto-gumi\/wp-json\/wp\/v2\/types\/post"}],"author":[{"embeddable":true,"href":"https:\/\/gumi.hu\/auto-gumi\/wp-json\/wp\/v2\/users\/1"}],"replies":[{"embeddable":true,"href":"https:\/\/gumi.hu\/auto-gumi\/wp-json\/wp\/v2\/comments?post=616"}],"version-history":[{"count":1,"href":"https:\/\/gumi.hu\/auto-gumi\/wp-json\/wp\/v2\/posts\/616\/revisions"}],"predecessor-version":[{"id":617,"href":"https:\/\/gumi.hu\/auto-gumi\/wp-json\/wp\/v2\/posts\/616\/revisions\/617"}],"wp:featuredmedia":[{"embeddable":true,"href":"https:\/\/gumi.hu\/auto-gumi\/wp-json\/wp\/v2\/media\/619"}],"wp:attachment":[{"href":"https:\/\/gumi.hu\/auto-gumi\/wp-json\/wp\/v2\/media?parent=616"}],"wp:term":[{"taxonomy":"category","embeddable":true,"href":"https:\/\/gumi.hu\/auto-gumi\/wp-json\/wp\/v2\/categories?post=616"},{"taxonomy":"post_tag","embeddable":true,"href":"https:\/\/gumi.hu\/auto-gumi\/wp-json\/wp\/v2\/tags?post=616"}],"curies":[{"name":"wp","href":"https:\/\/api.w.org\/{rel}","templated":true}]}}