{"id":877,"date":"2019-05-21T10:48:10","date_gmt":"2019-05-21T10:48:10","guid":{"rendered":"http:\/\/gumi.hu\/autogumi\/?p=877"},"modified":"2019-05-21T12:47:24","modified_gmt":"2019-05-21T12:47:24","slug":"falken-gumiabroncsokkal-szerelik-fel-a-legujabb-porschekat","status":"publish","type":"post","link":"https:\/\/gumi.hu\/auto-gumi\/falken-gumiabroncsokkal-szerelik-fel-a-legujabb-porschekat\/","title":{"rendered":"Falken gumiabroncsokkal szerelik fel a leg\u00fajabb Porsch\u00e9kat"},"content":{"rendered":"\n<h2 class=\"wp-block-heading\"><strong>A Porsche j\u00f3v\u00e1hagy\u00e1s\u00e1val, <\/strong><a href=\"https:\/\/gumi.hu\/keresesmeretszerint\/osszes\/osszes\/osszes\/nyarigumi\/falken\/\"><strong>Falken<\/strong><\/a><strong> gumiabroncsokkal g\u00f6rd\u00fcl ki a gy\u00e1rakb\u00f3l Porsche Macan leg\u00fajabb gener\u00e1ci\u00f3ja. A Falken legn\u00e9pszer\u0171bb AZENIS FK510 SUV abroncsverzi\u00f3i <\/strong><a href=\"https:\/\/gumi.hu\/keresesmeretszerint\/osszes\/235\/60R18\/nyarigumi\/falken\/\"><strong>235\/60R18<\/strong><\/a><strong> \u00e9s <\/strong><a href=\"https:\/\/gumi.hu\/keresesmeretszerint\/osszes\/255\/55R18\/nyarigumi\/falken\/\"><strong>255\/55R18<\/strong><\/a><strong> m\u00e9ret\u0171ek.&nbsp;<\/strong><\/h2>\n\n\n\n<p>Mindk\u00e9t m\u00e9ret \u201eW\u201d (270 km \/ h-ig) sebess\u00e9gjellel\n\u00e9s 103,\nvalamint 105-\u00f6s terhel\u00e9si index-szel van ell\u00e1tva \u00e9s szabadid\u0151aut\u00f3-specifikus gumik\u00e9nt 2017 \u00f3ta\nel\u00e9rhet\u0151. Innovat\u00edv\nkarossz\u00e9ria-kialak\u00edt\u00e1s\u00e1val pontos \u00e9s kifinomult vezet\u00e9st tesz lehet\u0151v\u00e9. A\nPorsche Macan azoknak sportos vezet\u0151knek k\u00e9sz\u00fclt, akik nem f\u00e9lnek kihaszn\u00e1lni a\ngumik maxim\u00e1lis teljes\u00edt\u0151k\u00e9pess\u00e9g\u00e9t.&nbsp;<\/p>\n\n\n\n<figure class=\"wp-block-image\"><img fetchpriority=\"high\" decoding=\"async\" width=\"960\" height=\"720\" src=\"https:\/\/gumi.hu\/autogumi\/wp-content\/uploads\/2019\/05\/2019_Porsche_Macan_2.jpg\" alt=\"\" class=\"wp-image-878\"\/><\/figure>\n\n\n\n<p>Az ACP\n(Adaptive Constant Pressure) fut\u00f3fel\u00fclet-technol\u00f3gia jav\u00edtja az aut\u00f3 f\u00e9kez\u00e9si\nteljes\u00edtm\u00e9ny\u00e9t, a stabilit\u00e1s\u00e1t \u00e9s a vezet\u00e9si dinamik\u00e1t.&nbsp;A nedves fel\u00fcletek\nkiv\u00e1l\u00f3 f\u00e9kez\u00e9si jellemz\u0151i mellett az AZENIS FK510 SUV hossz\u00fa \u00e9lettartammal is b\u00fcszk\u00e9lkedhet.\nA Falken m\u00e9rn\u00f6kei a 4D NANO technol\u00f3gia seg\u00edts\u00e9g\u00e9vel tervezt\u00e9k meg ezt az \u00fatt\u00f6r\u0151\ngumiabroncsot az FK510 sorozatba.<\/p>\n\n\n\n<p>\u201e\u00daj\ngumiabroncsaink bevezet\u00e9s\u00e9vel folytattuk strat\u00e9gi\u00e1nkat, miszerint folyamatosan b\u0151v\u00edtj\u00fck\nsz\u00e9lesk\u00f6r\u0171 k\u00edn\u00e1latunkat a n\u00f6vekv\u0151 \u00e9s nyeres\u00e9ges szegmensekben\u201d &#8211; magyar\u00e1zza\nChristian Stolting, a Falken Tire Europe GmbH \u00fcgyvezet\u0151 igazgat\u00f3ja.&nbsp;\u201eA\nt\u00e9ny, hogy a Porsche Macan v\u00e1laszt\u00e1sa a Falkenre esett, nemcsak meger\u0151s\u00edti ezt\na strat\u00e9gi\u00e1t, hanem mutatja az abroncsaink kiv\u00e1l\u00f3 min\u0151s\u00e9g\u00e9t is.&nbsp;Az \u00faj Porsche-sz\u00e9ria\nFalken-gumikkal val\u00f3 felszerel\u00e9se nagy elismer\u00e9st jelent sz\u00e1munkra.\u201d<\/p>\n\n\n\n<p>Az \u00d6n aut\u00f3j\u00e1n is lehet olyan gumiabroncs, mint egy Porsche Macanon, <a href=\"https:\/\/gumi.hu\/keresesmeretszerint\/osszes\/osszes\/osszes\/nyarigumi\/falken\/\"><strong>IDE   KATTINTVA<\/strong><\/a> v\u00e1logathat a Falken aut\u00f3gumik k\u00f6z\u00fcl.<\/p>\n\n\n\n<figure class=\"wp-block-embed-youtube wp-block-embed is-type-video is-provider-youtube wp-embed-aspect-16-9 wp-has-aspect-ratio\"><div class=\"wp-block-embed__wrapper\">\n<iframe title=\"Porsche Macan 2019 review\" width=\"1200\" height=\"675\" src=\"https:\/\/www.youtube.com\/embed\/k3FV8l4-PKc?feature=oembed\" frameborder=\"0\" allow=\"accelerometer; autoplay; clipboard-write; encrypted-media; gyroscope; picture-in-picture\" allowfullscreen><\/iframe>\n<\/div><\/figure>\n","protected":false},"excerpt":{"rendered":"<p>A Porsche j\u00f3v\u00e1hagy\u00e1s\u00e1val, Falken gumiabroncsokkal g\u00f6rd\u00fcl ki a gy\u00e1rakb\u00f3l Porsche Macan leg\u00fajabb gener\u00e1ci\u00f3ja. A Falken legn\u00e9pszer\u0171bb AZENIS FK510 SUV abroncsverzi\u00f3i 235\/60R18 \u00e9s 255\/55R18 m\u00e9ret\u0171ek.&nbsp; Mindk\u00e9t m\u00e9ret \u201eW\u201d (270 km \/ h-ig) sebess\u00e9gjellel \u00e9s 103, valamint 105-\u00f6s terhel\u00e9si index-szel van ell\u00e1tva \u00e9s szabadid\u0151aut\u00f3-specifikus gumik\u00e9nt 2017 \u00f3ta el\u00e9rhet\u0151. Innovat\u00edv karossz\u00e9ria-kialak\u00edt\u00e1s\u00e1val pontos \u00e9s kifinomult vezet\u00e9st tesz lehet\u0151v\u00e9. A &#8230; <a title=\"Falken gumiabroncsokkal szerelik fel a leg\u00fajabb Porsch\u00e9kat\" class=\"read-more\" href=\"https:\/\/gumi.hu\/auto-gumi\/falken-gumiabroncsokkal-szerelik-fel-a-legujabb-porschekat\/\" aria-label=\"Read more about Falken gumiabroncsokkal szerelik fel a leg\u00fajabb Porsch\u00e9kat\">Olvass tov\u00e1bb<\/a><\/p>\n","protected":false},"author":1,"featured_media":879,"comment_status":"closed","ping_status":"open","sticky":false,"template":"","format":"standard","meta":{"footnotes":""},"categories":[5],"tags":[],"class_list":["post-877","post","type-post","status-publish","format-standard","has-post-thumbnail","hentry","category-falken"],"yoast_head":"<!-- This site is optimized with the Yoast SEO plugin v26.7 - https:\/\/yoast.com\/wordpress\/plugins\/seo\/ -->\n<title>Falken gumiabroncsokkal szerelik fel a leg\u00fajabb Porsch\u00e9kat - Gumi.hu<\/title>\n<meta name=\"robots\" content=\"index, follow, max-snippet:-1, max-image-preview:large, max-video-preview:-1\" \/>\n<link rel=\"canonical\" href=\"https:\/\/gumi.hu\/auto-gumi\/falken-gumiabroncsokkal-szerelik-fel-a-legujabb-porschekat\/\" \/>\n<meta property=\"og:locale\" content=\"hu_HU\" \/>\n<meta property=\"og:type\" content=\"article\" \/>\n<meta property=\"og:title\" content=\"Falken gumiabroncsokkal szerelik fel a leg\u00fajabb Porsch\u00e9kat - Gumi.hu\" \/>\n<meta property=\"og:description\" content=\"A Porsche j\u00f3v\u00e1hagy\u00e1s\u00e1val, Falken gumiabroncsokkal g\u00f6rd\u00fcl ki a gy\u00e1rakb\u00f3l Porsche Macan leg\u00fajabb gener\u00e1ci\u00f3ja. A Falken legn\u00e9pszer\u0171bb AZENIS FK510 SUV abroncsverzi\u00f3i 235\/60R18 \u00e9s 255\/55R18 m\u00e9ret\u0171ek.&nbsp; Mindk\u00e9t m\u00e9ret \u201eW\u201d (270 km \/ h-ig) sebess\u00e9gjellel \u00e9s 103, valamint 105-\u00f6s terhel\u00e9si index-szel van ell\u00e1tva \u00e9s szabadid\u0151aut\u00f3-specifikus gumik\u00e9nt 2017 \u00f3ta el\u00e9rhet\u0151. Innovat\u00edv karossz\u00e9ria-kialak\u00edt\u00e1s\u00e1val pontos \u00e9s kifinomult vezet\u00e9st tesz lehet\u0151v\u00e9. A ... Olvass tov\u00e1bb\" \/>\n<meta property=\"og:url\" content=\"https:\/\/gumi.hu\/auto-gumi\/falken-gumiabroncsokkal-szerelik-fel-a-legujabb-porschekat\/\" \/>\n<meta property=\"og:site_name\" content=\"Gumi.hu\" \/>\n<meta property=\"article:publisher\" content=\"https:\/\/www.facebook.com\/akhautoszerviz\/\" \/>\n<meta property=\"article:published_time\" content=\"2019-05-21T10:48:10+00:00\" \/>\n<meta property=\"article:modified_time\" content=\"2019-05-21T12:47:24+00:00\" \/>\n<meta property=\"og:image\" content=\"https:\/\/gumi.hu\/auto-gumi\/wp-content\/uploads\/2019\/05\/Porsche-Macan.jpg\" \/>\n\t<meta property=\"og:image:width\" content=\"1024\" \/>\n\t<meta property=\"og:image:height\" content=\"576\" \/>\n\t<meta property=\"og:image:type\" content=\"image\/jpeg\" \/>\n<meta name=\"author\" content=\"admin\" \/>\n<meta name=\"twitter:card\" content=\"summary_large_image\" \/>\n<meta name=\"twitter:label1\" content=\"Szerz\u0151:\" \/>\n\t<meta name=\"twitter:data1\" content=\"admin\" \/>\n\t<meta name=\"twitter:label2\" content=\"Becs\u00fclt olvas\u00e1si id\u0151\" \/>\n\t<meta name=\"twitter:data2\" content=\"2 perc\" \/>\n<script type=\"application\/ld+json\" class=\"yoast-schema-graph\">{\"@context\":\"https:\/\/schema.org\",\"@graph\":[{\"@type\":\"Article\",\"@id\":\"https:\/\/gumi.hu\/auto-gumi\/falken-gumiabroncsokkal-szerelik-fel-a-legujabb-porschekat\/#article\",\"isPartOf\":{\"@id\":\"https:\/\/gumi.hu\/auto-gumi\/falken-gumiabroncsokkal-szerelik-fel-a-legujabb-porschekat\/\"},\"author\":{\"name\":\"admin\",\"@id\":\"https:\/\/gumi.hu\/auto-gumi\/#\/schema\/person\/2353e58979249dd8ea620c1b5702f6f3\"},\"headline\":\"Falken gumiabroncsokkal szerelik fel a leg\u00fajabb Porsch\u00e9kat\",\"datePublished\":\"2019-05-21T10:48:10+00:00\",\"dateModified\":\"2019-05-21T12:47:24+00:00\",\"mainEntityOfPage\":{\"@id\":\"https:\/\/gumi.hu\/auto-gumi\/falken-gumiabroncsokkal-szerelik-fel-a-legujabb-porschekat\/\"},\"wordCount\":322,\"publisher\":{\"@id\":\"https:\/\/gumi.hu\/auto-gumi\/#organization\"},\"image\":{\"@id\":\"https:\/\/gumi.hu\/auto-gumi\/falken-gumiabroncsokkal-szerelik-fel-a-legujabb-porschekat\/#primaryimage\"},\"thumbnailUrl\":\"https:\/\/gumi.hu\/auto-gumi\/wp-content\/uploads\/2019\/05\/Porsche-Macan.jpg\",\"articleSection\":[\"falken\"],\"inLanguage\":\"hu\"},{\"@type\":\"WebPage\",\"@id\":\"https:\/\/gumi.hu\/auto-gumi\/falken-gumiabroncsokkal-szerelik-fel-a-legujabb-porschekat\/\",\"url\":\"https:\/\/gumi.hu\/auto-gumi\/falken-gumiabroncsokkal-szerelik-fel-a-legujabb-porschekat\/\",\"name\":\"Falken gumiabroncsokkal szerelik fel a leg\u00fajabb Porsch\u00e9kat - Gumi.hu\",\"isPartOf\":{\"@id\":\"https:\/\/gumi.hu\/auto-gumi\/#website\"},\"primaryImageOfPage\":{\"@id\":\"https:\/\/gumi.hu\/auto-gumi\/falken-gumiabroncsokkal-szerelik-fel-a-legujabb-porschekat\/#primaryimage\"},\"image\":{\"@id\":\"https:\/\/gumi.hu\/auto-gumi\/falken-gumiabroncsokkal-szerelik-fel-a-legujabb-porschekat\/#primaryimage\"},\"thumbnailUrl\":\"https:\/\/gumi.hu\/auto-gumi\/wp-content\/uploads\/2019\/05\/Porsche-Macan.jpg\",\"datePublished\":\"2019-05-21T10:48:10+00:00\",\"dateModified\":\"2019-05-21T12:47:24+00:00\",\"breadcrumb\":{\"@id\":\"https:\/\/gumi.hu\/auto-gumi\/falken-gumiabroncsokkal-szerelik-fel-a-legujabb-porschekat\/#breadcrumb\"},\"inLanguage\":\"hu\",\"potentialAction\":[{\"@type\":\"ReadAction\",\"target\":[\"https:\/\/gumi.hu\/auto-gumi\/falken-gumiabroncsokkal-szerelik-fel-a-legujabb-porschekat\/\"]}]},{\"@type\":\"ImageObject\",\"inLanguage\":\"hu\",\"@id\":\"https:\/\/gumi.hu\/auto-gumi\/falken-gumiabroncsokkal-szerelik-fel-a-legujabb-porschekat\/#primaryimage\",\"url\":\"https:\/\/gumi.hu\/auto-gumi\/wp-content\/uploads\/2019\/05\/Porsche-Macan.jpg\",\"contentUrl\":\"https:\/\/gumi.hu\/auto-gumi\/wp-content\/uploads\/2019\/05\/Porsche-Macan.jpg\",\"width\":1024,\"height\":576},{\"@type\":\"BreadcrumbList\",\"@id\":\"https:\/\/gumi.hu\/auto-gumi\/falken-gumiabroncsokkal-szerelik-fel-a-legujabb-porschekat\/#breadcrumb\",\"itemListElement\":[{\"@type\":\"ListItem\",\"position\":1,\"name\":\"Kezd\u0151lap\",\"item\":\"https:\/\/gumi.hu\/auto-gumi\/\"},{\"@type\":\"ListItem\",\"position\":2,\"name\":\"Falken gumiabroncsokkal szerelik fel a leg\u00fajabb Porsch\u00e9kat\"}]},{\"@type\":\"WebSite\",\"@id\":\"https:\/\/gumi.hu\/auto-gumi\/#website\",\"url\":\"https:\/\/gumi.hu\/auto-gumi\/\",\"name\":\"Gumi.hu\",\"description\":\"\",\"publisher\":{\"@id\":\"https:\/\/gumi.hu\/auto-gumi\/#organization\"},\"potentialAction\":[{\"@type\":\"SearchAction\",\"target\":{\"@type\":\"EntryPoint\",\"urlTemplate\":\"https:\/\/gumi.hu\/auto-gumi\/?s={search_term_string}\"},\"query-input\":{\"@type\":\"PropertyValueSpecification\",\"valueRequired\":true,\"valueName\":\"search_term_string\"}}],\"inLanguage\":\"hu\"},{\"@type\":\"Organization\",\"@id\":\"https:\/\/gumi.hu\/auto-gumi\/#organization\",\"name\":\"Gumi.hu\",\"url\":\"https:\/\/gumi.hu\/auto-gumi\/\",\"logo\":{\"@type\":\"ImageObject\",\"inLanguage\":\"hu\",\"@id\":\"https:\/\/gumi.hu\/auto-gumi\/#\/schema\/logo\/image\/\",\"url\":\"https:\/\/gumi.hu\/auto-gumi\/wp-content\/uploads\/2021\/12\/cropped-gumi.hulogo.png\",\"contentUrl\":\"https:\/\/gumi.hu\/auto-gumi\/wp-content\/uploads\/2021\/12\/cropped-gumi.hulogo.png\",\"width\":597,\"height\":256,\"caption\":\"Gumi.hu\"},\"image\":{\"@id\":\"https:\/\/gumi.hu\/auto-gumi\/#\/schema\/logo\/image\/\"},\"sameAs\":[\"https:\/\/www.facebook.com\/akhautoszerviz\/\",\"https:\/\/www.instagram.com\/gumi.hu_poweredbyakh\/\",\"https:\/\/www.youtube.com\/channel\/UCyYJ0QGG6gLMXAADVRYY6_w\"]},{\"@type\":\"Person\",\"@id\":\"https:\/\/gumi.hu\/auto-gumi\/#\/schema\/person\/2353e58979249dd8ea620c1b5702f6f3\",\"name\":\"admin\",\"image\":{\"@type\":\"ImageObject\",\"inLanguage\":\"hu\",\"@id\":\"https:\/\/gumi.hu\/auto-gumi\/#\/schema\/person\/image\/\",\"url\":\"https:\/\/secure.gravatar.com\/avatar\/4f5763fd55850261cec8f332c71917800e8784ed69d7ab099747ab0a62b34fe1?s=96&d=mm&r=g\",\"contentUrl\":\"https:\/\/secure.gravatar.com\/avatar\/4f5763fd55850261cec8f332c71917800e8784ed69d7ab099747ab0a62b34fe1?s=96&d=mm&r=g\",\"caption\":\"admin\"}}]}<\/script>\n<!-- \/ Yoast SEO plugin. -->","yoast_head_json":{"title":"Falken gumiabroncsokkal szerelik fel a leg\u00fajabb Porsch\u00e9kat - Gumi.hu","robots":{"index":"index","follow":"follow","max-snippet":"max-snippet:-1","max-image-preview":"max-image-preview:large","max-video-preview":"max-video-preview:-1"},"canonical":"https:\/\/gumi.hu\/auto-gumi\/falken-gumiabroncsokkal-szerelik-fel-a-legujabb-porschekat\/","og_locale":"hu_HU","og_type":"article","og_title":"Falken gumiabroncsokkal szerelik fel a leg\u00fajabb Porsch\u00e9kat - Gumi.hu","og_description":"A Porsche j\u00f3v\u00e1hagy\u00e1s\u00e1val, Falken gumiabroncsokkal g\u00f6rd\u00fcl ki a gy\u00e1rakb\u00f3l Porsche Macan leg\u00fajabb gener\u00e1ci\u00f3ja. A Falken legn\u00e9pszer\u0171bb AZENIS FK510 SUV abroncsverzi\u00f3i 235\/60R18 \u00e9s 255\/55R18 m\u00e9ret\u0171ek.&nbsp; Mindk\u00e9t m\u00e9ret \u201eW\u201d (270 km \/ h-ig) sebess\u00e9gjellel \u00e9s 103, valamint 105-\u00f6s terhel\u00e9si index-szel van ell\u00e1tva \u00e9s szabadid\u0151aut\u00f3-specifikus gumik\u00e9nt 2017 \u00f3ta el\u00e9rhet\u0151. Innovat\u00edv karossz\u00e9ria-kialak\u00edt\u00e1s\u00e1val pontos \u00e9s kifinomult vezet\u00e9st tesz lehet\u0151v\u00e9. A ... Olvass tov\u00e1bb","og_url":"https:\/\/gumi.hu\/auto-gumi\/falken-gumiabroncsokkal-szerelik-fel-a-legujabb-porschekat\/","og_site_name":"Gumi.hu","article_publisher":"https:\/\/www.facebook.com\/akhautoszerviz\/","article_published_time":"2019-05-21T10:48:10+00:00","article_modified_time":"2019-05-21T12:47:24+00:00","og_image":[{"width":1024,"height":576,"url":"https:\/\/gumi.hu\/auto-gumi\/wp-content\/uploads\/2019\/05\/Porsche-Macan.jpg","type":"image\/jpeg"}],"author":"admin","twitter_card":"summary_large_image","twitter_misc":{"Szerz\u0151:":"admin","Becs\u00fclt olvas\u00e1si id\u0151":"2 perc"},"schema":{"@context":"https:\/\/schema.org","@graph":[{"@type":"Article","@id":"https:\/\/gumi.hu\/auto-gumi\/falken-gumiabroncsokkal-szerelik-fel-a-legujabb-porschekat\/#article","isPartOf":{"@id":"https:\/\/gumi.hu\/auto-gumi\/falken-gumiabroncsokkal-szerelik-fel-a-legujabb-porschekat\/"},"author":{"name":"admin","@id":"https:\/\/gumi.hu\/auto-gumi\/#\/schema\/person\/2353e58979249dd8ea620c1b5702f6f3"},"headline":"Falken gumiabroncsokkal szerelik fel a leg\u00fajabb Porsch\u00e9kat","datePublished":"2019-05-21T10:48:10+00:00","dateModified":"2019-05-21T12:47:24+00:00","mainEntityOfPage":{"@id":"https:\/\/gumi.hu\/auto-gumi\/falken-gumiabroncsokkal-szerelik-fel-a-legujabb-porschekat\/"},"wordCount":322,"publisher":{"@id":"https:\/\/gumi.hu\/auto-gumi\/#organization"},"image":{"@id":"https:\/\/gumi.hu\/auto-gumi\/falken-gumiabroncsokkal-szerelik-fel-a-legujabb-porschekat\/#primaryimage"},"thumbnailUrl":"https:\/\/gumi.hu\/auto-gumi\/wp-content\/uploads\/2019\/05\/Porsche-Macan.jpg","articleSection":["falken"],"inLanguage":"hu"},{"@type":"WebPage","@id":"https:\/\/gumi.hu\/auto-gumi\/falken-gumiabroncsokkal-szerelik-fel-a-legujabb-porschekat\/","url":"https:\/\/gumi.hu\/auto-gumi\/falken-gumiabroncsokkal-szerelik-fel-a-legujabb-porschekat\/","name":"Falken gumiabroncsokkal szerelik fel a leg\u00fajabb Porsch\u00e9kat - Gumi.hu","isPartOf":{"@id":"https:\/\/gumi.hu\/auto-gumi\/#website"},"primaryImageOfPage":{"@id":"https:\/\/gumi.hu\/auto-gumi\/falken-gumiabroncsokkal-szerelik-fel-a-legujabb-porschekat\/#primaryimage"},"image":{"@id":"https:\/\/gumi.hu\/auto-gumi\/falken-gumiabroncsokkal-szerelik-fel-a-legujabb-porschekat\/#primaryimage"},"thumbnailUrl":"https:\/\/gumi.hu\/auto-gumi\/wp-content\/uploads\/2019\/05\/Porsche-Macan.jpg","datePublished":"2019-05-21T10:48:10+00:00","dateModified":"2019-05-21T12:47:24+00:00","breadcrumb":{"@id":"https:\/\/gumi.hu\/auto-gumi\/falken-gumiabroncsokkal-szerelik-fel-a-legujabb-porschekat\/#breadcrumb"},"inLanguage":"hu","potentialAction":[{"@type":"ReadAction","target":["https:\/\/gumi.hu\/auto-gumi\/falken-gumiabroncsokkal-szerelik-fel-a-legujabb-porschekat\/"]}]},{"@type":"ImageObject","inLanguage":"hu","@id":"https:\/\/gumi.hu\/auto-gumi\/falken-gumiabroncsokkal-szerelik-fel-a-legujabb-porschekat\/#primaryimage","url":"https:\/\/gumi.hu\/auto-gumi\/wp-content\/uploads\/2019\/05\/Porsche-Macan.jpg","contentUrl":"https:\/\/gumi.hu\/auto-gumi\/wp-content\/uploads\/2019\/05\/Porsche-Macan.jpg","width":1024,"height":576},{"@type":"BreadcrumbList","@id":"https:\/\/gumi.hu\/auto-gumi\/falken-gumiabroncsokkal-szerelik-fel-a-legujabb-porschekat\/#breadcrumb","itemListElement":[{"@type":"ListItem","position":1,"name":"Kezd\u0151lap","item":"https:\/\/gumi.hu\/auto-gumi\/"},{"@type":"ListItem","position":2,"name":"Falken gumiabroncsokkal szerelik fel a leg\u00fajabb Porsch\u00e9kat"}]},{"@type":"WebSite","@id":"https:\/\/gumi.hu\/auto-gumi\/#website","url":"https:\/\/gumi.hu\/auto-gumi\/","name":"Gumi.hu","description":"","publisher":{"@id":"https:\/\/gumi.hu\/auto-gumi\/#organization"},"potentialAction":[{"@type":"SearchAction","target":{"@type":"EntryPoint","urlTemplate":"https:\/\/gumi.hu\/auto-gumi\/?s={search_term_string}"},"query-input":{"@type":"PropertyValueSpecification","valueRequired":true,"valueName":"search_term_string"}}],"inLanguage":"hu"},{"@type":"Organization","@id":"https:\/\/gumi.hu\/auto-gumi\/#organization","name":"Gumi.hu","url":"https:\/\/gumi.hu\/auto-gumi\/","logo":{"@type":"ImageObject","inLanguage":"hu","@id":"https:\/\/gumi.hu\/auto-gumi\/#\/schema\/logo\/image\/","url":"https:\/\/gumi.hu\/auto-gumi\/wp-content\/uploads\/2021\/12\/cropped-gumi.hulogo.png","contentUrl":"https:\/\/gumi.hu\/auto-gumi\/wp-content\/uploads\/2021\/12\/cropped-gumi.hulogo.png","width":597,"height":256,"caption":"Gumi.hu"},"image":{"@id":"https:\/\/gumi.hu\/auto-gumi\/#\/schema\/logo\/image\/"},"sameAs":["https:\/\/www.facebook.com\/akhautoszerviz\/","https:\/\/www.instagram.com\/gumi.hu_poweredbyakh\/","https:\/\/www.youtube.com\/channel\/UCyYJ0QGG6gLMXAADVRYY6_w"]},{"@type":"Person","@id":"https:\/\/gumi.hu\/auto-gumi\/#\/schema\/person\/2353e58979249dd8ea620c1b5702f6f3","name":"admin","image":{"@type":"ImageObject","inLanguage":"hu","@id":"https:\/\/gumi.hu\/auto-gumi\/#\/schema\/person\/image\/","url":"https:\/\/secure.gravatar.com\/avatar\/4f5763fd55850261cec8f332c71917800e8784ed69d7ab099747ab0a62b34fe1?s=96&d=mm&r=g","contentUrl":"https:\/\/secure.gravatar.com\/avatar\/4f5763fd55850261cec8f332c71917800e8784ed69d7ab099747ab0a62b34fe1?s=96&d=mm&r=g","caption":"admin"}}]}},"_links":{"self":[{"href":"https:\/\/gumi.hu\/auto-gumi\/wp-json\/wp\/v2\/posts\/877","targetHints":{"allow":["GET"]}}],"collection":[{"href":"https:\/\/gumi.hu\/auto-gumi\/wp-json\/wp\/v2\/posts"}],"about":[{"href":"https:\/\/gumi.hu\/auto-gumi\/wp-json\/wp\/v2\/types\/post"}],"author":[{"embeddable":true,"href":"https:\/\/gumi.hu\/auto-gumi\/wp-json\/wp\/v2\/users\/1"}],"replies":[{"embeddable":true,"href":"https:\/\/gumi.hu\/auto-gumi\/wp-json\/wp\/v2\/comments?post=877"}],"version-history":[{"count":5,"href":"https:\/\/gumi.hu\/auto-gumi\/wp-json\/wp\/v2\/posts\/877\/revisions"}],"predecessor-version":[{"id":892,"href":"https:\/\/gumi.hu\/auto-gumi\/wp-json\/wp\/v2\/posts\/877\/revisions\/892"}],"wp:featuredmedia":[{"embeddable":true,"href":"https:\/\/gumi.hu\/auto-gumi\/wp-json\/wp\/v2\/media\/879"}],"wp:attachment":[{"href":"https:\/\/gumi.hu\/auto-gumi\/wp-json\/wp\/v2\/media?parent=877"}],"wp:term":[{"taxonomy":"category","embeddable":true,"href":"https:\/\/gumi.hu\/auto-gumi\/wp-json\/wp\/v2\/categories?post=877"},{"taxonomy":"post_tag","embeddable":true,"href":"https:\/\/gumi.hu\/auto-gumi\/wp-json\/wp\/v2\/tags?post=877"}],"curies":[{"name":"wp","href":"https:\/\/api.w.org\/{rel}","templated":true}]}}