{"id":969,"date":"2019-05-24T09:42:53","date_gmt":"2019-05-24T09:42:53","guid":{"rendered":"http:\/\/gumi.hu\/autogumi\/?p=969"},"modified":"2019-05-27T10:04:56","modified_gmt":"2019-05-27T10:04:56","slug":"a-legszinvonalasabb-rallyversenyek-kozt-a-barum-cseh-rally-zlin","status":"publish","type":"post","link":"https:\/\/gumi.hu\/auto-gumi\/a-legszinvonalasabb-rallyversenyek-kozt-a-barum-cseh-rally-zlin\/","title":{"rendered":"A legsz\u00ednvonalasabb rallyversenyek k\u00f6zt a Barum Cseh Rally Zl\u00edn"},"content":{"rendered":"\n<h4 class=\"wp-block-heading\">A Barum Cseh Rally Zl\u00edn-t id\u00e9n imm\u00e1r 49. alkalommal rendezik\nmeg az ERC azaz Eur\u00f3pa Bajnoks\u00e1g egyik f\u0151bb \u00e1llom\u00e1sak\u00e9nt.&nbsp; A Barum Rally az egyik legr\u00e9gebbi \u00e9s\nlegtradicion\u00e1lisabb fordul\u00f3ja a bajnoks\u00e1gnak, \u00edgy az eddigi \u00e9vekhez hasonl\u00f3an,\nrengeteg nevez\u00e9s \u00e9rkezett. <\/h4>\n\n\n\n<p>A rallysport nagy n\u00e9pszer\u0171s\u00e9gnek \u00f6rvend a csehek k\u00f6r\u00e9ben, a\nn\u00e9z\u0151k sz\u00e1ma folyamatosan gyarapodik \u00e9vr\u0151l-\u00e9vre. Hatalmas m\u00e9dia\u00e9rdekl\u0151d\u00e9s is\n\u00f6vezi az esem\u00e9nyt, 2018-ban p\u00e9ld\u00e1ul 318 \u00fajs\u00e1g\u00edr\u00f3b\u00f3l \u00e1ll\u00f3 csapat \u00e9rkezett a\nvil\u00e1g 18 orsz\u00e1g\u00e1b\u00f3l, hogy \u00e9l\u0151ben k\u00f6zvet\u00edtsenek a helysz\u00ednr\u0151l. <\/p>\n\n\n\n<figure class=\"wp-block-image\"><img fetchpriority=\"high\" decoding=\"async\" width=\"4500\" height=\"3000\" src=\"https:\/\/gumi.hu\/autogumi\/wp-content\/uploads\/2019\/05\/barum-rally.jpg\" alt=\"\" class=\"wp-image-973\"\/><figcaption>18 MareS Filip, HlouSek Jan, CZE\/CZE, ACCR Czech Rally Team, Skoda Fabia R5, Action during the 2018 European Rally Championship ERC Barum rally,  from August 24 to 26, at Zlin, Czech Republic &#8211; Photo Thomas Fenetre \/ DPPI<\/figcaption><\/figure>\n\n\n\n<p>A rendezv\u00e9ny kiemelt t\u00e1mogat\u00f3ja \u00e9s n\u00e9vad\u00f3ja is a Barum\nContinental hossz\u00fa \u00e9vek \u00f3ta. Csehorsz\u00e1g legmegb\u00edzhat\u00f3bb aut\u00f3gumi gy\u00e1rt\u00f3ja \u00e9s a\nnagy n\u00e9pszer\u0171s\u00e9gnek \u00f6rvend\u0151 rallysport egym\u00e1s j\u00f3 h\u00edr\u00e9t er\u0151s\u00edtik ezzel az\negy\u00fcttm\u0171k\u00f6d\u00e9ssel. <\/p>\n\n\n\n<p>A Zl\u00edn v\u00e1ros\u00e1ban megrendezett rallyverseny az \u00e9vek folyam\u00e1n sok\nfejl\u0151d\u00e9sen, v\u00e1ltoz\u00e1son ment kereszt\u00fcl, napjainkban a legmen\u0151bb motorsportok\nk\u00f6z\u00e9 sorolj\u00e1k Csehorsz\u00e1gban. A rendezv\u00e9ny \u00fatt\u00f6r\u0151nek sz\u00e1m\u00edt az \u00faj technol\u00f3gi\u00e1k\n\u00e9s a gumiabroncs fejleszt\u00e9sek bemutat\u00e1s\u00e1ban is. 1983 \u00f3ta r\u00e9sze az Eur\u00f3pa\nBajnoks\u00e1gnak, 2007-t\u0151l az Eurosport TV csatorna is t\u00e1mogatja bizonyos r\u00e9szeit. <\/p>\n\n\n\n<p>A versenyz\u0151k &nbsp;Zl\u00edn v\u00e1rosk\u00f6zpontj\u00e1ban\nrajtolnak el \u00e9s ide is \u00e9rkeznek vissza minden \u00e9v augusztus\u00e1ban.&nbsp; A v\u00e1ros maga Csehorsz\u00e1g keleti r\u00e9sz\u00e9n, csod\u00e1s\nf\u00e1kkal \u00e9s erd\u0151kkel k\u00f6rbe\u00f6lelt helysz\u00ednen fekszik, 300 km-re Pr\u00e1g\u00e1t\u00f3l \u00e9s 220\nkm-re B\u00e9cst\u0151l. A rallyverseny id\u00e9n augusztus 16-a \u00e9s 18-a k\u00f6z\u00f6tt ker\u00fcl\nmegrendez\u00e9sre. Tov\u00e1bbi \u00e9rdekess\u00e9gek\u00e9rt \u00e9rdemes ell\u00e1togatni a Barum Cseh Rally\nZl\u00edn hivatalos honlapj\u00e1ra: <a href=\"http:\/\/www.czechrally.com\/en\/\">http:\/\/www.czechrally.com\/en\/<\/a>\n. <\/p>\n\n\n\n<p><em><a href=\"https:\/\/gumi.hu\/keresesmeretszerint\/osszes\/osszes\/osszes\/nyarigumi\/barum\/?utm_source=gumiHU&amp;utm_medium=m%C3%A1rkaoldal&amp;utm_campaign=gumiHU_mo_barum_190524\">Barum\ngumiabroncsok sz\u00e9les v\u00e1laszt\u00e9k\u00e1\u00e9rt KATTINTSON IDE!<\/a><\/em><\/p>\n\n\n\n<figure class=\"wp-block-embed-youtube wp-block-embed\"><div class=\"wp-block-embed__wrapper\">\n<iframe title=\"Barum Czech Rallye Zlin 2018 - [GIRLS &amp; ACTION]\" width=\"1200\" height=\"675\" src=\"https:\/\/www.youtube.com\/embed\/5fECigceHUY?feature=oembed\" frameborder=\"0\" allow=\"accelerometer; autoplay; clipboard-write; encrypted-media; gyroscope; picture-in-picture\" allowfullscreen><\/iframe> \n<\/div><\/figure>\n","protected":false},"excerpt":{"rendered":"<p>A Barum Cseh Rally Zl\u00edn-t id\u00e9n imm\u00e1r 49. alkalommal rendezik meg az ERC azaz Eur\u00f3pa Bajnoks\u00e1g egyik f\u0151bb \u00e1llom\u00e1sak\u00e9nt.&nbsp; A Barum Rally az egyik legr\u00e9gebbi \u00e9s legtradicion\u00e1lisabb fordul\u00f3ja a bajnoks\u00e1gnak, \u00edgy az eddigi \u00e9vekhez hasonl\u00f3an, rengeteg nevez\u00e9s \u00e9rkezett. A rallysport nagy n\u00e9pszer\u0171s\u00e9gnek \u00f6rvend a csehek k\u00f6r\u00e9ben, a n\u00e9z\u0151k sz\u00e1ma folyamatosan gyarapodik \u00e9vr\u0151l-\u00e9vre. Hatalmas m\u00e9dia\u00e9rdekl\u0151d\u00e9s is &#8230; <a title=\"A legsz\u00ednvonalasabb rallyversenyek k\u00f6zt a Barum Cseh Rally Zl\u00edn\" class=\"read-more\" href=\"https:\/\/gumi.hu\/auto-gumi\/a-legszinvonalasabb-rallyversenyek-kozt-a-barum-cseh-rally-zlin\/\" aria-label=\"Read more about A legsz\u00ednvonalasabb rallyversenyek k\u00f6zt a Barum Cseh Rally Zl\u00edn\">Olvass tov\u00e1bb<\/a><\/p>\n","protected":false},"author":1,"featured_media":974,"comment_status":"closed","ping_status":"open","sticky":false,"template":"","format":"standard","meta":{"footnotes":""},"categories":[14],"tags":[],"class_list":["post-969","post","type-post","status-publish","format-standard","has-post-thumbnail","hentry","category-barum"],"yoast_head":"<!-- This site is optimized with the Yoast SEO plugin v26.7 - https:\/\/yoast.com\/wordpress\/plugins\/seo\/ -->\n<title>A legsz\u00ednvonalasabb rallyversenyek k\u00f6zt a Barum Cseh Rally Zl\u00edn - Gumi.hu<\/title>\n<meta name=\"robots\" content=\"index, follow, max-snippet:-1, max-image-preview:large, max-video-preview:-1\" \/>\n<link rel=\"canonical\" href=\"https:\/\/gumi.hu\/auto-gumi\/a-legszinvonalasabb-rallyversenyek-kozt-a-barum-cseh-rally-zlin\/\" \/>\n<meta property=\"og:locale\" content=\"hu_HU\" \/>\n<meta property=\"og:type\" content=\"article\" \/>\n<meta property=\"og:title\" content=\"A legsz\u00ednvonalasabb rallyversenyek k\u00f6zt a Barum Cseh Rally Zl\u00edn - Gumi.hu\" \/>\n<meta property=\"og:description\" content=\"A Barum Cseh Rally Zl\u00edn-t id\u00e9n imm\u00e1r 49. alkalommal rendezik meg az ERC azaz Eur\u00f3pa Bajnoks\u00e1g egyik f\u0151bb \u00e1llom\u00e1sak\u00e9nt.&nbsp; A Barum Rally az egyik legr\u00e9gebbi \u00e9s legtradicion\u00e1lisabb fordul\u00f3ja a bajnoks\u00e1gnak, \u00edgy az eddigi \u00e9vekhez hasonl\u00f3an, rengeteg nevez\u00e9s \u00e9rkezett. A rallysport nagy n\u00e9pszer\u0171s\u00e9gnek \u00f6rvend a csehek k\u00f6r\u00e9ben, a n\u00e9z\u0151k sz\u00e1ma folyamatosan gyarapodik \u00e9vr\u0151l-\u00e9vre. Hatalmas m\u00e9dia\u00e9rdekl\u0151d\u00e9s is ... Olvass tov\u00e1bb\" \/>\n<meta property=\"og:url\" content=\"https:\/\/gumi.hu\/auto-gumi\/a-legszinvonalasabb-rallyversenyek-kozt-a-barum-cseh-rally-zlin\/\" \/>\n<meta property=\"og:site_name\" content=\"Gumi.hu\" \/>\n<meta property=\"article:publisher\" content=\"https:\/\/www.facebook.com\/akhautoszerviz\/\" \/>\n<meta property=\"article:published_time\" content=\"2019-05-24T09:42:53+00:00\" \/>\n<meta property=\"article:modified_time\" content=\"2019-05-27T10:04:56+00:00\" \/>\n<meta property=\"og:image\" content=\"https:\/\/gumi.hu\/auto-gumi\/wp-content\/uploads\/2019\/05\/barum-rally-2.jpg\" \/>\n\t<meta property=\"og:image:width\" content=\"1500\" \/>\n\t<meta property=\"og:image:height\" content=\"999\" \/>\n\t<meta property=\"og:image:type\" content=\"image\/jpeg\" \/>\n<meta name=\"author\" content=\"admin\" \/>\n<meta name=\"twitter:card\" content=\"summary_large_image\" \/>\n<meta name=\"twitter:label1\" content=\"Szerz\u0151:\" \/>\n\t<meta name=\"twitter:data1\" content=\"admin\" \/>\n\t<meta name=\"twitter:label2\" content=\"Becs\u00fclt olvas\u00e1si id\u0151\" \/>\n\t<meta name=\"twitter:data2\" content=\"2 perc\" \/>\n<script type=\"application\/ld+json\" class=\"yoast-schema-graph\">{\"@context\":\"https:\/\/schema.org\",\"@graph\":[{\"@type\":\"Article\",\"@id\":\"https:\/\/gumi.hu\/auto-gumi\/a-legszinvonalasabb-rallyversenyek-kozt-a-barum-cseh-rally-zlin\/#article\",\"isPartOf\":{\"@id\":\"https:\/\/gumi.hu\/auto-gumi\/a-legszinvonalasabb-rallyversenyek-kozt-a-barum-cseh-rally-zlin\/\"},\"author\":{\"name\":\"admin\",\"@id\":\"https:\/\/gumi.hu\/auto-gumi\/#\/schema\/person\/2353e58979249dd8ea620c1b5702f6f3\"},\"headline\":\"A legsz\u00ednvonalasabb rallyversenyek k\u00f6zt a Barum Cseh Rally Zl\u00edn\",\"datePublished\":\"2019-05-24T09:42:53+00:00\",\"dateModified\":\"2019-05-27T10:04:56+00:00\",\"mainEntityOfPage\":{\"@id\":\"https:\/\/gumi.hu\/auto-gumi\/a-legszinvonalasabb-rallyversenyek-kozt-a-barum-cseh-rally-zlin\/\"},\"wordCount\":400,\"publisher\":{\"@id\":\"https:\/\/gumi.hu\/auto-gumi\/#organization\"},\"image\":{\"@id\":\"https:\/\/gumi.hu\/auto-gumi\/a-legszinvonalasabb-rallyversenyek-kozt-a-barum-cseh-rally-zlin\/#primaryimage\"},\"thumbnailUrl\":\"https:\/\/gumi.hu\/auto-gumi\/wp-content\/uploads\/2019\/05\/barum-rally-2.jpg\",\"articleSection\":[\"barum\"],\"inLanguage\":\"hu\"},{\"@type\":\"WebPage\",\"@id\":\"https:\/\/gumi.hu\/auto-gumi\/a-legszinvonalasabb-rallyversenyek-kozt-a-barum-cseh-rally-zlin\/\",\"url\":\"https:\/\/gumi.hu\/auto-gumi\/a-legszinvonalasabb-rallyversenyek-kozt-a-barum-cseh-rally-zlin\/\",\"name\":\"A legsz\u00ednvonalasabb rallyversenyek k\u00f6zt a Barum Cseh Rally Zl\u00edn - Gumi.hu\",\"isPartOf\":{\"@id\":\"https:\/\/gumi.hu\/auto-gumi\/#website\"},\"primaryImageOfPage\":{\"@id\":\"https:\/\/gumi.hu\/auto-gumi\/a-legszinvonalasabb-rallyversenyek-kozt-a-barum-cseh-rally-zlin\/#primaryimage\"},\"image\":{\"@id\":\"https:\/\/gumi.hu\/auto-gumi\/a-legszinvonalasabb-rallyversenyek-kozt-a-barum-cseh-rally-zlin\/#primaryimage\"},\"thumbnailUrl\":\"https:\/\/gumi.hu\/auto-gumi\/wp-content\/uploads\/2019\/05\/barum-rally-2.jpg\",\"datePublished\":\"2019-05-24T09:42:53+00:00\",\"dateModified\":\"2019-05-27T10:04:56+00:00\",\"breadcrumb\":{\"@id\":\"https:\/\/gumi.hu\/auto-gumi\/a-legszinvonalasabb-rallyversenyek-kozt-a-barum-cseh-rally-zlin\/#breadcrumb\"},\"inLanguage\":\"hu\",\"potentialAction\":[{\"@type\":\"ReadAction\",\"target\":[\"https:\/\/gumi.hu\/auto-gumi\/a-legszinvonalasabb-rallyversenyek-kozt-a-barum-cseh-rally-zlin\/\"]}]},{\"@type\":\"ImageObject\",\"inLanguage\":\"hu\",\"@id\":\"https:\/\/gumi.hu\/auto-gumi\/a-legszinvonalasabb-rallyversenyek-kozt-a-barum-cseh-rally-zlin\/#primaryimage\",\"url\":\"https:\/\/gumi.hu\/auto-gumi\/wp-content\/uploads\/2019\/05\/barum-rally-2.jpg\",\"contentUrl\":\"https:\/\/gumi.hu\/auto-gumi\/wp-content\/uploads\/2019\/05\/barum-rally-2.jpg\",\"width\":1500,\"height\":999},{\"@type\":\"BreadcrumbList\",\"@id\":\"https:\/\/gumi.hu\/auto-gumi\/a-legszinvonalasabb-rallyversenyek-kozt-a-barum-cseh-rally-zlin\/#breadcrumb\",\"itemListElement\":[{\"@type\":\"ListItem\",\"position\":1,\"name\":\"Kezd\u0151lap\",\"item\":\"https:\/\/gumi.hu\/auto-gumi\/\"},{\"@type\":\"ListItem\",\"position\":2,\"name\":\"A legsz\u00ednvonalasabb rallyversenyek k\u00f6zt a Barum Cseh Rally Zl\u00edn\"}]},{\"@type\":\"WebSite\",\"@id\":\"https:\/\/gumi.hu\/auto-gumi\/#website\",\"url\":\"https:\/\/gumi.hu\/auto-gumi\/\",\"name\":\"Gumi.hu\",\"description\":\"\",\"publisher\":{\"@id\":\"https:\/\/gumi.hu\/auto-gumi\/#organization\"},\"potentialAction\":[{\"@type\":\"SearchAction\",\"target\":{\"@type\":\"EntryPoint\",\"urlTemplate\":\"https:\/\/gumi.hu\/auto-gumi\/?s={search_term_string}\"},\"query-input\":{\"@type\":\"PropertyValueSpecification\",\"valueRequired\":true,\"valueName\":\"search_term_string\"}}],\"inLanguage\":\"hu\"},{\"@type\":\"Organization\",\"@id\":\"https:\/\/gumi.hu\/auto-gumi\/#organization\",\"name\":\"Gumi.hu\",\"url\":\"https:\/\/gumi.hu\/auto-gumi\/\",\"logo\":{\"@type\":\"ImageObject\",\"inLanguage\":\"hu\",\"@id\":\"https:\/\/gumi.hu\/auto-gumi\/#\/schema\/logo\/image\/\",\"url\":\"https:\/\/gumi.hu\/auto-gumi\/wp-content\/uploads\/2021\/12\/cropped-gumi.hulogo.png\",\"contentUrl\":\"https:\/\/gumi.hu\/auto-gumi\/wp-content\/uploads\/2021\/12\/cropped-gumi.hulogo.png\",\"width\":597,\"height\":256,\"caption\":\"Gumi.hu\"},\"image\":{\"@id\":\"https:\/\/gumi.hu\/auto-gumi\/#\/schema\/logo\/image\/\"},\"sameAs\":[\"https:\/\/www.facebook.com\/akhautoszerviz\/\",\"https:\/\/www.instagram.com\/gumi.hu_poweredbyakh\/\",\"https:\/\/www.youtube.com\/channel\/UCyYJ0QGG6gLMXAADVRYY6_w\"]},{\"@type\":\"Person\",\"@id\":\"https:\/\/gumi.hu\/auto-gumi\/#\/schema\/person\/2353e58979249dd8ea620c1b5702f6f3\",\"name\":\"admin\",\"image\":{\"@type\":\"ImageObject\",\"inLanguage\":\"hu\",\"@id\":\"https:\/\/gumi.hu\/auto-gumi\/#\/schema\/person\/image\/\",\"url\":\"https:\/\/secure.gravatar.com\/avatar\/4f5763fd55850261cec8f332c71917800e8784ed69d7ab099747ab0a62b34fe1?s=96&d=mm&r=g\",\"contentUrl\":\"https:\/\/secure.gravatar.com\/avatar\/4f5763fd55850261cec8f332c71917800e8784ed69d7ab099747ab0a62b34fe1?s=96&d=mm&r=g\",\"caption\":\"admin\"}}]}<\/script>\n<!-- \/ Yoast SEO plugin. -->","yoast_head_json":{"title":"A legsz\u00ednvonalasabb rallyversenyek k\u00f6zt a Barum Cseh Rally Zl\u00edn - Gumi.hu","robots":{"index":"index","follow":"follow","max-snippet":"max-snippet:-1","max-image-preview":"max-image-preview:large","max-video-preview":"max-video-preview:-1"},"canonical":"https:\/\/gumi.hu\/auto-gumi\/a-legszinvonalasabb-rallyversenyek-kozt-a-barum-cseh-rally-zlin\/","og_locale":"hu_HU","og_type":"article","og_title":"A legsz\u00ednvonalasabb rallyversenyek k\u00f6zt a Barum Cseh Rally Zl\u00edn - Gumi.hu","og_description":"A Barum Cseh Rally Zl\u00edn-t id\u00e9n imm\u00e1r 49. alkalommal rendezik meg az ERC azaz Eur\u00f3pa Bajnoks\u00e1g egyik f\u0151bb \u00e1llom\u00e1sak\u00e9nt.&nbsp; A Barum Rally az egyik legr\u00e9gebbi \u00e9s legtradicion\u00e1lisabb fordul\u00f3ja a bajnoks\u00e1gnak, \u00edgy az eddigi \u00e9vekhez hasonl\u00f3an, rengeteg nevez\u00e9s \u00e9rkezett. A rallysport nagy n\u00e9pszer\u0171s\u00e9gnek \u00f6rvend a csehek k\u00f6r\u00e9ben, a n\u00e9z\u0151k sz\u00e1ma folyamatosan gyarapodik \u00e9vr\u0151l-\u00e9vre. Hatalmas m\u00e9dia\u00e9rdekl\u0151d\u00e9s is ... Olvass tov\u00e1bb","og_url":"https:\/\/gumi.hu\/auto-gumi\/a-legszinvonalasabb-rallyversenyek-kozt-a-barum-cseh-rally-zlin\/","og_site_name":"Gumi.hu","article_publisher":"https:\/\/www.facebook.com\/akhautoszerviz\/","article_published_time":"2019-05-24T09:42:53+00:00","article_modified_time":"2019-05-27T10:04:56+00:00","og_image":[{"width":1500,"height":999,"url":"https:\/\/gumi.hu\/auto-gumi\/wp-content\/uploads\/2019\/05\/barum-rally-2.jpg","type":"image\/jpeg"}],"author":"admin","twitter_card":"summary_large_image","twitter_misc":{"Szerz\u0151:":"admin","Becs\u00fclt olvas\u00e1si id\u0151":"2 perc"},"schema":{"@context":"https:\/\/schema.org","@graph":[{"@type":"Article","@id":"https:\/\/gumi.hu\/auto-gumi\/a-legszinvonalasabb-rallyversenyek-kozt-a-barum-cseh-rally-zlin\/#article","isPartOf":{"@id":"https:\/\/gumi.hu\/auto-gumi\/a-legszinvonalasabb-rallyversenyek-kozt-a-barum-cseh-rally-zlin\/"},"author":{"name":"admin","@id":"https:\/\/gumi.hu\/auto-gumi\/#\/schema\/person\/2353e58979249dd8ea620c1b5702f6f3"},"headline":"A legsz\u00ednvonalasabb rallyversenyek k\u00f6zt a Barum Cseh Rally Zl\u00edn","datePublished":"2019-05-24T09:42:53+00:00","dateModified":"2019-05-27T10:04:56+00:00","mainEntityOfPage":{"@id":"https:\/\/gumi.hu\/auto-gumi\/a-legszinvonalasabb-rallyversenyek-kozt-a-barum-cseh-rally-zlin\/"},"wordCount":400,"publisher":{"@id":"https:\/\/gumi.hu\/auto-gumi\/#organization"},"image":{"@id":"https:\/\/gumi.hu\/auto-gumi\/a-legszinvonalasabb-rallyversenyek-kozt-a-barum-cseh-rally-zlin\/#primaryimage"},"thumbnailUrl":"https:\/\/gumi.hu\/auto-gumi\/wp-content\/uploads\/2019\/05\/barum-rally-2.jpg","articleSection":["barum"],"inLanguage":"hu"},{"@type":"WebPage","@id":"https:\/\/gumi.hu\/auto-gumi\/a-legszinvonalasabb-rallyversenyek-kozt-a-barum-cseh-rally-zlin\/","url":"https:\/\/gumi.hu\/auto-gumi\/a-legszinvonalasabb-rallyversenyek-kozt-a-barum-cseh-rally-zlin\/","name":"A legsz\u00ednvonalasabb rallyversenyek k\u00f6zt a Barum Cseh Rally Zl\u00edn - Gumi.hu","isPartOf":{"@id":"https:\/\/gumi.hu\/auto-gumi\/#website"},"primaryImageOfPage":{"@id":"https:\/\/gumi.hu\/auto-gumi\/a-legszinvonalasabb-rallyversenyek-kozt-a-barum-cseh-rally-zlin\/#primaryimage"},"image":{"@id":"https:\/\/gumi.hu\/auto-gumi\/a-legszinvonalasabb-rallyversenyek-kozt-a-barum-cseh-rally-zlin\/#primaryimage"},"thumbnailUrl":"https:\/\/gumi.hu\/auto-gumi\/wp-content\/uploads\/2019\/05\/barum-rally-2.jpg","datePublished":"2019-05-24T09:42:53+00:00","dateModified":"2019-05-27T10:04:56+00:00","breadcrumb":{"@id":"https:\/\/gumi.hu\/auto-gumi\/a-legszinvonalasabb-rallyversenyek-kozt-a-barum-cseh-rally-zlin\/#breadcrumb"},"inLanguage":"hu","potentialAction":[{"@type":"ReadAction","target":["https:\/\/gumi.hu\/auto-gumi\/a-legszinvonalasabb-rallyversenyek-kozt-a-barum-cseh-rally-zlin\/"]}]},{"@type":"ImageObject","inLanguage":"hu","@id":"https:\/\/gumi.hu\/auto-gumi\/a-legszinvonalasabb-rallyversenyek-kozt-a-barum-cseh-rally-zlin\/#primaryimage","url":"https:\/\/gumi.hu\/auto-gumi\/wp-content\/uploads\/2019\/05\/barum-rally-2.jpg","contentUrl":"https:\/\/gumi.hu\/auto-gumi\/wp-content\/uploads\/2019\/05\/barum-rally-2.jpg","width":1500,"height":999},{"@type":"BreadcrumbList","@id":"https:\/\/gumi.hu\/auto-gumi\/a-legszinvonalasabb-rallyversenyek-kozt-a-barum-cseh-rally-zlin\/#breadcrumb","itemListElement":[{"@type":"ListItem","position":1,"name":"Kezd\u0151lap","item":"https:\/\/gumi.hu\/auto-gumi\/"},{"@type":"ListItem","position":2,"name":"A legsz\u00ednvonalasabb rallyversenyek k\u00f6zt a Barum Cseh Rally Zl\u00edn"}]},{"@type":"WebSite","@id":"https:\/\/gumi.hu\/auto-gumi\/#website","url":"https:\/\/gumi.hu\/auto-gumi\/","name":"Gumi.hu","description":"","publisher":{"@id":"https:\/\/gumi.hu\/auto-gumi\/#organization"},"potentialAction":[{"@type":"SearchAction","target":{"@type":"EntryPoint","urlTemplate":"https:\/\/gumi.hu\/auto-gumi\/?s={search_term_string}"},"query-input":{"@type":"PropertyValueSpecification","valueRequired":true,"valueName":"search_term_string"}}],"inLanguage":"hu"},{"@type":"Organization","@id":"https:\/\/gumi.hu\/auto-gumi\/#organization","name":"Gumi.hu","url":"https:\/\/gumi.hu\/auto-gumi\/","logo":{"@type":"ImageObject","inLanguage":"hu","@id":"https:\/\/gumi.hu\/auto-gumi\/#\/schema\/logo\/image\/","url":"https:\/\/gumi.hu\/auto-gumi\/wp-content\/uploads\/2021\/12\/cropped-gumi.hulogo.png","contentUrl":"https:\/\/gumi.hu\/auto-gumi\/wp-content\/uploads\/2021\/12\/cropped-gumi.hulogo.png","width":597,"height":256,"caption":"Gumi.hu"},"image":{"@id":"https:\/\/gumi.hu\/auto-gumi\/#\/schema\/logo\/image\/"},"sameAs":["https:\/\/www.facebook.com\/akhautoszerviz\/","https:\/\/www.instagram.com\/gumi.hu_poweredbyakh\/","https:\/\/www.youtube.com\/channel\/UCyYJ0QGG6gLMXAADVRYY6_w"]},{"@type":"Person","@id":"https:\/\/gumi.hu\/auto-gumi\/#\/schema\/person\/2353e58979249dd8ea620c1b5702f6f3","name":"admin","image":{"@type":"ImageObject","inLanguage":"hu","@id":"https:\/\/gumi.hu\/auto-gumi\/#\/schema\/person\/image\/","url":"https:\/\/secure.gravatar.com\/avatar\/4f5763fd55850261cec8f332c71917800e8784ed69d7ab099747ab0a62b34fe1?s=96&d=mm&r=g","contentUrl":"https:\/\/secure.gravatar.com\/avatar\/4f5763fd55850261cec8f332c71917800e8784ed69d7ab099747ab0a62b34fe1?s=96&d=mm&r=g","caption":"admin"}}]}},"_links":{"self":[{"href":"https:\/\/gumi.hu\/auto-gumi\/wp-json\/wp\/v2\/posts\/969","targetHints":{"allow":["GET"]}}],"collection":[{"href":"https:\/\/gumi.hu\/auto-gumi\/wp-json\/wp\/v2\/posts"}],"about":[{"href":"https:\/\/gumi.hu\/auto-gumi\/wp-json\/wp\/v2\/types\/post"}],"author":[{"embeddable":true,"href":"https:\/\/gumi.hu\/auto-gumi\/wp-json\/wp\/v2\/users\/1"}],"replies":[{"embeddable":true,"href":"https:\/\/gumi.hu\/auto-gumi\/wp-json\/wp\/v2\/comments?post=969"}],"version-history":[{"count":6,"href":"https:\/\/gumi.hu\/auto-gumi\/wp-json\/wp\/v2\/posts\/969\/revisions"}],"predecessor-version":[{"id":988,"href":"https:\/\/gumi.hu\/auto-gumi\/wp-json\/wp\/v2\/posts\/969\/revisions\/988"}],"wp:featuredmedia":[{"embeddable":true,"href":"https:\/\/gumi.hu\/auto-gumi\/wp-json\/wp\/v2\/media\/974"}],"wp:attachment":[{"href":"https:\/\/gumi.hu\/auto-gumi\/wp-json\/wp\/v2\/media?parent=969"}],"wp:term":[{"taxonomy":"category","embeddable":true,"href":"https:\/\/gumi.hu\/auto-gumi\/wp-json\/wp\/v2\/categories?post=969"},{"taxonomy":"post_tag","embeddable":true,"href":"https:\/\/gumi.hu\/auto-gumi\/wp-json\/wp\/v2\/tags?post=969"}],"curies":[{"name":"wp","href":"https:\/\/api.w.org\/{rel}","templated":true}]}}