{"id":977,"date":"2019-05-27T09:46:51","date_gmt":"2019-05-27T09:46:51","guid":{"rendered":"http:\/\/gumi.hu\/autogumi\/?p=977"},"modified":"2019-05-27T09:52:41","modified_gmt":"2019-05-27T09:52:41","slug":"magyar-rally-versenyzok-az-europa-bajnoksagon","status":"publish","type":"post","link":"https:\/\/gumi.hu\/auto-gumi\/magyar-rally-versenyzok-az-europa-bajnoksagon\/","title":{"rendered":"Magyar rally-versenyz\u0151k az Eur\u00f3pa Bajnoks\u00e1gon"},"content":{"rendered":"\n<h3 class=\"wp-block-heading\">Herczig Norbert \u00e9s Ferencz Ram\u00f3n neve ismer\u0151sen csenghet\nazoknak, akik figyelemmel k\u00f6vetik az hazai \u00e9s nemzetk\u00f6zi rally sportot. A Mol\nt\u00e1mogat\u00e1s\u00e1val versenyz\u0151 kett\u0151s id\u00e9n is pr\u00f3b\u00e1ra teszi mag\u00e1t az Eur\u00f3pa\nBajnoks\u00e1gon, amelynek egyik legh\u00edresebb \u00e1llom\u00e1sa a Barum Rally Csehorsz\u00e1gban,\nZl\u00edn v\u00e1ros\u00e1ban. <\/h3>\n\n\n\n<p>Herczig Norbert pil\u00f3tak\u00e9nt, Ferencz Ram\u00f3n pedig\nnavig\u00e1tork\u00e9nt veszi ki a r\u00e9sz\u00e9t a k\u00f6z\u00f6s versenyz\u00e9sb\u0151l. Mindkettej\u00fcket n\u00e9gyszer\nv\u00e1lasztott\u00e1k meg Abszol\u00fat Magyar Rallye Bajnoknak, \u00e9s sz\u00e1mos el\u0151kel\u0151 helyez\u00e9st\ntudhatnak maguk\u00e9nak a nemzetk\u00f6zi megm\u00e9rettet\u00e9seken is. <\/p>\n\n\n\n<div class=\"wp-block-image\"><figure class=\"aligncenter\"><img fetchpriority=\"high\" decoding=\"async\" width=\"800\" height=\"533\" src=\"https:\/\/gumi.hu\/autogumi\/wp-content\/uploads\/2019\/05\/magyar-rally-versenyzok-2.jpg\" alt=\"\" class=\"wp-image-981\"\/><\/figure><\/div>\n\n\n\n<p>A p\u00e1ros az \u00e9v els\u0151 fel\u00e9ben a murv\u00e1s Azori-szigeteken\nm\u00e9rettette meg mag\u00e1t Volkswagen Polo GTi R5-\u00f6s t\u00edpus\u00fa j\u00e1rg\u00e1nyukkal, de a\nkorm\u00e1nym\u0171 meghib\u00e1sod\u00e1sa miatt a 8. helyr\u0151l fel kellett adniuk a versenyt. Egy\ncsap\u00e1gy roncsol\u00f3dott annyira, hogy r\u00e9szben ir\u00e1ny\u00edthatatlann\u00e1 v\u00e1lt az aut\u00f3juk,\nszerencs\u00e9j\u00fckre a hiba egy lassabb szakaszon \u00fctk\u00f6z\u00f6tt ki, nem egy temp\u00f3sabb\nr\u00e9szen. A Bajnoks\u00e1g m\u00e1sodik \u00e1llom\u00e1sa a Kan\u00e1ri-szigetek volt, ahol Herczig\u00e9k\n\u00e9pphogy lecs\u00fasztak a dobog\u00f3r\u00f3l, egy, a gumiabroncsot \u00e9rt defekt miatt a 4.\nhelyen \u00e9rtek c\u00e9lba. A pil\u00f3ta elmond\u00e1sa szerint, a kezdeti r\u00e1z\u00f3sabb r\u00e9szen sim\u00e1n\nt\u00faljutottak, a v\u00e9g\u00e9n \u00e9rezt\u00e9k, hogy a bal els\u0151 gumib\u00f3l elt\u0171nt a nyom\u00e1s. A\nt\u00f6rt\u00e9ntek ellen\u00e9re nagyon \u00f6r\u00fcltek a megszerzett 4. helynek \u00e9s az \u00e9rt\u00e9kes\npontoknak. <\/p>\n\n\n\n<div class=\"wp-block-image\"><figure class=\"aligncenter\"><img decoding=\"async\" width=\"720\" height=\"360\" src=\"https:\/\/gumi.hu\/autogumi\/wp-content\/uploads\/2019\/05\/magyar-rally-versenyzok.jpg\" alt=\"\" class=\"wp-image-980\"\/><\/figure><\/div>\n\n\n\n<p>Az Eur\u00f3pa Bajnoks\u00e1g t\u00f6bb \u00e1llom\u00e1sa h\u00e1tra van m\u00e9g, jelenleg\n\u00f6sszes\u00edt\u00e9sben a 12. poz\u00edci\u00f3t \u00e9rte el a csapat, egy\u00e9niben Herczig Norbert a 7.\nhelyen \u00e1ll. Az Eur\u00f3pa Bajnoks\u00e1g \u00e1llom\u00e1sai k\u00f6z\u00f6tt van m\u00e9g &nbsp;Lettorsz\u00e1g, Lengyelorsz\u00e1g, Olaszorsz\u00e1g, Ciprus\n\u00e9s Magyarorsz\u00e1g is.<\/p>\n\n\n\n<p>Az aktu\u00e1lis \u00e1ll\u00e1sr\u00f3l innen lehet t\u00e1j\u00e9koz\u00f3dni: <a href=\"https:\/\/www.fiaerc.com\/standings\/\">https:\/\/www.fiaerc.com\/standings\/<\/a> <\/p>\n\n\n\n<p><a href=\"https:\/\/gumi.hu\/keresesmeretszerint\/osszes\/osszes\/osszes\/nyarigumi\/barum\/?utm_source=gumiHU&amp;utm_medium=m%C3%A1rkaoldal&amp;utm_campaign=gumiHU_mo_barum_190527\">A\nrangos bajnoks\u00e1gnak nevet ad\u00f3 Barum aut\u00f3gumik IDE KATTINTVA v\u00e1s\u00e1rolhat\u00f3k meg<\/a><\/p>\n\n\n\n<figure class=\"wp-block-embed-youtube wp-block-embed is-type-video is-provider-youtube wp-embed-aspect-16-9 wp-has-aspect-ratio\"><div class=\"wp-block-embed__wrapper\">\n<iframe title=\"\u00daj szezon \u00faj es\u00e9lyek - Herczig Norbert &amp; VW Polo GTi R5\" width=\"1200\" height=\"675\" src=\"https:\/\/www.youtube.com\/embed\/fmBZNeOQkHU?feature=oembed\" frameborder=\"0\" allow=\"accelerometer; autoplay; clipboard-write; encrypted-media; gyroscope; picture-in-picture\" allowfullscreen><\/iframe>\n<\/div><\/figure>\n","protected":false},"excerpt":{"rendered":"<p>Herczig Norbert \u00e9s Ferencz Ram\u00f3n neve ismer\u0151sen csenghet azoknak, akik figyelemmel k\u00f6vetik az hazai \u00e9s nemzetk\u00f6zi rally sportot. A Mol t\u00e1mogat\u00e1s\u00e1val versenyz\u0151 kett\u0151s id\u00e9n is pr\u00f3b\u00e1ra teszi mag\u00e1t az Eur\u00f3pa Bajnoks\u00e1gon, amelynek egyik legh\u00edresebb \u00e1llom\u00e1sa a Barum Rally Csehorsz\u00e1gban, Zl\u00edn v\u00e1ros\u00e1ban. Herczig Norbert pil\u00f3tak\u00e9nt, Ferencz Ram\u00f3n pedig navig\u00e1tork\u00e9nt veszi ki a r\u00e9sz\u00e9t a k\u00f6z\u00f6s versenyz\u00e9sb\u0151l. &#8230; <a title=\"Magyar rally-versenyz\u0151k az Eur\u00f3pa Bajnoks\u00e1gon\" class=\"read-more\" href=\"https:\/\/gumi.hu\/auto-gumi\/magyar-rally-versenyzok-az-europa-bajnoksagon\/\" aria-label=\"Read more about Magyar rally-versenyz\u0151k az Eur\u00f3pa Bajnoks\u00e1gon\">Olvass tov\u00e1bb<\/a><\/p>\n","protected":false},"author":1,"featured_media":983,"comment_status":"closed","ping_status":"open","sticky":false,"template":"","format":"standard","meta":{"footnotes":""},"categories":[14],"tags":[],"class_list":["post-977","post","type-post","status-publish","format-standard","has-post-thumbnail","hentry","category-barum"],"yoast_head":"<!-- This site is optimized with the Yoast SEO plugin v26.7 - https:\/\/yoast.com\/wordpress\/plugins\/seo\/ -->\n<title>Magyar rally-versenyz\u0151k az Eur\u00f3pa Bajnoks\u00e1gon - Gumi.hu<\/title>\n<meta name=\"robots\" content=\"index, follow, max-snippet:-1, max-image-preview:large, max-video-preview:-1\" \/>\n<link rel=\"canonical\" href=\"https:\/\/gumi.hu\/auto-gumi\/magyar-rally-versenyzok-az-europa-bajnoksagon\/\" \/>\n<meta property=\"og:locale\" content=\"hu_HU\" \/>\n<meta property=\"og:type\" content=\"article\" \/>\n<meta property=\"og:title\" content=\"Magyar rally-versenyz\u0151k az Eur\u00f3pa Bajnoks\u00e1gon - Gumi.hu\" \/>\n<meta property=\"og:description\" content=\"Herczig Norbert \u00e9s Ferencz Ram\u00f3n neve ismer\u0151sen csenghet azoknak, akik figyelemmel k\u00f6vetik az hazai \u00e9s nemzetk\u00f6zi rally sportot. A Mol t\u00e1mogat\u00e1s\u00e1val versenyz\u0151 kett\u0151s id\u00e9n is pr\u00f3b\u00e1ra teszi mag\u00e1t az Eur\u00f3pa Bajnoks\u00e1gon, amelynek egyik legh\u00edresebb \u00e1llom\u00e1sa a Barum Rally Csehorsz\u00e1gban, Zl\u00edn v\u00e1ros\u00e1ban. Herczig Norbert pil\u00f3tak\u00e9nt, Ferencz Ram\u00f3n pedig navig\u00e1tork\u00e9nt veszi ki a r\u00e9sz\u00e9t a k\u00f6z\u00f6s versenyz\u00e9sb\u0151l. ... Olvass tov\u00e1bb\" \/>\n<meta property=\"og:url\" content=\"https:\/\/gumi.hu\/auto-gumi\/magyar-rally-versenyzok-az-europa-bajnoksagon\/\" \/>\n<meta property=\"og:site_name\" content=\"Gumi.hu\" \/>\n<meta property=\"article:publisher\" content=\"https:\/\/www.facebook.com\/akhautoszerviz\/\" \/>\n<meta property=\"article:published_time\" content=\"2019-05-27T09:46:51+00:00\" \/>\n<meta property=\"article:modified_time\" content=\"2019-05-27T09:52:41+00:00\" \/>\n<meta property=\"og:image\" content=\"https:\/\/gumi.hu\/auto-gumi\/wp-content\/uploads\/2019\/05\/BarumRally.jpg\" \/>\n\t<meta property=\"og:image:width\" content=\"1072\" \/>\n\t<meta property=\"og:image:height\" content=\"330\" \/>\n\t<meta property=\"og:image:type\" content=\"image\/jpeg\" \/>\n<meta name=\"author\" content=\"admin\" \/>\n<meta name=\"twitter:card\" content=\"summary_large_image\" \/>\n<meta name=\"twitter:label1\" content=\"Szerz\u0151:\" \/>\n\t<meta name=\"twitter:data1\" content=\"admin\" \/>\n\t<meta name=\"twitter:label2\" content=\"Becs\u00fclt olvas\u00e1si id\u0151\" \/>\n\t<meta name=\"twitter:data2\" content=\"2 perc\" \/>\n<script type=\"application\/ld+json\" class=\"yoast-schema-graph\">{\"@context\":\"https:\/\/schema.org\",\"@graph\":[{\"@type\":\"Article\",\"@id\":\"https:\/\/gumi.hu\/auto-gumi\/magyar-rally-versenyzok-az-europa-bajnoksagon\/#article\",\"isPartOf\":{\"@id\":\"https:\/\/gumi.hu\/auto-gumi\/magyar-rally-versenyzok-az-europa-bajnoksagon\/\"},\"author\":{\"name\":\"admin\",\"@id\":\"https:\/\/gumi.hu\/auto-gumi\/#\/schema\/person\/2353e58979249dd8ea620c1b5702f6f3\"},\"headline\":\"Magyar rally-versenyz\u0151k az Eur\u00f3pa Bajnoks\u00e1gon\",\"datePublished\":\"2019-05-27T09:46:51+00:00\",\"dateModified\":\"2019-05-27T09:52:41+00:00\",\"mainEntityOfPage\":{\"@id\":\"https:\/\/gumi.hu\/auto-gumi\/magyar-rally-versenyzok-az-europa-bajnoksagon\/\"},\"wordCount\":384,\"publisher\":{\"@id\":\"https:\/\/gumi.hu\/auto-gumi\/#organization\"},\"image\":{\"@id\":\"https:\/\/gumi.hu\/auto-gumi\/magyar-rally-versenyzok-az-europa-bajnoksagon\/#primaryimage\"},\"thumbnailUrl\":\"https:\/\/gumi.hu\/auto-gumi\/wp-content\/uploads\/2019\/05\/BarumRally.jpg\",\"articleSection\":[\"barum\"],\"inLanguage\":\"hu\"},{\"@type\":\"WebPage\",\"@id\":\"https:\/\/gumi.hu\/auto-gumi\/magyar-rally-versenyzok-az-europa-bajnoksagon\/\",\"url\":\"https:\/\/gumi.hu\/auto-gumi\/magyar-rally-versenyzok-az-europa-bajnoksagon\/\",\"name\":\"Magyar rally-versenyz\u0151k az Eur\u00f3pa Bajnoks\u00e1gon - Gumi.hu\",\"isPartOf\":{\"@id\":\"https:\/\/gumi.hu\/auto-gumi\/#website\"},\"primaryImageOfPage\":{\"@id\":\"https:\/\/gumi.hu\/auto-gumi\/magyar-rally-versenyzok-az-europa-bajnoksagon\/#primaryimage\"},\"image\":{\"@id\":\"https:\/\/gumi.hu\/auto-gumi\/magyar-rally-versenyzok-az-europa-bajnoksagon\/#primaryimage\"},\"thumbnailUrl\":\"https:\/\/gumi.hu\/auto-gumi\/wp-content\/uploads\/2019\/05\/BarumRally.jpg\",\"datePublished\":\"2019-05-27T09:46:51+00:00\",\"dateModified\":\"2019-05-27T09:52:41+00:00\",\"breadcrumb\":{\"@id\":\"https:\/\/gumi.hu\/auto-gumi\/magyar-rally-versenyzok-az-europa-bajnoksagon\/#breadcrumb\"},\"inLanguage\":\"hu\",\"potentialAction\":[{\"@type\":\"ReadAction\",\"target\":[\"https:\/\/gumi.hu\/auto-gumi\/magyar-rally-versenyzok-az-europa-bajnoksagon\/\"]}]},{\"@type\":\"ImageObject\",\"inLanguage\":\"hu\",\"@id\":\"https:\/\/gumi.hu\/auto-gumi\/magyar-rally-versenyzok-az-europa-bajnoksagon\/#primaryimage\",\"url\":\"https:\/\/gumi.hu\/auto-gumi\/wp-content\/uploads\/2019\/05\/BarumRally.jpg\",\"contentUrl\":\"https:\/\/gumi.hu\/auto-gumi\/wp-content\/uploads\/2019\/05\/BarumRally.jpg\",\"width\":1072,\"height\":330},{\"@type\":\"BreadcrumbList\",\"@id\":\"https:\/\/gumi.hu\/auto-gumi\/magyar-rally-versenyzok-az-europa-bajnoksagon\/#breadcrumb\",\"itemListElement\":[{\"@type\":\"ListItem\",\"position\":1,\"name\":\"Kezd\u0151lap\",\"item\":\"https:\/\/gumi.hu\/auto-gumi\/\"},{\"@type\":\"ListItem\",\"position\":2,\"name\":\"Magyar rally-versenyz\u0151k az Eur\u00f3pa Bajnoks\u00e1gon\"}]},{\"@type\":\"WebSite\",\"@id\":\"https:\/\/gumi.hu\/auto-gumi\/#website\",\"url\":\"https:\/\/gumi.hu\/auto-gumi\/\",\"name\":\"Gumi.hu\",\"description\":\"\",\"publisher\":{\"@id\":\"https:\/\/gumi.hu\/auto-gumi\/#organization\"},\"potentialAction\":[{\"@type\":\"SearchAction\",\"target\":{\"@type\":\"EntryPoint\",\"urlTemplate\":\"https:\/\/gumi.hu\/auto-gumi\/?s={search_term_string}\"},\"query-input\":{\"@type\":\"PropertyValueSpecification\",\"valueRequired\":true,\"valueName\":\"search_term_string\"}}],\"inLanguage\":\"hu\"},{\"@type\":\"Organization\",\"@id\":\"https:\/\/gumi.hu\/auto-gumi\/#organization\",\"name\":\"Gumi.hu\",\"url\":\"https:\/\/gumi.hu\/auto-gumi\/\",\"logo\":{\"@type\":\"ImageObject\",\"inLanguage\":\"hu\",\"@id\":\"https:\/\/gumi.hu\/auto-gumi\/#\/schema\/logo\/image\/\",\"url\":\"https:\/\/gumi.hu\/auto-gumi\/wp-content\/uploads\/2021\/12\/cropped-gumi.hulogo.png\",\"contentUrl\":\"https:\/\/gumi.hu\/auto-gumi\/wp-content\/uploads\/2021\/12\/cropped-gumi.hulogo.png\",\"width\":597,\"height\":256,\"caption\":\"Gumi.hu\"},\"image\":{\"@id\":\"https:\/\/gumi.hu\/auto-gumi\/#\/schema\/logo\/image\/\"},\"sameAs\":[\"https:\/\/www.facebook.com\/akhautoszerviz\/\",\"https:\/\/www.instagram.com\/gumi.hu_poweredbyakh\/\",\"https:\/\/www.youtube.com\/channel\/UCyYJ0QGG6gLMXAADVRYY6_w\"]},{\"@type\":\"Person\",\"@id\":\"https:\/\/gumi.hu\/auto-gumi\/#\/schema\/person\/2353e58979249dd8ea620c1b5702f6f3\",\"name\":\"admin\",\"image\":{\"@type\":\"ImageObject\",\"inLanguage\":\"hu\",\"@id\":\"https:\/\/gumi.hu\/auto-gumi\/#\/schema\/person\/image\/\",\"url\":\"https:\/\/secure.gravatar.com\/avatar\/4f5763fd55850261cec8f332c71917800e8784ed69d7ab099747ab0a62b34fe1?s=96&d=mm&r=g\",\"contentUrl\":\"https:\/\/secure.gravatar.com\/avatar\/4f5763fd55850261cec8f332c71917800e8784ed69d7ab099747ab0a62b34fe1?s=96&d=mm&r=g\",\"caption\":\"admin\"}}]}<\/script>\n<!-- \/ Yoast SEO plugin. -->","yoast_head_json":{"title":"Magyar rally-versenyz\u0151k az Eur\u00f3pa Bajnoks\u00e1gon - Gumi.hu","robots":{"index":"index","follow":"follow","max-snippet":"max-snippet:-1","max-image-preview":"max-image-preview:large","max-video-preview":"max-video-preview:-1"},"canonical":"https:\/\/gumi.hu\/auto-gumi\/magyar-rally-versenyzok-az-europa-bajnoksagon\/","og_locale":"hu_HU","og_type":"article","og_title":"Magyar rally-versenyz\u0151k az Eur\u00f3pa Bajnoks\u00e1gon - Gumi.hu","og_description":"Herczig Norbert \u00e9s Ferencz Ram\u00f3n neve ismer\u0151sen csenghet azoknak, akik figyelemmel k\u00f6vetik az hazai \u00e9s nemzetk\u00f6zi rally sportot. A Mol t\u00e1mogat\u00e1s\u00e1val versenyz\u0151 kett\u0151s id\u00e9n is pr\u00f3b\u00e1ra teszi mag\u00e1t az Eur\u00f3pa Bajnoks\u00e1gon, amelynek egyik legh\u00edresebb \u00e1llom\u00e1sa a Barum Rally Csehorsz\u00e1gban, Zl\u00edn v\u00e1ros\u00e1ban. Herczig Norbert pil\u00f3tak\u00e9nt, Ferencz Ram\u00f3n pedig navig\u00e1tork\u00e9nt veszi ki a r\u00e9sz\u00e9t a k\u00f6z\u00f6s versenyz\u00e9sb\u0151l. ... Olvass tov\u00e1bb","og_url":"https:\/\/gumi.hu\/auto-gumi\/magyar-rally-versenyzok-az-europa-bajnoksagon\/","og_site_name":"Gumi.hu","article_publisher":"https:\/\/www.facebook.com\/akhautoszerviz\/","article_published_time":"2019-05-27T09:46:51+00:00","article_modified_time":"2019-05-27T09:52:41+00:00","og_image":[{"width":1072,"height":330,"url":"https:\/\/gumi.hu\/auto-gumi\/wp-content\/uploads\/2019\/05\/BarumRally.jpg","type":"image\/jpeg"}],"author":"admin","twitter_card":"summary_large_image","twitter_misc":{"Szerz\u0151:":"admin","Becs\u00fclt olvas\u00e1si id\u0151":"2 perc"},"schema":{"@context":"https:\/\/schema.org","@graph":[{"@type":"Article","@id":"https:\/\/gumi.hu\/auto-gumi\/magyar-rally-versenyzok-az-europa-bajnoksagon\/#article","isPartOf":{"@id":"https:\/\/gumi.hu\/auto-gumi\/magyar-rally-versenyzok-az-europa-bajnoksagon\/"},"author":{"name":"admin","@id":"https:\/\/gumi.hu\/auto-gumi\/#\/schema\/person\/2353e58979249dd8ea620c1b5702f6f3"},"headline":"Magyar rally-versenyz\u0151k az Eur\u00f3pa Bajnoks\u00e1gon","datePublished":"2019-05-27T09:46:51+00:00","dateModified":"2019-05-27T09:52:41+00:00","mainEntityOfPage":{"@id":"https:\/\/gumi.hu\/auto-gumi\/magyar-rally-versenyzok-az-europa-bajnoksagon\/"},"wordCount":384,"publisher":{"@id":"https:\/\/gumi.hu\/auto-gumi\/#organization"},"image":{"@id":"https:\/\/gumi.hu\/auto-gumi\/magyar-rally-versenyzok-az-europa-bajnoksagon\/#primaryimage"},"thumbnailUrl":"https:\/\/gumi.hu\/auto-gumi\/wp-content\/uploads\/2019\/05\/BarumRally.jpg","articleSection":["barum"],"inLanguage":"hu"},{"@type":"WebPage","@id":"https:\/\/gumi.hu\/auto-gumi\/magyar-rally-versenyzok-az-europa-bajnoksagon\/","url":"https:\/\/gumi.hu\/auto-gumi\/magyar-rally-versenyzok-az-europa-bajnoksagon\/","name":"Magyar rally-versenyz\u0151k az Eur\u00f3pa Bajnoks\u00e1gon - Gumi.hu","isPartOf":{"@id":"https:\/\/gumi.hu\/auto-gumi\/#website"},"primaryImageOfPage":{"@id":"https:\/\/gumi.hu\/auto-gumi\/magyar-rally-versenyzok-az-europa-bajnoksagon\/#primaryimage"},"image":{"@id":"https:\/\/gumi.hu\/auto-gumi\/magyar-rally-versenyzok-az-europa-bajnoksagon\/#primaryimage"},"thumbnailUrl":"https:\/\/gumi.hu\/auto-gumi\/wp-content\/uploads\/2019\/05\/BarumRally.jpg","datePublished":"2019-05-27T09:46:51+00:00","dateModified":"2019-05-27T09:52:41+00:00","breadcrumb":{"@id":"https:\/\/gumi.hu\/auto-gumi\/magyar-rally-versenyzok-az-europa-bajnoksagon\/#breadcrumb"},"inLanguage":"hu","potentialAction":[{"@type":"ReadAction","target":["https:\/\/gumi.hu\/auto-gumi\/magyar-rally-versenyzok-az-europa-bajnoksagon\/"]}]},{"@type":"ImageObject","inLanguage":"hu","@id":"https:\/\/gumi.hu\/auto-gumi\/magyar-rally-versenyzok-az-europa-bajnoksagon\/#primaryimage","url":"https:\/\/gumi.hu\/auto-gumi\/wp-content\/uploads\/2019\/05\/BarumRally.jpg","contentUrl":"https:\/\/gumi.hu\/auto-gumi\/wp-content\/uploads\/2019\/05\/BarumRally.jpg","width":1072,"height":330},{"@type":"BreadcrumbList","@id":"https:\/\/gumi.hu\/auto-gumi\/magyar-rally-versenyzok-az-europa-bajnoksagon\/#breadcrumb","itemListElement":[{"@type":"ListItem","position":1,"name":"Kezd\u0151lap","item":"https:\/\/gumi.hu\/auto-gumi\/"},{"@type":"ListItem","position":2,"name":"Magyar rally-versenyz\u0151k az Eur\u00f3pa Bajnoks\u00e1gon"}]},{"@type":"WebSite","@id":"https:\/\/gumi.hu\/auto-gumi\/#website","url":"https:\/\/gumi.hu\/auto-gumi\/","name":"Gumi.hu","description":"","publisher":{"@id":"https:\/\/gumi.hu\/auto-gumi\/#organization"},"potentialAction":[{"@type":"SearchAction","target":{"@type":"EntryPoint","urlTemplate":"https:\/\/gumi.hu\/auto-gumi\/?s={search_term_string}"},"query-input":{"@type":"PropertyValueSpecification","valueRequired":true,"valueName":"search_term_string"}}],"inLanguage":"hu"},{"@type":"Organization","@id":"https:\/\/gumi.hu\/auto-gumi\/#organization","name":"Gumi.hu","url":"https:\/\/gumi.hu\/auto-gumi\/","logo":{"@type":"ImageObject","inLanguage":"hu","@id":"https:\/\/gumi.hu\/auto-gumi\/#\/schema\/logo\/image\/","url":"https:\/\/gumi.hu\/auto-gumi\/wp-content\/uploads\/2021\/12\/cropped-gumi.hulogo.png","contentUrl":"https:\/\/gumi.hu\/auto-gumi\/wp-content\/uploads\/2021\/12\/cropped-gumi.hulogo.png","width":597,"height":256,"caption":"Gumi.hu"},"image":{"@id":"https:\/\/gumi.hu\/auto-gumi\/#\/schema\/logo\/image\/"},"sameAs":["https:\/\/www.facebook.com\/akhautoszerviz\/","https:\/\/www.instagram.com\/gumi.hu_poweredbyakh\/","https:\/\/www.youtube.com\/channel\/UCyYJ0QGG6gLMXAADVRYY6_w"]},{"@type":"Person","@id":"https:\/\/gumi.hu\/auto-gumi\/#\/schema\/person\/2353e58979249dd8ea620c1b5702f6f3","name":"admin","image":{"@type":"ImageObject","inLanguage":"hu","@id":"https:\/\/gumi.hu\/auto-gumi\/#\/schema\/person\/image\/","url":"https:\/\/secure.gravatar.com\/avatar\/4f5763fd55850261cec8f332c71917800e8784ed69d7ab099747ab0a62b34fe1?s=96&d=mm&r=g","contentUrl":"https:\/\/secure.gravatar.com\/avatar\/4f5763fd55850261cec8f332c71917800e8784ed69d7ab099747ab0a62b34fe1?s=96&d=mm&r=g","caption":"admin"}}]}},"_links":{"self":[{"href":"https:\/\/gumi.hu\/auto-gumi\/wp-json\/wp\/v2\/posts\/977","targetHints":{"allow":["GET"]}}],"collection":[{"href":"https:\/\/gumi.hu\/auto-gumi\/wp-json\/wp\/v2\/posts"}],"about":[{"href":"https:\/\/gumi.hu\/auto-gumi\/wp-json\/wp\/v2\/types\/post"}],"author":[{"embeddable":true,"href":"https:\/\/gumi.hu\/auto-gumi\/wp-json\/wp\/v2\/users\/1"}],"replies":[{"embeddable":true,"href":"https:\/\/gumi.hu\/auto-gumi\/wp-json\/wp\/v2\/comments?post=977"}],"version-history":[{"count":4,"href":"https:\/\/gumi.hu\/auto-gumi\/wp-json\/wp\/v2\/posts\/977\/revisions"}],"predecessor-version":[{"id":984,"href":"https:\/\/gumi.hu\/auto-gumi\/wp-json\/wp\/v2\/posts\/977\/revisions\/984"}],"wp:featuredmedia":[{"embeddable":true,"href":"https:\/\/gumi.hu\/auto-gumi\/wp-json\/wp\/v2\/media\/983"}],"wp:attachment":[{"href":"https:\/\/gumi.hu\/auto-gumi\/wp-json\/wp\/v2\/media?parent=977"}],"wp:term":[{"taxonomy":"category","embeddable":true,"href":"https:\/\/gumi.hu\/auto-gumi\/wp-json\/wp\/v2\/categories?post=977"},{"taxonomy":"post_tag","embeddable":true,"href":"https:\/\/gumi.hu\/auto-gumi\/wp-json\/wp\/v2\/tags?post=977"}],"curies":[{"name":"wp","href":"https:\/\/api.w.org\/{rel}","templated":true}]}}