{"id":10109,"date":"2023-11-02T14:39:12","date_gmt":"2023-11-02T12:39:12","guid":{"rendered":"https:\/\/gumi.hu\/blog\/?p=10109"},"modified":"2026-01-07T16:12:12","modified_gmt":"2026-01-07T14:12:12","slug":"fekezeskor-raz-a-kormany","status":"publish","type":"post","link":"https:\/\/gumi.hu\/blog\/fekezeskor-raz-a-kormany\/","title":{"rendered":"Mi a teend\u0151, ha f\u00e9kez\u00e9skor r\u00e1z a korm\u00e1ny?"},"content":{"rendered":"\n<h2 class=\"has-medium-font-size wp-block-heading\"><strong>Kisebb f\u00e9kez\u00e9skor a korm\u00e1ny \u00e9s a f\u00e9kped\u00e1l rezon\u00e1lni kezd? Ak\u00e1r s\u00falyos m\u0171szaki probl\u00e9m\u00e1ra is utalhat, ha f\u00e9kez\u00e9skor r\u00e1z a korm\u00e1ny. Cikk\u00fcnkben bemutatjuk a lehets\u00e9ges okokat, a szerviz lehet\u0151s\u00e9geket \u00e9s a felmer\u00fcl\u0151 k\u00f6lts\u00e9geket.<\/strong><\/h2>\n\n\n\n<h2 class=\"wp-block-heading\"><strong>Az alapok: \u00edgy m\u0171k\u00f6dik a f\u00e9k<\/strong><\/h2>\n\n\n\n<p>Miel\u0151tt r\u00e1t\u00e9rn\u00e9nk arra, mi okozhatja a f\u00e9kez\u00e9skor jelentkez\u0151 korm\u00e1ny remeg\u00e9st, r\u00f6viden bemutatjuk a f\u00e9k m\u0171k\u00f6d\u00e9s\u00e9t. A f\u00e9krendszer hib\u00e1tlan m\u0171k\u00f6d\u00e9se elengedhetetlen a biztons\u00e1gos k\u00f6zleked\u00e9shez. H\u00e1rom fontos feladatot l\u00e1t el:<\/p>\n\n\n\n<ul class=\"wp-block-list\">\n<li>lass\u00edtja a menetsebess\u00e9g\u00e9t,<\/li>\n\n\n\n<li>teljesen meg\u00e1ll\u00edtja az aut\u00f3t,<\/li>\n\n\n\n<li>\u00e1ll\u00f3 helyzetben r\u00f6gz\u00edti a kocsit.<\/li>\n<\/ul>\n\n\n\n<p>A modern f\u00e9krendszerek hidraulikus technol\u00f3gi\u00e1t haszn\u00e1lnak a fenti c\u00e9lok el\u00e9r\u00e9s\u00e9hez. A k\u00f6vetkez\u0151kben l\u00e9p\u00e9sr\u0151l-l\u00e9p\u00e9sre bemutatjuk, hogy mi t\u00f6rt\u00e9nik a piros l\u00e1mpa \u00e9szlel\u00e9se \u00e9s az aut\u00f3 meg\u00e1ll\u00e1sa k\u00f6z\u00f6tt:<\/p>\n\n\n\n<ol class=\"wp-block-list\">\n<li>A sof\u0151r \u00e9szleli, hogy a k\u00f6zleked\u00e9si l\u00e1mpa pirosra v\u00e1ltott, ez\u00e9rt megnyomja a f\u00e9kped\u00e1lt. Ekkor megemelkedik a f\u0151f\u00e9khengerben tal\u00e1lhat\u00f3 hidraulikus nyom\u00e1s.<\/li>\n\n\n\n<li>A f\u00e9krendszer cs\u00f6vein kereszt\u00fcl tov\u00e1bb\u00edtj\u00e1k a nyom\u00e1st a munkahengerekhez, amelyek a nyom\u00e1st er\u0151v\u00e9 konvert\u00e1lj\u00e1k.<\/li>\n\n\n\n<li>Az er\u0151 hat\u00e1s\u00e1ra a f\u00e9kbet\u00e9t a f\u00e9kt\u00e1rcsa fel\u00fclet\u00e9hez nyom\u00f3dik, amely lass\u00edtani kezdi a menetsebess\u00e9get, v\u00e9g\u00fcl pedig teljesen meg\u00e1ll az aut\u00f3.<\/li>\n\n\n\n<li>A s\u00farl\u00f3d\u00e1s k\u00f6vetkezt\u00e9ben a f\u00e9krendszer egyes alkatr\u00e9szei ak\u00e1r 200 \u00b0C h\u0151m\u00e9rs\u00e9kletet is el\u00e9rhetnek.<\/li>\n<\/ol>\n\n\n\n<p>A f\u00e9kek jelentik a legfontosabb biztons\u00e1gi rendszert az aut\u00f3ban. Meghib\u00e1sod\u00e1s eset\u00e9n drasztikusan megn\u0151het a <a href=\"https:\/\/gumi.hu\/blog\/fektavolsag-tablazat\/\" target=\"_blank\" rel=\"noreferrer noopener\">f\u00e9kt\u00e1vols\u00e1g<\/a>, amely fokozhatja a balesetek kock\u00e1zat\u00e1t. \u00cdgy hib\u00e1k \u00e9szlel\u00e9se eset\u00e9n (pl., ha <a href=\"https:\/\/gumi.hu\/blog\/nyikorog-a-fek\/\" target=\"_blank\" rel=\"noreferrer noopener\">nyikorog a f\u00e9k<\/a>) vigye aut\u00f3j\u00e1t miel\u0151bb szervizbe. B\u00e1r a <a href=\"https:\/\/gumi.hu\/blog\/fekcsere\/\" target=\"_blank\" rel=\"noreferrer noopener\">f\u00e9kcsere<\/a> k\u00f6lts\u00e9ges lehet, a biztons\u00e1gi rendszeren nem \u00e9rdemes sp\u00f3rolni.<\/p>\n\n\n\n<h2 class=\"wp-block-heading\"><strong>Mi\u00e9rt remeg a korm\u00e1ny f\u00e9kez\u00e9s k\u00f6zben?<\/strong><\/h2>\n\n\n\n<p>Remeg a korm\u00e1ny f\u00e9kez\u00e9s k\u00f6zben? R\u00e1zk\u00f3dik a f\u00e9kped\u00e1l kisebb f\u00e9kez\u00e9s eset\u00e9n is? Sz\u00e1mos m\u0171szaki hiba \u00e1llhat a jelens\u00e9g h\u00e1tter\u00e9ben. \u00d6sszegy\u0171jt\u00f6tt\u00fck a leggyakoribb okokat.<\/p>\n\n\n\n<h3 class=\"wp-block-heading\"><strong>Deform\u00e1l\u00f3dott f\u00e9kt\u00e1rcsa<\/strong><\/h3>\n\n\n\n<p>A f\u00e9kt\u00e1rcsa s\u00falyos amortiz\u00e1ci\u00f3 eset\u00e9n deform\u00e1l\u00f3dhat. Ez cs\u00f6kkentheti a f\u00e9krendszer teljes\u00edtm\u00e9ny\u00e9t, zavar\u00f3 hanghoz \u00e9s f\u00e9kez\u00e9skor jelentkez\u0151 er\u0151s rezg\u00e9shez vezethet. Ilyen esetekben kiz\u00e1r\u00f3lag a f\u00e9kt\u00e1rcsa csere jelenthet megold\u00e1st.<\/p>\n\n\n\n<h3 class=\"wp-block-heading\"><strong>Szennyez\u0151d\u00e9s a f\u00e9kt\u00e1rcs\u00e1n<\/strong><\/h3>\n\n\n\n<p>Az otthoni f\u00e9kcsere sz\u00e1mos ok miatt nem javasolt. Ezek egyike a beszerel\u00e9skor gyakran kifelejtett vagy helytelen\u00fcl v\u00e9gzett ker\u00e9kagy tiszt\u00edt\u00e1sa, amely k\u00f6vetkezt\u00e9ben jelentkezhet korm\u00e1ny remeg\u00e9s f\u00e9kez\u00e9skor.<\/p>\n\n\n\n<h3 class=\"wp-block-heading\"><strong>Egyenetlen f\u00e9kbet\u00e9t kop\u00e1s<\/strong><\/h3>\n\n\n\n<p>A f\u00e9kbet\u00e9t kop\u00e1s jelentkezhet egyenl\u0151tlen\u00fcl is. Ilyenkor az aut\u00f3 egyik oldal\u00e1n magasabb fok\u00fa az amortiz\u00e1ci\u00f3, ez pedig f\u00e9kez\u00e9skor fell\u00e9p\u0151 remeg\u00e9shez \u00e9s s\u00falyos esetekben jelent\u0151sen megn\u0151tt f\u00e9kt\u00e1vhoz vezethet. Amennyiben az egyenetlen f\u00e9kbet\u00e9t kop\u00e1s jeleit tapasztalja, vigye aut\u00f3j\u00e1t miel\u0151bb szervizbe!<\/p>\n\n\n\n<h3 class=\"wp-block-heading\"><strong>Rozsdafoltok a f\u00e9kt\u00e1rcs\u00e1n<\/strong><\/h3>\n\n\n\n<p>A f\u00e9kt\u00e1rcs\u00e1n jelentkez\u0151 korr\u00f3zi\u00f3 \u00e9s rozsdafoltok okozhatnak er\u0151teljes, f\u00e9kez\u00e9skor jelentkez\u0151 remeg\u00e9st. A probl\u00e9ma megold\u00e1s\u00e1t \u00e1ltal\u00e1ban a f\u00e9kcsere jelenti.<\/p>\n\n\n\n<h3 class=\"wp-block-heading\"><strong>Fut\u00f3m\u0171 s\u00e9r\u00fcl\u00e9s<\/strong><\/h3>\n\n\n\n<p>A f\u00e9krendszert \u00e9rint\u0151 probl\u00e9m\u00e1k mellett, nem ritka, hogy a fut\u00f3m\u0171vet \u00e9rint\u0151 meghib\u00e1sod\u00e1s miatt r\u00e1z f\u00e9kez\u00e9skor a korm\u00e1ny. Gyakori a fut\u00f3m\u0171-alkatr\u00e9szek meghib\u00e1sod\u00e1sa, amely jav\u00edt\u00e1sa komplex m\u0171szaki feladat, \u00edgy kiz\u00e1r\u00f3lag szakemberek v\u00e9gezhetik.<\/p>\n\n\n\n<h3 class=\"wp-block-heading\"><strong>Ker\u00e9k be\u00e1ll\u00edt\u00e1si probl\u00e9m\u00e1k<\/strong><\/h3>\n\n\n\n<p>F\u00e9kez\u00e9skor r\u00e1z a korm\u00e1ny? B\u00e1r ban\u00e1lis hiba, m\u00e9gis k\u00f6nnyen lehet, hogy a ker\u00e9k helytelen be\u00e1ll\u00edt\u00e1sa okozza a probl\u00e9m\u00e1t. M\u00e9g egy ok, ami\u00e9rt \u00e9rdemes profikra b\u00edzni az aut\u00f3 gumicser\u00e9t!<\/p>\n\n\n\n<h2 class=\"wp-block-heading\"><strong>Tegye ezt, ha f\u00e9kez\u00e9skor r\u00e1z a korm\u00e1ny<\/strong><\/h2>\n\n\n\n<p>Legyen sz\u00f3 f\u00e9k- vagy fut\u00f3m\u0171 hib\u00e1r\u00f3l, fontos, hogy ne v\u00e1rjon a szervizel\u00e9ssel, ha azt tapasztalja, hogy f\u00e9kez\u00e9skor r\u00e1z a korm\u00e1ny. K\u00f6nnyen lehet, hogy a remeg\u00e9s s\u00falyos m\u0171szaki probl\u00e9m\u00e1ra utal. Javasoljuk, hogy a rezg\u00e9s \u00e9szlel\u00e9s\u00e9t k\u00f6vet\u0151en azonnal foglaljon id\u0151pontot egy profi aut\u00f3szervizben. Ezt az AKH-n\u00e1l ak\u00e1r online is megteheti, ehhez k\u00f6vesse az al\u00e1bbi egyszer\u0171 l\u00e9p\u00e9seket:<\/p>\n\n\n\n<ol class=\"wp-block-list\">\n<li>Menjen a <a href=\"https:\/\/gumi.hu\/autoszerviz-online\" target=\"_blank\" rel=\"noreferrer noopener\">foglal\u00e1si fel\u00fcletre<\/a>!<\/li>\n\n\n\n<li>V\u00e1lassza ki az ig\u00e9nyeinek megfelel\u0151 helysz\u00ednt!<\/li>\n\n\n\n<li>Ezt k\u00f6vet\u0151en v\u00e1lassza ki a d\u00e1tumot \u00e9s id\u0151pontot!<\/li>\n\n\n\n<li>R\u00f6viden adja meg a hiba le\u00edr\u00e1s\u00e1t, amely alapj\u00e1n koll\u00e9g\u00e1ink felk\u00e9sz\u00fclhetnek \u00e9rkez\u00e9se el\u0151tt!<\/li>\n\n\n\n<li>V\u00e9g\u00fcl adja meg saj\u00e1t \u00e9s aut\u00f3ja adatait!<\/li>\n\n\n\n<li>Ezt k\u00f6vet\u0151en emailben \u00e9rtes\u00edtj\u00fck a sikeres foglal\u00e1sr\u00f3l, majd sorban \u00e1ll\u00e1s n\u00e9lk\u00fcl fogadjuk a megjel\u00f6lt id\u0151pontban!<\/li>\n<\/ol>\n\n\n<div class=\"wp-block-image\">\n<figure class=\"aligncenter size-large\"><img fetchpriority=\"high\" decoding=\"async\" width=\"1024\" height=\"683\" src=\"https:\/\/gumi.hu\/blog\/wp-content\/uploads\/2023\/11\/remeg-a-kormany-1024x683.jpg\" alt=\" Remeg a korm\u00e1ny vezet\u00e9s k\u00f6zben\" class=\"wp-image-10110\" title=\"\" srcset=\"https:\/\/gumi.hu\/blog\/wp-content\/uploads\/2023\/11\/remeg-a-kormany-1024x683.jpg 1024w, https:\/\/gumi.hu\/blog\/wp-content\/uploads\/2023\/11\/remeg-a-kormany-300x200.jpg 300w, https:\/\/gumi.hu\/blog\/wp-content\/uploads\/2023\/11\/remeg-a-kormany-768x512.jpg 768w, https:\/\/gumi.hu\/blog\/wp-content\/uploads\/2023\/11\/remeg-a-kormany-1536x1024.jpg 1536w, https:\/\/gumi.hu\/blog\/wp-content\/uploads\/2023\/11\/remeg-a-kormany-2048x1365.jpg 2048w\" sizes=\"(max-width: 1024px) 100vw, 1024px\" \/><\/figure><\/div>\n\n\n<h2 class=\"wp-block-heading\"><strong>F\u00e9k jav\u00edt\u00e1s \u00e1rak 2025-ben: mennyibe fog ker\u00fclni a szerviz?<\/strong><\/h2>\n\n\n\n<p>A f\u00e9k jav\u00edt\u00e1s \u00e1rak 2025-ben:<\/p>\n\n\n\n<ul class=\"wp-block-list\">\n<li>F\u00e9kbet\u00e9t csere \u00e1ra: 17 900 Ft\/garnit\u00fara<\/li>\n\n\n\n<li>F\u00e9kcs\u0151 csere \u00e1ra: 14 900 Ft\/db<\/li>\n\n\n\n<li>F\u00e9kfolyad\u00e9k csere \u00e1ra: 16 200 Ft\/db<\/li>\n\n\n\n<li>F\u00e9kjav\u00edt\u00e1s \u00e1ra: 15 600 Ft\/\u00f3ra<\/li>\n\n\n\n<li>F\u00e9kmunkahenger csere \u00e1ra: 16 200 Ft\/db<\/li>\n\n\n\n<li>F\u00e9knyereg csere \u00e1ra: 16 200 Ft\/db<\/li>\n\n\n\n<li>F\u00e9kpofa csere \u00e1ra: 20 900 Ft\/garnit\u00fara<\/li>\n\n\n\n<li>F\u00e9kt\u00e1rcsa csere \u00e1ra: 16 200 Ft\/db<\/li>\n<\/ul>\n\n\n\n<p>Az AKH szervizekben nem csup\u00e1n kifog\u00e1stalan szolg\u00e1ltat\u00e1sban lehet r\u00e9sze, de a kedvez\u0151 \u00e1r-\u00e9rt\u00e9k is garant\u00e1lt.<\/p>\n\n\n\n<p>      <\/p>\n\n\n\n<div class=\"wp-block-buttons is-horizontal is-content-justification-center is-layout-flex wp-container-core-buttons-is-layout-499968f5 wp-block-buttons-is-layout-flex\">\n<div class=\"wp-block-button\"><a class=\"wp-block-button__link has-text-color has-background wp-element-button\" href=\"https:\/\/gumi.hu\/autoszerviz-online\" style=\"border-radius:1px;color:#333333;background-color:#fdd814\" target=\"_blank\" rel=\"noreferrer noopener\"><strong>Id\u0151pontfoglal\u00e1s<\/strong><\/a><\/div>\n<\/div>\n\n\n\n<p>   <\/p>\n\n\n\n<p class=\"has-text-align-left\"><em>Pr\u00e9mium min\u0151s\u00e9g\u0171 gumi- \u00e9s aut\u00f3szerviz szolg\u00e1ltat\u00e1sok az \u00d6n k\u00f6zel\u00e9ben &#8211; haszn\u00e1lja t\u00e9rk\u00e9pes keres\u0151nket!<\/em><\/p>\n\n\n\n<div class=\"wp-block-buttons is-horizontal is-content-justification-center is-layout-flex wp-container-core-buttons-is-layout-499968f5 wp-block-buttons-is-layout-flex\">\n<div class=\"wp-block-button\"><a class=\"wp-block-button__link has-text-color has-background wp-element-button\" href=\"https:\/\/akh.hu\/szervizek\" style=\"border-radius:1px;color:#333333;background-color:#fdd814\" target=\"_blank\" rel=\"noreferrer noopener nofollow\"><strong>Pr\u00e9mium Partner keres\u0151<\/strong><\/a><\/div>\n<\/div>\n\n\n\n<p>     <\/p>\n\n\n\n<p><em>Ne maradjon le \u00fajdons\u00e1gainkr\u00f3l, akci\u00f3inkr\u00f3l, iratkozzon fel h\u00edrlevel\u00fcnkre!<\/em><\/p>\n\n\n\n<div class=\"wp-block-buttons is-horizontal is-content-justification-center is-layout-flex wp-container-core-buttons-is-layout-499968f5 wp-block-buttons-is-layout-flex\">\n<div class=\"wp-block-button\"><a class=\"wp-block-button__link has-text-color has-background wp-element-button\" href=\"https:\/\/gumi.hu\/#subscribe-to-newsletter\" style=\"border-radius:1px;color:#333333;background-color:#fdd814\" target=\"_blank\" rel=\"noreferrer noopener\">H\u00edrlev\u00e9l feliratkoz\u00e1s<\/a><\/div>\n<\/div>\n","protected":false},"excerpt":{"rendered":"<p>Kisebb f\u00e9kez\u00e9skor a korm\u00e1ny \u00e9s a f\u00e9kped\u00e1l rezon\u00e1lni kezd? Ak\u00e1r s\u00falyos m\u0171szaki probl\u00e9m\u00e1ra is utalhat, ha f\u00e9kez\u00e9skor r\u00e1z a korm\u00e1ny. Cikk\u00fcnkben bemutatjuk a lehets\u00e9ges okokat, a szerviz lehet\u0151s\u00e9geket \u00e9s a felmer\u00fcl\u0151 k\u00f6lts\u00e9geket. Az alapok: \u00edgy m\u0171k\u00f6dik a f\u00e9k Miel\u0151tt r\u00e1t\u00e9rn\u00e9nk arra, mi okozhatja a f\u00e9kez\u00e9skor jelentkez\u0151 korm\u00e1ny remeg\u00e9st, r\u00f6viden bemutatjuk a f\u00e9k m\u0171k\u00f6d\u00e9s\u00e9t. A f\u00e9krendszer<\/p>\n","protected":false},"author":15,"featured_media":10112,"comment_status":"closed","ping_status":"closed","sticky":false,"template":"","format":"standard","meta":{"footnotes":""},"categories":[1205,1185],"tags":[],"class_list":["post-10109","post","type-post","status-publish","format-standard","has-post-thumbnail","hentry","category-autoszerviz-3","category-tudastar"],"_links":{"self":[{"href":"https:\/\/gumi.hu\/blog\/wp-json\/wp\/v2\/posts\/10109","targetHints":{"allow":["GET"]}}],"collection":[{"href":"https:\/\/gumi.hu\/blog\/wp-json\/wp\/v2\/posts"}],"about":[{"href":"https:\/\/gumi.hu\/blog\/wp-json\/wp\/v2\/types\/post"}],"author":[{"embeddable":true,"href":"https:\/\/gumi.hu\/blog\/wp-json\/wp\/v2\/users\/15"}],"replies":[{"embeddable":true,"href":"https:\/\/gumi.hu\/blog\/wp-json\/wp\/v2\/comments?post=10109"}],"version-history":[{"count":4,"href":"https:\/\/gumi.hu\/blog\/wp-json\/wp\/v2\/posts\/10109\/revisions"}],"predecessor-version":[{"id":11236,"href":"https:\/\/gumi.hu\/blog\/wp-json\/wp\/v2\/posts\/10109\/revisions\/11236"}],"wp:featuredmedia":[{"embeddable":true,"href":"https:\/\/gumi.hu\/blog\/wp-json\/wp\/v2\/media\/10112"}],"wp:attachment":[{"href":"https:\/\/gumi.hu\/blog\/wp-json\/wp\/v2\/media?parent=10109"}],"wp:term":[{"taxonomy":"category","embeddable":true,"href":"https:\/\/gumi.hu\/blog\/wp-json\/wp\/v2\/categories?post=10109"},{"taxonomy":"post_tag","embeddable":true,"href":"https:\/\/gumi.hu\/blog\/wp-json\/wp\/v2\/tags?post=10109"}],"curies":[{"name":"wp","href":"https:\/\/api.w.org\/{rel}","templated":true}]}}