{"id":10186,"date":"2023-11-23T15:30:14","date_gmt":"2023-11-23T13:30:14","guid":{"rendered":"https:\/\/gumi.hu\/blog\/?p=10186"},"modified":"2026-01-07T16:11:32","modified_gmt":"2026-01-07T14:11:32","slug":"fekjavitas","status":"publish","type":"post","link":"https:\/\/gumi.hu\/blog\/fekjavitas\/","title":{"rendered":"F\u00e9kjav\u00edt\u00e1s: minden, amit tudni \u00e9rdemes a f\u00e9kszerviz kapcs\u00e1n"},"content":{"rendered":"\n<h2 class=\"has-medium-font-size wp-block-heading\"><strong>A f\u00e9krendszer hib\u00e1tlan m\u0171szaki \u00e1llapota \u00e9s m\u0171k\u00f6d\u00e9se elengedhetetlen a biztons\u00e1gos k\u00f6zleked\u00e9shez. Cikk\u00fcnkben bemutatjuk, melyek a leggyakoribb meghib\u00e1sod\u00e1s\u00e1ra utal\u00f3 jelek \u00e9s \u00f6sszefoglaljuk a legfontosabb tudnival\u00f3kat a f\u00e9kjav\u00edt\u00e1s kapcs\u00e1n.<\/strong><\/h2>\n\n\n\n<h2 class=\"wp-block-heading\"><strong>A f\u00e9krendszer feladata \u00e9s t\u00edpusai<\/strong><\/h2>\n\n\n\n<p>A f\u00e9krendszer c\u00e9lja a j\u00e1rm\u0171 sebess\u00e9g\u00e9nek lass\u00edt\u00e1sa \u00e9s helyzet\u00e9nek r\u00f6gz\u00edt\u00e9se. Egy k\u00f6z\u00fati helyzetben seg\u00edthet a baleset elker\u00fcl\u00e9s\u00e9ben, emelked\u0151n t\u00f6rt\u00e9n\u0151 araszol\u00e1skor megakad\u00e1lyozhatja az aut\u00f3 h\u00e1tragurul\u00e1s\u00e1t, parkol\u00e1skor seg\u00edt a prec\u00edz man\u0151verez\u00e9sben \u00e9s sz\u00e1mos egy\u00e9b helyzetben kritikusan fontos szerepet l\u00e1t el. Miel\u0151tt bemutatn\u00e1nk a f\u00e9kjav\u00edt\u00e1s m\u00f3dszereit, fontos sz\u00f3t ejteni a rendszer t\u00edpusair\u00f3l.<\/p>\n\n\n\n<p>Az aut\u00f3ban k\u00e9t egym\u00e1st\u00f3l f\u00fcggetlen\u00fcl m\u0171k\u00f6d\u0151 f\u00e9krendszer tal\u00e1lhat\u00f3, amelyek m\u00e1s feladatokat l\u00e1tnak el:<\/p>\n\n\n\n<ul class=\"wp-block-list\">\n<li><strong>\u00dczemi f\u00e9k: <\/strong>Az \u00fczemi f\u00e9k els\u0151sorban k\u00f6zleked\u00e9si funkci\u00f3kat l\u00e1t el, a f\u00e9kped\u00e1llal ir\u00e1ny\u00edthat\u00f3. A cikkben az \u00fczemif\u00e9k rendszer hib\u00e1it \u00e9s jav\u00edt\u00e1si lehet\u0151s\u00e9geit ismertetj\u00fck.<\/li>\n\n\n\n<li><strong>R\u00f6gz\u00edt\u0151f\u00e9k:<\/strong> A r\u00f6gz\u00edt\u0151f\u00e9k vagy ismertebb nev\u00e9n k\u00e9zif\u00e9k feladata az aut\u00f3 helyzet\u00e9nek r\u00f6gz\u00edt\u00e9se \u00e1ll\u00f3 helyzetben. Parkol\u00e1skor a r\u00f6gz\u00edt\u0151f\u00e9k aktiv\u00e1l\u00e1s\u00e1val tudjuk megakad\u00e1lyozni az aut\u00f3 elmozdul\u00e1s\u00e1t.<\/li>\n<\/ul>\n\n\n\n<h2 class=\"wp-block-heading\"><strong>Gyakori f\u00e9khib\u00e1k: honnan tudhatjuk, hogy elj\u00f6tt a f\u00e9kjav\u00edt\u00e1s ideje?<\/strong><\/h2>\n\n\n\n<p>A f\u00e9krendszer sz\u00e1mos kop\u00f3 alkatr\u00e9szt tartalmaz, \u00edgy norm\u00e1l haszn\u00e1lat mellett is id\u0151vel sz\u00fcks\u00e9gess\u00e9 v\u00e1lik egyes komponensek cser\u00e9je. Olykor pedig id\u0151 el\u0151tt is meghib\u00e1sodhat a f\u00e9krendszer. Az al\u00e1bbiakban \u00f6sszegy\u0171jt\u00f6tt\u00fck a leggyakrabban el\u0151fordul\u00f3 m\u0171szaki probl\u00e9m\u00e1kat \u00e9s az \u00e1rulkod\u00f3 jeleket. Ismerje fel id\u0151ben a probl\u00e9m\u00e1t \u00e9s tegyen a biztons\u00e1gos k\u00f6zleked\u00e9s\u00e9rt!<\/p>\n\n\n\n<h3 class=\"wp-block-heading\"><strong>Kopott f\u00e9kbet\u00e9t<\/strong><\/h3>\n\n\n\n<p>A f\u00e9kped\u00e1l lenyom\u00e1sa megemeli a f\u0151f\u00e9khenger nyom\u00e1s\u00e1t, amely a f\u00e9kcs\u0151 rendszer\u00e9n kereszt\u00fcl a munkahengerbe jut. Itt er\u0151v\u00e9 transzform\u00e1l\u00f3dik a nyom\u00e1s, amely a f\u00e9kbet\u00e9tet a f\u00e9kt\u00e1rcs\u00e1khoz nyomja. Ekkor a fokozott s\u00farl\u00f3d\u00e1s k\u00f6vetkezt\u00e9ben el\u0151sz\u00f6r lassul, majd meg\u00e1ll az aut\u00f3. Mell\u00e9kesen a mozg\u00e1si energia h\u0151energi\u00e1v\u00e1 alakul, amely ak\u00e1r 500\u00b0C h\u0151m\u00e9rs\u00e9kletre meleg\u00edtheti a f\u00e9krendszer alkatr\u00e9szeit. Term\u00e9szetes, hogy id\u0151vel amortiz\u00e1l\u00f3dik a f\u00e9kbet\u00e9t.<\/p>\n\n\n\n<p>A kopott f\u00e9kbet\u00e9t leggyakoribb jelei a k\u00f6vetkez\u0151k:<\/p>\n\n\n\n<ul class=\"wp-block-list\">\n<li>abnorm\u00e1lisan kem\u00e9ny vagy puha f\u00e9kped\u00e1l,<\/li>\n\n\n\n<li>zavar\u00f3, csikorg\u00f3 hang f\u00e9kez\u00e9skor,<\/li>\n\n\n\n<li>rezon\u00e1l a korm\u00e1ny f\u00e9kez\u00e9skor.<\/li>\n<\/ul>\n\n\n\n<p>Fontos, hogy a kopott f\u00e9kbet\u00e9t k\u00e1rt tehet a f\u00e9kt\u00e1rcs\u00e1ban \u00e9s cs\u00f6kkenti a rendszer hat\u00e9konys\u00e1g. \u00cdgy a csereperi\u00f3dus lej\u00e1rt\u00e1t k\u00f6vet\u0151en (\u00e1ltal\u00e1ban 40-50000 kilom\u00e9ter) vagy a fenti jelek tapasztal\u00e1sakor forduljon szakemberhez.<\/p>\n\n\n\n<h3 class=\"wp-block-heading\"><strong>Kopott f\u00e9kt\u00e1rcsa<\/strong><\/h3>\n\n\n\n<p>A f\u00e9kt\u00e1rcsa ac\u00e9lb\u00f3l vagy vasb\u00f3l k\u00e9sz\u00fclt alkatr\u00e9sz. A modern aut\u00f3k t\u00f6bbs\u00e9g\u00e9n az els\u0151 \u00e9s a h\u00e1ts\u00f3 tengelyre is felszerelik a f\u00e9kt\u00e1rcs\u00e1kat. Kiemelten fontos szerepe van a f\u00e9krendszer m\u0171k\u00f6d\u00e9s\u00e9ben. Ahogy a bet\u00e9t, \u00edgy a t\u00e1rcsa is id\u0151vel elkopik a fokozott s\u00farl\u00f3d\u00e1s k\u00f6vetkezt\u00e9ben. A leggyakoribb meghib\u00e1sod\u00e1sok k\u00f6z\u00f6tt megtal\u00e1ljuk a k\u00f6vetkez\u0151ket:<\/p>\n\n\n\n<ul class=\"wp-block-list\">\n<li>A f\u00e9kt\u00e1rcsa t\u00falterhel\u00e9s k\u00f6vezet\u00e9ben megrepedhet. Ilyenkor jellegzetes k\u00e9kes elsz\u00ednez\u0151d\u00e9sek jelennek meg az alkatr\u00e9sz fel\u00fclet\u00e9n. Kiz\u00e1r\u00f3lag cser\u00e9vel orvosolhat\u00f3 a s\u00e9r\u00fclt f\u00e9kt\u00e1rcsa miatti meghib\u00e1sod\u00e1s.<\/li>\n\n\n\n<li>A helytelen\u00fcl felszerelt f\u00e9kbet\u00e9t k\u00f6vetkezt\u00e9ben kialakulhat az egyenl\u0151tlen t\u00e1rcsa kop\u00e1s. Mivel egyenl\u0151tlen h\u0151hat\u00e1s \u00e9ri az alkatr\u00e9sz fel\u00fclet\u00e9t, \u00edgy a kop\u00e1s mellett ak\u00e1r elsz\u00ednez\u0151d\u00e9s is megjelenhet.<\/li>\n\n\n\n<li>A szakszer\u0171tlen\u00fcl beszerelt vagy a gy\u00e1rt\u00f3i el\u0151\u00edr\u00e1soknak nem megfelel\u0151 f\u00e9kbet\u00e9t haszn\u00e1lata s\u00falyos k\u00e1rt tehet a t\u00e1rcs\u00e1ban, p\u00e9ld\u00e1ul a s\u00farl\u00f3d\u00f3anyag r\u00e1ken\u0151dhet a f\u00e9kt\u00e1rcs\u00e1ra. A szennyez\u0151d\u00e9s g\u00e1tolhatja az alkatr\u00e9szt a megfelel\u0151 m\u0171k\u00f6d\u00e9sben.<\/li>\n\n\n\n<li>F\u00e9kpor, kavics t\u00f6rmel\u00e9k \u00e9s egy\u00e9b apr\u00f3 szem\u0171 mikroszennyez\u0151d\u00e9s bejuthat a f\u00e9krendszerbe. Ennek k\u00f6vetkezt\u00e9ben kis m\u00e9ret\u0171, azonban m\u00e9ly \u00fcregek alakulhatnak ki a t\u00e1rcs\u00e1n, amelyek id\u0151vel reped\u00e9sekhez vezethetnek. Amennyiben hornyokat \u00e9szlel a f\u00e9kt\u00e1rcs\u00e1n, kiz\u00e1r\u00f3lag a csere jelent megold\u00e1st.<\/li>\n<\/ul>\n\n\n\n<p>A kopott f\u00e9kt\u00e1rcsa jelent\u0151sen megn\u00f6velheti a <a href=\"https:\/\/gumi.hu\/blog\/fektavolsag-tablazat\/\" target=\"_blank\" rel=\"noreferrer noopener\">f\u00e9kt\u00e1vot<\/a>. Amennyiben a fenti jelek b\u00e1rmelyik\u00e9t tapasztalja, vigye aut\u00f3j\u00e1t professzion\u00e1lis szervizbe.<\/p>\n\n\n\n<h3 class=\"wp-block-heading\"><strong>Csikorog a f\u00e9k<\/strong><\/h3>\n\n\n\n<p>Zavar\u00f3an <a href=\"https:\/\/gumi.hu\/blog\/nyikorog-a-fek\/\" target=\"_blank\" rel=\"noreferrer noopener\">csikorog a f\u00e9k<\/a>? Ennek sz\u00e1mos oka lehet, a leggyakoribbak:<\/p>\n\n\n\n<ul class=\"wp-block-list\">\n<li>cementit, vagyis kem\u00e9ny \u00fcled\u00e9k ker\u00fclt a f\u00e9kbet\u00e9tre;<\/li>\n\n\n\n<li>egy\u00e9b szennyez\u0151d\u00e9s jutott a f\u00e9kbet\u00e9t fel\u00fclet\u00e9re, ilyen lehet a por vagy kavics;<\/li>\n\n\n\n<li>helytelen\u00fcl r\u00f6gz\u00edtett\u00e9k a f\u00e9kbet\u00e9tet;<\/li>\n\n\n\n<li>kiz\u00e1r\u00f3lag a f\u00e9kbet\u00e9t cser\u00e9t v\u00e9gezt\u00e9k el, az elhaszn\u00e1l\u00f3dott t\u00e1rcsa maradt;<\/li>\n\n\n\n<li>a f\u00e9kdobon rozsda tal\u00e1lhat\u00f3, amely akad\u00e1lyozza a megfelel\u0151 m\u0171k\u00f6d\u00e9s\u00e9t;<\/li>\n\n\n\n<li>szennyez\u0151d\u00e9s tal\u00e1lhat\u00f3 a f\u00e9kt\u00e1rcs\u00e1n;<\/li>\n\n\n\n<li>kopott a f\u00e9kbet\u00e9t;<\/li>\n\n\n\n<li>meghib\u00e1sodott alkatr\u00e9sz.<\/li>\n<\/ul>\n\n\n\n<p>A fenti estek mindegyik\u00e9ben indokolt \u00e9s sz\u00fcks\u00e9ges a f\u00e9kjav\u00edt\u00e1s, amelyet szigor\u00faan tilos elhalasztani. M\u00edg a kor\u00e1n \u00e9szlelt meghib\u00e1sod\u00e1s \u00e1ltal\u00e1ban k\u00f6lts\u00e9ghat\u00e9konyan \u00e9s egyszer\u0171en jav\u00edthat\u00f3, addig a szervizel\u00e9s elod\u00e1z\u00e1s\u00e1val fokoz\u00f3dik a baleset kock\u00e1zat \u00e9s nagyobb m\u0171szaki k\u00e1r keletkezhet az aut\u00f3ban.<\/p>\n\n\n\n<h3 class=\"wp-block-heading\"><strong>Beesik a f\u00e9kped\u00e1l \/ kem\u00e9ny f\u00e9kped\u00e1l<\/strong><\/h3>\n\n\n\n<p>Az AKH szerviz koll\u00e9g\u00e1i gyakran tal\u00e1lkoznak a \u201cbeesik a f\u00e9kped\u00e1l\u201d \u00e9s \u201cpuha f\u00e9kped\u00e1l\u201d panaszokkal. Az el\u0151bbi esetben \u00e1ltal\u00e1ban a f\u0151f\u00e9khenger sziv\u00e1rg\u00e1sa okozza a probl\u00e9m\u00e1t. Az ut\u00f3bbi esetben el\u0151fordul\u00f3 probl\u00e9ma forr\u00e1sa lehet a f\u0151f\u00e9khenger, a f\u00e9kcs\u0151, de lehet a f\u00e9kmunkahenger sziv\u00e1rg\u00e1sa miatt is.<\/p>\n\n\n\n<p>      <\/p>\n\n\n<div class=\"wp-block-image\">\n<figure class=\"aligncenter size-large\"><img fetchpriority=\"high\" decoding=\"async\" width=\"1024\" height=\"683\" src=\"https:\/\/gumi.hu\/blog\/wp-content\/uploads\/2023\/11\/fekszerviz-1024x683.jpg\" alt=\"F\u00e9kszerviz\" class=\"wp-image-10190\" title=\"\" srcset=\"https:\/\/gumi.hu\/blog\/wp-content\/uploads\/2023\/11\/fekszerviz-1024x683.jpg 1024w, https:\/\/gumi.hu\/blog\/wp-content\/uploads\/2023\/11\/fekszerviz-300x200.jpg 300w, https:\/\/gumi.hu\/blog\/wp-content\/uploads\/2023\/11\/fekszerviz-768x512.jpg 768w, https:\/\/gumi.hu\/blog\/wp-content\/uploads\/2023\/11\/fekszerviz-1536x1024.jpg 1536w, https:\/\/gumi.hu\/blog\/wp-content\/uploads\/2023\/11\/fekszerviz-2048x1365.jpg 2048w\" sizes=\"(max-width: 1024px) 100vw, 1024px\" \/><\/figure><\/div>\n\n\n<p>   <\/p>\n\n\n\n<h2 class=\"wp-block-heading\"><strong>F\u00e9kjav\u00edt\u00e1s \u00e1rak 2023-ban<\/strong><\/h2>\n\n\n\n<p>A f\u00e9kjav\u00edt\u00e1s \u00e1rak a p\u00e1r t\u00edzezer forintos \u00f6sszegt\u0151l a t\u00f6bb sz\u00e1zezres hat\u00e1rig terjednek. \u00c1ltal\u00e1ban igaz, hogy a probl\u00e9ma korai \u00e9szlel\u00e9s\u00e9vel \u00e9s a rendszeres m\u0171szaki \u00e1llapotfelm\u00e9r\u00e9ssel elker\u00fclhetj\u00fck az igaz\u00e1n k\u00f6lts\u00e9ges meghib\u00e1sod\u00e1sokat.\u00a0<\/p>\n\n\n\n<div class=\"wp-block-buttons is-content-justification-center is-layout-flex wp-container-core-buttons-is-layout-16018d1d wp-block-buttons-is-layout-flex\">\n<div class=\"wp-block-button\"><a class=\"wp-block-button__link has-black-color has-text-color has-background wp-element-button\" href=\"https:\/\/gumi.hu\/szolgaltatasok\" style=\"border-radius:0px;background-color:#fdd814\" target=\"_blank\" rel=\"noreferrer noopener\"><strong>F\u00e9kjav\u00edt\u00e1s \u00e1rak 2023-ban az AKH szervizekben!<\/strong><\/a><\/div>\n<\/div>\n\n\n\n<p>     <\/p>\n\n\n\n<h2 class=\"wp-block-heading\"><strong>Gyakori k\u00e9rd\u00e9sek \u00e9s v\u00e1laszok<\/strong><\/h2>\n\n\n\n<h3 class=\"wp-block-heading\"><strong>F\u00e9kez\u00e9skor remeg a f\u00e9kped\u00e1l \u2013 mit tehetek?<\/strong><\/h3>\n\n\n\n<p>Amennyiben f\u00e9kez\u00e9skor remeg a f\u00e9kped\u00e1l, ak\u00e1r s\u00falyos meghib\u00e1sod\u00e1s is lehet az aut\u00f3n\u00e1l. Ilyen esetben vigye g\u00e9pj\u00e1rm\u0171v\u00e9t szakszervizbe miel\u0151bb!<\/p>\n\n\n\n<h3 class=\"wp-block-heading\"><strong>Honnan tudom, hogy kopott a f\u00e9kbet\u00e9t? Mi a kopott f\u00e9kt\u00e1rcsa jele?<\/strong><\/h3>\n\n\n\n<p>A f\u00e9kbet\u00e9t csereperi\u00f3dus \u00e1ltal\u00e1ban 40-50000 kilom\u00e9ter. Amennyiben az aut\u00f3 m\u0171szaki k\u00f6nyv\u00e9ben meghat\u00e1rozott csereperi\u00f3duson t\u00fal van, eg\u00e9szen biztos, hogy a bet\u00e9t kopott. Emellett \u00e9rdemes figyelni a k\u00f6vetkez\u0151 jelekre:&nbsp;<\/p>\n\n\n\n<ul class=\"wp-block-list\">\n<li>remeg\u0151 korm\u00e1ny,<\/li>\n\n\n\n<li>nyikorg\u00f3 hang,<\/li>\n\n\n\n<li>kem\u00e9ny vagy puha f\u00e9kped\u00e1l.<\/li>\n<\/ul>\n\n\n\n<h3 class=\"wp-block-heading\"><strong>Mi a teend\u0151, ha a f\u00e9kped\u00e1l lassan benyomhat\u00f3?<\/strong><\/h3>\n\n\n\n<p>A f\u00e9kped\u00e1l lassan benyomhat\u00f3? Nos, ennek sz\u00e1mos oka lehet, p\u00e9ld\u00e1ul f\u0151f\u00e9khenger hiba, leveg\u0151 ker\u00fclt a f\u00e9krendszerbe, meghib\u00e1sodott az ABS. Vigye aut\u00f3j\u00e1t szervizbe a lehets\u00e9ges hiba felder\u00edt\u00e9s\u00e9hez \u00e9s jav\u00edt\u00e1s\u00e1hoz!<\/p>\n\n\n\n<h3 class=\"wp-block-heading\"><strong>Milyen a kopott f\u00e9kbet\u00e9t hangja?<\/strong><\/h3>\n\n\n\n<p>A kopott f\u00e9kbet\u00e9t hangja f\u00e9mes, csikorg\u00f3 \u00e9s zavar\u00f3.&nbsp;<\/p>\n\n\n\n<h3 class=\"wp-block-heading\"><strong>Mi\u00e9rt csikorog a f\u00e9k?<\/strong><\/h3>\n\n\n\n<p>A f\u00e9k \u00e1ltal\u00e1ban az\u00e9rt csikorog, mert a f\u00e9kbet\u00e9t \u00e9s\/vagy a f\u00e9kt\u00e1rcsa a haszn\u00e1lat k\u00f6vetkezt\u00e9ben elkopott. Ilyenkor <a href=\"https:\/\/gumi.hu\/blog\/fekcsere\/\" target=\"_blank\" rel=\"noreferrer noopener\">f\u00e9kcsere<\/a> sz\u00fcks\u00e9ges.<\/p>\n\n\n\n<p>      <\/p>\n\n\n\n<div class=\"wp-block-buttons is-horizontal is-content-justification-center is-layout-flex wp-container-core-buttons-is-layout-499968f5 wp-block-buttons-is-layout-flex\">\n<div class=\"wp-block-button\"><a class=\"wp-block-button__link has-text-color has-background wp-element-button\" href=\"https:\/\/gumi.hu\/autoszerviz-online\" style=\"border-radius:1px;color:#333333;background-color:#fdd814\" target=\"_blank\" rel=\"noreferrer noopener\"><strong>Id\u0151pontfoglal\u00e1s<\/strong><\/a><\/div>\n<\/div>\n\n\n\n<p>   <\/p>\n\n\n\n<p class=\"has-text-align-left\"><em>Pr\u00e9mium min\u0151s\u00e9g\u0171 gumi- \u00e9s aut\u00f3szerviz szolg\u00e1ltat\u00e1sok az \u00d6n k\u00f6zel\u00e9ben &#8211; haszn\u00e1lja t\u00e9rk\u00e9pes keres\u0151nket!<\/em><\/p>\n\n\n\n<div class=\"wp-block-buttons is-horizontal is-content-justification-center is-layout-flex wp-container-core-buttons-is-layout-499968f5 wp-block-buttons-is-layout-flex\">\n<div class=\"wp-block-button\"><a class=\"wp-block-button__link has-text-color has-background wp-element-button\" href=\"https:\/\/akh.hu\/szervizek\" style=\"border-radius:1px;color:#333333;background-color:#fdd814\" target=\"_blank\" rel=\"noreferrer noopener nofollow\"><strong>Pr\u00e9mium Partner keres\u0151<\/strong><\/a><\/div>\n<\/div>\n\n\n\n<p>     <\/p>\n\n\n\n<p><em>Ne maradjon le \u00fajdons\u00e1gainkr\u00f3l, akci\u00f3inkr\u00f3l, iratkozzon fel h\u00edrlevel\u00fcnkre!<\/em><\/p>\n\n\n\n<div class=\"wp-block-buttons is-horizontal is-content-justification-center is-layout-flex wp-container-core-buttons-is-layout-499968f5 wp-block-buttons-is-layout-flex\">\n<div class=\"wp-block-button\"><a class=\"wp-block-button__link has-text-color has-background wp-element-button\" href=\"https:\/\/gumi.hu\/#subscribe-to-newsletter\" style=\"border-radius:1px;color:#333333;background-color:#fdd814\" target=\"_blank\" rel=\"noreferrer noopener\">H\u00edrlev\u00e9l feliratkoz\u00e1s<\/a><\/div>\n<\/div>\n","protected":false},"excerpt":{"rendered":"<p>A f\u00e9krendszer hib\u00e1tlan m\u0171szaki \u00e1llapota \u00e9s m\u0171k\u00f6d\u00e9se elengedhetetlen a biztons\u00e1gos k\u00f6zleked\u00e9shez. Cikk\u00fcnkben bemutatjuk, melyek a leggyakoribb meghib\u00e1sod\u00e1s\u00e1ra utal\u00f3 jelek \u00e9s \u00f6sszefoglaljuk a legfontosabb tudnival\u00f3kat a f\u00e9kjav\u00edt\u00e1s kapcs\u00e1n. A f\u00e9krendszer feladata \u00e9s t\u00edpusai A f\u00e9krendszer c\u00e9lja a j\u00e1rm\u0171 sebess\u00e9g\u00e9nek lass\u00edt\u00e1sa \u00e9s helyzet\u00e9nek r\u00f6gz\u00edt\u00e9se. Egy k\u00f6z\u00fati helyzetben seg\u00edthet a baleset elker\u00fcl\u00e9s\u00e9ben, emelked\u0151n t\u00f6rt\u00e9n\u0151 araszol\u00e1skor megakad\u00e1lyozhatja az aut\u00f3<\/p>\n","protected":false},"author":15,"featured_media":10187,"comment_status":"closed","ping_status":"closed","sticky":false,"template":"","format":"standard","meta":{"footnotes":""},"categories":[1205,982,1185],"tags":[],"class_list":["post-10186","post","type-post","status-publish","format-standard","has-post-thumbnail","hentry","category-autoszerviz-3","category-teli-gumi","category-tudastar"],"_links":{"self":[{"href":"https:\/\/gumi.hu\/blog\/wp-json\/wp\/v2\/posts\/10186","targetHints":{"allow":["GET"]}}],"collection":[{"href":"https:\/\/gumi.hu\/blog\/wp-json\/wp\/v2\/posts"}],"about":[{"href":"https:\/\/gumi.hu\/blog\/wp-json\/wp\/v2\/types\/post"}],"author":[{"embeddable":true,"href":"https:\/\/gumi.hu\/blog\/wp-json\/wp\/v2\/users\/15"}],"replies":[{"embeddable":true,"href":"https:\/\/gumi.hu\/blog\/wp-json\/wp\/v2\/comments?post=10186"}],"version-history":[{"count":5,"href":"https:\/\/gumi.hu\/blog\/wp-json\/wp\/v2\/posts\/10186\/revisions"}],"predecessor-version":[{"id":12031,"href":"https:\/\/gumi.hu\/blog\/wp-json\/wp\/v2\/posts\/10186\/revisions\/12031"}],"wp:featuredmedia":[{"embeddable":true,"href":"https:\/\/gumi.hu\/blog\/wp-json\/wp\/v2\/media\/10187"}],"wp:attachment":[{"href":"https:\/\/gumi.hu\/blog\/wp-json\/wp\/v2\/media?parent=10186"}],"wp:term":[{"taxonomy":"category","embeddable":true,"href":"https:\/\/gumi.hu\/blog\/wp-json\/wp\/v2\/categories?post=10186"},{"taxonomy":"post_tag","embeddable":true,"href":"https:\/\/gumi.hu\/blog\/wp-json\/wp\/v2\/tags?post=10186"}],"curies":[{"name":"wp","href":"https:\/\/api.w.org\/{rel}","templated":true}]}}