{"id":10449,"date":"2024-03-26T16:45:00","date_gmt":"2024-03-26T14:45:00","guid":{"rendered":"https:\/\/gumi.hu\/blog\/?p=10449"},"modified":"2026-01-07T16:27:05","modified_gmt":"2026-01-07T14:27:05","slug":"mankokerek","status":"publish","type":"post","link":"https:\/\/gumi.hu\/blog\/mankokerek\/","title":{"rendered":"Mi az a mank\u00f3ker\u00e9k \u00e9s mikor \u00e9rdemes haszn\u00e1lni?"},"content":{"rendered":"\n<p><strong>A mank\u00f3ker\u00e9k helytakar\u00e9kos alternat\u00edv\u00e1t jelent a teljes \u00e9rt\u00e9k\u0171 p\u00f3tker\u00e9kkel szemben. Biztons\u00e1gos megold\u00e1s defekt eset\u00e9n ahhoz, hogy eljuthasson a szervizig. Cikk\u00fcnkben \u00f6sszefoglaltuk a legfontosabb tudnival\u00f3kat \u00e9s bemutatjuk, milyen egy\u00e9b lehet\u0151s\u00e9gek k\u00f6z\u00fcl v\u00e1laszthat a defektes abroncs \u00e1tmeneti helyettes\u00edt\u00e9s\u00e9hez!<\/strong><\/p>\n\n\n\n<h2 class=\"wp-block-heading\"><strong>Mi az a mank\u00f3ker\u00e9k?<\/strong><\/h2>\n\n\n\n<p>A legt\u00f6bb aut\u00f3s sz\u00e1m\u00e1ra el\u0151bb-ut\u00f3bb elj\u00f6n a pillanat, amikor fel kell tenni az al\u00e1bbi k\u00e9rd\u00e9st: <a href=\"https:\/\/gumi.hu\/blog\/defektet-kaptam\/\" target=\"_blank\" rel=\"noreferrer noopener\">defektet kaptam, mit tegyek?<\/a> K\u00e9zenfekv\u0151 megold\u00e1s lehet az aut\u00f3ment\u0151 h\u00edv\u00e1sa vagy mobil gumiszerel\u0151 szolg\u00e1ltat\u00e1s ig\u00e9nybev\u00e9tele. Azonban speci\u00e1lis biztos\u00edt\u00e1s vagy az \u00faj aut\u00f3khoz gyakran gr\u00e1tiszk\u00e9nt j\u00e1r\u00f3 assistance szolg\u00e1ltat\u00e1s hi\u00e1ny\u00e1ban, ennek k\u00f6lts\u00e9ge igen magas lehet. Amennyiben rendelkezik a sz\u00fcks\u00e9ges m\u0171szaki ismeretekkel \u00e9s a gumicsere helysz\u00edne biztons\u00e1gos, akkor \u00e9rdemes lehet saj\u00e1t kez\u0171leg elv\u00e9gezni a cser\u00e9t. Az aut\u00f3gy\u00e1rt\u00f3k hely- \u00e9s s\u00falytakar\u00e9koss\u00e1gi okok miatt a p\u00f3tker\u00e9k helyett olykor mank\u00f3ker\u00e9kkel szerelik fel az aut\u00f3t. Nem cseng ismer\u0151sen a n\u00e9v? Mutatjuk, mit jelent.<\/p>\n\n\n\n<p><strong>Mank\u00f3ker\u00e9k:<\/strong> A mank\u00f3ker\u00e9k egy olyan speci\u00e1lis abroncs, amelyet \u00e1tmenetileg haszn\u00e1lhat defekt eset\u00e9n, am\u00edg eljut az aut\u00f3szervizbe. Kisebb m\u00e9ret\u0171, mint a p\u00f3tker\u00e9k, \u00edgy nagyobb rakod\u00f3 teret biztos\u00edt a csomagt\u00e9rben.<\/p>\n\n\n<div class=\"wp-block-image\">\n<figure class=\"aligncenter size-large\"><img fetchpriority=\"high\" decoding=\"async\" width=\"1024\" height=\"683\" src=\"https:\/\/gumi.hu\/blog\/wp-content\/uploads\/2024\/03\/mankokerek-1024x683.jpg\" alt=\"\" class=\"wp-image-10478\" title=\"\" srcset=\"https:\/\/gumi.hu\/blog\/wp-content\/uploads\/2024\/03\/mankokerek-1024x683.jpg 1024w, https:\/\/gumi.hu\/blog\/wp-content\/uploads\/2024\/03\/mankokerek-300x200.jpg 300w, https:\/\/gumi.hu\/blog\/wp-content\/uploads\/2024\/03\/mankokerek-768x512.jpg 768w, https:\/\/gumi.hu\/blog\/wp-content\/uploads\/2024\/03\/mankokerek-1536x1024.jpg 1536w, https:\/\/gumi.hu\/blog\/wp-content\/uploads\/2024\/03\/mankokerek-2048x1365.jpg 2048w\" sizes=\"(max-width: 1024px) 100vw, 1024px\" \/><\/figure><\/div>\n\n\n<h2 class=\"wp-block-heading\"><strong>Fontos tudnival\u00f3k a mank\u00f3ker\u00e9k kapcs\u00e1n<\/strong><\/h2>\n\n\n\n<p>Ahhoz, hogy biztons\u00e1gosan \u00e9s az el\u0151\u00edr\u00e1soknak megfelel\u0151en tudja haszn\u00e1lni a mank\u00f3kereket, sz\u00fcks\u00e9g eset\u00e9n fontos az al\u00e1bbi szab\u00e1lyok k\u00f6vet\u00e9se.<\/p>\n\n\n\n<h3 class=\"wp-block-heading\"><strong>1. A maxim\u00e1lis sebess\u00e9gkorl\u00e1t 80 km\/\u00f3ra<\/strong><\/h3>\n\n\n\n<p>A mank\u00f3ker\u00e9k elt\u00e9r\u0151 m\u0171szaki tulajdons\u00e1gai miatt kisebb teljes\u00edtm\u00e9nyt \u00e9s menetstabilit\u00e1st k\u00e9pes biztos\u00edtani, mint a norm\u00e1l p\u00f3tker\u00e9k. \u00cdgy fontos, hogy ker\u00fclje a dinamikus vezet\u00e9si st\u00edlust \u00e9s a magas menetsebess\u00e9get. Mank\u00f3ker\u00e9k haszn\u00e1latakor a maxim\u00e1lis megengedett sebess\u00e9g 80 km\/\u00f3ra, azonban cs\u00fasz\u00f3s utakon javasolt m\u00e9g enn\u00e9l is lassabb sebess\u00e9ggel k\u00f6zlekedni.<\/p>\n\n\n\n<h3 class=\"wp-block-heading\"><strong>2. Legfeljebb 100 kilom\u00e9ter megt\u00e9tel\u00e9re alkalmas<\/strong><\/h3>\n\n\n\n<p>A mank\u00f3kereket arra tervezt\u00e9k, hogy k\u00e9pes legyen eljuttatni az aut\u00f3t biztons\u00e1gosan a legk\u00f6zelebbi szervizig. A gy\u00e1rt\u00f3k \u00e1ltal javasolt maxim\u00e1lis menett\u00e1vols\u00e1g \u00e1ltal\u00e1ban 100 kilom\u00e9ter. Fontos, hogy semmilyen k\u00f6r\u00fclm\u00e9ny eset\u00e9n se l\u00e9pje t\u00fal az el\u0151\u00edr\u00e1st, az ugyanis fokozza a <a href=\"https:\/\/gumi.hu\/blog\/durrdefekt\/\" target=\"_blank\" rel=\"noreferrer noopener\">durrdefekt<\/a> kock\u00e1zat\u00e1t \u00e9s n\u00f6veli a <a href=\"https:\/\/gumi.hu\/blog\/fektavolsag-tablazat\/\" target=\"_blank\" rel=\"noreferrer noopener\">f\u00e9kt\u00e1vols\u00e1got<\/a>.<\/p>\n\n\n\n<h3 class=\"wp-block-heading\"><strong>3. Hajtott ker\u00e9kre nem javasolt haszn\u00e1lata<\/strong><\/h3>\n\n\n\n<p>Tov\u00e1bbi megk\u00f6t\u00e9s, hogy hajtott ker\u00e9kre nem javasolt felszerelni, mivel elt\u00e9r\u0151 m\u00e9ret\u0171 lehet a t\u00f6bbi abroncst\u00f3l. Amennyiben a hajtott ker\u00e9k s\u00e9r\u00fclt meg \u00e9s nem rendelkezik p\u00f3tker\u00e9kkel, h\u00edvjon aut\u00f3ment\u0151t vagy mobil gumiszervizt.<\/p>\n\n\n\n<h3 class=\"wp-block-heading\"><strong>4. Csak \u00e1tmeneti megold\u00e1st jelent<\/strong><\/h3>\n\n\n\n<p>A mank\u00f3ker\u00e9k t\u00f6k\u00e9letes v\u00e1laszt\u00e1s arra, hogy a k\u00f6zelben tal\u00e1lhat\u00f3 szervizig biztons\u00e1gosan elvezessen defekt eset\u00e9n, azonban hossz\u00fa t\u00e1von nem haszn\u00e1lhat\u00f3. M\u00edg a p\u00f3tker\u00e9k m\u0171szaki tulajdons\u00e1gai (p\u00e9ld\u00e1ul <a href=\"https:\/\/gumi.hu\/blog\/gumi-meret\/\" target=\"_blank\" rel=\"noreferrer noopener\">m\u00e9ret<\/a>, kialak\u00edt\u00e1s, <a href=\"https:\/\/gumi.hu\/blog\/gumi-mintazatok\/\" target=\"_blank\" rel=\"noreferrer noopener\">mint\u00e1zat<\/a>) \u00e1ltal\u00e1ban megegyeznek a felszerelt abroncsok\u00e9val, addig a mank\u00f3ker\u00e9k eset\u00e9n elt\u00e9r\u0151 lehet. Kiz\u00e1r\u00f3lag akkor v\u00e1lassza a mank\u00f3ker\u00e9k haszn\u00e1lat\u00e1t defektkor, ha:<\/p>\n\n\n\n<ul class=\"wp-block-list\">\n<li>biztons\u00e1gosan el tudja v\u00e9gezni a ker\u00e9kcser\u00e9t,<\/li>\n\n\n\n<li>a szerviz 100 kilom\u00e9ter t\u00e1vols\u00e1gon bel\u00fcl tal\u00e1lhat\u00f3,<\/li>\n\n\n\n<li>a defektes abroncs nem hajtott ker\u00e9ken van.<\/li>\n<\/ul>\n\n\n\n<h2 class=\"wp-block-heading\"><strong>Milyen alternat\u00edv\u00e1k \u00e9rhet\u0151k el, ha a mank\u00f3ker\u00e9k nem megfelel\u0151?<\/strong><\/h2>\n\n\n\n<p>Amennyiben mank\u00f3ker\u00e9k nem felel meg ig\u00e9nyeinek, sz\u00e1mos egy\u00e9b lehet\u0151s\u00e9g k\u00f6z\u00fcl v\u00e1logathat a defekt kezel\u00e9s\u00e9hez. K\u00f6vetkezzenek a legn\u00e9pszer\u0171bb v\u00e1laszt\u00e1sok.<\/p>\n\n\n\n<h3 class=\"wp-block-heading\"><strong>P\u00f3tker\u00e9k<\/strong><\/h3>\n\n\n\n<p>A p\u00f3tker\u00e9k m\u00e9rete, mint\u00e1zata \u00e9s egy\u00e9b m\u0171szaki tulajdons\u00e1gai \u00e1ltal\u00e1ban megegyeznek az aut\u00f3ra felszerelt abroncsokkal. El\u0151nye, hogy teljes m\u00e9rt\u00e9kben k\u00e9pes helyettes\u00edteni a meghib\u00e1sodott gumit, \u00edgy ak\u00e1r hossz\u00fa t\u00e1von is haszn\u00e1lhat\u00f3. Tov\u00e1bbi \u00e9rv a p\u00f3tker\u00e9k mellett, hogy azonos megjelen\u00e9s\u0171, mint a t\u00f6bbi gumi, \u00edgy haszn\u00e1val nem veszti el az aut\u00f3 eszt\u00e9tikus megjelen\u00e9s\u00e9t. H\u00e1tr\u00e1ny azonban, hogy jelent\u0151sen t\u00f6bb hely kell a t\u00e1rol\u00e1s\u00e1hoz \u00e9s gumicsere eset\u00e9n 5 abroncsot sz\u00fcks\u00e9ges v\u00e1s\u00e1rolni 4 helyett.<\/p>\n\n\n\n<h3 class=\"wp-block-heading\"><strong>Defektjav\u00edt\u00f3 k\u00e9szlet<\/strong><\/h3>\n\n\n\n<p>A <a href=\"https:\/\/gumi.hu\/blog\/defektjavito-keszlet-hasznalata\/\" target=\"_blank\" rel=\"noreferrer noopener\">defektjav\u00edt\u00f3 k\u00e9szlet<\/a> (defekthab) seg\u00edts\u00e9g\u00e9vel egyszer\u0171en jav\u00edthat\u00f3ak a kisebb hib\u00e1k. A k\u00f6nnyen \u00e9s gyorsan haszn\u00e1lhat\u00f3 eszk\u00f6z nem helyettes\u00edti a gumicser\u00e9t, azonban kiv\u00e1l\u00f3 alternat\u00edv megold\u00e1st ny\u00fajt defekt eset\u00e9n. Fontos megjegyezni az al\u00e1bbiakat:<\/p>\n\n\n\n<ul class=\"wp-block-list\">\n<li>Defektjav\u00edt\u00f3 k\u00e9szlet haszn\u00e1lat\u00e1t k\u00f6vet\u0151en elengedhetetlen a gumi- \u00e9s <a href=\"https:\/\/gumi.hu\/blog\/tpms-rendszer\/\" target=\"_blank\" rel=\"noreferrer noopener\">TPMS<\/a> szenzor csere.<\/li>\n\n\n\n<li>Maxim\u00e1lisan 200 kilom\u00e9ter tehet\u0151 meg a defektjav\u00edt\u00f3 k\u00e9szlet haszn\u00e1lata ut\u00e1n.<\/li>\n\n\n\n<li>Nagy m\u00e9ret\u0171 szakad\u00e1s eset\u00e9n nem haszn\u00e1lhat\u00f3.<\/li>\n<\/ul>\n\n\n\n<h3 class=\"wp-block-heading\"><strong>Defektt\u0171r\u0151 gumi<\/strong><\/h3>\n\n\n\n<p>Egyes aut\u00f3khoz v\u00e1s\u00e1rolhat\u00f3 <a href=\"https:\/\/gumi.hu\/blog\/defektturo-gumi\/\" target=\"_blank\" rel=\"noreferrer noopener\">defektt\u0171r\u0151 gumi<\/a>, amely egy speci\u00e1lis abroncs meger\u0151s\u00edtett oldalfalakkal. El\u0151ny, hogy nagyfok\u00fa nyom\u00e1scs\u00f6kken\u00e9s vagy ak\u00e1r defekt eset\u00e9n is k\u00e9pes tov\u00e1bb \u00fczemelni. Term\u00e9szetesen a gy\u00e1rt\u00f3i el\u0151\u00edr\u00e1soknak megfelel\u0151 m\u00f3don a defekt \u00e9szlel\u00e9s\u00e9t k\u00f6vet\u0151en r\u00f6videsen sz\u00fcks\u00e9ges cser\u00e9lni az abroncsokat. Nem szabad elfelejteni, hogy a t\u00falnyom\u00e1st vesztett defektt\u0171r\u0151 abroncsokkal max. 80 kilom\u00e9ter\/\u00f3ra sebess\u00e9ggel szabad k\u00f6zlekedni.<\/p>\n\n\n<div class=\"wp-block-image\">\n<figure class=\"aligncenter size-large\"><img decoding=\"async\" width=\"1024\" height=\"683\" src=\"https:\/\/gumi.hu\/blog\/wp-content\/uploads\/2024\/03\/manko-vagy-potkerek-1024x683.jpg\" alt=\"\" class=\"wp-image-10451\" title=\"\" srcset=\"https:\/\/gumi.hu\/blog\/wp-content\/uploads\/2024\/03\/manko-vagy-potkerek-1024x683.jpg 1024w, https:\/\/gumi.hu\/blog\/wp-content\/uploads\/2024\/03\/manko-vagy-potkerek-300x200.jpg 300w, https:\/\/gumi.hu\/blog\/wp-content\/uploads\/2024\/03\/manko-vagy-potkerek-768x512.jpg 768w, https:\/\/gumi.hu\/blog\/wp-content\/uploads\/2024\/03\/manko-vagy-potkerek-1536x1024.jpg 1536w, https:\/\/gumi.hu\/blog\/wp-content\/uploads\/2024\/03\/manko-vagy-potkerek-2048x1365.jpg 2048w\" sizes=\"(max-width: 1024px) 100vw, 1024px\" \/><\/figure><\/div>\n\n\n<h2 class=\"wp-block-heading\"><strong>Szerezze be az \u00faj abroncsokat oldalunkr\u00f3l!<\/strong><\/h2>\n\n\n\n<p>Defektet szenvedett aut\u00f3ja? \u00daj abroncsok ut\u00e1n kutat? Akkor tekintse meg online k\u00edn\u00e1latunkat \u00e9s tal\u00e1ljon r\u00e1 az ig\u00e9nyeinek megfelel\u0151 gumi szettre! A sz\u00e9les v\u00e1laszt\u00e9k, kiv\u00e1l\u00f3 min\u0151s\u00e9g\u0171 term\u00e9kek mellett maxim\u00e1lis figyelmet ford\u00edtunk az <a href=\"https:\/\/gumi.hu\/auto-gumi\/orszag-boltja-2023-minosegi-dij\/\" target=\"_blank\" rel=\"noreferrer noopener\">\u00fcgyf\u00e9l-el\u00e9gedetts\u00e9gre<\/a>.<\/p>\n\n\n\n<p>       <\/p>\n\n\n\n<p><strong>V\u00e1logasson kedv\u00e9re ny\u00e1ri gumi k\u00edn\u00e1latunkb\u00f3l, szereltesse \u00e1t t\u00f6bb, mint 100 ponton orsz\u00e1gos szervizh\u00e1l\u00f3zatunkban<\/strong>.<\/p>\n\n\n\n<div class=\"wp-block-buttons is-content-justification-center is-layout-flex wp-container-core-buttons-is-layout-16018d1d wp-block-buttons-is-layout-flex\">\n<div class=\"wp-block-button\"><a class=\"wp-block-button__link has-text-color has-background wp-element-button\" href=\"https:\/\/gumi.hu\/autogumi\/nyari-gumi\/\" style=\"border-radius:0px;color:#333333;background-color:#fdd814\" target=\"_blank\" rel=\"noreferrer noopener\"><strong>Ny\u00e1ri gumiabroncsok<\/strong><\/a><\/div>\n<\/div>\n\n\n\n<p>      <\/p>\n\n\n\n<p><em>Ne maradjon le \u00fajdons\u00e1gainkr\u00f3l, akci\u00f3inkr\u00f3l, iratkozzon fel h\u00edrlevel\u00fcnkre!<\/em><\/p>\n\n\n\n<div class=\"wp-block-buttons is-content-justification-center is-layout-flex wp-container-core-buttons-is-layout-16018d1d wp-block-buttons-is-layout-flex\">\n<div class=\"wp-block-button\"><a class=\"wp-block-button__link has-text-color has-background wp-element-button\" href=\"https:\/\/gumi.hu\/#subscribe-to-newsletter\" style=\"border-radius:0px;color:#333333;background-color:#fdd814\" target=\"_blank\" rel=\"noreferrer noopener\"><strong>H\u00edrlev\u00e9l feliratkoz\u00e1s<\/strong><\/a><\/div>\n<\/div>\n","protected":false},"excerpt":{"rendered":"<p>A mank\u00f3ker\u00e9k helytakar\u00e9kos alternat\u00edv\u00e1t jelent a teljes \u00e9rt\u00e9k\u0171 p\u00f3tker\u00e9kkel szemben. Biztons\u00e1gos megold\u00e1s defekt eset\u00e9n ahhoz, hogy eljuthasson a szervizig. Cikk\u00fcnkben \u00f6sszefoglaltuk a legfontosabb tudnival\u00f3kat \u00e9s bemutatjuk, milyen egy\u00e9b lehet\u0151s\u00e9gek k\u00f6z\u00fcl v\u00e1laszthat a defektes abroncs \u00e1tmeneti helyettes\u00edt\u00e9s\u00e9hez! Mi az a mank\u00f3ker\u00e9k? A legt\u00f6bb aut\u00f3s sz\u00e1m\u00e1ra el\u0151bb-ut\u00f3bb elj\u00f6n a pillanat, amikor fel kell tenni az al\u00e1bbi k\u00e9rd\u00e9st:<\/p>\n","protected":false},"author":15,"featured_media":10450,"comment_status":"closed","ping_status":"closed","sticky":false,"template":"","format":"standard","meta":{"footnotes":""},"categories":[1184,1205,1206,981,1185],"tags":[],"class_list":["post-10449","post","type-post","status-publish","format-standard","has-post-thumbnail","hentry","category-teli-nyari-4s-gumik","category-autoszerviz-3","category-gumiszerviz-2","category-nyari-gumi","category-tudastar"],"_links":{"self":[{"href":"https:\/\/gumi.hu\/blog\/wp-json\/wp\/v2\/posts\/10449","targetHints":{"allow":["GET"]}}],"collection":[{"href":"https:\/\/gumi.hu\/blog\/wp-json\/wp\/v2\/posts"}],"about":[{"href":"https:\/\/gumi.hu\/blog\/wp-json\/wp\/v2\/types\/post"}],"author":[{"embeddable":true,"href":"https:\/\/gumi.hu\/blog\/wp-json\/wp\/v2\/users\/15"}],"replies":[{"embeddable":true,"href":"https:\/\/gumi.hu\/blog\/wp-json\/wp\/v2\/comments?post=10449"}],"version-history":[{"count":10,"href":"https:\/\/gumi.hu\/blog\/wp-json\/wp\/v2\/posts\/10449\/revisions"}],"predecessor-version":[{"id":10508,"href":"https:\/\/gumi.hu\/blog\/wp-json\/wp\/v2\/posts\/10449\/revisions\/10508"}],"wp:featuredmedia":[{"embeddable":true,"href":"https:\/\/gumi.hu\/blog\/wp-json\/wp\/v2\/media\/10450"}],"wp:attachment":[{"href":"https:\/\/gumi.hu\/blog\/wp-json\/wp\/v2\/media?parent=10449"}],"wp:term":[{"taxonomy":"category","embeddable":true,"href":"https:\/\/gumi.hu\/blog\/wp-json\/wp\/v2\/categories?post=10449"},{"taxonomy":"post_tag","embeddable":true,"href":"https:\/\/gumi.hu\/blog\/wp-json\/wp\/v2\/tags?post=10449"}],"curies":[{"name":"wp","href":"https:\/\/api.w.org\/{rel}","templated":true}]}}