{"id":10772,"date":"2024-06-20T13:56:07","date_gmt":"2024-06-20T11:56:07","guid":{"rendered":"https:\/\/gumi.hu\/blog\/?p=10772"},"modified":"2026-01-07T16:54:28","modified_gmt":"2026-01-07T14:54:28","slug":"autoklima-nem-fuj-hideget","status":"publish","type":"post","link":"https:\/\/gumi.hu\/blog\/autoklima-nem-fuj-hideget\/","title":{"rendered":"Mi a teend\u0151, ha az aut\u00f3kl\u00edma nem f\u00faj hideget?"},"content":{"rendered":"\n<p><strong>A meleg id\u0151j\u00e1r\u00e1s k\u00f6zeledt\u00e9vel egyre fontosabb, hogy az aut\u00f3kl\u00edma megfelel\u0151en m\u0171k\u00f6dj\u00f6n \u00e9s k\u00e9pes legyen a kellemesen hideg h\u0151m\u00e9rs\u00e9kletet fenntartani az utast\u00e9rben. A k\u00e9nyelmi berendez\u00e9s meghib\u00e1sod\u00e1sa eset\u00e9n val\u00f3di tort\u00far\u00e1v\u00e1 v\u00e1lhat a ny\u00e1ri aut\u00f3z\u00e1s. Cikk\u00fckben r\u00f6viden ismertetj\u00fck a rendszer m\u0171k\u00f6d\u00e9s\u00e9t \u00e9s bemutatjuk mi a teend\u0151, ha az aut\u00f3kl\u00edma nem f\u00faj hideget!<\/strong><\/p>\n\n\n<div class=\"wp-block-image\">\n<figure class=\"aligncenter size-large\"><img fetchpriority=\"high\" decoding=\"async\" width=\"1024\" height=\"683\" src=\"https:\/\/gumi.hu\/blog\/wp-content\/uploads\/2024\/06\/close-up-hand-holding-steering-wheel-1024x683.jpg\" alt=\"\" class=\"wp-image-10774\" title=\"\" srcset=\"https:\/\/gumi.hu\/blog\/wp-content\/uploads\/2024\/06\/close-up-hand-holding-steering-wheel-1024x683.jpg 1024w, https:\/\/gumi.hu\/blog\/wp-content\/uploads\/2024\/06\/close-up-hand-holding-steering-wheel-300x200.jpg 300w, https:\/\/gumi.hu\/blog\/wp-content\/uploads\/2024\/06\/close-up-hand-holding-steering-wheel-768x512.jpg 768w, https:\/\/gumi.hu\/blog\/wp-content\/uploads\/2024\/06\/close-up-hand-holding-steering-wheel-1536x1024.jpg 1536w, https:\/\/gumi.hu\/blog\/wp-content\/uploads\/2024\/06\/close-up-hand-holding-steering-wheel-2048x1365.jpg 2048w\" sizes=\"(max-width: 1024px) 100vw, 1024px\" \/><\/figure><\/div>\n\n\n<h2 class=\"wp-block-heading\"><strong>Hogyan m\u0171k\u00f6dik pontosan az aut\u00f3kl\u00edma?<\/strong><\/h2>\n\n\n\n<p>Miel\u0151tt az aut\u00f3kl\u00edma gyakori hib\u00e1ir\u00f3l \u00e9s jav\u00edt\u00e1si lehet\u0151s\u00e9geir\u0151l sz\u00f3 esne, fontos, hogy r\u00f6viden ismertess\u00fck a rendszer m\u0171k\u00f6d\u00e9s\u00e9t.<\/p>\n\n\n\n<p>Az <a href=\"https:\/\/gumi.hu\/blog\/autoklima-mukodese\/\" target=\"_blank\" rel=\"noreferrer noopener\">aut\u00f3kl\u00edma m\u0171k\u00f6d\u00e9se<\/a> l\u00e9p\u00e9sr\u0151l-l\u00e9p\u00e9sre:<\/p>\n\n\n\n<ol class=\"wp-block-list\">\n<li>Az aut\u00f3kl\u00edma egy hermetikusan z\u00e1rt rendszer, amelyben h\u0171t\u0151k\u00f6zeg tal\u00e1lhat\u00f3. Ez r\u00e9gebbi aut\u00f3k eset\u00e9n az \u00fagynevezett R134A anyag, m\u00edg \u00fajabb modellekn\u00e9l m\u00e1sfajta g\u00e1zokat haszn\u00e1lnak.<\/li>\n\n\n\n<li>A h\u0171t\u0151k\u00f6zeget egy kl\u00edmakompresszor keringeti a rendszeren bel\u00fcl.<\/li>\n\n\n\n<li>A kompresszor \u00f6sszes\u0171r\u00edti a h\u0171t\u0151k\u00f6zeget, \u00edgy megemelkedik a nyom\u00e1sa \u00e9s h\u0151m\u00e9rs\u00e9klete.<\/li>\n\n\n\n<li>A g\u00e1z tov\u00e1bbhalad a z\u00e1rt rendszerben \u00e9s eljut a kondenz\u00e1torig, ahol a be\u00e1raml\u00f3 menetsz\u00e9l leh\u0171ti, \u00edgy cseppfoly\u00f3ss\u00e1 v\u00e1lik.<\/li>\n\n\n\n<li>A foly\u00e9kony \u00e1llag\u00fa h\u0171t\u0151k\u00f6zeg kereszt\u00fclmegy a sz\u00e1r\u00edt\u00f3sz\u0171r\u0151n, ahol kisz\u0171ri a szennyez\u0151d\u00e9seket \u00e9s p\u00e1r\u00e1tlan\u00edt.<\/li>\n\n\n\n<li>Majd a h\u0171t\u0151k\u00f6zeg kereszt\u00fclmegy az expanzi\u00f3s szelepen (m\u00e1s n\u00e9ven t\u00e1gul\u00f3 szelep), ahol megn\u0151 t\u00e9rfogata, \u00edgy jelent\u0151sen leh\u0171l.<\/li>\n\n\n\n<li>Ezt k\u00f6vet\u0151en a p\u00e1rologtat\u00f3n kereszt\u00fcl halad\u00f3 hideg h\u0171t\u0151k\u00f6zeg felveszi az utast\u00e9rben tal\u00e1lhat\u00f3 leveg\u0151 h\u0151m\u00e9rs\u00e9klet\u00e9t \u00e9s cs\u00f6kkenti a leveg\u0151 p\u00e1ratartalm\u00e1t.<\/li>\n\n\n\n<li>Ennek hat\u00e1s\u00e1ra az utast\u00e9rben tal\u00e1lhat\u00f3 leveg\u0151 leh\u0171l a k\u00edv\u00e1nt h\u0151m\u00e9rs\u00e9kletre \u00e9s sz\u00e1razabb lesz.<\/li>\n\n\n\n<li>V\u00e9g\u00fcl pedig indul el\u00f6lr\u0151l az eg\u00e9sz folyamat.<\/li>\n<\/ol>\n\n\n\n<p>Ahogy a fenti felsorol\u00e1s mutatja, az aut\u00f3kl\u00edma m\u0171k\u00f6d\u00e9se egy nagyon \u00f6sszetett folyamat. Sz\u00e1mos oka lehet annak, hogy az aut\u00f3kl\u00edma nem f\u00faj hideget. A k\u00f6vetkez\u0151 bekezd\u00e9sben ezeket a lehets\u00e9ges m\u0171szaki hib\u00e1kat vessz\u00fck g\u00f3rcs\u0151 al\u00e1.<\/p>\n\n\n<div class=\"wp-block-image\">\n<figure class=\"aligncenter size-large\"><img decoding=\"async\" width=\"1024\" height=\"683\" src=\"https:\/\/gumi.hu\/blog\/wp-content\/uploads\/2024\/06\/auto-klima-nem-hut.jpg-1024x683.jpg\" alt=\"\" class=\"wp-image-10775\" title=\"\" srcset=\"https:\/\/gumi.hu\/blog\/wp-content\/uploads\/2024\/06\/auto-klima-nem-hut.jpg-1024x683.jpg 1024w, https:\/\/gumi.hu\/blog\/wp-content\/uploads\/2024\/06\/auto-klima-nem-hut.jpg-300x200.jpg 300w, https:\/\/gumi.hu\/blog\/wp-content\/uploads\/2024\/06\/auto-klima-nem-hut.jpg-768x513.jpg 768w, https:\/\/gumi.hu\/blog\/wp-content\/uploads\/2024\/06\/auto-klima-nem-hut.jpg-1536x1025.jpg 1536w, https:\/\/gumi.hu\/blog\/wp-content\/uploads\/2024\/06\/auto-klima-nem-hut.jpg-2048x1367.jpg 2048w\" sizes=\"(max-width: 1024px) 100vw, 1024px\" \/><\/figure><\/div>\n\n\n<h2 class=\"wp-block-heading\"><strong>Az aut\u00f3kl\u00edma nem h\u0171t: mi okozza a probl\u00e9m\u00e1t?<\/strong><\/h2>\n\n\n\n<p>Vezet\u00e9s k\u00f6zben azt tapasztalja, hogy az aut\u00f3kl\u00edma nem h\u0171t? Sz\u00e1mos probl\u00e9ma \u00e1llhat a jelens\u00e9g h\u00e1tter\u00e9ben. K\u00f6vetkezzenek a leggyakoribbak!<\/p>\n\n\n\n<h3 class=\"wp-block-heading\"><strong>Kondenz\u00e1tor hiba<\/strong><\/h3>\n\n\n\n<p>Amennyiben meghib\u00e1sodott a kondenz\u00e1tor, k\u00e9ptelen a h\u0171t\u0151k\u00f6zeg cseppfoly\u00f3s \u00e1llag\u00fav\u00e1 transzform\u00e1lni. Ilyenkor a h\u0171t\u0151k\u00f6zeg nem tud megfelel\u0151en tov\u00e1bbhaladni a rendszerben \u00e9s a g\u00e9pj\u00e1rm\u0171 kl\u00edmaberendez\u00e9se enyh\u00e9n vagy egy\u00e1ltal\u00e1n nem h\u0171t. A probl\u00e9ma orvosl\u00e1sa kiz\u00e1r\u00f3lag profi szervizben lehets\u00e9ges, otthoni k\u00f6r\u00fclm\u00e9nyek k\u00f6z\u00f6tt nem megoldhat\u00f3.<\/p>\n\n\n\n<h3 class=\"wp-block-heading\"><strong>Elt\u00f6m\u0151d\u00f6tt pollensz\u0171r\u0151<\/strong><\/h3>\n\n\n\n<p>Ritk\u00e1bban, de el\u0151fordulhat, hogy az utast\u00e9ri pollensz\u0171r\u0151 apr\u00f3 szennyez\u0151d\u00e9sek (p\u00e9ld\u00e1ul pollen vagy por) hat\u00e1s\u00e1ra olyan m\u00e9rt\u00e9kben elt\u00f6m\u0151dnek, hogy a hideg leveg\u0151 k\u00e9ptelen kereszt\u00fcljutni. Ilyen helyzetben a utast\u00e9rsz\u0171r\u0151 csere jelent megold\u00e1st, melyet \u00e9rdemes profikra b\u00edzni a legjobb eredm\u00e9ny \u00e9rdek\u00e9ben. Illetve, javasoljuk, hogy ne feledkezzen meg a rendszeres <a href=\"https:\/\/gumi.hu\/blog\/autoklima-tisztitas\/\" target=\"_blank\" rel=\"noreferrer noopener\">aut\u00f3kl\u00edma tiszt\u00edt\u00e1sr\u00f3l<\/a> sem.&nbsp;<\/p>\n\n\n\n<h3 class=\"wp-block-heading\"><strong>Amortiz\u00e1l\u00f3dott kl\u00edmakompresszor<\/strong><\/h3>\n\n\n\n<p>A kompresszor a rendszer egyik legfontosabb eleme, hiszen ez felel\u0151s a h\u0171t\u0151k\u00f6zeg keringet\u00e9s\u00e9\u00e9rt. A meghib\u00e1sod\u00e1s gyakori el\u0151jele a gyeng\u00fcl\u0151 l\u00e9g\u00e1raml\u00e1s \u00e9s cs\u00f6kken\u0151 h\u0171t\u0151hat\u00e1s. Majd egy ponton t\u00fal, amikor a kompresszor v\u00e9gk\u00e9pp \u00fczemk\u00e9ptelenn\u00e9 v\u00e1lik, az aut\u00f3kl\u00edma nem h\u0171t m\u00e1r kicsit sem. A kompresszorcsere k\u00f6lts\u00e9ges hiba, amelyet kiz\u00e1r\u00f3lag profi szakemberek v\u00e9gezhetnek el.<\/p>\n\n\n\n<h3 class=\"wp-block-heading\"><strong>H\u0171t\u0151k\u00f6zeg sziv\u00e1rg\u00e1s<\/strong><\/h3>\n\n\n\n<p>Olajmaradv\u00e1nyokat tal\u00e1lt a kl\u00edmacs\u00f6vekn\u00e9l \u00e9s sziszeg a h\u0171t\u0151rendszer? Ki-be kapcsol a kl\u00edma? Net\u00e1n kattog, amikor bekapcsolja a h\u0171t\u00e9st? Ezek a jelek mind a h\u0171t\u0151k\u00f6zeg sziv\u00e1rg\u00e1sra utalhatnak, amelyet nem old meg a <a href=\"https:\/\/gumi.hu\/blog\/autoklima-toltes\/\" target=\"_blank\" rel=\"noreferrer noopener\">t\u00f6lt\u00e9s<\/a> sem! A t\u00f6m\u00edt\u00e9shez \u00e9s \u00fajrat\u00f6lt\u00e9shez k\u00e9rje aut\u00f3szerel\u0151 szakember seg\u00edts\u00e9g\u00e9t.<\/p>\n\n\n\n<h3 class=\"wp-block-heading\"><strong>Alacsony szint\u0171 h\u0171t\u0151k\u00f6zeg<\/strong><\/h3>\n\n\n\n<p>Norm\u00e1l haszn\u00e1lat mellett is \u00e9ves szinten 5-10% m\u00e9rt\u00e9k\u0171 a g\u00e1zsz\u00f6k\u00e9s, \u00edgy nem meglep\u0151, hogy id\u0151nk\u00e9nt sz\u00fcks\u00e9ges \u00fajrat\u00f6lteni a kl\u00edmarendszerben tal\u00e1lhat\u00f3 g\u00e1zt. A szakemberek a h\u0171t\u0151k\u00f6zeg eg\u00e9sz\u00e9t elt\u00e1vol\u00edtj\u00e1k jav\u00edt\u00e1skor a legjobb hat\u00e1sfok el\u00e9r\u00e9se \u00e9rdek\u00e9ben.<\/p>\n\n\n\n<h2 class=\"wp-block-heading\"><strong>Mit tegyek, ha az aut\u00f3kl\u00edma nem f\u00faj hideget?<\/strong><\/h2>\n\n\n\n<p>Amennyiben az aut\u00f3kl\u00edma nem f\u00faj hideget, nagyon val\u00f3sz\u00edn\u0171, hogy a fenti meghib\u00e1sod\u00e1sok egyik\u00e9r\u0151l lehet sz\u00f3. Azonban miel\u0151tt id\u0151pontot foglalna az aut\u00f3szerel\u0151n\u00e9l, \u00e9rdemes lehet az al\u00e1bbi l\u00e9p\u00e9seken v\u00e9gigmenni:<\/p>\n\n\n\n<ul class=\"wp-block-list\">\n<li>B\u00e1r trivi\u00e1lisnak t\u0171nhet, de ellen\u0151rizze, hogy val\u00f3ban bekapcsolta \u00e9s a megfelel\u0151 fokozatra \u00e1ll\u00edtotta a l\u00e9gkondicion\u00e1l\u00f3t!<\/li>\n\n\n\n<li>Ellen\u0151rizze, hogy a kondenz\u00e1toron nincs a l\u00e9g\u00e1raml\u00e1st g\u00e1tl\u00f3 szennyez\u0151d\u00e9s! Ilyen lehet p\u00e9ld\u00e1ul nagy mennyis\u00e9g\u0171 rovartetem, falev\u00e9l vagy ak\u00e1r sz\u00e1radt s\u00e1r is!<\/li>\n\n\n\n<li>Gy\u0151z\u0151dj\u00f6n meg arr\u00f3l, hogy a l\u00e9g\u00e1raml\u00e1st szab\u00e1lyoz\u00f3 r\u00e1csok vagy egy\u00e9b rendszer nem akad\u00e1lyozza a h\u0171t\u00e9st!<\/li>\n<\/ul>\n\n\n\n<p>A fenti megold\u00e1sok nem seg\u00edtettek? Ahhoz, hogy a pontos m\u0171szaki hib\u00e1t diagnosztiz\u00e1lj\u00e1k \u00e9s az <a href=\"https:\/\/gumi.hu\/blog\/autoklima-javitas\/\" target=\"_blank\" rel=\"noreferrer noopener\">aut\u00f3kl\u00edm\u00e1t megjav\u00edts\u00e1k<\/a>, mindenk\u00e9ppen sz\u00fcks\u00e9g lesz profi aut\u00f3szerel\u0151re. Az AKH szervizekben tapasztalt \u00e9s a kl\u00edmaszerel\u00e9sben j\u00e1rtas szerel\u0151k \u00e1llnak rendelkez\u00e9s\u00e9re.<\/p>\n\n\n\n<p><\/p>\n\n\n\n<div class=\"wp-block-buttons is-layout-flex wp-block-buttons-is-layout-flex\">\n<div class=\"wp-block-button aligncenter\"><a class=\"wp-block-button__link has-black-color has-text-color has-background wp-element-button\" href=\"https:\/\/gumi.hu\/autoszerviz-online\" style=\"border-radius:0px;background-color:#fdd814\" target=\"_blank\" rel=\"noreferrer noopener\"><strong>Id\u0151pontot foglalok!<\/strong><\/a><\/div>\n<\/div>\n\n\n\n<p>   <\/p>\n\n\n\n<p><strong>V\u00e1logasson kedv\u00e9re ny\u00e1ri gumi k\u00edn\u00e1latunkb\u00f3l, szereltesse \u00e1t t\u00f6bb, mint 150 ponton orsz\u00e1gos szervizh\u00e1l\u00f3zatunkban<\/strong>.<\/p>\n\n\n\n<div class=\"wp-block-buttons is-content-justification-center is-layout-flex wp-container-core-buttons-is-layout-16018d1d wp-block-buttons-is-layout-flex\">\n<div class=\"wp-block-button\"><a class=\"wp-block-button__link has-text-color has-background wp-element-button\" href=\"https:\/\/gumi.hu\/autogumi\/nyari-gumi\/\" style=\"border-radius:0px;color:#333333;background-color:#fdd814\" target=\"_blank\" rel=\"noreferrer noopener\"><strong>Ny\u00e1ri gumiabroncsok<\/strong><\/a><\/div>\n<\/div>\n\n\n\n<p>      <\/p>\n\n\n\n<p><em>Ne maradjon le \u00fajdons\u00e1gainkr\u00f3l, akci\u00f3inkr\u00f3l, iratkozzon fel h\u00edrlevel\u00fcnkre!<\/em><\/p>\n\n\n\n<div class=\"wp-block-buttons is-content-justification-center is-layout-flex wp-container-core-buttons-is-layout-16018d1d wp-block-buttons-is-layout-flex\">\n<div class=\"wp-block-button\"><a class=\"wp-block-button__link has-text-color has-background wp-element-button\" href=\"https:\/\/gumi.hu\/#subscribe-to-newsletter\" style=\"border-radius:0px;color:#333333;background-color:#fdd814\" target=\"_blank\" rel=\"noreferrer noopener\"><strong>H\u00edrlev\u00e9l feliratkoz\u00e1s<\/strong><\/a><\/div>\n<\/div>\n","protected":false},"excerpt":{"rendered":"<p>A meleg id\u0151j\u00e1r\u00e1s k\u00f6zeledt\u00e9vel egyre fontosabb, hogy az aut\u00f3kl\u00edma megfelel\u0151en m\u0171k\u00f6dj\u00f6n \u00e9s k\u00e9pes legyen a kellemesen hideg h\u0151m\u00e9rs\u00e9kletet fenntartani az utast\u00e9rben. A k\u00e9nyelmi berendez\u00e9s meghib\u00e1sod\u00e1sa eset\u00e9n val\u00f3di tort\u00far\u00e1v\u00e1 v\u00e1lhat a ny\u00e1ri aut\u00f3z\u00e1s. Cikk\u00fckben r\u00f6viden ismertetj\u00fck a rendszer m\u0171k\u00f6d\u00e9s\u00e9t \u00e9s bemutatjuk mi a teend\u0151, ha az aut\u00f3kl\u00edma nem f\u00faj hideget! Hogyan m\u0171k\u00f6dik pontosan az aut\u00f3kl\u00edma? Miel\u0151tt<\/p>\n","protected":false},"author":15,"featured_media":10773,"comment_status":"closed","ping_status":"closed","sticky":false,"template":"","format":"standard","meta":{"footnotes":""},"categories":[1205,1185],"tags":[],"class_list":["post-10772","post","type-post","status-publish","format-standard","has-post-thumbnail","hentry","category-autoszerviz-3","category-tudastar"],"_links":{"self":[{"href":"https:\/\/gumi.hu\/blog\/wp-json\/wp\/v2\/posts\/10772","targetHints":{"allow":["GET"]}}],"collection":[{"href":"https:\/\/gumi.hu\/blog\/wp-json\/wp\/v2\/posts"}],"about":[{"href":"https:\/\/gumi.hu\/blog\/wp-json\/wp\/v2\/types\/post"}],"author":[{"embeddable":true,"href":"https:\/\/gumi.hu\/blog\/wp-json\/wp\/v2\/users\/15"}],"replies":[{"embeddable":true,"href":"https:\/\/gumi.hu\/blog\/wp-json\/wp\/v2\/comments?post=10772"}],"version-history":[{"count":2,"href":"https:\/\/gumi.hu\/blog\/wp-json\/wp\/v2\/posts\/10772\/revisions"}],"predecessor-version":[{"id":10777,"href":"https:\/\/gumi.hu\/blog\/wp-json\/wp\/v2\/posts\/10772\/revisions\/10777"}],"wp:featuredmedia":[{"embeddable":true,"href":"https:\/\/gumi.hu\/blog\/wp-json\/wp\/v2\/media\/10773"}],"wp:attachment":[{"href":"https:\/\/gumi.hu\/blog\/wp-json\/wp\/v2\/media?parent=10772"}],"wp:term":[{"taxonomy":"category","embeddable":true,"href":"https:\/\/gumi.hu\/blog\/wp-json\/wp\/v2\/categories?post=10772"},{"taxonomy":"post_tag","embeddable":true,"href":"https:\/\/gumi.hu\/blog\/wp-json\/wp\/v2\/tags?post=10772"}],"curies":[{"name":"wp","href":"https:\/\/api.w.org\/{rel}","templated":true}]}}