{"id":10782,"date":"2024-06-25T12:18:10","date_gmt":"2024-06-25T10:18:10","guid":{"rendered":"https:\/\/gumi.hu\/blog\/?p=10782"},"modified":"2026-01-07T16:42:35","modified_gmt":"2026-01-07T14:42:35","slug":"fek-legtelenites","status":"publish","type":"post","link":"https:\/\/gumi.hu\/blog\/fek-legtelenites\/","title":{"rendered":"F\u00e9k l\u00e9gtelen\u00edt\u00e9s otthon? B\u00edzzuk ink\u00e1bb szakemberre!"},"content":{"rendered":"\n<p><strong>A f\u00e9kek hib\u00e1tlan m\u0171k\u00f6d\u00e9se elengedhetetlen\u00fcl fontos, hiszen ez aut\u00f3nk egyik legfontosabb biztons\u00e1gi rendszere. \u00c9ppen ez\u00e9rt olyan fontos, hogy a <\/strong><a href=\"https:\/\/gumi.hu\/blog\/fekjavitas\/\" target=\"_blank\" rel=\"noreferrer noopener\"><strong>f\u00e9kjav\u00edt\u00e1si<\/strong><\/a><strong> feladatokat minden esetben profi \u00e9s tapasztalt szakemberre b\u00edzzuk. Cikk\u00fcnkb\u0151l megismerheti, mik\u00e9pp ismerhet\u0151 fel id\u0151ben a leveg\u0151s f\u00e9k \u00e9s mit \u00e9rdemes tenni jav\u00edt\u00e1sa \u00e9rdek\u00e9ben!<\/strong><\/p>\n\n\n\n<h2 class=\"wp-block-heading\"><strong>Az alapok: hogyan m\u0171k\u00f6dik a f\u00e9krendszer?<\/strong><\/h2>\n\n\n\n<p>Miel\u0151tt bemutatn\u00e1nk a f\u00e9k l\u00e9gtelen\u00edt\u00e9st, fontos r\u00f6viden sz\u00f3t ejteni a rendszer \u00e1ltal\u00e1nos m\u0171k\u00f6d\u00e9s\u00e9r\u0151l. Els\u0151dleges funkci\u00f3i az aut\u00f3 lass\u00edt\u00e1sa, meg\u00e1ll\u00edt\u00e1sa \u00e9s egy helyben tart\u00e1sa. A hib\u00e1tlanul m\u0171k\u00f6d\u0151 f\u00e9kek n\u00f6velik a k\u00f6zleked\u00e9sbiztons\u00e1got, cs\u00f6kkentik a <a href=\"https:\/\/gumi.hu\/blog\/fektavolsag-tablazat\/\" target=\"_blank\" rel=\"noreferrer noopener\">f\u00e9kt\u00e1vot<\/a> \u00e9s a baleseti kock\u00e1zatot.<\/p>\n\n\n\n<p>\u00cdgy m\u0171k\u00f6dik egy modern hidraulikus f\u00e9krendszer:<\/p>\n\n\n\n<ol class=\"wp-block-list\">\n<li>A sof\u0151r megnyomja a f\u00e9kped\u00e1lt, amely k\u00f6vetkezt\u00e9ben emelkedik a f\u0151f\u00e9khenger bels\u0151 nyom\u00e1sa.<\/li>\n\n\n\n<li>A megemelkedett nyom\u00e1s tov\u00e1bbjut a f\u00e9kcs\u00f6veken kereszt\u00fcl a munkahengerig, amely er\u0151v\u00e9 alak\u00edtja.<\/li>\n\n\n\n<li>Ennek k\u00f6vetkezt\u00e9ben a f\u00e9kbet\u00e9t elmozdul, hozz\u00e1 nyom\u00f3dik a f\u00e9kt\u00e1rcs\u00e1hoz, amely lass\u00edtja, majd id\u0151vel meg\u00e1ll\u00edtja a kerekeket.<\/li>\n<\/ol>\n\n\n\n<p>A folyamat sor\u00e1n a f\u00e9k t\u00e1rcsa ak\u00e1r 600-700\u00b0C h\u0151m\u00e9rs\u00e9kletet is el\u00e9rhet, hiszen a s\u00farl\u00f3d\u00e1si energia r\u00e9szben h\u0151energi\u00e1v\u00e1 alakul.<\/p>\n\n\n\n<h2 class=\"wp-block-heading\"><strong>Hogyan juthat leveg\u0151 a f\u00e9krendszerbe?<\/strong><\/h2>\n\n\n\n<p>F\u00e9k l\u00e9gtelen\u00edt\u00e9s olyankor sz\u00fcks\u00e9ges, amikor a hermetikusan z\u00e1rt rendszerbe leveg\u0151 ker\u00fcl. Ez jelent\u0151sen ronthatja a hat\u00e9kony m\u0171k\u00f6d\u00e9st, hiszen a f\u00e9kfolyad\u00e9k kev\u00e9sb\u00e9 tudja tov\u00e1bb\u00edtani a nyom\u00e1st a f\u00e9kt\u00e1rcsa \u00e9s a dob fel\u00e9. Igaz\u00e1n s\u00falyos esetekben jelent\u0151sen megn\u00f6vekedhet a f\u00e9kt\u00e1v \u00e9s cs\u00f6kkenhet a f\u00e9ker\u0151.<\/p>\n\n\n\n<p>B\u00e1r a szakszer\u0171 \u00e9s rendszeres karbantart\u00e1ssal cs\u00f6kkenthet\u0151 ennek kock\u00e1zata, m\u00e9gis sz\u00e1mos m\u00f3don juthat leveg\u0151 a rendszerbe. A k\u00f6vetkez\u0151kben felsoroltuk a leggyakoribbakat:<\/p>\n\n\n\n<ul class=\"wp-block-list\">\n<li>szakszer\u0171tlen\u00fcl v\u00e9gzett <a href=\"https:\/\/gumi.hu\/blog\/fekcsere\/\" target=\"_blank\" rel=\"noreferrer noopener\">f\u00e9kcsere<\/a>,<\/li>\n\n\n\n<li>kilazult t\u00f6m\u00edt\u00e9sek \u00e9s f\u00e9kcs\u00f6vek,<\/li>\n\n\n\n<li>helytelen\u00fcl v\u00e9gzett <a href=\"https:\/\/gumi.hu\/blog\/fekfolyadek-csere\/\" target=\"_blank\" rel=\"noreferrer noopener\">f\u00e9kfolyad\u00e9k csere<\/a>,<\/li>\n\n\n\n<li>f\u00e9kalkatr\u00e9szek amortiz\u00e1ci\u00f3ja,<\/li>\n\n\n\n<li>s\u00e9r\u00fcl\u00e9sek.<\/li>\n<\/ul>\n\n\n\n<h2 class=\"wp-block-heading\"><strong>A leveg\u0151s f\u00e9k jelei<\/strong><\/h2>\n\n\n\n<p>A biztons\u00e1gos vezet\u00e9s \u00e9rdek\u00e9ben nagyon fontos, hogy idejekor\u00e1n \u00e9szlelje a meghib\u00e1sod\u00e1st! A k\u00f6vetkez\u0151kben \u00f6sszegy\u0171jt\u00f6tt\u00fck a leveg\u0151s f\u00e9k leggyakoribb jeleit!<\/p>\n\n\n\n<h3 class=\"wp-block-heading\"><strong>Puha f\u00e9kped\u00e1l<\/strong><\/h3>\n\n\n\n<p>A leveg\u0151s f\u00e9k jelei k\u00f6z\u00f6tt els\u0151k\u00e9nt t\u0171nik fel a puha, k\u00f6nnyen benyomhat\u00f3 vagy ak\u00e1r bezuhant ped\u00e1l. Gyakori, hogy pump\u00e1l\u00e1sra r\u00f6vid id\u0151n bel\u00fcl ism\u00e9t norm\u00e1lis kem\u00e9nys\u00e9g\u0171 lesz a ped\u00e1l.<\/p>\n\n\n\n<h3 class=\"wp-block-heading\"><strong>Cs\u00f6kken\u0151 f\u00e9kteljes\u00edtm\u00e9ny<\/strong><\/h3>\n\n\n\n<p>Amikor a z\u00e1rt rendszerbe l\u00e9gbubor\u00e9k ker\u00fcl, a f\u00e9kfolyad\u00e9k sokkal kisebb hat\u00e9konys\u00e1ggal k\u00e9pes tov\u00e1bb\u00edtani a megn\u00f6vekedett bels\u0151 nyom\u00e1st a cs\u0151rendszeren kereszt\u00fcl a t\u00e1rcs\u00e1k \u00e9s dob fel\u00e9. Ennek k\u00f6vetkezt\u00e9ben pedig drasztikusan cs\u00f6kkenhet a f\u00e9kteljes\u00edtm\u00e9ny. \u00c1rulkod\u00f3 jel lehet, ha az egyik napr\u00f3l a m\u00e1sikra megn\u00f6vekedik a f\u00e9kt\u00e1vols\u00e1g.<\/p>\n\n\n\n<h3 class=\"wp-block-heading\"><strong>Lass\u00fa f\u00e9khat\u00e1s<\/strong><\/h3>\n\n\n\n<p>V\u00e9szf\u00e9kez\u00e9skor milliszekundumokon m\u00falhat egy baleset elker\u00fcl\u00e9se. Sajn\u00e1latos m\u00f3don, a leveg\u0151s f\u00e9k jelent\u0151sen lassabb f\u00e9khat\u00e1ssal b\u00edr, amely nagym\u00e9rt\u00e9kben cs\u00f6kkenti a k\u00f6zleked\u00e9sbiztons\u00e1got. Ha azt veszi \u00e9szre, hogy a ped\u00e1l lenyom\u00e1sa ut\u00e1n a megszokottn\u00e1l t\u00f6bb id\u0151 alatt kezd lassulni a g\u00e9pj\u00e1rm\u0171, akkor miel\u0151bb vigye aut\u00f3j\u00e1t szervizbe.<\/p>\n\n\n\n<p><strong>Leveg\u0151s f\u00e9k jeleit tapasztalja? <\/strong><a href=\"https:\/\/gumi.hu\/autoszerviz-online\" target=\"_blank\" rel=\"noreferrer noopener\"><strong>Foglaljon id\u0151pontot online<\/strong><\/a><strong> m\u00e1sodpercek alatt!<\/strong><\/p>\n\n\n\n<h2 class=\"wp-block-heading\"><strong>Mi\u00e9rt ker\u00fclend\u0151 a f\u00e9k l\u00e9gtelen\u00edt\u00e9s h\u00e1zilag?<\/strong><\/h2>\n\n\n\n<p>Hab\u00e1r az interneten sz\u00e1mos vide\u00f3 \u00e9s cikk tal\u00e1lhat\u00f3, amely r\u00e9szletesen bemutatja a f\u00e9k l\u00e9gtelen\u00edt\u00e9s menet\u00e9t, m\u00e9gsem javasoljuk, hogy a megfelel\u0151 szakmai ismeret \u00e9s speci\u00e1lis felszerel\u00e9s hi\u00e1ny\u00e1ban ezzel pr\u00f3b\u00e1lkozzon. A l\u00e1tsz\u00f3lag egyszer\u0171 feladat sor\u00e1n k\u00f6nnyen ejthet\u00fcnk hib\u00e1t, amely s\u00falyos k\u00f6vetkezm\u00e9nyekkel j\u00e1rhat. A szakszer\u0171tlen\u00fcl v\u00e9gzett f\u00e9k l\u00e9gtelen\u00edt\u00e9s sor\u00e1n leveg\u0151 bubor\u00e9kok maradhatnak a f\u00e9krendszerben, s\u0151t, ak\u00e1r m\u0171szaki k\u00e1rokat is tehet\u00fcnk az aut\u00f3ban.<\/p>\n\n\n\n<p>Tov\u00e1bbi probl\u00e9m\u00e1t jelenthet, hogy laikusk\u00e9nt nem biztos, hogy j\u00f3l diagnosztiz\u00e1ljuk a f\u00e9khib\u00e1t. Egy profi aut\u00f3szerel\u0151 f\u00e9k l\u00e9gtelen\u00edt\u00e9skor ellen\u0151rzi a rendszer egy\u00e9b alkatr\u00e9szeit, sz\u00fcks\u00e9g eset\u00e9n pedig tov\u00e1bbi jav\u00edt\u00e1si feladatokat l\u00e1t el.<\/p>\n\n\n\n<p>A fontos biztons\u00e1gi rendszer jav\u00edt\u00e1st b\u00edzza olyan szakemberekre, akik sok \u00e9ves tapasztalattal, j\u00f3l felszerelt m\u0171hellyel \u00e9s a sz\u00fcks\u00e9ges ismeretekkel rendelkeznek.<\/p>\n\n\n\n<p><\/p>\n\n\n\n<div class=\"wp-block-buttons is-layout-flex wp-block-buttons-is-layout-flex\">\n<div class=\"wp-block-button aligncenter\"><a class=\"wp-block-button__link has-black-color has-text-color has-background wp-element-button\" href=\"https:\/\/gumi.hu\/szolgaltatasok#fek_javitas\" style=\"border-radius:0px;background-color:#fdd814\" target=\"_blank\" rel=\"noreferrer noopener\">Aktu\u00e1lis f\u00e9kjav\u00edt\u00e1si \u00e1raink<\/a><\/div>\n<\/div>\n\n\n\n<p>     <\/p>\n\n\n<div class=\"wp-block-image\">\n<figure class=\"aligncenter size-large\"><img fetchpriority=\"high\" decoding=\"async\" width=\"1024\" height=\"683\" src=\"https:\/\/gumi.hu\/blog\/wp-content\/uploads\/2024\/06\/levegos-fek-javitas.jpg-1024x683.jpg\" alt=\"A leveg\u0151s f\u00e9k jav\u00edt\u00e1s\u00e1t \u00e9rdemes szakemberre b\u00edzni.\" class=\"wp-image-10783\" title=\"\" srcset=\"https:\/\/gumi.hu\/blog\/wp-content\/uploads\/2024\/06\/levegos-fek-javitas.jpg-1024x683.jpg 1024w, https:\/\/gumi.hu\/blog\/wp-content\/uploads\/2024\/06\/levegos-fek-javitas.jpg-300x200.jpg 300w, https:\/\/gumi.hu\/blog\/wp-content\/uploads\/2024\/06\/levegos-fek-javitas.jpg-768x512.jpg 768w, https:\/\/gumi.hu\/blog\/wp-content\/uploads\/2024\/06\/levegos-fek-javitas.jpg-1536x1024.jpg 1536w, https:\/\/gumi.hu\/blog\/wp-content\/uploads\/2024\/06\/levegos-fek-javitas.jpg-2048x1365.jpg 2048w\" sizes=\"(max-width: 1024px) 100vw, 1024px\" \/><\/figure><\/div>\n\n\n<h2 class=\"wp-block-heading\"><strong>Foglaljon id\u0151pontot az AKH szervizekbe!<\/strong><\/h2>\n\n\n\n<p>Elj\u00f6tt a f\u00e9k l\u00e9gtelen\u00edt\u00e9s ideje? <a href=\"https:\/\/gumi.hu\/blog\/nyikorog-a-fek\/\" target=\"_blank\" rel=\"noreferrer noopener\">Nyikorog a f\u00e9k<\/a> vagy <a href=\"https:\/\/gumi.hu\/blog\/fekezeskor-raz-a-kormany\/\" target=\"_blank\" rel=\"noreferrer noopener\">r\u00e1z a korm\u00e1ny f\u00e9kez\u00e9skor<\/a>? Legyen sz\u00f3 b\u00e1rmilyen m\u0171szaki probl\u00e9m\u00e1r\u00f3l, az AKH aut\u00f3szervizre minden esetben sz\u00e1m\u00edthat! B\u00edzza tapasztalt szak\u00e9rt\u0151 csapatunkra a f\u00e9krendszer ellen\u0151rz\u00e9s\u00e9t, jav\u00edt\u00e1s\u00e1t vagy cser\u00e9j\u00e9t a legjobb eredm\u00e9ny \u00e9rdek\u00e9ben! Online id\u0151pontfoglal\u00f3 fel\u00fclet\u00fcnk\u00f6n k\u00e9nyelmesen kiv\u00e1laszthatja a szerel\u00e9si helysz\u00ednt \u00e9s id\u0151pontot.<\/p>\n\n\n\n<p><\/p>\n\n\n\n<div class=\"wp-block-buttons is-layout-flex wp-block-buttons-is-layout-flex\">\n<div class=\"wp-block-button aligncenter\"><a class=\"wp-block-button__link has-black-color has-text-color has-background wp-element-button\" href=\"https:\/\/gumi.hu\/autoszerviz-online\" style=\"border-radius:0px;background-color:#fdd814\" target=\"_blank\" rel=\"noreferrer noopener\">Foglaljon id\u0151pontot online!<\/a><\/div>\n<\/div>\n\n\n\n<p>   <\/p>\n\n\n\n<p><strong>V\u00e1logasson kedv\u00e9re ny\u00e1ri gumi k\u00edn\u00e1latunkb\u00f3l, szereltesse \u00e1t t\u00f6bb, mint 150 ponton orsz\u00e1gos szervizh\u00e1l\u00f3zatunkban<\/strong>.<\/p>\n\n\n\n<div class=\"wp-block-buttons is-content-justification-center is-layout-flex wp-container-core-buttons-is-layout-16018d1d wp-block-buttons-is-layout-flex\">\n<div class=\"wp-block-button\"><a class=\"wp-block-button__link has-text-color has-background wp-element-button\" href=\"https:\/\/gumi.hu\/autogumi\/nyari-gumi\/\" style=\"border-radius:0px;color:#333333;background-color:#fdd814\" target=\"_blank\" rel=\"noreferrer noopener\"><strong>Ny\u00e1ri gumiabroncsok<\/strong><\/a><\/div>\n<\/div>\n\n\n\n<p>      <\/p>\n\n\n\n<p><em>Ne maradjon le \u00fajdons\u00e1gainkr\u00f3l, akci\u00f3inkr\u00f3l, iratkozzon fel h\u00edrlevel\u00fcnkre!<\/em><\/p>\n\n\n\n<div class=\"wp-block-buttons is-content-justification-center is-layout-flex wp-container-core-buttons-is-layout-16018d1d wp-block-buttons-is-layout-flex\">\n<div class=\"wp-block-button\"><a class=\"wp-block-button__link has-text-color has-background wp-element-button\" href=\"https:\/\/gumi.hu\/#subscribe-to-newsletter\" style=\"border-radius:0px;color:#333333;background-color:#fdd814\" target=\"_blank\" rel=\"noreferrer noopener\"><strong>H\u00edrlev\u00e9l feliratkoz\u00e1s<\/strong><\/a><\/div>\n<\/div>\n","protected":false},"excerpt":{"rendered":"<p>A f\u00e9kek hib\u00e1tlan m\u0171k\u00f6d\u00e9se elengedhetetlen\u00fcl fontos, hiszen ez aut\u00f3nk egyik legfontosabb biztons\u00e1gi rendszere. \u00c9ppen ez\u00e9rt olyan fontos, hogy a f\u00e9kjav\u00edt\u00e1si feladatokat minden esetben profi \u00e9s tapasztalt szakemberre b\u00edzzuk. Cikk\u00fcnkb\u0151l megismerheti, mik\u00e9pp ismerhet\u0151 fel id\u0151ben a leveg\u0151s f\u00e9k \u00e9s mit \u00e9rdemes tenni jav\u00edt\u00e1sa \u00e9rdek\u00e9ben! Az alapok: hogyan m\u0171k\u00f6dik a f\u00e9krendszer? Miel\u0151tt bemutatn\u00e1nk a f\u00e9k l\u00e9gtelen\u00edt\u00e9st, fontos<\/p>\n","protected":false},"author":15,"featured_media":10801,"comment_status":"closed","ping_status":"closed","sticky":false,"template":"","format":"standard","meta":{"footnotes":""},"categories":[1205,1185],"tags":[],"class_list":["post-10782","post","type-post","status-publish","format-standard","has-post-thumbnail","hentry","category-autoszerviz-3","category-tudastar"],"_links":{"self":[{"href":"https:\/\/gumi.hu\/blog\/wp-json\/wp\/v2\/posts\/10782","targetHints":{"allow":["GET"]}}],"collection":[{"href":"https:\/\/gumi.hu\/blog\/wp-json\/wp\/v2\/posts"}],"about":[{"href":"https:\/\/gumi.hu\/blog\/wp-json\/wp\/v2\/types\/post"}],"author":[{"embeddable":true,"href":"https:\/\/gumi.hu\/blog\/wp-json\/wp\/v2\/users\/15"}],"replies":[{"embeddable":true,"href":"https:\/\/gumi.hu\/blog\/wp-json\/wp\/v2\/comments?post=10782"}],"version-history":[{"count":2,"href":"https:\/\/gumi.hu\/blog\/wp-json\/wp\/v2\/posts\/10782\/revisions"}],"predecessor-version":[{"id":10785,"href":"https:\/\/gumi.hu\/blog\/wp-json\/wp\/v2\/posts\/10782\/revisions\/10785"}],"wp:featuredmedia":[{"embeddable":true,"href":"https:\/\/gumi.hu\/blog\/wp-json\/wp\/v2\/media\/10801"}],"wp:attachment":[{"href":"https:\/\/gumi.hu\/blog\/wp-json\/wp\/v2\/media?parent=10782"}],"wp:term":[{"taxonomy":"category","embeddable":true,"href":"https:\/\/gumi.hu\/blog\/wp-json\/wp\/v2\/categories?post=10782"},{"taxonomy":"post_tag","embeddable":true,"href":"https:\/\/gumi.hu\/blog\/wp-json\/wp\/v2\/tags?post=10782"}],"curies":[{"name":"wp","href":"https:\/\/api.w.org\/{rel}","templated":true}]}}