{"id":10812,"date":"2024-07-04T11:54:36","date_gmt":"2024-07-04T09:54:36","guid":{"rendered":"https:\/\/gumi.hu\/blog\/?p=10812"},"modified":"2024-07-04T11:54:37","modified_gmt":"2024-07-04T09:54:37","slug":"apollo-tyres-miglia-green-rali","status":"publish","type":"post","link":"https:\/\/gumi.hu\/blog\/apollo-tyres-miglia-green-rali\/","title":{"rendered":"Az Apollo Tyres egy ritka holland elektromos aut\u00f3val indul a \u201e1000 Miglia Green\u201d ralin"},"content":{"rendered":"\n<ul class=\"wp-block-list\">\n<li><strong><em>A <a href=\"https:\/\/gumi.hu\/auto-gumi\/vredestein\/\" target=\"_blank\" rel=\"noreferrer noopener\">Vredestein <\/a>m\u00e1rka a 1000 Miglia verseny (j\u00fanius 11\u201315.) hivatalos gumiabroncspartnere<\/em><\/strong><\/li>\n\n\n\n<li><strong><em>A kibocs\u00e1t\u00e1smentess\u00e9g jegy\u00e9ben megrendezett \u201e1000 Miglia Green\u201d versenyen r\u00e9szt vev\u0151, Hollandi\u00e1ban gy\u00e1rtott Carice TC2 t\u00edpus\u00fa, teljesen elektromos sportaut\u00f3t Vredestein Sprint Classic gumiabroncsokkal szerelik fel<\/em><\/strong><strong><em><\/em><\/strong><\/li>\n\n\n\n<li><strong><em>A Hollandi\u00e1n k\u00edv\u00fcl el\u0151sz\u00f6r bemutatkoz\u00f3, rendk\u00edv\u00fcl ritka TC2 egy k\u00e9zzel \u00f6sszeszerelt, k\u00f6nny\u0171 s\u00faly\u00fa elektromos sportaut\u00f3, amely a 21. sz\u00e1zadi technol\u00f3gi\u00e1t \u00f6tv\u00f6zi egy klasszikus aut\u00f3 megjelen\u00e9s\u00e9vel \u00e9s hangulat\u00e1val<\/em><\/strong><strong><em><\/em><\/strong><\/li>\n\n\n\n<li><strong><em>A Vredestein\u2019s Sprint Classic egyes\u00edti mag\u00e1ban a klasszikus megjelen\u00e9st \u00e9s a modern kor k\u00f6vetelm\u00e9nyeinek megfelel\u0151 teljes\u00edtm\u00e9nyt<\/em><\/strong><strong><em><\/em><\/strong><\/li>\n<\/ul>\n\n\n\n<p>Az Apollo Tyres, amely szem\u00e9lyg\u00e9pkocsikhoz k\u00e9sz\u00fclt Vredestein gumiabroncsm\u00e1rk\u00e1ja r\u00e9v\u00e9n m\u00e1r hossz\u00fa ideje az ikonikus 1000 Miglia klasszikusaut\u00f3-rali hivatalos gumiabroncspartnere, egy\u00fcttm\u0171k\u00f6dik a Carice Cars holland aut\u00f3gy\u00e1rt\u00f3 c\u00e9ggel az id\u00e9n megrendezett 1000 Miglia Green esem\u00e9nyen.<\/p>\n\n\n\n<p>A teljesen elektromos TC2 sportaut\u00f3 legels\u0151 sz\u00e9riamodellj\u00e9t Vredestein Sprint Classic gumiabroncsokkal szerelik fel a 1000 Miglia Green versenyre, amelyen kiz\u00e1r\u00f3lag elektromos \u00e9s hibrid j\u00e1rm\u0171vek vehetnek r\u00e9szt, \u00e9s amely a 1000 Miglia f\u0151versennyel p\u00e1rhuzamosan zajlik. J\u00fanius 11. \u00e9s 15. k\u00f6z\u00f6tt mindk\u00e9t esem\u00e9ny r\u00e9sztvev\u0151inek fest\u0151i \u00e9s kih\u00edv\u00e1sokkal teli \u00fatvonalakkal kell megbirk\u00f3zniuk Brescia \u00e9s R\u00f3ma k\u00f6z\u00f6tt.<\/p>\n\n\n\n<p>A Vredestein m\u00e1rka hivatalos gumiabroncspartnerk\u00e9nt jelenik meg a 1000 Miglia, a 1000 Miglia Green, a Coppa delle Alpi, valamint a Warm Up USA versenyen, \u00e9s kiemelt szerepet kap az esem\u00e9nyek online \u00e9s offline marketingj\u00e9ben.<\/p>\n\n\n\n<figure class=\"wp-block-gallery has-nested-images columns-default is-cropped wp-block-gallery-1 is-layout-flex wp-block-gallery-is-layout-flex\">\n<figure class=\"wp-block-image size-large\"><img fetchpriority=\"high\" decoding=\"async\" width=\"1024\" height=\"683\" data-id=\"10815\" src=\"https:\/\/gumi.hu\/blog\/wp-content\/uploads\/2024\/07\/Vredestein-Carice-100-Miglia-Green-1024x683.jpg\" alt=\"\" class=\"wp-image-10815\" title=\"\" srcset=\"https:\/\/gumi.hu\/blog\/wp-content\/uploads\/2024\/07\/Vredestein-Carice-100-Miglia-Green-1024x683.jpg 1024w, https:\/\/gumi.hu\/blog\/wp-content\/uploads\/2024\/07\/Vredestein-Carice-100-Miglia-Green-300x200.jpg 300w, https:\/\/gumi.hu\/blog\/wp-content\/uploads\/2024\/07\/Vredestein-Carice-100-Miglia-Green-768x512.jpg 768w, https:\/\/gumi.hu\/blog\/wp-content\/uploads\/2024\/07\/Vredestein-Carice-100-Miglia-Green-1536x1024.jpg 1536w, https:\/\/gumi.hu\/blog\/wp-content\/uploads\/2024\/07\/Vredestein-Carice-100-Miglia-Green.jpg 2048w\" sizes=\"(max-width: 1024px) 100vw, 1024px\" \/><figcaption class=\"wp-element-caption\">Forr\u00e1s: Apollo Tyres LTD<\/figcaption><\/figure>\n\n\n\n<figure class=\"wp-block-image size-large\"><img decoding=\"async\" width=\"1024\" height=\"683\" data-id=\"10816\" src=\"https:\/\/gumi.hu\/blog\/wp-content\/uploads\/2024\/07\/Vredestein-Carice-100-Miglia-Green1-1024x683.jpg\" alt=\"\" class=\"wp-image-10816\" title=\"\" srcset=\"https:\/\/gumi.hu\/blog\/wp-content\/uploads\/2024\/07\/Vredestein-Carice-100-Miglia-Green1-1024x683.jpg 1024w, https:\/\/gumi.hu\/blog\/wp-content\/uploads\/2024\/07\/Vredestein-Carice-100-Miglia-Green1-300x200.jpg 300w, https:\/\/gumi.hu\/blog\/wp-content\/uploads\/2024\/07\/Vredestein-Carice-100-Miglia-Green1-768x512.jpg 768w, https:\/\/gumi.hu\/blog\/wp-content\/uploads\/2024\/07\/Vredestein-Carice-100-Miglia-Green1-1536x1024.jpg 1536w, https:\/\/gumi.hu\/blog\/wp-content\/uploads\/2024\/07\/Vredestein-Carice-100-Miglia-Green1.jpg 2048w\" sizes=\"(max-width: 1024px) 100vw, 1024px\" \/><figcaption class=\"wp-element-caption\">Forr\u00e1s: Apollo Tyres LTD<\/figcaption><\/figure>\n<\/figure>\n\n\n\n<p>     <\/p>\n\n\n\n<p>A Carice j\u00faniusban deb\u00fct\u00e1l a 1000 Miglia Green rendezv\u00e9nyen a retr\u00f3 st\u00edlus \u00e9s a modern technol\u00f3gia egyedi jellemz\u0151it felvonultat\u00f3 TC2 modellj\u00e9vel, mik\u00f6zben az eur\u00f3pai v\u00e1s\u00e1rl\u00f3knak sz\u00e1nt els\u0151 sz\u00e1ll\u00edtm\u00e1ny kisz\u00e1ll\u00edt\u00e1s\u00e1ra k\u00e9sz\u00fcl. A j\u00e1rm\u0171 egy k\u00e9zzel k\u00e9sz\u00edtett, Hollandi\u00e1ban tervezett \u00e9s gy\u00e1rtott kabri\u00f3 sportaut\u00f3. A cs\u00facstechnol\u00f3gi\u00e1t az id\u0151tlen eszt\u00e9tik\u00e1val \u00f6tv\u00f6z\u0151, mind\u00f6ssze 630 kg t\u00f6meg\u0171 j\u00e1rm\u0171 egyetlen felt\u00f6lt\u00e9ssel t\u00f6bb mint 300 km-es hat\u00f3t\u00e1vols\u00e1got biztos\u00edt. Az idei 1000 Miglia Green lesz az els\u0151 nyilv\u00e1nos esem\u00e9ny, amelyen a TC2 m\u0171k\u00f6d\u00e9s k\u00f6zben l\u00e1that\u00f3, Hollandi\u00e1n k\u00edv\u00fcl.<\/p>\n\n\n\n<p>A TC2 jellemvon\u00e1sai megegyeznek a Vredestein Sprint Classic ny\u00e1ri gumiabroncs\u00e9val, amely egyes\u00edti mag\u00e1ban a retr\u00f3 k\u00fcls\u0151t \u00e9s a modern kor k\u00f6vetelm\u00e9nyeinek megfelel\u0151 teljes\u00edtm\u00e9nyt. Kifinomult fut\u00f3kever\u00e9k\u00e9nek \u00e9s fejlett szerkezeti fel\u00e9p\u00edt\u00e9s\u00e9nek k\u00f6sz\u00f6nhet\u0151en a Sprint Classic kiemelked\u0151 tapad\u00e1st \u00e9s \u00fattart\u00e1st biztos\u00edt nedves \u00e9s sz\u00e1raz k\u00f6r\u00fclm\u00e9nyek k\u00f6z\u00f6tt, \u00e9s ak\u00e1r 270 km\/h-s sebess\u00e9ggel val\u00f3 haszn\u00e1latra is alkalmas. A r\u00e9szletekre \u00e9s a formatervez\u00e9sre ig\u00e9nyes aut\u00f3rajong\u00f3k sz\u00e1m\u00e1ra kifejlesztett Sprint Classic nemcsak vonz\u00f3bb\u00e1 teszi a TC2 k\u00fcls\u0151 megjelen\u00e9s\u00e9t, hanem az \u00e1ltal\u00e1nos vezet\u00e9si \u00e9lm\u00e9nyt is fokozza. A 1000 Miglia Green r\u00e9sztvev\u0151inek k\u00fcl\u00f6nb\u00f6z\u0151 kih\u00edv\u00e1sokkal kell megk\u00fczdenie, amelyek sor\u00e1n vezet\u00e9si \u00e9s navig\u00e1l\u00e1si k\u00e9pess\u00e9geiket tesztelik az \u00e1tlagsebess\u00e9g, a kit\u0171z\u00f6tt id\u0151c\u00e9l \u00e9s a megtett t\u00e1vols\u00e1g figyelembev\u00e9tel\u00e9vel, \u00e9s ezen szempontok alapj\u00e1n szerezhetnek pontokat.<\/p>\n\n\n\n<p>\u201e<em>A 1000 Miglia versenyen r\u00e9szt vev\u0151 j\u00e1rm\u0171vek t\u00f6bbs\u00e9ge az 1950-es \u00e9s 60-as \u00e9vekb\u0151l sz\u00e1rmazik, ez\u00e9rt a 1000 Miglia Green esem\u00e9nyen a klasszikus \u00e9s a modern aut\u00f3z\u00e1s vil\u00e1g\u00e1t fogjuk \u00f6sszek\u00f6tni egy olyan aut\u00f3 bemutat\u00e1s\u00e1val, amely a retro diz\u00e1jnt a leg\u00fajabb technol\u00f3gi\u00e1kkal \u00f6tv\u00f6zi<\/em>\u201d \u2013 nyilatkozta Richard Holleman, a Carice Cars vez\u00e9rigazgat\u00f3ja. \u201e<em>A Vredestein Sprint Classic gumiabroncsok t\u00f6k\u00e9letesen kieg\u00e9sz\u00edtik a TC2-t, kiemelve a klasszikus design egyszer\u0171s\u00e9g\u00e9t, mik\u00f6zben kiv\u00e1l\u00f3 teljes\u00edtm\u00e9nyt ny\u00fajtanak. T\u00f6bb \u00e9vnyi egy\u00fcttm\u0171k\u00f6d\u00e9s ut\u00e1n rendk\u00edv\u00fcl b\u00fcszk\u00e9k vagyunk arra, hogy az Apollo Tyres partnerei lehet\u00fcnk<\/em>.\u201d<\/p>\n\n\n\n<p>Yves Pouliquen, az Apollo Tyres \u00e9rt\u00e9kes\u00edt\u00e9si \u00e9s marketingcsoportj\u00e1nak vezet\u0151je hozz\u00e1tette: \u201e<em>A Vredestein, amely most m\u00e1r az Apollo Tyres csal\u00e1d b\u00fcszke tagja, \u00e9s a Carice Cars nagyra becs\u00fclt holland m\u00e1rk\u00e1k, melyek mindegyik\u00e9t a kiv\u00e1l\u00f3s\u00e1g \u00e9s az innov\u00e1ci\u00f3 ir\u00e1nti m\u00e9lyen gy\u00f6kerez\u0151 elk\u00f6telezetts\u00e9g jellemzi. A Hollandi\u00e1ban tal\u00e1lhat\u00f3 legmodernebb tervez\u00e9si, kutat\u00e1si \u00e9s gy\u00e1rt\u00e1si l\u00e9tes\u00edtm\u00e9nyeivel ez a k\u00e9t v\u00e1llalat t\u00f6k\u00e9letesen alkalmas a 1000 Miglia Green esem\u00e9nyen val\u00f3 egy\u00fcttm\u0171k\u00f6d\u00e9sre<\/em>.\u201d<\/p>\n\n\n\n<p>Az elm\u00falt \u00e9vtizedben az Apollo Tyres \u00e9s a Carice sz\u00e1mos projektben m\u0171k\u00f6dtek egy\u00fctt sikeresen, \u00e9s szak\u00e9rtelm\u00fcket egyes\u00edtve kiv\u00e1l\u00f3 aut\u00f3ipari megold\u00e1sokat hoztak l\u00e9tre. A Carice TC2 m\u00e1r el\u00e9rhet\u0151 a v\u00e1s\u00e1rl\u00f3k sz\u00e1m\u00e1ra, \u00e9s alapfelszerelts\u00e9gk\u00e9nt Vredestein Quatrac gumiabronccsal van ell\u00e1tva. Az idei rangos 1000 Miglia Green verseny ut\u00e1n az aut\u00f3t Vredestein Sprint Classic gumiabronccsal is k\u00edn\u00e1lj\u00e1k majd, ezzel is n\u00f6velve vonzerej\u00e9t a vezet\u00e9s szerelmesei \u00e9s a klasszikus aut\u00f3k tulajdonosai sz\u00e1m\u00e1ra. \u201e<em>A Vredestein fejlett gumiabroncs-technol\u00f3gi\u00e1ja \u00e9s a Carice innovat\u00edv elektromos j\u00e1rm\u0171vei k\u00f6z\u00f6tti szinergia kiemeli a mai holland aut\u00f3gy\u00e1rt\u00e1s er\u0151ss\u00e9geit. B\u00fcszk\u00e9k vagyunk arra, hogy tov\u00e1bbvissz\u00fck ezt a hagyom\u00e1nyt<\/em>\u201d \u2013 tette hozz\u00e1 Pouliquen.<\/p>\n\n\n\n<p>Forr\u00e1s: Apollo Tyres LTD<\/p>\n\n\n\n<p><strong>V\u00e1logasson kedv\u00e9re Vredestein ny\u00e1ri gumi k\u00edn\u00e1latunkb\u00f3l, szereltesse \u00e1t t\u00f6bb, mint 150 ponton orsz\u00e1gos <a href=\"https:\/\/gumi.hu\/blog\/bemutatjuk-orszagos-szervizhalozatunkat\/\" target=\"_blank\" rel=\"noreferrer noopener\">Gumi Pont Szerviz<\/a> h\u00e1l\u00f3zatunkban<\/strong>.<\/p>\n\n\n\n<div class=\"wp-block-buttons is-content-justification-center is-layout-flex wp-container-core-buttons-is-layout-16018d1d wp-block-buttons-is-layout-flex\">\n<div class=\"wp-block-button\"><a class=\"wp-block-button__link has-text-color has-background wp-element-button\" href=\"https:\/\/gumi.hu\/autogumi\/nyari-gumi\/vredestein\" style=\"border-radius:0px;color:#333333;background-color:#fdd814\" target=\"_blank\" rel=\"noreferrer noopener\"><strong>Vredestein ny\u00e1ri gumiabroncsok<\/strong><\/a><\/div>\n<\/div>\n\n\n\n<p>      <\/p>\n\n\n\n<p><em>Ne maradjon le \u00fajdons\u00e1gainkr\u00f3l, akci\u00f3inkr\u00f3l, iratkozzon fel h\u00edrlevel\u00fcnkre!<\/em><\/p>\n\n\n\n<div class=\"wp-block-buttons is-content-justification-center is-layout-flex wp-container-core-buttons-is-layout-16018d1d wp-block-buttons-is-layout-flex\">\n<div class=\"wp-block-button\"><a class=\"wp-block-button__link has-text-color has-background wp-element-button\" href=\"https:\/\/gumi.hu\/#subscribe-to-newsletter\" style=\"border-radius:0px;color:#333333;background-color:#fdd814\" target=\"_blank\" rel=\"noreferrer noopener\"><strong>H\u00edrlev\u00e9l feliratkoz\u00e1s<\/strong><\/a><\/div>\n<\/div>\n","protected":false},"excerpt":{"rendered":"<p>Az Apollo Tyres, amely szem\u00e9lyg\u00e9pkocsikhoz k\u00e9sz\u00fclt Vredestein gumiabroncsm\u00e1rk\u00e1ja r\u00e9v\u00e9n m\u00e1r hossz\u00fa ideje az ikonikus 1000 Miglia klasszikusaut\u00f3-rali hivatalos gumiabroncspartnere, egy\u00fcttm\u0171k\u00f6dik a Carice Cars holland aut\u00f3gy\u00e1rt\u00f3 c\u00e9ggel az id\u00e9n megrendezett 1000 Miglia Green esem\u00e9nyen. A teljesen elektromos TC2 sportaut\u00f3 legels\u0151 sz\u00e9riamodellj\u00e9t Vredestein Sprint Classic gumiabroncsokkal szerelik fel a 1000 Miglia Green versenyre, amelyen kiz\u00e1r\u00f3lag elektromos \u00e9s<\/p>\n","protected":false},"author":15,"featured_media":10814,"comment_status":"closed","ping_status":"closed","sticky":false,"template":"","format":"standard","meta":{"footnotes":""},"categories":[1107,512],"tags":[],"class_list":["post-10812","post","type-post","status-publish","format-standard","has-post-thumbnail","hentry","category-vredestein","category-autosport_technikai_sportok"],"_links":{"self":[{"href":"https:\/\/gumi.hu\/blog\/wp-json\/wp\/v2\/posts\/10812","targetHints":{"allow":["GET"]}}],"collection":[{"href":"https:\/\/gumi.hu\/blog\/wp-json\/wp\/v2\/posts"}],"about":[{"href":"https:\/\/gumi.hu\/blog\/wp-json\/wp\/v2\/types\/post"}],"author":[{"embeddable":true,"href":"https:\/\/gumi.hu\/blog\/wp-json\/wp\/v2\/users\/15"}],"replies":[{"embeddable":true,"href":"https:\/\/gumi.hu\/blog\/wp-json\/wp\/v2\/comments?post=10812"}],"version-history":[{"count":4,"href":"https:\/\/gumi.hu\/blog\/wp-json\/wp\/v2\/posts\/10812\/revisions"}],"predecessor-version":[{"id":10819,"href":"https:\/\/gumi.hu\/blog\/wp-json\/wp\/v2\/posts\/10812\/revisions\/10819"}],"wp:featuredmedia":[{"embeddable":true,"href":"https:\/\/gumi.hu\/blog\/wp-json\/wp\/v2\/media\/10814"}],"wp:attachment":[{"href":"https:\/\/gumi.hu\/blog\/wp-json\/wp\/v2\/media?parent=10812"}],"wp:term":[{"taxonomy":"category","embeddable":true,"href":"https:\/\/gumi.hu\/blog\/wp-json\/wp\/v2\/categories?post=10812"},{"taxonomy":"post_tag","embeddable":true,"href":"https:\/\/gumi.hu\/blog\/wp-json\/wp\/v2\/tags?post=10812"}],"curies":[{"name":"wp","href":"https:\/\/api.w.org\/{rel}","templated":true}]}}