{"id":10850,"date":"2024-07-24T08:46:59","date_gmt":"2024-07-24T06:46:59","guid":{"rendered":"https:\/\/gumi.hu\/blog\/?p=10850"},"modified":"2026-01-07T16:28:23","modified_gmt":"2026-01-07T14:28:23","slug":"kanyarodaskor-nyikorog-a-gumi","status":"publish","type":"post","link":"https:\/\/gumi.hu\/blog\/kanyarodaskor-nyikorog-a-gumi\/","title":{"rendered":"Mi a teend\u0151, ha kanyarod\u00e1skor nyikorog a gumi?"},"content":{"rendered":"\n<p><strong>B\u00e1r ijeszt\u0151 lehet, ha egyik napr\u00f3l a m\u00e1sikra csikorogni kezdenek az abroncsok a kanyarban, azonban \u00e1ltal\u00e1ban egy viszonylag k\u00f6nnyen szervizelhet\u0151 \u00e9s vesz\u00e9lytelen probl\u00e9m\u00e1ra utal a szokatlan hang. Cikk\u00fcnkben r\u00e9szletesen elmagyar\u00e1zzuk a jelens\u00e9g m\u00f6g\u00f6tt \u00e1ll\u00f3 okokat \u00e9s bemutatjuk, hogy mi a teend\u0151, ha kanyarod\u00e1skor nyikorog a gumi!<\/strong><\/p>\n\n\n\n<h2 class=\"wp-block-heading\"><strong>Az alapok: mi az a fut\u00f3m\u0171 \u00e9s ker\u00e9k\u00f6sszetart\u00e1s?<\/strong><\/h2>\n\n\n\n<p>Miel\u0151tt r\u00e1t\u00e9rn\u00e9k arra, mi okozhatja az abroncsok recseg\u00e9s\u00e9t \u00e9s csikorg\u00e1s\u00e1t kanyarod\u00e1skor, \u00e9rdemes r\u00f6viden bemutatni, mit jelent a <a href=\"https:\/\/gumi.hu\/blog\/futomu-beallitas\/\" target=\"_blank\" rel=\"noreferrer noopener\">fut\u00f3m\u0171<\/a> \u00e9s <a href=\"https:\/\/gumi.hu\/blog\/kerekosszetartas\/\" target=\"_blank\" rel=\"noreferrer noopener\">ker\u00e9k\u00f6sszetart\u00e1s<\/a>. Kezdj\u00fck az el\u0151bbivel!<\/p>\n\n\n\n<h3 class=\"wp-block-heading\"><strong>Fut\u00f3m\u0171 (felf\u00fcggeszt\u00e9s)<\/strong><\/h3>\n\n\n\n<p>A fut\u00f3m\u0171 (m\u00e1s n\u00e9ven felf\u00fcggeszt\u00e9s) fontos feladatot l\u00e1t el: kapcsolatot teremt az egyenetlen \u00fatfel\u00fclet \u00e9s az aut\u00f3 szerkezete k\u00f6z\u00f6tt. A megfelel\u0151en be\u00e1ll\u00edtott felf\u00fcggeszt\u00e9s n\u00f6veli az utasok k\u00e9nyelm\u00e9t, jav\u00edtja a k\u00f6zleked\u00e9s biztons\u00e1got \u00e9s fontos szerepet j\u00e1tszik a vezet\u00e9stechnik\u00e1ban. A felf\u00fcggeszt\u00e9s r\u00e9szei a k\u00f6vetkez\u0151k:<\/p>\n\n\n\n<ul class=\"wp-block-list\">\n<li>G\u00f6mbfejek<\/li>\n\n\n\n<li>Korm\u00e1nyz\u00e1s alkatr\u00e9sze<\/li>\n\n\n\n<li>Leng\u00e9scsillap\u00edt\u00f3<\/li>\n\n\n\n<li>Leng\u0151karok<\/li>\n\n\n\n<li>Rug\u00f3k<\/li>\n\n\n\n<li>Stabiliz\u00e1tor elemek<\/li>\n\n\n\n<li>Szilentblokkok<\/li>\n<\/ul>\n\n\n\n<h3 class=\"wp-block-heading\"><strong>Ker\u00e9k\u00f6sszetart\u00e1s<\/strong><\/h3>\n\n\n\n<p>A ker\u00e9k\u00f6sszetart\u00e1s alatt az aut\u00f3 hosszanti szimmetriatengelye \u00e9s az abroncsok k\u00f6z\u00e9ps\u00edkja \u00e1ltal z\u00e1rt sz\u00f6gelt\u00e9r\u00e9st \u00e9rtj\u00fck. A fogalmat K\u0151falusi P\u00e1l a Budapesti M\u0171szaki \u00e9s Gazdas\u00e1gtudom\u00e1nyi Egyetem tank\u00f6nyv\u00e9ben \u00edgy hat\u00e1rozza meg:<\/p>\n\n\n\n<p><strong>Ker\u00e9k\u00f6sszetart\u00e1s jelent\u00e9se:<\/strong> <em>\u201cA kerekenk\u00e9nti \u00f6sszetart\u00e1s fel\u00fcln\u00e9zetben a g\u00e9pkocsi hosszanti szimmetriatengelye \u00e9s a ker\u00e9k k\u00f6z\u00e9ps\u00edkja \u00e1ltal bez\u00e1rt sz\u00f6gk\u00e9nt \u00e9rtelmezhet\u0151. Pozit\u00edvnak tekintj\u00fck, amikor a ker\u00e9kt\u00e1rcs\u00e1k pereme el\u00f6l egym\u00e1shoz k\u00f6zelebb van, mint h\u00e1tul. Az els\u0151 ker\u00e9k hajt\u00e1s\u00fa g\u00e9pkocsikn\u00e1l \u00e1ltal\u00e1ban az els\u0151 kerekek egym\u00e1st\u00f3l sz\u00e9ttartanak. (\u2026) Az egym\u00e1ssal p\u00e1rhuzamosan be\u00e1ll\u00edtott kerekek szit\u00e1ln\u00e1nak \u00e9s rad\u00edrozn\u00e1nak, ezzel pedig nehez\u00edten\u00e9k a korm\u00e1nyz\u00e1st, valamint a kerekeket egym\u00e1ssal \u00f6sszek\u00f6t\u0151 rudazat elemeit mechanikailag folyamatosan \u00e9s periodikusan terheln\u00e9k. Ezeknek a hat\u00e1soknak az ellens\u00falyoz\u00e1s\u00e1ra a gy\u00e1rt\u00f3 \u00e1ltal megadott \u00f6sszetart\u00e1st kell be\u00e1ll\u00edtani. Ezzel megn\u0151 a visszat\u00e9r\u00edt\u0151 nyomat\u00e9k \u00e9s a menetstabilit\u00e1s. A t\u00fal nagy \u00f6sszetart\u00e1s viszont fokozott gumikop\u00e1st \u00e9s nagyobb g\u00f6rd\u00fcl\u00e9si ellen\u00e1ll\u00e1st eredm\u00e9nyez.\u201d<\/em><\/p>\n\n\n\n<p>Most, hogy ezt a k\u00e9t fontos fogalmat tiszt\u00e1ztuk, ideje megvizsg\u00e1lni mi a teend\u0151, ha kanyarod\u00e1skor nyikorog a gumi!<\/p>\n\n\n\n<h2 class=\"wp-block-heading\"><strong>Mi\u00e9rt nyikorog az abroncs kanyarban?<\/strong><\/h2>\n\n\n\n<p>Amikor kanyarban szokatlan csikorg\u00f3 hangot hallunk az abroncsok ir\u00e1ny\u00e1b\u00f3l, az szinte minden esetben az el\u00e1ll\u00edt\u00f3dott ker\u00e9k\u00f6sszetart\u00e1s miatt k\u00f6vetkezik be. Amennyiben a gy\u00e1rt\u00f3i el\u0151\u00edr\u00e1sokt\u00f3l elt\u00e9r\u0151 a ker\u00e9k\u00f6sszetart\u00e1s, az kellemetlen nyikorg\u00e1soz \u00e9s egy\u00e9b negat\u00edv k\u00f6vetkezm\u00e9nyekhez vezethet, ilyen lehet p\u00e9ld\u00e1ul:<\/p>\n\n\n\n<ul class=\"wp-block-list\">\n<li>Abnorm\u00e1lis abroncskop\u00e1shoz vezethet<\/li>\n\n\n\n<li>Cs\u00f6kkenti a <a href=\"https:\/\/gumi.hu\/blog\/autogumi-elettartam\/\" target=\"_blank\" rel=\"noreferrer noopener\">gumik \u00e9letartam\u00e1t<\/a><\/li>\n\n\n\n<li>Cs\u00f6kkenti a vezet\u00e9si \u00e9lm\u00e9nyt<\/li>\n\n\n\n<li>Fokozza a <a href=\"https:\/\/gumi.hu\/blog\/gumi-kopasjelzo\/\" target=\"_blank\" rel=\"noreferrer noopener\">gumikop\u00e1st<\/a><\/li>\n\n\n\n<li>Jelent\u0151sen cs\u00f6kkentheti az utaz\u00f3k komfortszintj\u00e9t<\/li>\n\n\n\n<li>Reduk\u00e1lhatja a k\u00f6zleked\u00e9sbiztons\u00e1got \u00e9s fokozhatja a balesetek kock\u00e1zat\u00e1t<\/li>\n\n\n\n<li>Rontja a korm\u00e1nyozhat\u00f3s\u00e1got \u00e9s \u00fattart\u00e1st<\/li>\n<\/ul>\n\n\n\n<h2 class=\"wp-block-heading\"><strong>Mit tegyek, ha kanyarod\u00e1skor nyikorog a gumi?<\/strong><\/h2>\n\n\n\n<p>Amennyiben kanyarod\u00e1skor nyikorog a gumi, akkor fut\u00f3m\u0171 be\u00e1ll\u00edt\u00e1s sz\u00fcks\u00e9ges. Ilyenkor a szakemberek sz\u00e1m\u00edt\u00f3g\u00e9pes diagnosztikai eszk\u00f6z\u00f6kkel ellen\u0151rzik a fut\u00f3m\u0171 be\u00e1ll\u00edt\u00e1sait. Amennyiben elt\u00e9r a gy\u00e1rt\u00f3i el\u0151\u00edr\u00e1sokt\u00f3l, \u00fagynevezett geometria korrekci\u00f3t v\u00e9geznek. Szerencs\u00e9re a ker\u00e9k\u00f6sszetart\u00e1s megfelel\u0151 be\u00e1ll\u00edt\u00e1sa az estek t\u00f6bbs\u00e9g\u00e9ben el\u00e9gs\u00e9ges megold\u00e1st jelent.<\/p>\n\n\n\n<p>Fontos megjegyezni, hogy a fut\u00f3m\u0171 be\u00e1ll\u00edt\u00e1s kiz\u00e1r\u00f3lag profi eszk\u00f6z\u00f6kkel \u00e9s a sz\u00fcks\u00e9ges szakismeretek birtok\u00e1ban v\u00e9gezhet\u0151 el. Minden esetben ker\u00fclend\u0151 az otthoni ker\u00e9k\u00f6sszetart\u00e1s be\u00e1ll\u00edt\u00e1s, ez ugyanis vesz\u00e9lyes lehet \u00e9s k\u00e1rt tehet az aut\u00f3ban.<\/p>\n\n\n\n<div class=\"wp-block-buttons is-layout-flex wp-block-buttons-is-layout-flex\">\n<div class=\"wp-block-button aligncenter\"><a class=\"wp-block-button__link has-black-color has-text-color has-background wp-element-button\" href=\"https:\/\/gumi.hu\/autoszerviz-online\" style=\"border-radius:0px;background-color:#fdd814\" target=\"_blank\" rel=\"noreferrer noopener\">Foglaljon id\u0151pontot fut\u00f3m\u0171 be\u00e1ll\u00edt\u00e1sra online<strong>!<\/strong><\/a><\/div>\n<\/div>\n\n\n\n<p><\/p>\n\n\n\n<p class=\"has-text-align-center\"><img fetchpriority=\"high\" decoding=\"async\" width=\"624\" height=\"416\" src=\"https:\/\/lh7-us.googleusercontent.com\/docsz\/AD_4nXdze5gukQRt2HYAfKzRVMu0uT_J-B1qMyz8mluw5oxg7GRe7Gcmp5nNaRykE40FjZWOsos9cxZhqZWYDTTL5fBU7r7OOcm9DPkOhWCqHLLAye969mxOFya72CmHbk-A55uounHI0fQf19StibIJPTZ0jY1H?key=lMYGGusToRiXtETeCfiGWQ\" alt=\"\" title=\"\"><\/p>\n\n\n\n<p><\/p>\n\n\n\n<h2 class=\"wp-block-heading\"><strong>Gyakori k\u00e9rd\u00e9sek \u00e9s v\u00e1laszok<\/strong><\/h2>\n\n\n\n<h3 class=\"wp-block-heading\"><strong>Mit tehetek, ha kanyarod\u00e1skor nyikorog a f\u00e9k?<\/strong><\/h3>\n\n\n\n<p>Sz\u00e1mos oka lehet annak, ha <a href=\"https:\/\/gumi.hu\/blog\/nyikorog-a-fek\/\" target=\"_blank\" rel=\"noreferrer noopener\">nyikorog a f\u00e9k<\/a>, ilyenek lehetnek az al\u00e1bbiak:<\/p>\n\n\n\n<ul class=\"wp-block-list\">\n<li>Hib\u00e1s f\u00e9kalkatr\u00e9szek<\/li>\n\n\n\n<li>Helytelen\u00fcl felszerelt f\u00e9kbet\u00e9t<\/li>\n\n\n\n<li>Idegen test a f\u00e9kbet\u00e9t \u00e9s t\u00e1rcsa k\u00f6z\u00f6tt (pl. kavics, por, homok)<\/li>\n\n\n\n<li>Kopott f\u00e9kbet\u00e9t<\/li>\n\n\n\n<li>Laza f\u00e9kbet\u00e9t \u00e9s\/vagy nyereg<\/li>\n\n\n\n<li>Piszkos f\u00e9kt\u00e1rcsa<\/li>\n\n\n\n<li>Rozsd\u00e1s, korrod\u00e1lt dobf\u00e9k<\/li>\n\n\n\n<li>Szakszer\u0171tlen\u00fcl r\u00f6gz\u00edtett f\u00e9kt\u00e1rcsa<\/li>\n\n\n\n<li>T\u00falmeleged\u00e9s miatt cementit a f\u00e9kbet\u00e9teken<\/li>\n<\/ul>\n\n\n\n<p>Amennyiben nyikorog a f\u00e9k, forduljon szakemberhez, a miel\u0151bbi <a href=\"https:\/\/gumi.hu\/blog\/fekjavitas\/\" target=\"_blank\" rel=\"noreferrer noopener\">f\u00e9kjav\u00edt\u00e1s<\/a> \u00e9rdek\u00e9ben.<\/p>\n\n\n\n<h3 class=\"wp-block-heading\"><strong>Sz\u00fcks\u00e9ges a gumicsere, ha kanyarod\u00e1sn\u00e1l nyikorog a ker\u00e9k?<\/strong><\/h3>\n\n\n\n<p>\u00c1ltal\u00e1ban nem sz\u00fcks\u00e9ges gumicsere, ha kanyarod\u00e1sn\u00e1l nyikorog a ker\u00e9k. Elegend\u0151 a fut\u00f3m\u0171 be\u00e1ll\u00edt\u00e1s a zavar\u00f3 hang megsz\u00fcntet\u00e9s\u00e9hez.<\/p>\n\n\n\n<h3 class=\"wp-block-heading\"><strong>Hogyan \u00e1ll\u00edt\u00f3dik el a ker\u00e9k\u00f6sszetart\u00e1s?<\/strong><\/h3>\n\n\n\n<p>Sz\u00e1mos egy\u00e9b ok mellett az al\u00e1bbiak vezethetnek a ker\u00e9k\u00f6sszetart\u00e1s el\u0151\u00e1ll\u00edt\u00f3d\u00e1s\u00e1hoz:<\/p>\n\n\n\n<ul class=\"wp-block-list\">\n<li>Gyorshajt\u00e1s fekv\u0151rend\u0151r\u00f6n<\/li>\n\n\n\n<li>K\u00e1ty\u00faba hajt\u00e1s<\/li>\n\n\n\n<li>Meglazult fut\u00f3m\u0171 alkatr\u00e9szek<\/li>\n\n\n\n<li>Padk\u00e1z\u00e1s<\/li>\n\n\n\n<li>S\u00e9r\u00fclt vagy elhaszn\u00e1lt fut\u00f3m\u0171 alkatr\u00e9szek<\/li>\n<\/ul>\n\n\n\n<h2 class=\"wp-block-heading\"><strong>V\u00e1lassza az AKH szervizh\u00e1l\u00f3zatot!<\/strong><\/h2>\n\n\n\n<p>Legyen sz\u00f3 kanyarod\u00e1skor nyikorg\u00f3 abroncsokr\u00f3l vagy b\u00e1rmely egy\u00e9b m\u0171szaki probl\u00e9m\u00e1r\u00f3l, az AKH orsz\u00e1gos lefedetts\u00e9g\u0171 szervizh\u00e1l\u00f3zata k\u00e9szs\u00e9ggel \u00e1ll rendelkez\u00e9s\u00e9re! Foglaljon m\u00e1sodpercek alatt id\u0151pontot online a t\u00f6bb mint 150 szervizpont b\u00e1rmelyik\u00e9re \u00e9s b\u00edzza aut\u00f3j\u00e1t szak\u00e9rt\u0151 csapatunkra!<\/p>\n\n\n\n<div class=\"wp-block-buttons is-layout-flex wp-block-buttons-is-layout-flex\">\n<div class=\"wp-block-button aligncenter\"><a class=\"wp-block-button__link has-black-color has-text-color has-background wp-element-button\" href=\"https:\/\/gumi.hu\/autoszerviz-online\" style=\"border-radius:0px;background-color:#fdd814\" target=\"_blank\" rel=\"noreferrer noopener\">Foglaljon id\u0151pontot fut\u00f3m\u0171 be\u00e1ll\u00edt\u00e1sra online<strong>!<\/strong><\/a><\/div>\n<\/div>\n\n\n\n<p><\/p>\n\n\n\n<p><strong>V\u00e1logasson kedv\u00e9re ny\u00e1ri gumi k\u00edn\u00e1latunkb\u00f3l, szereltesse \u00e1t t\u00f6bb, mint 150 ponton orsz\u00e1gos szervizh\u00e1l\u00f3zatunkban<\/strong>.<\/p>\n\n\n\n<div class=\"wp-block-buttons is-content-justification-center is-layout-flex wp-container-core-buttons-is-layout-16018d1d wp-block-buttons-is-layout-flex\">\n<div class=\"wp-block-button\"><a class=\"wp-block-button__link has-text-color has-background wp-element-button\" href=\"https:\/\/gumi.hu\/autogumi\/nyari-gumi\/\" style=\"border-radius:0px;color:#333333;background-color:#fdd814\" target=\"_blank\" rel=\"noreferrer noopener\"><strong>Ny\u00e1ri gumiabroncsok<\/strong><\/a><\/div>\n<\/div>\n\n\n\n<p>      <\/p>\n\n\n\n<p><em>Ne maradjon le \u00fajdons\u00e1gainkr\u00f3l, akci\u00f3inkr\u00f3l, iratkozzon fel h\u00edrlevel\u00fcnkre!<\/em><\/p>\n\n\n\n<div class=\"wp-block-buttons is-content-justification-center is-layout-flex wp-container-core-buttons-is-layout-16018d1d wp-block-buttons-is-layout-flex\">\n<div class=\"wp-block-button\"><a class=\"wp-block-button__link has-text-color has-background wp-element-button\" href=\"https:\/\/gumi.hu\/#subscribe-to-newsletter\" style=\"border-radius:0px;color:#333333;background-color:#fdd814\" target=\"_blank\" rel=\"noreferrer noopener\"><strong>H\u00edrlev\u00e9l feliratkoz\u00e1s<\/strong><\/a><\/div>\n<\/div>\n","protected":false},"excerpt":{"rendered":"<p>Kanyarod\u00e1skor nyikorog a gumi? Val\u00f3sz\u00edn\u0171, hogy a ker\u00e9k\u00f6sszetart\u00e1si \u00e9rt\u00e9kek el\u00e1ll\u00edt\u00f3dott. Cikk\u00fcnkb\u0151l megtudhatja, mi a teend\u0151 ilyen esetben!<\/p>\n","protected":false},"author":15,"featured_media":10859,"comment_status":"closed","ping_status":"closed","sticky":false,"template":"","format":"standard","meta":{"footnotes":""},"categories":[1185,1205],"tags":[],"class_list":["post-10850","post","type-post","status-publish","format-standard","has-post-thumbnail","hentry","category-tudastar","category-autoszerviz-3"],"_links":{"self":[{"href":"https:\/\/gumi.hu\/blog\/wp-json\/wp\/v2\/posts\/10850","targetHints":{"allow":["GET"]}}],"collection":[{"href":"https:\/\/gumi.hu\/blog\/wp-json\/wp\/v2\/posts"}],"about":[{"href":"https:\/\/gumi.hu\/blog\/wp-json\/wp\/v2\/types\/post"}],"author":[{"embeddable":true,"href":"https:\/\/gumi.hu\/blog\/wp-json\/wp\/v2\/users\/15"}],"replies":[{"embeddable":true,"href":"https:\/\/gumi.hu\/blog\/wp-json\/wp\/v2\/comments?post=10850"}],"version-history":[{"count":2,"href":"https:\/\/gumi.hu\/blog\/wp-json\/wp\/v2\/posts\/10850\/revisions"}],"predecessor-version":[{"id":10853,"href":"https:\/\/gumi.hu\/blog\/wp-json\/wp\/v2\/posts\/10850\/revisions\/10853"}],"wp:featuredmedia":[{"embeddable":true,"href":"https:\/\/gumi.hu\/blog\/wp-json\/wp\/v2\/media\/10859"}],"wp:attachment":[{"href":"https:\/\/gumi.hu\/blog\/wp-json\/wp\/v2\/media?parent=10850"}],"wp:term":[{"taxonomy":"category","embeddable":true,"href":"https:\/\/gumi.hu\/blog\/wp-json\/wp\/v2\/categories?post=10850"},{"taxonomy":"post_tag","embeddable":true,"href":"https:\/\/gumi.hu\/blog\/wp-json\/wp\/v2\/tags?post=10850"}],"curies":[{"name":"wp","href":"https:\/\/api.w.org\/{rel}","templated":true}]}}