{"id":11084,"date":"2024-11-06T10:07:45","date_gmt":"2024-11-06T08:07:45","guid":{"rendered":"https:\/\/gumi.hu\/blog\/?p=11084"},"modified":"2026-01-08T09:55:08","modified_gmt":"2026-01-08T07:55:08","slug":"barum-polaris-6-teli-gumi","status":"publish","type":"post","link":"https:\/\/gumi.hu\/blog\/barum-polaris-6-teli-gumi\/","title":{"rendered":"Barum Polaris 6 \u2013 A T\u00e9li Gumi, Amire Sz\u00e1m\u00edthat Havas Utakon"},"content":{"rendered":"\n<p>A t\u00e9l k\u00f6zeledt\u00e9vel egyre fontosabb\u00e1 v\u00e1lik a megfelel\u0151 <a href=\"https:\/\/gumi.hu\/autogumi\/teli-gumi\/barum\" target=\"_blank\" rel=\"noreferrer noopener\">t\u00e9li gumi<\/a> kiv\u00e1laszt\u00e1sa, hiszen a hideg, havas \u00e9s cs\u00fasz\u00f3s utakon a biztons\u00e1gos k\u00f6zleked\u00e9s felt\u00e9tele a j\u00f3 min\u0151s\u00e9g\u0171 gumiabroncs. A <a href=\"https:\/\/gumi.hu\/products\/search\/keyword?query=polaris+6\" target=\"_blank\" rel=\"noreferrer noopener\">Barum Polaris 6<\/a> t\u00f6k\u00e9letes v\u00e1laszt\u00e1s azoknak, akik megb\u00edzhat\u00f3 t\u00e9li gumit keresnek, \u00e9s nem k\u00edv\u00e1nnak kompromisszumot k\u00f6tni a teljes\u00edtm\u00e9ny, a tart\u00f3ss\u00e1g \u00e9s a gazdas\u00e1goss\u00e1g ter\u00e9n.<\/p>\n\n\n<div class=\"wp-block-image\">\n<figure class=\"aligncenter size-large\"><img fetchpriority=\"high\" decoding=\"async\" width=\"1024\" height=\"614\" src=\"https:\/\/gumi.hu\/blog\/wp-content\/uploads\/2024\/11\/Barum-POLARIS_digital_HU_1000x600-1-1024x614.jpg\" alt=\"\" class=\"wp-image-11085\" title=\"\" srcset=\"https:\/\/gumi.hu\/blog\/wp-content\/uploads\/2024\/11\/Barum-POLARIS_digital_HU_1000x600-1-1024x614.jpg 1024w, https:\/\/gumi.hu\/blog\/wp-content\/uploads\/2024\/11\/Barum-POLARIS_digital_HU_1000x600-1-300x180.jpg 300w, https:\/\/gumi.hu\/blog\/wp-content\/uploads\/2024\/11\/Barum-POLARIS_digital_HU_1000x600-1-768x461.jpg 768w, https:\/\/gumi.hu\/blog\/wp-content\/uploads\/2024\/11\/Barum-POLARIS_digital_HU_1000x600-1.jpg 1080w\" sizes=\"(max-width: 1024px) 100vw, 1024px\" \/><\/figure><\/div>\n\n\n<h3 class=\"wp-block-heading\">Mi\u00e9rt v\u00e1lassza a Barum Polaris 6 t\u00e9li gumit?<\/h3>\n\n\n\n<h4 class=\"wp-block-heading\">Kiv\u00e1l\u00f3 teljes\u00edtm\u00e9ny havon<\/h4>\n\n\n\n<p>A <a href=\"https:\/\/gumi.hu\/products\/search\/keyword?query=polaris+6\" target=\"_blank\" rel=\"noreferrer noopener\">Barum Polaris 6<\/a> h\u00f3ban val\u00f3 teljes\u00edtm\u00e9nye kimagasl\u00f3. Modern, innovat\u00edv \u201eV\u201d mint\u00e1zat\u00e1val \u00e9s k\u00fcl\u00f6nleges bar\u00e1zdaelrendez\u00e9s\u00e9vel maxim\u00e1lis tapad\u00e1st biztos\u00edt havas \u00fatfel\u00fcleten. Az egyedi Snaqua technol\u00f3gia r\u00e9v\u00e9n a gumiabroncs prec\u00edz ir\u00e1ny\u00edthat\u00f3s\u00e1got \u00e9s stabilit\u00e1st ny\u00fajt, \u00edgy m\u00e9g a legnehezebb t\u00e9li k\u00f6r\u00fclm\u00e9nyek k\u00f6z\u00f6tt is k\u00f6nnyed\u00e9n megbirk\u00f3zik az \u00fattal. Ezek az apr\u00f3, \u00e1tgondolt r\u00e9szletek egy\u00fcttesen garant\u00e1lj\u00e1k a kellemes \u00e9s biztons\u00e1gos vezet\u00e9si \u00e9lm\u00e9nyt.<\/p>\n\n\n\n<h4 class=\"wp-block-heading\">Alacsony g\u00f6rd\u00fcl\u00e9si ellen\u00e1ll\u00e1s<\/h4>\n\n\n\n<p>A Barum Polaris 6 speci\u00e1lis gumikever\u00e9k\u00e9nek k\u00f6sz\u00f6nhet\u0151en jelent\u0151sen cs\u00f6kkenti a g\u00f6rd\u00fcl\u00e9si ellen\u00e1ll\u00e1st. Ez nem csak a vezet\u00e9si \u00e9lm\u00e9nyt jav\u00edtja, hanem \u00fczemanyag- vagy energiatakar\u00e9koss\u00e1got is biztos\u00edt. Az alacsonyabb g\u00f6rd\u00fcl\u00e9si ellen\u00e1ll\u00e1s kevesebb energi\u00e1t ig\u00e9nyel, \u00edgy a j\u00e1rm\u0171 gazdas\u00e1gosabban k\u00f6zlekedik, legyen sz\u00f3 bels\u0151 \u00e9g\u00e9s\u0171 vagy elektromos aut\u00f3r\u00f3l. Ezzel a gumival a k\u00f6vetkez\u0151 t\u00e9l gazdas\u00e1gosabb\u00e1 v\u00e1lhat, an\u00e9lk\u00fcl, hogy lemondana a min\u0151s\u00e9gr\u0151l vagy a teljes\u00edtm\u00e9nyr\u0151l.<\/p>\n\n\n\n<h4 class=\"wp-block-heading\">Hossz\u00fa \u00e9lettartam<\/h4>\n\n\n\n<p>A Barum Polaris 6 nemcsak egy szezonra k\u00e9sz\u00fclt. A strapab\u00edr\u00f3 fut\u00f3fel\u00fclet \u00e9s a prec\u00edzen kialak\u00edtott bar\u00e1zd\u00e1k gondoskodnak arr\u00f3l, hogy a gumi hossz\u00fa t\u00e1von is meg\u0151rizze min\u0151s\u00e9g\u00e9t \u00e9s teljes\u00edtm\u00e9ny\u00e9t. Az \u00e9lettartama hosszabb, \u00edgy a Polaris 6 hossz\u00fa ideig lesz megb\u00edzhat\u00f3 t\u00e1rsa a t\u00e9li utakon.<\/p>\n\n\n\n<h4 class=\"wp-block-heading\">Felk\u00e9sz\u00edtve az elektromobilit\u00e1sra<\/h4>\n\n\n\n<p>A modern aut\u00f3ipar ig\u00e9nyeihez igazodva a Barum Polaris 6 \u00fagy lett kialak\u00edtva, hogy elektromos \u00e9s hibrid j\u00e1rm\u0171vek sz\u00e1m\u00e1ra is ide\u00e1lis v\u00e1laszt\u00e1s legyen. A gumiabroncson tal\u00e1lhat\u00f3 EV-kompatibilis szimb\u00f3lum azt jelzi, hogy a gumi megfelel mind az elektromos j\u00e1rm\u0171vek, mind a hagyom\u00e1nyos, bels\u0151 \u00e9g\u00e9s\u0171 motorral m\u0171k\u00f6d\u0151 aut\u00f3k k\u00f6vetelm\u00e9nyeinek.<\/p>\n\n\n\n<p>A <a href=\"https:\/\/gumi.hu\/products\/search\/keyword?query=polaris+6\" target=\"_blank\" rel=\"noreferrer noopener\">Barum Polaris 6<\/a> t\u00e9li gumi egy olyan pr\u00e9mium min\u0151s\u00e9g\u0171 abroncs, amelyet a havas \u00e9s jeges utakon val\u00f3 megb\u00edzhat\u00f3 teljes\u00edtm\u00e9ny, a gazdas\u00e1goss\u00e1g \u00e9s a hossz\u00fa \u00e9lettartam jellemez. Ha egy olyan <a href=\"https:\/\/gumi.hu\/autogumi\/teli-gumi\/barum\" target=\"_blank\" rel=\"noreferrer noopener\">t\u00e9li gumit<\/a> keres, amely a biztons\u00e1g \u00e9s a megtakar\u00edt\u00e1s kett\u0151s\u00e9t k\u00edn\u00e1lja, akkor a Barum Polaris 6 a t\u00f6k\u00e9letes v\u00e1laszt\u00e1s az \u00d6n sz\u00e1m\u00e1ra. A megfelel\u0151 gumiabroncs kiv\u00e1laszt\u00e1sa elengedhetetlen a t\u00e9li k\u00f6zleked\u00e9s biztons\u00e1ga \u00e9rdek\u00e9ben, \u00e9s a <a href=\"https:\/\/gumi.hu\/products\/search\/keyword?query=polaris+6\" target=\"_blank\" rel=\"noreferrer noopener\">Barum Polaris 6 <\/a>ebben a tekintetben minden ig\u00e9nyt kiel\u00e9g\u00edt.<\/p>\n\n\n\n<p>Forr\u00e1s: https:\/\/www.barum-tyres.com\/car\/tyres\/polaris-6\/<\/p>\n\n\n\n<p><strong>V\u00e1logasson kedv\u00e9re Barum t\u00e9li gumi k\u00edn\u00e1latunkb\u00f3l, szereltesse \u00e1t t\u00f6bb, mint 150 ponton orsz\u00e1gos <a href=\"https:\/\/gumi.hu\/blog\/bemutatjuk-orszagos-szervizhalozatunkat\/\" target=\"_blank\" rel=\"noreferrer noopener\">Gumi Pont Szerviz<\/a> h\u00e1l\u00f3zatunkban<\/strong>.<\/p>\n\n\n\n<div class=\"wp-block-buttons is-content-justification-center is-layout-flex wp-container-core-buttons-is-layout-16018d1d wp-block-buttons-is-layout-flex\">\n<div class=\"wp-block-button\"><a class=\"wp-block-button__link has-text-color has-background wp-element-button\" href=\"https:\/\/gumi.hu\/autogumi\/teli-gumi\/barum\" style=\"border-radius:0px;color:#333333;background-color:#fdd814\" target=\"_blank\" rel=\"noreferrer noopener\"><strong>Barum t\u00e9li gumiabroncsok<\/strong><\/a><\/div>\n<\/div>\n\n\n\n<p>      <\/p>\n\n\n\n<p><em>Ne maradjon le \u00fajdons\u00e1gainkr\u00f3l, akci\u00f3inkr\u00f3l, iratkozzon fel h\u00edrlevel\u00fcnkre!<\/em><\/p>\n\n\n\n<div class=\"wp-block-buttons is-content-justification-center is-layout-flex wp-container-core-buttons-is-layout-16018d1d wp-block-buttons-is-layout-flex\">\n<div class=\"wp-block-button\"><a class=\"wp-block-button__link has-text-color has-background wp-element-button\" href=\"https:\/\/gumi.hu\/#subscribe-to-newsletter\" style=\"border-radius:0px;color:#333333;background-color:#fdd814\" target=\"_blank\" rel=\"noreferrer noopener\"><strong>H\u00edrlev\u00e9l feliratkoz\u00e1s<\/strong><\/a><\/div>\n<\/div>\n","protected":false},"excerpt":{"rendered":"<p>A Barum Polaris 6 t\u00e9li gumi kiv\u00e1l\u00f3 v\u00e1laszt\u00e1s havas \u00e9s jeges utakon. Kiemelked\u0151 teljes\u00edtm\u00e9ny, alacsony g\u00f6rd\u00fcl\u00e9si ellen\u00e1ll\u00e1s \u00e9s hossz\u00fa \u00e9lettartam jellemzi, \u00edgy gazdas\u00e1gos \u00e9s biztons\u00e1gos vezet\u00e9si \u00e9lm\u00e9nyt ny\u00fajt.<\/p>\n","protected":false},"author":15,"featured_media":11085,"comment_status":"closed","ping_status":"closed","sticky":false,"template":"","format":"standard","meta":{"footnotes":""},"categories":[1194,1208],"tags":[],"class_list":["post-11084","post","type-post","status-publish","format-standard","has-post-thumbnail","hentry","category-barum","category-gumiabroncs"],"_links":{"self":[{"href":"https:\/\/gumi.hu\/blog\/wp-json\/wp\/v2\/posts\/11084","targetHints":{"allow":["GET"]}}],"collection":[{"href":"https:\/\/gumi.hu\/blog\/wp-json\/wp\/v2\/posts"}],"about":[{"href":"https:\/\/gumi.hu\/blog\/wp-json\/wp\/v2\/types\/post"}],"author":[{"embeddable":true,"href":"https:\/\/gumi.hu\/blog\/wp-json\/wp\/v2\/users\/15"}],"replies":[{"embeddable":true,"href":"https:\/\/gumi.hu\/blog\/wp-json\/wp\/v2\/comments?post=11084"}],"version-history":[{"count":2,"href":"https:\/\/gumi.hu\/blog\/wp-json\/wp\/v2\/posts\/11084\/revisions"}],"predecessor-version":[{"id":11087,"href":"https:\/\/gumi.hu\/blog\/wp-json\/wp\/v2\/posts\/11084\/revisions\/11087"}],"wp:featuredmedia":[{"embeddable":true,"href":"https:\/\/gumi.hu\/blog\/wp-json\/wp\/v2\/media\/11085"}],"wp:attachment":[{"href":"https:\/\/gumi.hu\/blog\/wp-json\/wp\/v2\/media?parent=11084"}],"wp:term":[{"taxonomy":"category","embeddable":true,"href":"https:\/\/gumi.hu\/blog\/wp-json\/wp\/v2\/categories?post=11084"},{"taxonomy":"post_tag","embeddable":true,"href":"https:\/\/gumi.hu\/blog\/wp-json\/wp\/v2\/tags?post=11084"}],"curies":[{"name":"wp","href":"https:\/\/api.w.org\/{rel}","templated":true}]}}