{"id":11636,"date":"2025-11-07T11:17:10","date_gmt":"2025-11-07T09:17:10","guid":{"rendered":"https:\/\/gumi.hu\/blog\/?p=11636"},"modified":"2026-03-26T13:07:11","modified_gmt":"2026-03-26T11:07:11","slug":"hankook-teli-gumi-teszt-2025","status":"publish","type":"post","link":"https:\/\/gumi.hu\/blog\/hankook-teli-gumi-teszt-2025\/","title":{"rendered":"Hankook t\u00e9li gumi teszt 2025 \u2013 \u00fajra bizony\u00edtott a koreai m\u00e1rka!"},"content":{"rendered":"\n<p>A <strong>Hankook<\/strong> az idei szezonban ism\u00e9t remekelt: <strong>\u00f6t f\u00fcggetlen aut\u00f3gumi-teszt<\/strong> is igazolta, hogy a m\u00e1rka t\u00e9li abroncsai a legjobbak k\u00f6z\u00f6tt vannak. A <strong>Hankook Winter i*cept evo 3<\/strong>, <strong>Winter i*cept evo 3X<\/strong> \u00e9s <strong>Winter i*cept RS3<\/strong> modellek a szaklapok \u00e9rt\u00e9kel\u00e9seiben is kiv\u00e1l\u00f3 eredm\u00e9nyeket \u00e9rtek el \u2013 legyen sz\u00f3 havas, vizes vagy sz\u00e1raz \u00fatr\u00f3l.<\/p>\n\n\n\n<p>Ha k\u00edv\u00e1ncsi, melyik a <strong>legjobb t\u00e9li gumi 2025-ben<\/strong>, \u00e9s mit tudnak a Hankook leg\u00fajabb fejleszt\u00e9sei, olvasson tov\u00e1bb!<\/p>\n\n\n\n<div class=\"wp-block-group is-nowrap is-layout-flex wp-container-core-group-is-layout-ad2f72ca wp-block-group-is-layout-flex\">\n<figure class=\"wp-block-image size-large\"><img fetchpriority=\"high\" decoding=\"async\" width=\"1024\" height=\"569\" src=\"https:\/\/gumi.hu\/blog\/wp-content\/uploads\/2025\/11\/1-1024x569.jpg\" alt=\"\" class=\"wp-image-11638\" title=\"\" srcset=\"https:\/\/gumi.hu\/blog\/wp-content\/uploads\/2025\/11\/1-1024x569.jpg 1024w, https:\/\/gumi.hu\/blog\/wp-content\/uploads\/2025\/11\/1-300x167.jpg 300w, https:\/\/gumi.hu\/blog\/wp-content\/uploads\/2025\/11\/1-768x427.jpg 768w, https:\/\/gumi.hu\/blog\/wp-content\/uploads\/2025\/11\/1-1536x853.jpg 1536w, https:\/\/gumi.hu\/blog\/wp-content\/uploads\/2025\/11\/1-2048x1138.jpg 2048w, https:\/\/gumi.hu\/blog\/wp-content\/uploads\/2025\/11\/1-800x445.jpg 800w\" sizes=\"(max-width: 1024px) 100vw, 1024px\" \/><\/figure>\n\n\n\n<hr class=\"wp-block-separator has-alpha-channel-opacity\"\/>\n<\/div>\n\n\n\n<h2 class=\"wp-block-heading\">Hankook Winter i*cept evo 3 \u00e9s evo 3X \u2013 a h\u00f3specialist\u00e1k<\/h2>\n\n\n\n<p>A pr\u00e9mium kateg\u00f3ri\u00e1s <strong>Hankook Winter i*cept evo 3 (W330)<\/strong> \u00e9s <strong>Winter i*cept evo 3X (W330A)<\/strong> abroncsokat t\u00f6bb neves aut\u00f3s magazin is tesztelte \u2013 \u00e9s mindegyik pozit\u00edv v\u00e9lem\u00e9nnyel z\u00e1rta a pr\u00f3b\u00e1kat.<\/p>\n\n\n\n<ul class=\"wp-block-list\">\n<li><strong>Auto Bild (2025. okt\u00f3ber 9.)<\/strong> \u2013 <em>\u201eJ\u00f3\u201d<\/em> min\u0151s\u00edt\u00e9s<br>Tesztm\u00e9ret: 225\/45 R18<br>A magazin \u201e<strong>h\u00f3specialist\u00e1nak<\/strong>\u201d nevezte a mint\u00e1zatot, amely <strong>kiemelked\u0151 tapad\u00e1st \u00e9s kezelhet\u0151s\u00e9get<\/strong> mutatott havon.<br>Az <strong>\u00e1r-\u00e9rt\u00e9k ar\u00e1nyt<\/strong> is k\u00fcl\u00f6n dics\u00e9ret illette, \u00e9s vizes \u00faton is kimagasl\u00f3 oldalgyorsul\u00e1st \u00e9rt el.<\/li>\n\n\n\n<li><strong>ADAC (2025. szeptember 23.)<\/strong> \u2013 <em>\u201eJ\u00f3\u201d<\/em> min\u0151s\u00edt\u00e9s<br>Tesztm\u00e9ret: 225\/45 R18<br>A n\u00e9met aut\u00f3klub kiemelte a <strong>nagyon magas \u00e9lettartamot<\/strong>, a <strong>minim\u00e1lis kop\u00e1st<\/strong>, valamint az <strong>alacsony fogyaszt\u00e1st<\/strong>.<br>A Hankook Winter i*cept evo 3 teh\u00e1t nemcsak biztons\u00e1gos, hanem gazdas\u00e1gos v\u00e1laszt\u00e1s is.<\/li>\n\n\n\n<li><strong>Auto Bild Sportscars (2025. november)<\/strong> \u2013 <em>\u201eJ\u00f3\u201d<\/em> min\u0151s\u00edt\u00e9s<br>Tesztm\u00e9ret: 235\/50 R19<br>A lap szerint ez egy \u201e<strong>minden kateg\u00f3ri\u00e1ban kiegyens\u00falyozott, sokoldal\u00fa abroncs<\/strong>\u201d, amely k\u00fcl\u00f6n\u00f6sen j\u00f3l szerepelt <strong>f\u00e9k- \u00e9s szlalomteszteken havon \u00e9s v\u00edzen<\/strong>.<\/li>\n<\/ul>\n\n\n\n<hr class=\"wp-block-separator has-alpha-channel-opacity\"\/>\n\n\n\n<h2 class=\"wp-block-heading\">Hankook Winter i*cept RS3 \u2013 a f\u00e9kez\u00e9s mestere<\/h2>\n\n\n\n<p>A <strong>Hankook Winter i*cept RS3 (W462)<\/strong> az egyik <strong>legjobb t\u00e9li gumi 2025-ben<\/strong> a kompakt SUV-ok \u00e9s k\u00f6z\u00e9pkateg\u00f3ri\u00e1s aut\u00f3k sz\u00e1m\u00e1ra. K\u00e9t neves n\u00e9met magazin is tesztelte \u2013 mindkett\u0151 kiv\u00e1l\u00f3nak tal\u00e1lta.<\/p>\n\n\n\n<ul class=\"wp-block-list\">\n<li><strong>Auto Bild Allrad (2025. okt\u00f3ber 16.)<\/strong> \u2013 <em>\u201eP\u00e9ld\u00e1s\u201d<\/em> min\u0151s\u00edt\u00e9s<br>Tesztm\u00e9ret: 215\/55 R17<br>Az RS3-at a szerkeszt\u0151k \u201e<strong>f\u00e9kez\u00e9si szak\u00e9rt\u0151nek<\/strong>\u201d nevezt\u00e9k havas \u00e9s vizes utakon.<br>Az aquaplaning elleni v\u00e9delemben \u00e9s a <strong>sz\u00e1raz kezelhet\u0151s\u00e9gben<\/strong> is az \u00e9lmez\u0151nyben v\u00e9gzett.<\/li>\n\n\n\n<li><strong>Auto, Motor und Sport (2025. szeptember 25.)<\/strong> \u2013 <em>\u201eNagyon j\u00f3\u201d<\/em> min\u0151s\u00edt\u00e9s<br>Tesztm\u00e9ret: 215\/55 R17<br>\u201e<strong>A legr\u00f6videbb f\u00e9kt\u00e1vols\u00e1g havon<\/strong>, biztons\u00e1gos kanyarod\u00e1s vizes \u00faton, a legjobb v\u00e9delem aquaplaning ellen\u201d \u2013 \u00edrta a lap.<br>A szak\u00e9rt\u0151k szerint vezet\u00e9si \u00e9lm\u00e9nye szinte megegyezik a ny\u00e1ri abroncsok\u00e9val \u2013 ami t\u00e9len igazi ritkas\u00e1g.<\/li>\n<\/ul>\n\n\n\n<figure class=\"wp-block-image size-large\"><img decoding=\"async\" width=\"1024\" height=\"569\" src=\"https:\/\/gumi.hu\/blog\/wp-content\/uploads\/2025\/11\/3-1024x569.jpg\" alt=\"\" class=\"wp-image-11639\" title=\"\" srcset=\"https:\/\/gumi.hu\/blog\/wp-content\/uploads\/2025\/11\/3-1024x569.jpg 1024w, https:\/\/gumi.hu\/blog\/wp-content\/uploads\/2025\/11\/3-300x167.jpg 300w, https:\/\/gumi.hu\/blog\/wp-content\/uploads\/2025\/11\/3-768x427.jpg 768w, https:\/\/gumi.hu\/blog\/wp-content\/uploads\/2025\/11\/3-1536x853.jpg 1536w, https:\/\/gumi.hu\/blog\/wp-content\/uploads\/2025\/11\/3-2048x1138.jpg 2048w, https:\/\/gumi.hu\/blog\/wp-content\/uploads\/2025\/11\/3-800x445.jpg 800w\" sizes=\"(max-width: 1024px) 100vw, 1024px\" \/><\/figure>\n\n\n\n<hr class=\"wp-block-separator has-alpha-channel-opacity\"\/>\n\n\n\n<h2 class=\"wp-block-heading\">Mi\u00e9rt v\u00e1lassza a Hankook t\u00e9li gumiabroncsait?<\/h2>\n\n\n\n<p>Ha olyan <strong>t\u00e9li gumit<\/strong> keres, amely <strong>biztons\u00e1gos, hossz\u00fa \u00e9lettartam\u00fa \u00e9s megb\u00edzhat\u00f3 minden id\u0151j\u00e1r\u00e1sban<\/strong>, a Hankook abroncsai ide\u00e1lis v\u00e1laszt\u00e1s.<br>A f\u00fcggetlen tesztek is bizony\u00edtj\u00e1k, hogy a <strong>Winter i*cept evo 3<\/strong>, <strong>evo 3X<\/strong> \u00e9s <strong>RS3<\/strong> modellek a 2025-\u00f6s szezon <strong>kiemelt aj\u00e1nl\u00e1sai<\/strong> k\u00f6z\u00e9 tartoznak.<\/p>\n\n\n\n<p>V\u00e1logasson kedv\u00e9re <a href=\"https:\/\/gumi.hu\/autogumi\/teli-gumi\/hankook\">Hankook t\u00e9li gumi <\/a>k\u00edn\u00e1latunkb\u00f3l, szereltesse \u00e1t az orsz\u00e1gban b\u00e1rhol, 160 szerviz pontunk vagy szerviz Partner\u00fcnk b\u00e1rmelyik\u00e9n\u00e9l.<\/p>\n\n\n\n<div class=\"wp-block-buttons is-content-justification-center is-layout-flex wp-container-core-buttons-is-layout-16018d1d wp-block-buttons-is-layout-flex\">\n<div class=\"wp-block-button\"><a class=\"wp-block-button__link has-black-color has-text-color has-background wp-element-button\" href=\"https:\/\/gumi.hu\/autogumi\/teli-gumi\" style=\"border-radius:0px;background-color:#fdd814\"><strong>T\u00e9li gumiabroncsok<\/strong><\/a><\/div>\n<\/div>\n\n\n\n<p> <em>Ne maradjon le \u00fajdons\u00e1gainkr\u00f3l, akci\u00f3inkr\u00f3l, iratkozzon fel h\u00edrlevel\u00fcnkre!<\/em><\/p>\n\n\n\n<div class=\"wp-block-buttons is-content-justification-center is-layout-flex wp-container-core-buttons-is-layout-16018d1d wp-block-buttons-is-layout-flex\">\n<div class=\"wp-block-button\"><a class=\"wp-block-button__link has-black-color has-text-color has-background wp-element-button\" href=\"https:\/\/gumi.hu\/#subscribe-to-newsletter\" style=\"border-radius:0px;background-color:#fdd814\" target=\"_blank\" rel=\"noreferrer noopener\">H\u00edrlev\u00e9l feliratkoz\u00e1s<\/a><\/div>\n<\/div>\n","protected":false},"excerpt":{"rendered":"<p>A Hankook az idei szezonban ism\u00e9t remekelt: \u00f6t f\u00fcggetlen aut\u00f3gumi-teszt is igazolta, hogy a m\u00e1rka t\u00e9li abroncsai a legjobbak k\u00f6z\u00f6tt vannak. A Hankook Winter i*cept evo 3, Winter i*cept evo 3X \u00e9s Winter i*cept RS3 modellek a szaklapok \u00e9rt\u00e9kel\u00e9seiben is kiv\u00e1l\u00f3 eredm\u00e9nyeket \u00e9rtek el \u2013 legyen sz\u00f3 havas, vizes vagy sz\u00e1raz \u00fatr\u00f3l. Ha k\u00edv\u00e1ncsi, melyik<\/p>\n","protected":false},"author":16,"featured_media":11640,"comment_status":"closed","ping_status":"closed","sticky":false,"template":"","format":"standard","meta":{"footnotes":""},"categories":[328,1190,982],"tags":[515,1100],"class_list":["post-11636","post","type-post","status-publish","format-standard","has-post-thumbnail","hentry","category-gumitesztek","category-hankook","category-teli-gumi","tag-teli-gumiabroncs","tag-teszt"],"_links":{"self":[{"href":"https:\/\/gumi.hu\/blog\/wp-json\/wp\/v2\/posts\/11636","targetHints":{"allow":["GET"]}}],"collection":[{"href":"https:\/\/gumi.hu\/blog\/wp-json\/wp\/v2\/posts"}],"about":[{"href":"https:\/\/gumi.hu\/blog\/wp-json\/wp\/v2\/types\/post"}],"author":[{"embeddable":true,"href":"https:\/\/gumi.hu\/blog\/wp-json\/wp\/v2\/users\/16"}],"replies":[{"embeddable":true,"href":"https:\/\/gumi.hu\/blog\/wp-json\/wp\/v2\/comments?post=11636"}],"version-history":[{"count":5,"href":"https:\/\/gumi.hu\/blog\/wp-json\/wp\/v2\/posts\/11636\/revisions"}],"predecessor-version":[{"id":11646,"href":"https:\/\/gumi.hu\/blog\/wp-json\/wp\/v2\/posts\/11636\/revisions\/11646"}],"wp:featuredmedia":[{"embeddable":true,"href":"https:\/\/gumi.hu\/blog\/wp-json\/wp\/v2\/media\/11640"}],"wp:attachment":[{"href":"https:\/\/gumi.hu\/blog\/wp-json\/wp\/v2\/media?parent=11636"}],"wp:term":[{"taxonomy":"category","embeddable":true,"href":"https:\/\/gumi.hu\/blog\/wp-json\/wp\/v2\/categories?post=11636"},{"taxonomy":"post_tag","embeddable":true,"href":"https:\/\/gumi.hu\/blog\/wp-json\/wp\/v2\/tags?post=11636"}],"curies":[{"name":"wp","href":"https:\/\/api.w.org\/{rel}","templated":true}]}}