{"id":11815,"date":"2025-12-19T14:29:35","date_gmt":"2025-12-19T12:29:35","guid":{"rendered":"https:\/\/gumi.hu\/blog\/?p=11815"},"modified":"2026-01-06T10:46:56","modified_gmt":"2026-01-06T08:46:56","slug":"a-falken-tyres-meghosszabbitotta-egyuttmukodeset-a-pdc-vel","status":"publish","type":"post","link":"https:\/\/gumi.hu\/blog\/a-falken-tyres-meghosszabbitotta-egyuttmukodeset-a-pdc-vel\/","title":{"rendered":"A Falken Tyres meghosszabb\u00edtotta egy\u00fcttm\u0171k\u00f6d\u00e9s\u00e9t a PDC-vel"},"content":{"rendered":"\n<p>A <strong><a href=\"https:\/\/gumi.hu\/auto-gumi\/falken-tire\/\">Falken Tyre<\/a> Europe GmbH<\/strong> tov\u00e1bb er\u0151s\u00edti nemzetk\u00f6zi jelenl\u00e9t\u00e9t: a v\u00e1llalat <strong>2026 november\u00e9ig meghosszabb\u00edtotta partners\u00e9g\u00e9t a Professional Darts Corporationnel (PDC)<\/strong>. A Falken 2024 decembere \u00f3ta hivatalos abroncspartnerk\u00e9nt van jelen a profi darts vil\u00e1g\u00e1ban, \u00e9s az els\u0151 \u00e9v sikerei ut\u00e1n egy\u00e9rtelm\u0171v\u00e9 v\u00e1lt a folytat\u00e1s.<\/p>\n\n\n\n<h3 class=\"wp-block-heading\">Rekordokat d\u00f6nt a PDC Darts Vil\u00e1gbajnoks\u00e1g<\/h3>\n\n\n\n<p>A darts vil\u00e1ga minden eddigin\u00e9l nagyobb figyelmet kap a <strong>2025\/26-os PDC Darts Vil\u00e1gbajnoks\u00e1gon<\/strong>, amelynek d\u00f6nt\u0151j\u00e9t <strong>2026. janu\u00e1r 3-\u00e1n<\/strong> rendezik meg a londoni Alexandra Palace-ben. A torna t\u00f6bb szempontb\u00f3l is t\u00f6rt\u00e9nelmi jelent\u0151s\u00e9g\u0171:<\/p>\n\n\n\n<ul class=\"wp-block-list\">\n<li>A gy\u0151ztes <strong>1 milli\u00f3 font<\/strong> nyerem\u00e9nyben r\u00e9szes\u00fcl \u2013 el\u0151sz\u00f6r a darts t\u00f6rt\u00e9net\u00e9ben<\/li>\n\n\n\n<li>A teljes d\u00edjaz\u00e1s el\u00e9ri az <strong>5 milli\u00f3 fontot<\/strong><\/li>\n\n\n\n<li>Rekordsz\u00e1m\u00fa n\u00e9z\u0151 \u00e9s glob\u00e1lis m\u00e9diafigyelem v\u00e1rhat\u00f3<\/li>\n<\/ul>\n\n\n\n<p>Ez a l\u00e1tv\u00e1nyos n\u00f6veked\u00e9s t\u00f6k\u00e9letesen illeszkedik a Falken sportos, dinamikus m\u00e1rkafiloz\u00f3fi\u00e1j\u00e1hoz.<\/p>\n\n\n\n<h3 class=\"wp-block-heading\">Falken jelenl\u00e9t a vil\u00e1g minden t\u00e1j\u00e1n<\/h3>\n\n\n\n<p>A 2024\/25-\u00f6s szezonban a Falken <strong>minden PDC-torn\u00e1n akt\u00edvan jelen volt<\/strong>, k\u00fcl\u00f6nf\u00e9le m\u00e1rkaaktiv\u00e1ci\u00f3kkal:<\/p>\n\n\n\n<ul class=\"wp-block-list\">\n<li>Falken j\u00e1t\u00e9kz\u00f3n\u00e1k<\/li>\n\n\n\n<li>Nyerem\u00e9nyj\u00e1t\u00e9kok<\/li>\n\n\n\n<li>Exkluz\u00edv meet &amp; greet esem\u00e9nyek ismert dartsj\u00e1t\u00e9kosokkal, p\u00e9ld\u00e1ul <strong>Max Hoppal<\/strong><\/li>\n<\/ul>\n\n\n\n<p>A meg\u00faj\u00edtott egy\u00fcttm\u0171k\u00f6d\u00e9s r\u00e9szek\u00e9nt a Falken a <strong>PDC World Series of Darts<\/strong> nemzetk\u00f6zi \u00e1llom\u00e1sain is megjelenik, t\u00f6bbek k\u00f6z\u00f6tt:<\/p>\n\n\n\n<ul class=\"wp-block-list\">\n<li>Egyes\u00fclt \u00c1llamok<\/li>\n\n\n\n<li>Ausztr\u00e1lia<\/li>\n\n\n\n<li>\u00daj-Z\u00e9land<\/li>\n\n\n\n<li>\u00e9s sz\u00e1mos tov\u00e1bbi glob\u00e1lis helysz\u00edn<\/li>\n<\/ul>\n\n\n\n<p>Ez tov\u00e1bb n\u00f6veli a m\u00e1rka nemzetk\u00f6zi l\u00e1that\u00f3s\u00e1g\u00e1t, k\u00fcl\u00f6n\u00f6sen az aut\u00f3s \u00e9s motorsport ir\u00e1nt \u00e9rdekl\u0151d\u0151, akt\u00edv k\u00f6z\u00f6ns\u00e9g k\u00f6r\u00e9ben.<\/p>\n\n\n\n<h3 class=\"wp-block-heading\">K\u00f6z\u00f6s \u00e9rt\u00e9kek: teljes\u00edtm\u00e9ny, pontoss\u00e1g, megb\u00edzhat\u00f3s\u00e1g<\/h3>\n\n\n\n<p>\u201e\u00d6r\u00f6mmel hosszabb\u00edtottuk meg egy\u00fcttm\u0171k\u00f6d\u00e9s\u00fcnket a PDC-vel\u201d \u2013 nyilatkozta <strong>Markus B\u00f6gner<\/strong>, a Falken Tyre Europe GmbH \u00fcgyvezet\u0151 igazgat\u00f3ja \u00e9s eln\u00f6ke.<br>Hozz\u00e1tette: a PDC glob\u00e1lis el\u00e9r\u00e9se \u00e9s sportorient\u00e1lt c\u00e9lk\u00f6z\u00f6ns\u00e9ge ide\u00e1lisan illeszkedik a Falken m\u00e1rk\u00e1hoz, m\u00edg a rekord\u00f6sszeg\u0171 nyerem\u00e9ny jelent\u0151sen hozz\u00e1j\u00e1rul a v\u00e1llalat magas m\u00e1rkaismerts\u00e9g\u00e9hez.<\/p>\n\n\n\n<p>A PDC r\u00e9sz\u00e9r\u0151l <strong>Adam Perfect<\/strong>, kereskedelmi igazgat\u00f3 is kiemelte, hogy a Falken glob\u00e1lis partnerk\u00e9nt kiv\u00e1l\u00f3an t\u00e1mogatja a darts vil\u00e1gszint\u0171 n\u00f6veked\u00e9s\u00e9t, \u00e9s a j\u00f6v\u0151ben is k\u00f6z\u00f6sen dolgoznak azon, hogy m\u00e9g szorosabb kapcsolat alakuljon ki a rajong\u00f3kkal.<\/p>\n\n\n\n<h3 class=\"wp-block-heading\">Falken \u2013 sportos teljes\u00edtm\u00e9ny az utakon is<\/h3>\n\n\n\n<p>A Falken nemcsak a sport vil\u00e1g\u00e1ban bizony\u00edt, hanem az utakon is. A m\u00e1rka abroncsai a <strong>prec\u00edz ir\u00e1ny\u00edthat\u00f3s\u00e1got, stabil tapad\u00e1st \u00e9s megb\u00edzhat\u00f3 teljes\u00edtm\u00e9nyt<\/strong> helyezik el\u0151t\u00e9rbe \u2013 legyen sz\u00f3 mindennapi k\u00f6zleked\u00e9sr\u0151l vagy sportos vezet\u00e9sr\u0151l.<\/p>\n\n\n\n<p> A Falken gumiabroncsok sz\u00e9les v\u00e1laszt\u00e9ka el\u00e9rhet\u0151 a <strong>gumi.hu<\/strong> k\u00edn\u00e1lat\u00e1ban, ahol szak\u00e9rt\u0151i seg\u00edts\u00e9ggel \u00e9s orsz\u00e1gos szervizh\u00e1l\u00f3zattal t\u00e1mogatjuk a biztons\u00e1gos v\u00e1laszt\u00e1st.<\/p>\n\n\n\n<p>V\u00e1logasson kedv\u00e9re<a href=\"https:\/\/gumi.hu\/autogumi\/teli-gumi\/falken\"> Falken t\u00e9li gumi <\/a>k\u00edn\u00e1latunkb\u00f3l, szereltesse \u00e1t az orsz\u00e1gban b\u00e1rhol, 160 szerviz pontunk vagy szerviz Partner\u00fcnk b\u00e1rmelyik\u00e9n\u00e9l.<\/p>\n\n\n\n<div class=\"wp-block-buttons is-content-justification-center is-layout-flex wp-container-core-buttons-is-layout-16018d1d wp-block-buttons-is-layout-flex\">\n<div class=\"wp-block-button\"><a class=\"wp-block-button__link has-black-color has-text-color has-background wp-element-button\" href=\"https:\/\/gumi.hu\/autogumi\/teli-gumi\" style=\"border-radius:0px;background-color:#fdd814\"><strong>T\u00e9li<\/strong> <strong>gumiabroncsok<\/strong><\/a><\/div>\n<\/div>\n\n\n\n<p> <em>Ne maradjon le \u00fajdons\u00e1gainkr\u00f3l, akci\u00f3inkr\u00f3l, iratkozzon fel h\u00edrlevel\u00fcnkre!<\/em><\/p>\n\n\n\n<div class=\"wp-block-buttons is-content-justification-center is-layout-flex wp-container-core-buttons-is-layout-16018d1d wp-block-buttons-is-layout-flex\">\n<div class=\"wp-block-button\"><a class=\"wp-block-button__link has-black-color has-text-color has-background wp-element-button\" href=\"https:\/\/gumi.hu\/#subscribe-to-newsletter\" style=\"border-radius:0px;background-color:#fdd814\" target=\"_blank\" rel=\"noreferrer noopener\">H\u00edrlev\u00e9l feliratkoz\u00e1s<\/a><\/div>\n<\/div>\n","protected":false},"excerpt":{"rendered":"<p>A Falken Tyre Europe GmbH tov\u00e1bb er\u0151s\u00edti nemzetk\u00f6zi jelenl\u00e9t\u00e9t: a v\u00e1llalat 2026 november\u00e9ig meghosszabb\u00edtotta partners\u00e9g\u00e9t a Professional Darts Corporationnel (PDC). A Falken 2024 decembere \u00f3ta hivatalos abroncspartnerk\u00e9nt van jelen a profi darts vil\u00e1g\u00e1ban, \u00e9s az els\u0151 \u00e9v sikerei ut\u00e1n egy\u00e9rtelm\u0171v\u00e9 v\u00e1lt a folytat\u00e1s. Rekordokat d\u00f6nt a PDC Darts Vil\u00e1gbajnoks\u00e1g A darts vil\u00e1ga minden eddigin\u00e9l nagyobb<\/p>\n","protected":false},"author":23,"featured_media":11816,"comment_status":"closed","ping_status":"closed","sticky":false,"template":"","format":"standard","meta":{"footnotes":""},"categories":[663],"tags":[528],"class_list":["post-11815","post","type-post","status-publish","format-standard","has-post-thumbnail","hentry","category-falken","tag-falken"],"_links":{"self":[{"href":"https:\/\/gumi.hu\/blog\/wp-json\/wp\/v2\/posts\/11815","targetHints":{"allow":["GET"]}}],"collection":[{"href":"https:\/\/gumi.hu\/blog\/wp-json\/wp\/v2\/posts"}],"about":[{"href":"https:\/\/gumi.hu\/blog\/wp-json\/wp\/v2\/types\/post"}],"author":[{"embeddable":true,"href":"https:\/\/gumi.hu\/blog\/wp-json\/wp\/v2\/users\/23"}],"replies":[{"embeddable":true,"href":"https:\/\/gumi.hu\/blog\/wp-json\/wp\/v2\/comments?post=11815"}],"version-history":[{"count":4,"href":"https:\/\/gumi.hu\/blog\/wp-json\/wp\/v2\/posts\/11815\/revisions"}],"predecessor-version":[{"id":11821,"href":"https:\/\/gumi.hu\/blog\/wp-json\/wp\/v2\/posts\/11815\/revisions\/11821"}],"wp:featuredmedia":[{"embeddable":true,"href":"https:\/\/gumi.hu\/blog\/wp-json\/wp\/v2\/media\/11816"}],"wp:attachment":[{"href":"https:\/\/gumi.hu\/blog\/wp-json\/wp\/v2\/media?parent=11815"}],"wp:term":[{"taxonomy":"category","embeddable":true,"href":"https:\/\/gumi.hu\/blog\/wp-json\/wp\/v2\/categories?post=11815"},{"taxonomy":"post_tag","embeddable":true,"href":"https:\/\/gumi.hu\/blog\/wp-json\/wp\/v2\/tags?post=11815"}],"curies":[{"name":"wp","href":"https:\/\/api.w.org\/{rel}","templated":true}]}}