{"id":11944,"date":"2026-02-17T09:42:46","date_gmt":"2026-02-17T07:42:46","guid":{"rendered":"https:\/\/gumi.hu\/blog\/?p=11944"},"modified":"2026-03-26T13:05:16","modified_gmt":"2026-03-26T11:05:16","slug":"hankook-ion-flexclimate-negyevszakos-abroncs-kifejezetten-elektromos-autokhoz","status":"publish","type":"post","link":"https:\/\/gumi.hu\/blog\/hankook-ion-flexclimate-negyevszakos-abroncs-kifejezetten-elektromos-autokhoz\/","title":{"rendered":"Hankook iON FlexClimate: n\u00e9gy\u00e9vszakos abroncs kifejezetten elektromos aut\u00f3khoz"},"content":{"rendered":"\n<p>Az elektromos aut\u00f3k vil\u00e1ga nemcsak a hajt\u00e1sban hozott \u00faj korszakot, hanem az abroncsokkal szembeni elv\u00e1r\u00e1sokat is teljesen \u00faj szintre emelte. A Hankook erre v\u00e1laszul hozta l\u00e9tre az <strong>iON<\/strong> term\u00e9kcsal\u00e1dot \u2013 a vil\u00e1g els\u0151, <strong>kifejezetten elektromos j\u00e1rm\u0171vek sz\u00e1m\u00e1ra fejlesztett abroncscsal\u00e1dj\u00e1t<\/strong>. Ennek a k\u00edn\u00e1latnak a n\u00e9gy\u00e9vszakos megold\u00e1sa az <strong>iON FlexClimate (IL01 \u00e9s IL01A)<\/strong>.<\/p>\n\n\n\n<h3 class=\"wp-block-heading\">Megb\u00edzhat\u00f3 teljes\u00edtm\u00e9ny v\u00e1ltoz\u00f3 id\u0151j\u00e1r\u00e1sban<\/h3>\n\n\n\n<p>Az iON FlexClimate a Hankook leg\u00fajabb innov\u00e1ci\u00f3ira \u00e9p\u00edt, \u00edgy <strong>stabilan teljes\u00edt elt\u00e9r\u0151 h\u0151m\u00e9rs\u00e9kleti \u00e9s \u00fatviszonyok k\u00f6z\u00f6tt<\/strong>. Magyar\u00e1n: ugyan\u00fagy felk\u00e9sz\u00fclt a ny\u00e1ri forr\u00f3s\u00e1gra, mint a t\u00e9li, cs\u00fasz\u00f3s kih\u00edv\u00e1sokra \u2013 mindezt egyetlen abroncsban.<\/p>\n\n\n\n<h3 class=\"wp-block-heading\">Auto Bild tesztgy\u0151zelem 2025-ben<\/h3>\n\n\n\n<p>Az abroncs 2025-ben <strong>els\u0151 helyez\u00e9st \u00e9rt el<\/strong> az <strong>Auto Bild<\/strong> elektromos j\u00e1rm\u0171vek sz\u00e1m\u00e1ra v\u00e9gzett <strong>n\u00e9gy\u00e9vszakos abroncstesztj\u00e9n<\/strong>, \u00f6sszes\u00edt\u00e9sben <strong>\u201eNagyon j\u00f3\u201d<\/strong> min\u0151s\u00edt\u00e9ssel. A n\u00e9met Auto Bild \u00e9rt\u00e9kel\u00e9se szerint az iON FlexClimate <em>\u201eolyan vezet\u00e9si \u00e9lm\u00e9nyt ny\u00fajt, amelyet dinamikus \u00e9s kiegyens\u00falyozott teljes\u00edtm\u00e9nye tesz a legjobb\u00e1 minden id\u0151j\u00e1r\u00e1si k\u00f6r\u00fclm\u00e9ny k\u00f6z\u00f6tt.\u201d<\/em><\/p>\n\n\n\n<figure class=\"wp-block-image size-large\"><img fetchpriority=\"high\" decoding=\"async\" width=\"1024\" height=\"482\" src=\"https:\/\/gumi.hu\/blog\/wp-content\/uploads\/2026\/02\/n5YjkBcL5TMT-1-1024x482.png\" alt=\"\" class=\"wp-image-11947\" title=\"\" srcset=\"https:\/\/gumi.hu\/blog\/wp-content\/uploads\/2026\/02\/n5YjkBcL5TMT-1-1024x482.png 1024w, https:\/\/gumi.hu\/blog\/wp-content\/uploads\/2026\/02\/n5YjkBcL5TMT-1-300x141.png 300w, https:\/\/gumi.hu\/blog\/wp-content\/uploads\/2026\/02\/n5YjkBcL5TMT-1-768x362.png 768w, https:\/\/gumi.hu\/blog\/wp-content\/uploads\/2026\/02\/n5YjkBcL5TMT-1-1536x723.png 1536w, https:\/\/gumi.hu\/blog\/wp-content\/uploads\/2026\/02\/n5YjkBcL5TMT-1.png 1720w\" sizes=\"(max-width: 1024px) 100vw, 1024px\" \/><\/figure>\n\n\n\n<h2 class=\"wp-block-heading\">Mi \u00e1ll a teljes\u00edtm\u00e9ny m\u00f6g\u00f6tt? F\u0151bb technol\u00f3gi\u00e1k r\u00f6viden<\/h2>\n\n\n\n<p><strong>Grip Boost<\/strong><br>Az elektromos aut\u00f3k nagyobb t\u00f6mege extra terhel\u00e9st jelent az abroncsnak. A Grip Boost technol\u00f3gia ezt c\u00e9lozza: <strong>n\u00f6veli a kanyarstabilit\u00e1st \u00e9s jav\u00edtja a kezelhet\u0151s\u00e9get<\/strong>.<\/p>\n\n\n\n<p><strong>ProCoupling vegy\u00fclet<\/strong><br>A nagy s\u0171r\u0171s\u00e9g\u0171 szilika \u00e9s az \u00faj, k\u00f6rnyezetbar\u00e1t anyagok kombin\u00e1ci\u00f3ja <strong>magas tapad\u00e1st ad<\/strong>, k\u00fcl\u00f6n\u00f6sen <strong>vizes \u00fatfel\u00fcleten<\/strong>.<\/p>\n\n\n\n<p><strong>2 az 1-ben lamella<\/strong><br>A blokkon bel\u00fcli speci\u00e1lis lamellakialak\u00edt\u00e1s <strong>n\u00f6veli a lamellas\u0171r\u0171s\u00e9get<\/strong>, \u00edgy <strong>havas k\u00f6r\u00fclm\u00e9nyek k\u00f6z\u00f6tt is javul az \u00f6sszteljes\u00edtm\u00e9ny<\/strong>.<\/p>\n\n\n\n<p><strong>Hajl\u00edtott mintaj\u00e1ratok<\/strong><br>A fut\u00f3fel\u00fclet alatti kialak\u00edt\u00e1s <strong>\u00f6sszet\u00f6m\u00f6r\u00edti a havat<\/strong>, ami hozz\u00e1j\u00e1rul a <strong>jobb t\u00e9li tapad\u00e1shoz \u00e9s \u00fattart\u00e1shoz<\/strong>.<\/p>\n\n\n\n<h3 class=\"wp-block-heading\">Kinek lehet ide\u00e1lis v\u00e1laszt\u00e1s?<\/h3>\n\n\n\n<p>Ha elektromos aut\u00f3val k\u00f6zlekedsz, \u00e9s <strong>eg\u00e9sz \u00e9vben egyetlen, kompromisszummentes abroncsot<\/strong> keresel, az iON FlexClimate pont erre k\u00e9sz\u00fclt: <strong>EV-specifikus megold\u00e1s<\/strong>, kiegyens\u00falyozott vezethet\u0151s\u00e9ggel, \u00e9s bizony\u00edtott teszteredm\u00e9nnyel.<\/p>\n\n\n\n<p><strong>V\u00e1logasson kedv\u00e9re <a href=\"https:\/\/gumi.hu\/autogumi\/negyevszakos\/hankook\">Hankook<\/a> k\u00edn\u00e1latunkb\u00f3l, szereltesse \u00e1t az orsz\u00e1gban b\u00e1rhol, 160 szerviz pontunk vagy szerviz Partner\u00fcnk b\u00e1rmelyik\u00e9n\u00e9l<\/strong>.<\/p>\n\n\n\n<div class=\"wp-block-buttons is-content-justification-center is-layout-flex wp-container-core-buttons-is-layout-16018d1d wp-block-buttons-is-layout-flex\">\n<div class=\"wp-block-button\"><a class=\"wp-block-button__link has-black-color has-text-color has-background wp-element-button\" href=\"https:\/\/gumi.hu\/autogumi\/negyevszakos\/hankook\" style=\"border-radius:0px;background-color:#fdd814\"><strong>Hankook gumiabroncsok<\/strong><\/a><\/div>\n<\/div>\n\n\n\n<p>   <em>Ne maradjon le \u00fajdons\u00e1gainkr\u00f3l, akci\u00f3inkr\u00f3l, iratkozzon fel h\u00edrlevel\u00fcnkre!<\/em><\/p>\n\n\n\n<div class=\"wp-block-buttons is-content-justification-center is-layout-flex wp-container-core-buttons-is-layout-16018d1d wp-block-buttons-is-layout-flex\">\n<div class=\"wp-block-button\"><a class=\"wp-block-button__link has-black-color has-text-color has-background wp-element-button\" href=\"https:\/\/gumi.hu\/#subscribe-to-newsletter\" style=\"border-radius:0px;background-color:#fdd814\" target=\"_blank\" rel=\"noreferrer noopener\">H\u00edrlev\u00e9l feliratkoz\u00e1s<\/a><\/div>\n<\/div>\n","protected":false},"excerpt":{"rendered":"<p>Az elektromos aut\u00f3k vil\u00e1ga nemcsak a hajt\u00e1sban hozott \u00faj korszakot, hanem az abroncsokkal szembeni elv\u00e1r\u00e1sokat is teljesen \u00faj szintre emelte. A Hankook erre v\u00e1laszul hozta l\u00e9tre az iON term\u00e9kcsal\u00e1dot \u2013 a vil\u00e1g els\u0151, kifejezetten elektromos j\u00e1rm\u0171vek sz\u00e1m\u00e1ra fejlesztett abroncscsal\u00e1dj\u00e1t. Ennek a k\u00edn\u00e1latnak a n\u00e9gy\u00e9vszakos megold\u00e1sa az iON FlexClimate (IL01 \u00e9s IL01A). Megb\u00edzhat\u00f3 teljes\u00edtm\u00e9ny v\u00e1ltoz\u00f3 id\u0151j\u00e1r\u00e1sban<\/p>\n","protected":false},"author":23,"featured_media":11946,"comment_status":"closed","ping_status":"closed","sticky":false,"template":"","format":"standard","meta":{"footnotes":""},"categories":[1190],"tags":[],"class_list":["post-11944","post","type-post","status-publish","format-standard","has-post-thumbnail","hentry","category-hankook"],"_links":{"self":[{"href":"https:\/\/gumi.hu\/blog\/wp-json\/wp\/v2\/posts\/11944","targetHints":{"allow":["GET"]}}],"collection":[{"href":"https:\/\/gumi.hu\/blog\/wp-json\/wp\/v2\/posts"}],"about":[{"href":"https:\/\/gumi.hu\/blog\/wp-json\/wp\/v2\/types\/post"}],"author":[{"embeddable":true,"href":"https:\/\/gumi.hu\/blog\/wp-json\/wp\/v2\/users\/23"}],"replies":[{"embeddable":true,"href":"https:\/\/gumi.hu\/blog\/wp-json\/wp\/v2\/comments?post=11944"}],"version-history":[{"count":2,"href":"https:\/\/gumi.hu\/blog\/wp-json\/wp\/v2\/posts\/11944\/revisions"}],"predecessor-version":[{"id":11949,"href":"https:\/\/gumi.hu\/blog\/wp-json\/wp\/v2\/posts\/11944\/revisions\/11949"}],"wp:featuredmedia":[{"embeddable":true,"href":"https:\/\/gumi.hu\/blog\/wp-json\/wp\/v2\/media\/11946"}],"wp:attachment":[{"href":"https:\/\/gumi.hu\/blog\/wp-json\/wp\/v2\/media?parent=11944"}],"wp:term":[{"taxonomy":"category","embeddable":true,"href":"https:\/\/gumi.hu\/blog\/wp-json\/wp\/v2\/categories?post=11944"},{"taxonomy":"post_tag","embeddable":true,"href":"https:\/\/gumi.hu\/blog\/wp-json\/wp\/v2\/tags?post=11944"}],"curies":[{"name":"wp","href":"https:\/\/api.w.org\/{rel}","templated":true}]}}