{"id":11950,"date":"2026-02-17T10:05:31","date_gmt":"2026-02-17T08:05:31","guid":{"rendered":"https:\/\/gumi.hu\/blog\/?p=11950"},"modified":"2026-03-26T13:04:06","modified_gmt":"2026-03-26T11:04:06","slug":"a-volkswagen-tiguan-falken-euroall-season-as220-es-as220-pro-abroncsokkal-erkezik-gyarilag","status":"publish","type":"post","link":"https:\/\/gumi.hu\/blog\/a-volkswagen-tiguan-falken-euroall-season-as220-es-as220-pro-abroncsokkal-erkezik-gyarilag\/","title":{"rendered":"A Volkswagen Tiguan Falken EuroAllSeason AS220 \u00e9s AS220 pro abroncsokkal \u00e9rkezik gy\u00e1rilag"},"content":{"rendered":"\n<p>A Volkswagen Tiguan gy\u00e1ri szerel\u00e9sben a Falken EUROALL SEASON AS220 (215\/65R17 99V) vagy a Falken EUROALL SEASON AS220 PRO (235\/55R18 100V) n\u00e9gy\u00e9vszakos abroncsokat kapja. A Falken emellett a n\u00e9pszer\u0171 kompakt SUV sz\u00e1m\u00e1ra az EUROWINTER HS02 PRO t\u00e9li abroncsot is sz\u00e1ll\u00edtja gy\u00e1ri besz\u00e1ll\u00edt\u00f3k\u00e9nt 235\/55R18 104H XL m\u00e9retben. A Volkswagen Tiguanhoz sz\u00e1nt Falken abroncsok az el\u0151remutat\u00f3 4D NANO Design technol\u00f3gi\u00e1ra \u00e9p\u00fclnek, amely jobb nedves tapad\u00e1st, magasabb \u00fczemanyag-hat\u00e9konys\u00e1got \u00e9s hosszabb \u00e9lettartamot k\u00edn\u00e1l. A modern, l\u00e1tv\u00e1nyos megjelen\u00e9sr\u0151l az aerodinamikus oldalfal-kialak\u00edt\u00e1s \u00e9s a nano-black felirat gondoskodik.<\/p>\n\n\n\n<p>A n\u00e9vben szerepl\u0151 \u201ePRO\u201d megjel\u00f6l\u00e9st kiz\u00e1r\u00f3lag azok a szem\u00e9lyaut\u00f3- \u00e9s SUV-abroncsok kapj\u00e1k meg, amelyek a legmagasabb dinamikai elv\u00e1r\u00e1soknak is megfelelnek. Mind a EUROALL SEASON AS220 PRO, mind az EUROWINTER HS02 PRO ak\u00e1r 270 km\/h sebess\u00e9gig enged\u00e9lyezett, \u00e9s t\u00f6bbf\u00e9le m\u00e9retben el\u00e9rhet\u0151. A Falken EUROWINTER HS02 PRO \u00f6sszesen 87 m\u00e9retben k\u00e9sz\u00fcl, 35\u201370-es profilsorozatokkal \u00e9s 16\u201321 colos felnim\u00e9retekhez, m\u00edg az ultra nagy teljes\u00edtm\u00e9ny\u0171 (UHP) Falken EUROALL SEASON AS220 PRO 45 m\u00e9retben \u00e9rhet\u0151 el, 35\u201365-\u00f6s profilsorozatokkal \u00e9s 17\u201321 colos felnikhez.<\/p>\n\n\n\n<p>A Falken EUROALL SEASON AS220 ir\u00e1ny\u00edtott fut\u00f3fel\u00fcleti mint\u00e1zattal \u00e9s szimmetrikus profillal rendelkezik a nagy teljes\u00edtm\u00e9ny\u0171 (HP) felhaszn\u00e1l\u00e1sra, ezzel szemben a Falken EUROALL SEASON AS220 PRO egy optimaliz\u00e1lt, aszimmetrikus mint\u00e1zatot kapott, amely kiegyens\u00falyozott teljes\u00edtm\u00e9nyt ny\u00fajt minden k\u00f6r\u00fclm\u00e9ny k\u00f6z\u00f6tt, ultra nagy teljes\u00edtm\u00e9ny\u0171 (UHP) specifik\u00e1ci\u00f3val.<\/p>\n\n\n\n<p>A n\u00e9gy\u00e9vszakos abroncsok jelent\u0151s\u00e9ge az ut\u00f3bbi \u00e9vekben folyamatosan n\u0151. A ny\u00e1ri \u00e9s t\u00e9li gumik el\u0151nyeit \u00f6tv\u00f6zve megb\u00edzhat\u00f3 tapad\u00e1st biztos\u00edtanak sz\u00e1raz \u00e9s nedves \u00faton, valamint havon \u00e9s j\u00e9gen is. Ez ide\u00e1lis v\u00e1laszt\u00e1ss\u00e1 teszi \u0151ket azok sz\u00e1m\u00e1ra, akik f\u0151k\u00e9nt v\u00e1rosban k\u00f6zlekednek, vagy olyan r\u00e9gi\u00f3kban \u00e9lnek, ahol a telek enyh\u00e9bbek.<\/p>\n\n\n\n<p>V\u00e1logasson kedv\u00e9re<a href=\"https:\/\/gumi.hu\/autogumi\/teli-gumi\/falken\"> Falken t\u00e9li gumi <\/a>k\u00edn\u00e1latunkb\u00f3l, szereltesse \u00e1t az orsz\u00e1gban b\u00e1rhol, 160 szerviz pontunk vagy szerviz Partner\u00fcnk b\u00e1rmelyik\u00e9n\u00e9l.<\/p>\n\n\n\n<div class=\"wp-block-buttons is-content-justification-center is-layout-flex wp-container-core-buttons-is-layout-16018d1d wp-block-buttons-is-layout-flex\">\n<div class=\"wp-block-button\"><a class=\"wp-block-button__link has-black-color has-text-color has-background wp-element-button\" href=\"https:\/\/gumi.hu\/autogumi\/teli-gumi\" style=\"border-radius:0px;background-color:#fdd814\"><strong>T\u00e9li<\/strong> <strong>gumiabroncsok<\/strong><\/a><\/div>\n<\/div>\n\n\n\n<p> <em>Ne maradjon le \u00fajdons\u00e1gainkr\u00f3l, akci\u00f3inkr\u00f3l, iratkozzon fel h\u00edrlevel\u00fcnkre!<\/em><\/p>\n\n\n\n<div class=\"wp-block-buttons is-content-justification-center is-layout-flex wp-container-core-buttons-is-layout-16018d1d wp-block-buttons-is-layout-flex\">\n<div class=\"wp-block-button\"><a class=\"wp-block-button__link has-black-color has-text-color has-background wp-element-button\" href=\"https:\/\/gumi.hu\/#subscribe-to-newsletter\" style=\"border-radius:0px;background-color:#fdd814\" target=\"_blank\" rel=\"noreferrer noopener\">H\u00edrlev\u00e9l feliratkoz\u00e1s<\/a><\/div>\n<\/div>\n","protected":false},"excerpt":{"rendered":"<p>A Volkswagen Tiguan gy\u00e1ri szerel\u00e9sben a Falken EUROALL SEASON AS220 (215\/65R17 99V) vagy a Falken EUROALL SEASON AS220 PRO (235\/55R18 100V) n\u00e9gy\u00e9vszakos abroncsokat kapja. A Falken emellett a n\u00e9pszer\u0171 kompakt SUV sz\u00e1m\u00e1ra az EUROWINTER HS02 PRO t\u00e9li abroncsot is sz\u00e1ll\u00edtja gy\u00e1ri besz\u00e1ll\u00edt\u00f3k\u00e9nt 235\/55R18 104H XL m\u00e9retben. A Volkswagen Tiguanhoz sz\u00e1nt Falken abroncsok az el\u0151remutat\u00f3 4D<\/p>\n","protected":false},"author":23,"featured_media":11951,"comment_status":"closed","ping_status":"closed","sticky":false,"template":"","format":"standard","meta":{"footnotes":""},"categories":[663],"tags":[],"class_list":["post-11950","post","type-post","status-publish","format-standard","has-post-thumbnail","hentry","category-falken"],"_links":{"self":[{"href":"https:\/\/gumi.hu\/blog\/wp-json\/wp\/v2\/posts\/11950","targetHints":{"allow":["GET"]}}],"collection":[{"href":"https:\/\/gumi.hu\/blog\/wp-json\/wp\/v2\/posts"}],"about":[{"href":"https:\/\/gumi.hu\/blog\/wp-json\/wp\/v2\/types\/post"}],"author":[{"embeddable":true,"href":"https:\/\/gumi.hu\/blog\/wp-json\/wp\/v2\/users\/23"}],"replies":[{"embeddable":true,"href":"https:\/\/gumi.hu\/blog\/wp-json\/wp\/v2\/comments?post=11950"}],"version-history":[{"count":3,"href":"https:\/\/gumi.hu\/blog\/wp-json\/wp\/v2\/posts\/11950\/revisions"}],"predecessor-version":[{"id":11954,"href":"https:\/\/gumi.hu\/blog\/wp-json\/wp\/v2\/posts\/11950\/revisions\/11954"}],"wp:featuredmedia":[{"embeddable":true,"href":"https:\/\/gumi.hu\/blog\/wp-json\/wp\/v2\/media\/11951"}],"wp:attachment":[{"href":"https:\/\/gumi.hu\/blog\/wp-json\/wp\/v2\/media?parent=11950"}],"wp:term":[{"taxonomy":"category","embeddable":true,"href":"https:\/\/gumi.hu\/blog\/wp-json\/wp\/v2\/categories?post=11950"},{"taxonomy":"post_tag","embeddable":true,"href":"https:\/\/gumi.hu\/blog\/wp-json\/wp\/v2\/tags?post=11950"}],"curies":[{"name":"wp","href":"https:\/\/api.w.org\/{rel}","templated":true}]}}