{"id":5954,"date":"2019-09-25T12:01:04","date_gmt":"2019-09-25T10:01:04","guid":{"rendered":"https:\/\/gumi.hu\/blog\/?p=5954"},"modified":"2026-01-08T14:49:27","modified_gmt":"2026-01-08T12:49:27","slug":"autos-kodfejtes-mit-jelent-ez-a-sok-rovidites","status":"publish","type":"post","link":"https:\/\/gumi.hu\/blog\/autos-kodfejtes-mit-jelent-ez-a-sok-rovidites\/","title":{"rendered":"Aut\u00f3s k\u00f3dfejt\u00e9s \u2013 mit jelent ez a sok r\u00f6vid\u00edt\u00e9s?"},"content":{"rendered":"\n<p><strong>Nap mint nap tal\u00e1lkozunk aut\u00f3-mechanikai k\u00f3dokkal, de nem \u00e1rt azt is tudni, milyen funkci\u00f3 \u00e1ll a bet\u0171szavak m\u00f6g\u00f6tt. \u00d6sszegy\u0171jt\u00f6tt\u00fck a leggyakoribb elnevez\u00e9seket, mozaikszavakat, \u00e9s di\u00f3h\u00e9jban elmagyar\u00e1zzuk a l\u00e9nyeg\u00fcket is. A r\u00f6vid\u00edt\u00e9sek \u00e1ltal\u00e1ban az angol terminol\u00f3gi\u00e1ban haszn\u00e1lt kifejez\u00e9sb\u0151l \u00e1llnak \u00f6ssze, ahol \u00edgy van, ott mutatjuk a teljes nevet is.<\/strong><\/p>\n\n\n\n<!--more-->\n\n\n\n<h3 class=\"wp-block-heading\">AC<\/h3>\n\n\n\n<p>Air Conditioning,\nazaz l\u00e9gkondicion\u00e1l\u00f3, ami m\u00e1r sok-sok \u00e9ve kellemesebb\u00e9 teszi az utaz\u00e1st. A\nleg\u00fajabb szerkezetek leveg\u0151t is tiszt\u00edtanak, p\u00e1r\u00e1s\u00edtanak, \u00e9s utasonk\u00e9nt k\u00fcl\u00f6n\nz\u00f3n\u00e1t temper\u00e1lnak.<\/p>\n\n\n\n<h3 class=\"wp-block-heading\">ACC<\/h3>\n\n\n\n<p>Adaptive\nCruise Control. Olyan sebess\u00e9gtart\u00f3 automatika, vagy m\u00e1s n\u00e9ven tempomat, amely\na mi aut\u00f3nk el\u0151re be\u00e1ll\u00edtott sebess\u00e9g\u00e9t sz\u00fcks\u00e9g eset\u00e9n az el\u0151tt\u00fcnk halad\u00f3hoz\nigaz\u00edtja. M\u00e1r l\u00e9teznek olyan intelligens megold\u00e1sok, amelyek a szomsz\u00e9d s\u00e1vokat\nis figyelik.<\/p>\n\n\n\n<h3 class=\"wp-block-heading\">AWD<\/h3>\n\n\n\n<p>All Wheel\nDrive, \u00f6sszker\u00e9khajt\u00e1s. Legyen sz\u00f3 ak\u00e1r hagyom\u00e1nyos limuzinr\u00f3l vagy terepj\u00e1r\u00f3r\u00f3l,\nkarossz\u00e9riat\u00edpust\u00f3l f\u00fcggetlen\u00fcl minden olyan aut\u00f3ra haszn\u00e1lj\u00e1k a kifejez\u00e9st,\nahol a motor az els\u0151 \u00e9s a h\u00e1ts\u00f3 kerekeket is hajtja. Van olyan rendszer,\namelyik csak sz\u00fcks\u00e9g eset\u00e9n mozgatja mind a n\u00e9gy kereket, \u00e9s van olyan, amelyik\n\u00e1lland\u00f3an.<\/p>\n\n\n\n<h3 class=\"wp-block-heading\">CVT<\/h3>\n\n\n\n<p>Continuously\nVariable Transmission, avagy fokozatmentes (nyomat\u00e9k)v\u00e1lt\u00f3. A rendszer l\u00e9nyeg\u00e9ben\negy automatikus v\u00e1lt\u00f3t takar, amely nem kapcsolgat a fokozatok k\u00f6z\u00f6tt, hanem\nfolyamatosan m\u00f3dos\u00edtja az \u00e1tt\u00e9telez\u00e9st. Sz\u00f3val nincs egy picike b\u00f3lint\u00e1s sem,\naz ilyen aut\u00f3 egyenletesen siklik az \u00faton.<\/p>\n\n\n\n<h3 class=\"wp-block-heading\">DCT<\/h3>\n\n\n\n<p>Dual Clutch\nTransmission, m\u00e1s n\u00e9ven dupla kuplungos v\u00e1lt\u00f3. Szint\u00e9n egy modern automatikus\nv\u00e1lt\u00f3t takar, itt megvannak a sebess\u00e9gfokozatok, csak sokkal gyorsabban v\u00e1lt\nk\u00f6z\u00f6tt\u00fck a rendszer, mert a m\u00e1sodik kuplungt\u00e1rcsa intuit\u00edv m\u00f3don m\u00e1r\nel\u0151k\u00e9sz\u00edtve v\u00e1rja menet k\u00f6zben a fokozatv\u00e1lt\u00e1st.<\/p>\n\n\n\n<h3 class=\"wp-block-heading\">ESP<\/h3>\n\n\n\n<p>Electronic\nStability Program, magyarul menetstabiliz\u00e1l\u00f3 elektronika. Kanyarban korrig\u00e1lja\naz aut\u00f3 viselked\u00e9s\u00e9t, ha az orra vagy a fara ki akarna t\u00f6rni. Ehhez a vez\u00e9rl\u0151\nelektronika a motor fordulatsz\u00e1m\u00e1t \u00e9s a f\u00e9keket szab\u00e1lyozza a m\u00e1sodperc t\u00f6rtr\u00e9sze\nalatt.<\/p>\n\n\n\n<h3 class=\"wp-block-heading\">FAP<\/h3>\n\n\n\n<p>R\u00e9szecskesz\u0171r\u0151,\na Filtre \u00e0 Particules r\u00f6vid\u00edt\u00e9se. A high-tech d\u00edzelmotorokn\u00e1l pr\u00f3b\u00e1lj\u00e1k\nminimaliz\u00e1lni az e-misszi\u00f3t, azaz a k\u00e1rosanyag-kibocs\u00e1t\u00e1st. Ez a sz\u0171r\u0151 a kipufog\u00f3g\u00e1zban\ntal\u00e1lhat\u00f3 koromr\u00e9szecsk\u00e9ket hat\u00e1stalan\u00edtja. A rendszernek nem nagy bar\u00e1tja a\nr\u00f6vidt\u00e1v\u00fa v\u00e1rosi aut\u00f3z\u00e1s, mert hat\u00e9konyabban m\u0171k\u00f6dik tart\u00f3san \u00fczemmeleg\nmotorn\u00e1l \u00e9s magasabb fordulatsz\u00e1mon.<\/p>\n\n\n\n<h3 class=\"wp-block-heading\">HUD<\/h3>\n\n\n\n<p>Head-Up\nDisplay, vagyis a vezet\u0151 el\u00e9 vet\u00edtett m\u0171szerfal. Nagyon komfortos \u00e9s\nbiztons\u00e1gos funkci\u00f3, hiszen a vezet\u0151nek nem kell levennie a tekintet\u00e9t az\n\u00fatr\u00f3l, folyamatosan a forgalomra figyelhet, \u00e9s l\u00e1tja maga el\u0151tt a legfontosabb menetinf\u00f3kat.\nA navig\u00e1l\u00e1s k\u00f6zben k\u00fcl\u00f6n\u00f6sen nagy seg\u00edts\u00e9get jelent.<\/p>\n\n\n\n<h3 class=\"wp-block-heading\">Infotainment<\/h3>\n\n\n\n<p>A fed\u00e9lzeti\ninform\u00e1ci\u00f3kat ny\u00fajt\u00f3 \u00e9s a sz\u00f3rakoztat\u00f3 rendszerek f\u00fazi\u00f3j\u00e1b\u00f3l j\u00f6ttek l\u00e9tre az\ninfotainment rendszerek. Manaps\u00e1g internetkapcsolattal, okostelefon-t\u00fckr\u00f6z\u00e9ssel,\ngesztusvez\u00e9rl\u00e9ssel \u00e9s hangutas\u00edt\u00e1sokkal is m\u0171k\u00f6dnek, \u00e9s teljes multim\u00e9di\u00e1s\nkompatibilit\u00e1st ny\u00fajtanak.<\/p>\n\n\n\n<h3 class=\"wp-block-heading\">Plug-In\nHibrid<\/h3>\n\n\n\n<p>Hibrid\nhajt\u00e1sn\u00e1l egy vagy t\u00f6bb elektromotor seg\u00edti a benzines vagy d\u00edzel er\u0151forr\u00e1s\nmunk\u00e1j\u00e1t. Az elektromotor k\u00fcl\u00f6n akkumul\u00e1torokb\u00f3l t\u00e1pl\u00e1lkozik, ezeket f\u00e9kez\u00e9skor,\nlass\u00edt\u00e1skor gener\u00e1tor t\u00f6lti. A plug-in verzi\u00f3kat konnektorb\u00f3l is lehet \u201etankolni\u201d,\n\u00edgy ezeknek a hibrideknek \u00e1ltal\u00e1ban nagyobb a teljes\u00edtm\u00e9nye \u00e9s a kapacit\u00e1sa.<\/p>\n\n\n\n<figure class=\"wp-block-image\"><img fetchpriority=\"high\" decoding=\"async\" width=\"1280\" height=\"853\" src=\"https:\/\/gumi.hu\/blog\/wp-content\/uploads\/2019\/09\/muszerfal-autozas.jpg\" alt=\"\" class=\"wp-image-5956\" title=\"\"><figcaption><em> Fot\u00f3:\u00a0<\/em><strong><a href=\"https:\/\/www.pexels.com\/@adrien-olichon-1257089?utm_content=attributionCopyText&amp;utm_medium=referral&amp;utm_source=pexels\" rel=\"nofollow noopener\" target=\"_blank\"><em>Adrien Olichon\u00a0<\/em><\/a><\/strong><em>from\u00a0<\/em><strong><a href=\"https:\/\/www.pexels.com\/photo\/photo-of-man-driving-a-convertible-vehicle-2537607\/?utm_content=attributionCopyText&amp;utm_medium=referral&amp;utm_source=pexels\" rel=\"nofollow noopener\" target=\"_blank\"><em>Pexels<\/em><\/a><\/strong><em> <\/em><\/figcaption><\/figure>\n\n\n\n<h3 class=\"wp-block-heading\">Isofix<\/h3>\n\n\n\n<p>Szabv\u00e1nyos\u00edtott\ncsatlakoz\u00f3k a babahordoz\u00f3k \u00e9s a gyerek\u00fcl\u00e9sek gyors \u00e9s biztons\u00e1gos r\u00f6gz\u00edt\u00e9s\u00e9re,\nk\u00f6zvetlen\u00fcl a karossz\u00e9ri\u00e1hoz. \u00cdgy kik\u00fcsz\u00f6b\u00f6lhet\u0151k a g\u00e9pkocsi biztons\u00e1gi \u00f6v\u00e9nek\nhaszn\u00e1lat\u00e1b\u00f3l ered\u0151 hib\u00e1k.<\/p>\n\n\n\n<h3 class=\"wp-block-heading\">LED<\/h3>\n\n\n\n<p>Light-Emitting\nDiode. Ugyan\u00fagy, mint a konyh\u00e1ban a kis energiaig\u00e9ny\u0171, de nagy f\u00e9nyerej\u0171,\n\u00fagynevezett f\u00e9nydi\u00f3d\u00e1s vil\u00e1g\u00edt\u00e1st jelenti. Aut\u00f3kn\u00e1l el\u0151nye, hogy j\u00f3t\u00e9kony\nhat\u00e1ssal van az \u00fczemanyag-fogyaszt\u00e1sra, \u00e9s apr\u00f3 t\u00fckr\u00f6k seg\u00edts\u00e9g\u00e9vel nagyon\nprec\u00edzen szab\u00e1lyozhat\u00f3 a f\u00e9nynyal\u00e1b. \u00cdgy mindent j\u00f3l l\u00e1thatunk, de nem vak\u00edtunk\nel senkit.<\/p>\n\n\n\n<h3 class=\"wp-block-heading\">Start-Stop\nRendszer<\/h3>\n\n\n\n<p>Amikor azt\n\u00e9rz\u00e9keli az aut\u00f3nk, hogy bizonyos ideig egyhelyben fogunk \u00e1llni, pl. piros\nl\u00e1mp\u00e1n\u00e1l, akkor automatikusan le\u00e1ll\u00edtja a motort, ezzel k\u00edm\u00e9lve a k\u00f6rnyezetet\n\u00e9s a p\u00e9nzt\u00e1rc\u00e1nkat. Amint benyomjuk a kuplungped\u00e1lt, m\u00e1r j\u00e1r is \u00fajra a motor,\n\u00edgy k\u00e9sleked\u00e9s n\u00e9lk\u00fcl indulhatunk tov\u00e1bb.<\/p>\n\n\n\n<h3 class=\"wp-block-heading\">SUV<\/h3>\n\n\n\n<p>Sport Utility Vehicle, magyarosan szabadid\u0151aut\u00f3. Kor\u00e1bban l\u00e9teztek a robusztus \u00e9s purit\u00e1n terepj\u00e1r\u00f3k, illetve a komfortos utcai aut\u00f3k. A SUV-ok a k\u00e9t kateg\u00f3ria el\u0151nyeit egyes\u00edtik, azaz magasabbak, massz\u00edvabbak, strapab\u00edr\u00f3bbak a norm\u00e1l aut\u00f3kn\u00e1l, de azok k\u00e9nyelm\u00e9t ny\u00fajtj\u00e1k. Igaz\u00e1b\u00f3l ritk\u00e1n t\u00e9rnek le az aszfaltos \u00fatr\u00f3l, de a tulajdonosuknak fontos a tudat, hogy ezt b\u00e1rmikor nyugodtan megtehetn\u00e9k.<\/p>\n\n\n\n<p><em>Bor\u00edt\u00f3k\u00e9p<\/em>: <em><a href=\"https:\/\/www.pexels.com\/@markusspiske?utm_content=attributionCopyText&amp;utm_medium=referral&amp;utm_source=pexels\" rel=\"nofollow noopener\" target=\"_blank\">Markus Spiske temporausch.com\u00a0<\/a>from\u00a0<\/em><a href=\"https:\/\/www.pexels.com\/photo\/brown-vehicle-interior-2956141\/?utm_content=attributionCopyText&amp;utm_medium=referral&amp;utm_source=pexels\" rel=\"nofollow noopener\" target=\"_blank\"><em>Pexels<\/em><\/a><\/p>\n","protected":false},"excerpt":{"rendered":"<p>Nap mint nap tal\u00e1lkozunk aut\u00f3-mechanikai k\u00f3dokkal, de nem \u00e1rt azt is tudni, milyen funkci\u00f3 \u00e1ll a bet\u0171szavak m\u00f6g\u00f6tt. \u00d6sszegy\u0171jt\u00f6tt\u00fck a leggyakoribb elnevez\u00e9seket, mozaikszavakat, \u00e9s di\u00f3h\u00e9jban elmagyar\u00e1zzuk a l\u00e9nyeg\u00fcket is. A r\u00f6vid\u00edt\u00e9sek \u00e1ltal\u00e1ban az angol terminol\u00f3gi\u00e1ban haszn\u00e1lt kifejez\u00e9sb\u0151l \u00e1llnak \u00f6ssze, ahol \u00edgy van, ott mutatjuk a teljes nevet is.<\/p>\n","protected":false},"author":2,"featured_media":5957,"comment_status":"open","ping_status":"open","sticky":false,"template":"","format":"standard","meta":{"footnotes":""},"categories":[1205,1185],"tags":[560,559],"class_list":["post-5954","post","type-post","status-publish","format-standard","has-post-thumbnail","hentry","category-autoszerviz-3","category-tudastar","tag-autos-roviditesek","tag-muszerfal"],"_links":{"self":[{"href":"https:\/\/gumi.hu\/blog\/wp-json\/wp\/v2\/posts\/5954","targetHints":{"allow":["GET"]}}],"collection":[{"href":"https:\/\/gumi.hu\/blog\/wp-json\/wp\/v2\/posts"}],"about":[{"href":"https:\/\/gumi.hu\/blog\/wp-json\/wp\/v2\/types\/post"}],"author":[{"embeddable":true,"href":"https:\/\/gumi.hu\/blog\/wp-json\/wp\/v2\/users\/2"}],"replies":[{"embeddable":true,"href":"https:\/\/gumi.hu\/blog\/wp-json\/wp\/v2\/comments?post=5954"}],"version-history":[{"count":2,"href":"https:\/\/gumi.hu\/blog\/wp-json\/wp\/v2\/posts\/5954\/revisions"}],"predecessor-version":[{"id":5958,"href":"https:\/\/gumi.hu\/blog\/wp-json\/wp\/v2\/posts\/5954\/revisions\/5958"}],"wp:featuredmedia":[{"embeddable":true,"href":"https:\/\/gumi.hu\/blog\/wp-json\/wp\/v2\/media\/5957"}],"wp:attachment":[{"href":"https:\/\/gumi.hu\/blog\/wp-json\/wp\/v2\/media?parent=5954"}],"wp:term":[{"taxonomy":"category","embeddable":true,"href":"https:\/\/gumi.hu\/blog\/wp-json\/wp\/v2\/categories?post=5954"},{"taxonomy":"post_tag","embeddable":true,"href":"https:\/\/gumi.hu\/blog\/wp-json\/wp\/v2\/tags?post=5954"}],"curies":[{"name":"wp","href":"https:\/\/api.w.org\/{rel}","templated":true}]}}