{"id":6051,"date":"2019-11-28T17:19:11","date_gmt":"2019-11-28T15:19:11","guid":{"rendered":"https:\/\/gumi.hu\/blog\/?p=6051"},"modified":"2026-08-25T13:57:15","modified_gmt":"2026-08-25T11:57:15","slug":"kutyaelet-az-autoban","status":"publish","type":"post","link":"https:\/\/gumi.hu\/blog\/kutyaelet-az-autoban\/","title":{"rendered":"Kutya\u00e9let az aut\u00f3ban"},"content":{"rendered":"\n<h1 class=\"wp-block-heading\">Biztons\u00e1gos aut\u00f3z\u00e1s kuty\u00e1val<\/h1>\n\n\n\n<p><strong>Sokak sz\u00e1m\u00e1ra term\u00e9szetes, hogy \u00e9let\u00fcket h\u00e1zi\u00e1llattal osztj\u00e1k meg. A kis kedvenc csal\u00e1dtagnak sz\u00e1m\u00edt, \u00edgy az is term\u00e9szetes, hogy utaz\u00e1sn\u00e1l \u0151 is helyet&nbsp;kap az aut\u00f3ban. Nem mindegy azonban, hogy milyen k\u00f6r\u00fclm\u00e9nyek k\u00f6z\u00f6tt.&nbsp;<\/strong><\/p>\n\n\n\n<!--more-->\n\n\n\n<p>A&nbsp;gyerek\u00fcl\u00e9s ma m\u00e1r term\u00e9szetes&nbsp;tartoz\u00e9ka az aut\u00f3nak, \u00e1m sok esetben&nbsp;a h\u00e1zi kedvenc abban nem megfelel\u0151&nbsp;k\u00f6r\u00fclm\u00e9nyek k\u00f6z\u00f6tt utazik; <strong>ne csup\u00e1n&nbsp;a k\u00e9nyelmes, hanem a biztons\u00e1gos \u00e9s&nbsp;praktikus elhelyez\u00e9sre is gondoljunk<\/strong>.&nbsp;B\u00e1r&nbsp;a KRESZ nem rendelkezik konkr\u00e9tan a h\u00e1zi\u00e1llatok utaz\u00e1si k\u00f6r\u00fclm\u00e9nyeir\u0151l,&nbsp;mivel rakom\u00e1nynak sz\u00e1m\u00edtanak,&nbsp;konkr\u00e9t el\u0151\u00edr\u00e1sok vonatkoznak erre&nbsp;az esetre is.&nbsp;<\/p>\n\n\n\n<p>\u00dagy kell elhelyezni a kis sz\u0151r\u00f6s \u00fatit\u00e1rsat, hogy \u201ea\u202fk\u00f6zleked\u00e9s biztons\u00e1g\u00e1t, valamint a szem\u00e9ly- \u00e9s vagyonbiztons\u00e1got ne&nbsp;vesz\u00e9lyeztesse\u201d.&nbsp;<\/p>\n\n\n\n<h2 class=\"wp-block-heading\">Mire is gondolnak&nbsp;a szab\u00e1lyalkot\u00f3k?<\/h2>\n\n\n\n<p>Gondoskodni kell&nbsp;az al\u00e1bbiakr\u00f3l:&nbsp;<\/p>\n\n\n\n<ul class=\"wp-block-list\">\n<li>\u201ea\u00a0j\u00e1rm\u0171 vezet\u0151j\u00e9t a szabad kil\u00e1t\u00e1sban \u00e9s a vezet\u00e9sben, a forgalom t\u00f6bbi r\u00e9sztvev\u0151j\u00e9t pedig a j\u00e1rm\u0171 f\u00e9nyjelz\u0151 berendez\u00e9seinek \u00e9szlel\u00e9s\u00e9ben ne akad\u00e1lyozza;\u00a0\u00a0<\/li>\n\n\n\n<li>a j\u00e1rm\u0171\u00a0ajtajainak, illet\u0151leg a rakfel\u00fclet oldalfalainak\u00a0lez\u00e1r\u00e1s\u00e1t ne g\u00e1tolja;\u00a0<\/li>\n\n\n\n<li>\u00fagy legyen elhelyezve, hogy a j\u00e1rm\u0171 stabilit\u00e1s\u00e1t\u00a0sz\u00e1mottev\u0151en ne rontsa;\u00a0\u00a0<\/li>\n\n\n\n<li>\u00fagy legyen r\u00f6gz\u00edtve, hogy\u00a0el ne cs\u00fassz\u00e9k, le ne ess\u00e9k;\u00a0<\/li>\n\n\n\n<li>az elker\u00fclhetetlenn\u00e9l\u00a0nagyobb zajt ne okozzon\u2026\u201d\u00a0<\/li>\n<\/ul>\n\n\n\n<p>Vagyis&nbsp;<strong>a h\u00e1zi\u00e1llatnak \u00fagy aj\u00e1nlott helyet tal\u00e1lni az aut\u00f3ban, hogy ne vesz\u00e9lyeztesse&nbsp;a saj\u00e1t, illetve a benne \u00fcl\u0151k&nbsp;testi \u00e9ps\u00e9g\u00e9t.<\/strong> Egy balesetn\u00e9l vagy&nbsp;hirtelen f\u00e9kez\u00e9sn\u00e9l m\u00e1r egy r\u00f6gz\u00edt\u00e9s&nbsp;n\u00e9lk\u00fcl&nbsp;utaz\u00f3 kistest\u0171 kutya is s\u00falyos&nbsp;s\u00e9r\u00fcl\u00e9seket szenvedhet \u00e9s okozhat,&nbsp;ez\u00e9rt \u00e9rdemes megfontolni, hogy z\u00e1rt,&nbsp;de j\u00f3l szell\u0151z\u0151, praktikusan r\u00e1csos&nbsp;kennelben utazzon a n\u00e9gyl\u00e1b\u00fa. <\/p>\n\n\n\n<p>Ha&nbsp;nincs&nbsp;hely egy massz\u00edv \u00e9s megfelel\u0151&nbsp;m\u00e9ret\u0171 kennel sz\u00e1m\u00e1ra, akkor mindenk\u00e9ppen \u00e9rdemes beszerezni egy&nbsp;biztons\u00e1gi\u00f6v-csattal ell\u00e1tott, \u00e1ll\u00edthat\u00f3&nbsp;hossz\u00fas\u00e1g\u00fa p\u00e1ntot, amely b\u00e1rmelyik&nbsp;h\u00e1ts\u00f3&nbsp;\u00f6v bek\u00f6t\u00e9si pontj\u00e1hoz r\u00f6gz\u00edthet\u0151. Ennek az az el\u0151nye, hogy <strong>a kutya&nbsp;bizonyos hat\u00e1rok k\u00f6z\u00f6tt szabadabban&nbsp;mozoghat, \u00fclhet, fekhet<\/strong>, valamint \u2013 szemben p\u00e9ld\u00e1ul a fejt\u00e1ml\u00e1hoz r\u00f6gz\u00edtett&nbsp;p\u00f3r\u00e1zzal \u2013 a csat nem old\u00f3dik ki&nbsp;mag\u00e1t\u00f3l, \u00e9s ajt\u00f3nyit\u00e1sn\u00e1l nem engedi,&nbsp;hogy&nbsp;a kutya azonnal felfedez\u0151\u00fatra&nbsp;induljon. <\/p>\n\n\n\n<p>Macsk\u00e1kat \u00e9s kistest\u0171 \u00e1llatokat sz\u00e1ll\u00edt\u00f3dobozban \u00e9s a dobozt kik\u00f6tve&nbsp;\u00e9rdemes aut\u00f3ztatni, \u0151k ugyanis&nbsp;\u00e9rz\u00e9kenyebbek a zajokra, \u00edgy ha megriadnak, magukban \u00e9s a t\u00f6bbi utasban&nbsp;is k\u00e1rt tehetnek.&nbsp;&nbsp;<\/p>\n\n\n\n<blockquote class=\"wp-block-quote is-layout-flow wp-block-quote-is-layout-flow\">\n<p>A legfontosabb azonban, hogy h\u00e1zi\u00e1llatainkat soha nem szabad magukra\u00a0hagyni az aut\u00f3ban. <\/p>\n<\/blockquote>\n\n\n\n<p>Nem csup\u00e1n ny\u00e1ron, de <strong>tavasszal&nbsp;\u00e9s \u0151sszel is r\u00f6vid id\u0151&nbsp;alatt felforr\u00f3sodik, m\u00edg t\u00e9len gyorsan&nbsp;kih\u0171l az&nbsp;utast\u00e9r<\/strong>, a kuty\u00e1k \u00e9s a macsk\u00e1k&nbsp;h\u0151h\u00e1ztart\u00e1rs\u00e1nak&nbsp;pedig sokkal kisebb&nbsp;a t\u0171r\u00e9shat\u00e1ra, mint az ember\u00e9. <strong>Sz\u00e1ll\u00edt\u00e1s k\u00f6zben gondoskodni kell a megfelel\u0151 \u00e1rny\u00e9kol\u00e1sr\u00f3l, a folyamatos&nbsp;leveg\u0151ut\u00e1np\u00f3tl\u00e1sr\u00f3l, \u00e9s az iv\u00f3v\u00edzr\u0151l<\/strong> sem&nbsp;szabad megfeledkezni.&nbsp;<\/p>\n","protected":false},"excerpt":{"rendered":"<p>Biztons\u00e1gos aut\u00f3z\u00e1s kuty\u00e1val Sokak sz\u00e1m\u00e1ra term\u00e9szetes, hogy \u00e9let\u00fcket h\u00e1zi\u00e1llattal osztj\u00e1k meg. A kis kedvenc csal\u00e1dtagnak sz\u00e1m\u00edt, \u00edgy az is term\u00e9szetes, hogy utaz\u00e1sn\u00e1l \u0151 is helyet&nbsp;kap az aut\u00f3ban. Nem mindegy azonban, hogy milyen k\u00f6r\u00fclm\u00e9nyek k\u00f6z\u00f6tt.&nbsp;<\/p>\n","protected":false},"author":17,"featured_media":6052,"comment_status":"open","ping_status":"open","sticky":false,"template":"","format":"standard","meta":{"footnotes":""},"categories":[985],"tags":[561,540,595,594],"class_list":["post-6051","post","type-post","status-publish","format-standard","has-post-thumbnail","hentry","category-erdekesseg-gumiabroncs","tag-autos-biztonsag","tag-biztonsag","tag-haziallat","tag-kutya"],"_links":{"self":[{"href":"https:\/\/gumi.hu\/blog\/wp-json\/wp\/v2\/posts\/6051","targetHints":{"allow":["GET"]}}],"collection":[{"href":"https:\/\/gumi.hu\/blog\/wp-json\/wp\/v2\/posts"}],"about":[{"href":"https:\/\/gumi.hu\/blog\/wp-json\/wp\/v2\/types\/post"}],"author":[{"embeddable":true,"href":"https:\/\/gumi.hu\/blog\/wp-json\/wp\/v2\/users\/17"}],"replies":[{"embeddable":true,"href":"https:\/\/gumi.hu\/blog\/wp-json\/wp\/v2\/comments?post=6051"}],"version-history":[{"count":4,"href":"https:\/\/gumi.hu\/blog\/wp-json\/wp\/v2\/posts\/6051\/revisions"}],"predecessor-version":[{"id":12813,"href":"https:\/\/gumi.hu\/blog\/wp-json\/wp\/v2\/posts\/6051\/revisions\/12813"}],"wp:featuredmedia":[{"embeddable":true,"href":"https:\/\/gumi.hu\/blog\/wp-json\/wp\/v2\/media\/6052"}],"wp:attachment":[{"href":"https:\/\/gumi.hu\/blog\/wp-json\/wp\/v2\/media?parent=6051"}],"wp:term":[{"taxonomy":"category","embeddable":true,"href":"https:\/\/gumi.hu\/blog\/wp-json\/wp\/v2\/categories?post=6051"},{"taxonomy":"post_tag","embeddable":true,"href":"https:\/\/gumi.hu\/blog\/wp-json\/wp\/v2\/tags?post=6051"}],"curies":[{"name":"wp","href":"https:\/\/api.w.org\/{rel}","templated":true}]}}