{"id":6061,"date":"2019-12-07T09:16:28","date_gmt":"2019-12-07T07:16:28","guid":{"rendered":"https:\/\/gumi.hu\/blog\/?p=6061"},"modified":"2021-06-30T10:44:04","modified_gmt":"2021-06-30T08:44:04","slug":"ha-a-csomagter-mar-nem-eleg","status":"publish","type":"post","link":"https:\/\/gumi.hu\/blog\/ha-a-csomagter-mar-nem-eleg\/","title":{"rendered":"Ha a csomagt\u00e9r m\u00e1r nem el\u00e9g"},"content":{"rendered":"\n<p><strong>Nyaral\u00e1s, s\u00edel\u00e9s \u2013 mindkett\u0151re egy\u00fctt kerekedik fel a csal\u00e1d, az \u00e1tlagosn\u00e1l\u00a0jelent\u0151sen t\u00f6bb poggy\u00e1sszal. M\u00e1r csak\u00a0a mennyis\u00e9g miatt sem f\u00e9r be\u00a0minden a csomagtart\u00f3ba, de vannak darabok\u00a0\u2013 p\u00e9ld\u00e1ul a s\u00edl\u00e9c \u2013, amelyek\u00a0a m\u00e9ret\u00fck miatt sem. A megold\u00e1s egy\u00a0tet\u0151box\u00a0felszerel\u00e9se lehet.\u00a0<\/strong><\/p>\n\n\n\n<p>Egy\u00a0tet\u0151box\u00a0bevizsg\u00e1l\u00e1sa sor\u00e1n ellen\u0151rzik a r\u00f6gz\u00edt\u00e9si pontok er\u0151ss\u00e9g\u00e9t, kialak\u00edt\u00e1s\u00e1t, illetve magukat a r\u00f6gz\u00edt\u00e9shez haszn\u00e1land\u00f3 alkatr\u00e9szeket. Vizsg\u00e1lj\u00e1k\u00a0tov\u00e1bb\u00e1 az eg\u00e9sz egys\u00e9g form\u00e1j\u00e1t l\u00e9gellen\u00e1ll\u00e1s szempontj\u00e1b\u00f3l, k\u00fcl\u00f6n a\u00a0box\u00a0als\u00f3- \u00e9s fels\u0151 r\u00e9sz\u00e9nek (h\u00e9j\u00e1nak) merevs\u00e9g\u00e9t \u00e9s a z\u00e1rakat. <\/p>\n\n\n\n<p>Ha\u00a0minden\u00a0r\u00e9szlet a vonatkoz\u00f3 m\u00e9r\u00e9si standardoknak megfelel\u0151en teljes\u00edt, akkor kaphat egy ilyen eszk\u00f6z min\u0151s\u00e9gi\u00a0tan\u00fas\u00edtv\u00e1nyt. Egyszer\u0171nek t\u0171n\u0151 szerkezet egy\u00a0tet\u0151box, m\u00e9gis <strong>kiemelten fontos a\u202fmin\u0151s\u00e9gi darab v\u00e1laszt\u00e1sa, mert a haszn\u00e1lata \u00edgy lesz hosszabb t\u00e1von is biztons\u00e1gos, probl\u00e9mamentes<\/strong>.\u00a0<\/p>\n\n\n\n<p>A benne l\u00e9v\u0151 holmi nincs kit\u00e9ve az id\u0151j\u00e1r\u00e1snak \u00e9s\u00a0fosztogat\u00e1snak, csak minim\u00e1lis\u00a0m\u00e9rt\u00e9kben rontja a kocsi aerodinamik\u00e1j\u00e1t,\u00a0\u00e9s ez\u00e1ltal a\u00a0fogyaszt\u00e1s\u00e1t. Tov\u00e1bbi el\u0151nye,\u00a0hogy sokkal kev\u00e9sb\u00e9 k\u00e9nyes, mint az\u00a0utast\u00e9r k\u00e1rpitja, b\u00e1rmilyen kosz, nedvess\u00e9g, folt\u00a0k\u00f6nnyen kit\u00f6r\u00f6lhet\u0151, kimoshat\u00f3\u00a0a\u202ftet\u0151boxb\u00f3l.<\/p>\n\n\n\n<p> \u00c1m gondolni kell arra, hogy\u00a0mivel az\u00a0\u00faj kieg\u00e9sz\u00edt\u0151 az aut\u00f3 r\u00e9sz\u00e9v\u00e9\u00a0v\u00e1lik, megfelel\u0151 m\u0171szaki \u00e9s biztons\u00e1gi\u00a0sz\u00ednvonalat kell k\u00e9pviselnie. <strong>\u00dctk\u00f6z\u00e9skor\u00a0p\u00e9ld\u00e1ul nem szakadhat le \u00e9s rep\u00fclhet el,\u00a0tov\u00e1bbi s\u00e9r\u00fcl\u00e9seket, k\u00e1rokat okozva<\/strong>. Ez\u00e9rt\u00a0csak\u00a0megb\u00edzhat\u00f3 gy\u00e1rt\u00f3t\u00f3l sz\u00e1rmaz\u00f3,\u00a0min\u0151s\u00e9gi \u00e9s megfelel\u0151s\u00e9gi teszten\u00a0\u00e1tment \u00e9s ezt tan\u00fas\u00edt\u00f3 bizony\u00edtv\u00e1nnyal\u00a0(p\u00e9ld\u00e1ul <a rel=\"noreferrer noopener nofollow\" aria-label=\"T\u00dcV (opens in a new tab)\" href=\"https:\/\/www.tuv.com\/hungary\/en\/\" target=\"_blank\"><strong>T\u00dcV<\/strong><\/a> t\u00edpusbizony\u00edtv\u00e1ny) ell\u00e1tott\u00a0t\u00edpust aj\u00e1nlatos alkalmazni.\u00a0\u00a0<\/p>\n\n\n\n<p>Bizonyos m\u00e9rt\u00e9kig mind egy kaptaf\u00e1ra\u00a0val\u00f3: \u00e1ramvonalas m\u0171anyag doboz,\u00a0amely univerz\u00e1lis adapterekkel b\u00e1rmilyen\u00a0tet\u0151s\u00ednre vagy tet\u0151csomagtart\u00f3-alapra\u00a0felszerelhet\u0151 \u00e9s z\u00e1rhat\u00f3. Van, amelyiket\u00a0mindk\u00e9t oldal fel\u00e9 nyitni lehet. T\u00f6bbf\u00e9le m\u00e9retben \u00e1llnak rendelkez\u00e9sre,\u00a0a\u202fnagyobbakba (n\u00e9melyik megk\u00f6zel\u00edti\u00a0a\u202f700 literes\u00a0t\u00e9rfogatot, ami el\u00e9ri sok aut\u00f3\u00a0poggy\u00e1sztart\u00f3j\u00e1nak m\u00e9ret\u00e9t) az \u00e1tlagosn\u00e1l hosszabb sporteszk\u00f6z, babakocsi\u00a0vagy t\u00f6bb \u00fatit\u00e1ska is elf\u00e9r. <\/p>\n\n\n\n<p>Sz\u00e1m\u00edt a doboz\u00a0form\u00e1ja,\u00a0bels\u0151 kialak\u00edt\u00e1sa is: nem mindegyikbe lehet s\u00edl\u00e9cet, h\u00f3deszk\u00e1t tenni \u2013\u00a0<strong>minden\u00a0s\u00edbox\u00a0tet\u0151box, de nem minden\u00a0tet\u0151box\u00a0s\u00edbox<\/strong>! Persze van itt egy\u00a0dilemma: min\u00e9l kisebb az aut\u00f3, ann\u00e1l\u00a0nagyobb\u00a0tet\u0151box\u00a0kellhet, amely m\u00e1r j\u00f3csk\u00e1n feljebb viszi a s\u00falypontot, nagy fel\u00fcletet ad az oldalsz\u00e9lnek, h\u00e1tr\u00e1nyosan\u00a0befoly\u00e1solhatja a stabilit\u00e1st. Arra is \u00fcgyelj\u00fcnk, hogy az \u00f6tajt\u00f3sok \u00e9s kombik h\u00e1ts\u00f3\u00a0ajtaj\u00e1nak teljes felnyit\u00e1s\u00e1t nem akad\u00e1lyozza-e\u00a0a plusz elem. J\u00f3 kompromisszumot kell tal\u00e1lni.\u00a0<\/p>\n\n\n\n<p>Mik\u00e9nt az anyagiakkal is. A\u00a0tet\u0151boxok\u00a0\u00e1ra,\u00a0m\u00e9rett\u0151l \u00e9s\u00a0m\u00e1rk\u00e1t\u00f3l f\u00fcgg\u0151en, el\u00e9g sz\u00e9les\u00a0hat\u00e1rok k\u00f6z\u00f6tt mozog, kaphat\u00f3 m\u00e1r\u00a030\u202fezer forint k\u00f6r\u00fcl, de a n\u00e9gyszeres\u00e9\u00e9rt\u00a0is. Nem mindegy, hogy az \u00e1rban benne van-e a felszerel\u00e9s d\u00edja, vagy sem. Sz\u00e1m\u00edt a diz\u00e1jn \u00e9s a sz\u00edn, de fontosabb a massz\u00edv kivitel \u00e9s a min\u0151s\u00e9gi hat\u00e1s. Nyilv\u00e1n\u00a0a \u202flehet\u0151 legjobbat szeretn\u00e9 mindenki, de\u00a0aligha \u00e9ri meg ilyet v\u00e1s\u00e1rolni, ha csak ritk\u00e1n van\u00a0r\u00e1 sz\u00fcks\u00e9g, egy\u00e9bk\u00e9nt a t\u00e1rol\u00f3ban porosodik, illetve k\u00f6nnyed\u00e9n el sem\u00a0helyezhet\u0151, ha valakinek\u00a0nincs gar\u00e1zsa.\u00a0<\/p>\n\n\n\n<p>Megfontol\u00e1st \u00e9rdemel, hogy <strong>v\u00e1s\u00e1roljunk\u00a0egyet vagy\u00a0b\u00e9relj\u00fcnk<\/strong>. Igaz, az ut\u00f3bbi j\u00e1r\u00a0n\u00e9mi hercehurc\u00e1val az utaz\u00e1s el\u0151tt \u00e9s\u00a0ut\u00e1n, de a v\u00e9tel\u00e1rhoz k\u00e9pest jelent\u00e9ktelen\u00a0\u00f6sszegbe ker\u00fcl, \u00e9s a b\u00e9rbead\u00f3 c\u00e9gn\u00e9l\u00a0szakszer\u0171en fel\u00a0is szerelik. A b\u00e9rlet tarthat\u00a0egyetlen\u00a0napig vagy hosszabb ideig, \u00e9s\u00a0van olyan c\u00e9g,\u00a0amely h\u00e1zhoz is viszi, \u00e9s ott\u00a0szereli fel\u00a0a tet\u0151dobozt. Ezut\u00e1n m\u00e1r csak\u00a0be kell pakolni \u00e9s \u00fatnak indulni \u2013\u00a0sosem\u00a0elfeledkezve arr\u00f3l, hogy magasabb lett\u00a0a\u202fkocsi, nem biztos, hogy bef\u00e9r egy m\u00e9lygar\u00e1zsba vagy az otthoniba.\u00a0\u00a0<\/p>\n","protected":false},"excerpt":{"rendered":"<p>Nyaral\u00e1s, s\u00edel\u00e9s \u2013 mindkett\u0151re egy\u00fctt kerekedik fel a csal\u00e1d, az \u00e1tlagosn\u00e1l\u00a0jelent\u0151sen t\u00f6bb poggy\u00e1sszal. M\u00e1r csak\u00a0a mennyis\u00e9g miatt sem f\u00e9r be\u00a0minden a csomagtart\u00f3ba, de vannak darabok\u00a0\u2013 p\u00e9ld\u00e1ul a s\u00edl\u00e9c \u2013, amelyek\u00a0a m\u00e9ret\u00fck miatt sem. A megold\u00e1s egy\u00a0tet\u0151box\u00a0felszerel\u00e9se lehet.\u00a0 Egy\u00a0tet\u0151box\u00a0bevizsg\u00e1l\u00e1sa sor\u00e1n ellen\u0151rzik a r\u00f6gz\u00edt\u00e9si pontok er\u0151ss\u00e9g\u00e9t, kialak\u00edt\u00e1s\u00e1t, illetve magukat a r\u00f6gz\u00edt\u00e9shez haszn\u00e1land\u00f3 alkatr\u00e9szeket. Vizsg\u00e1lj\u00e1k\u00a0tov\u00e1bb\u00e1 az eg\u00e9sz egys\u00e9g<\/p>\n","protected":false},"author":2,"featured_media":6062,"comment_status":"open","ping_status":"open","sticky":false,"template":"","format":"standard","meta":{"footnotes":""},"categories":[985],"tags":[555,551,599,539],"class_list":["post-6061","post","type-post","status-publish","format-standard","has-post-thumbnail","hentry","category-erdekesseg-gumiabroncs","tag-biztonsagos-autozas","tag-csalad","tag-situra","tag-teli-gumi"],"_links":{"self":[{"href":"https:\/\/gumi.hu\/blog\/wp-json\/wp\/v2\/posts\/6061","targetHints":{"allow":["GET"]}}],"collection":[{"href":"https:\/\/gumi.hu\/blog\/wp-json\/wp\/v2\/posts"}],"about":[{"href":"https:\/\/gumi.hu\/blog\/wp-json\/wp\/v2\/types\/post"}],"author":[{"embeddable":true,"href":"https:\/\/gumi.hu\/blog\/wp-json\/wp\/v2\/users\/2"}],"replies":[{"embeddable":true,"href":"https:\/\/gumi.hu\/blog\/wp-json\/wp\/v2\/comments?post=6061"}],"version-history":[{"count":1,"href":"https:\/\/gumi.hu\/blog\/wp-json\/wp\/v2\/posts\/6061\/revisions"}],"predecessor-version":[{"id":6063,"href":"https:\/\/gumi.hu\/blog\/wp-json\/wp\/v2\/posts\/6061\/revisions\/6063"}],"wp:featuredmedia":[{"embeddable":true,"href":"https:\/\/gumi.hu\/blog\/wp-json\/wp\/v2\/media\/6062"}],"wp:attachment":[{"href":"https:\/\/gumi.hu\/blog\/wp-json\/wp\/v2\/media?parent=6061"}],"wp:term":[{"taxonomy":"category","embeddable":true,"href":"https:\/\/gumi.hu\/blog\/wp-json\/wp\/v2\/categories?post=6061"},{"taxonomy":"post_tag","embeddable":true,"href":"https:\/\/gumi.hu\/blog\/wp-json\/wp\/v2\/tags?post=6061"}],"curies":[{"name":"wp","href":"https:\/\/api.w.org\/{rel}","templated":true}]}}