{"id":6444,"date":"2020-11-13T15:36:56","date_gmt":"2020-11-13T13:36:56","guid":{"rendered":"https:\/\/gumi.hu\/blog\/?p=6444"},"modified":"2026-01-06T16:08:46","modified_gmt":"2026-01-06T14:08:46","slug":"gumiabroncs-csere-na-de-megis-hogyan","status":"publish","type":"post","link":"https:\/\/gumi.hu\/blog\/gumiabroncs-csere-na-de-megis-hogyan\/","title":{"rendered":"Gumiabroncs csere \u2013 na de m\u00e9gis hogyan?"},"content":{"rendered":"\n<p>Sz\u00e1mtalan k\u00e9rd\u00e9s fogalmaz\u00f3dhat meg az emberben a gumicsere, illetve az aut\u00f3gumik kapcs\u00e1n.<\/p>\n\n\n\n<p>Jav\u00e1ban benne vagyunk a t\u00e9li gumicsere szezonban, azaz a t\u00e9l k\u00f6zeledt\u00e9vel, ahogy az \u00e1tlagh\u0151m\u00e9rs\u00e9klet kezdi el\u00e9rni a b\u0171v\u00f6s 7 fokot, egyre t\u00f6bben cser\u00e9lik \u00e1t aut\u00f3jukon a ny\u00e1ri abroncsokat t\u00e9lire.<\/p>\n\n\n\n<p>De mi is ez a 7 fokos hat\u00e1r? Amint az \u00e1tlagh\u0151m\u00e9rs\u00e9klet megk\u00f6zel\u00edti a 7 Celsius fokot, vagy att\u00f3l alacsonyabb, \u00fagy m\u00e1r a ny\u00e1ri gumiabroncsok nem \u00e1llnak helyt megfelel\u0151en az utakon. A 7 fokot tekinthetj\u00fck j\u00f3 ir\u00e1nymutat\u00f3nak, ami minden gumiabroncsra vonatkozik. A gumi megkem\u00e9nyedik, elvesz\u00edti rugalmass\u00e1g\u00e1t, ez\u00e1ltal cs\u00f6kken a tapad\u00e1s. Ez megn\u00f6veli a f\u00e9kt\u00e1vols\u00e1got, ami \u00e9letvesz\u00e9lyes is lehet. Ez\u00e9rt kifejezetten aj\u00e1nlott \u00e1tcser\u00e9lni a ny\u00e1ri gumiabroncsokat t\u00e9lire, mivel ezeknek az abroncsoknak a mint\u00e1zata \u00e9s az \u00f6sszet\u00e9tele is arra lett kialak\u00edtva, hogy az optim\u00e1lisan helyt\u00e1lljon a hideg id\u0151ben, m\u00e9g nedves, ak\u00e1r havas utakon is.<\/p>\n\n\n\n<div class=\"wp-block-buttons aligncenter is-layout-flex wp-block-buttons-is-layout-flex\">\n<div class=\"wp-block-button\"><a class=\"wp-block-button__link has-text-color has-background no-border-radius\" href=\"https:\/\/gumi.hu\/keresesmeretszerint\/osszes\/teligumi?utm_source=blog&amp;utm_medium=link&amp;utm_campaign=gumicseretarolas\" style=\"background-color:#ffd814;color:#333333\" target=\"_blank\" rel=\"noreferrer noopener\"><strong>T\u00c9LI GUMIABRONCSOK<\/strong><\/a><\/div>\n<\/div>\n\n\n\n<p>Mindemellett \u00e9ppen ugyan\u00fagy nem tan\u00e1csos meleg id\u0151ben t\u00e9li abroncsokat haszn\u00e1lni, hi\u00e1ba \u00faj, mivel sokkal gyorsabban kopnak, mint t\u00e9li t\u00e1rsaik, sokkal hamarabb elhaszn\u00e1l\u00f3dnak, mint rendeltet\u00e9sszer\u0171 haszn\u00e1lat mellett. Ezen t\u00fal sz\u00e1raz, meleg aszfalton val\u00f3 tapad\u00e1suk is gyeng\u00e9bb, ami szint\u00e9n n\u00f6veli a f\u00e9kutat.<\/p>\n\n\n\n<p class=\"has-medium-font-size\"><strong>P\u00e1r j\u00f3 tan\u00e1cs a gumiabroncsok t\u00e1rol\u00e1s\u00e1val, min\u0151s\u00e9g\u00fck meg\u0151rz\u00e9s\u00e9vel kapcsolatban:<\/strong><\/p>\n\n\n\n<p>Fontos, hogy haszn\u00e1laton k\u00edv\u00fcli abroncsainkat megfelel\u0151 k\u00f6r\u00fclm\u00e9nyek k\u00f6z\u00f6tt t\u00e1roljuk a lehet\u0151 legtov\u00e1bb tart\u00f3 min\u0151s\u00e9g meg\u0151rz\u00e9se \u00e9rdek\u00e9ben. Mit is jelentenek a megfelel\u0151 k\u00f6r\u00fclm\u00e9nyek? Fontos, hogy nedvess\u00e9gt\u0151l, napf\u00e9nyt\u0151l, melegt\u0151l, olajokt\u00f3l, vegyszerekt\u0151l mentes k\u00f6rnyezetet biztos\u00edtsunk a t\u00e1rol\u00e1shoz. Amennyiben ilyen k\u00f6r\u00fclm\u00e9nyeket nem tudunk biztos\u00edtani, vagy nem \u00e1ll rendelkez\u00e9sre megfelel\u0151 hely, \u00fagy ig\u00e9nybe vehetj\u00fck a manaps\u00e1g elterjedt gumihotel szolg\u00e1ltat\u00e1st, melynek keret\u00e9ben a szolg\u00e1ltat\u00f3 biztos\u00edtja a k\u00f6vetkez\u0151 szezonig az abroncsok megfelel\u0151 k\u00f6r\u00fclm\u00e9nyek k\u00f6z\u00f6tt t\u00f6rt\u00e9n\u0151 t\u00e1rol\u00e1s\u00e1t.<\/p>\n\n\n\n<div class=\"wp-block-buttons aligncenter is-layout-flex wp-block-buttons-is-layout-flex\">\n<div class=\"wp-block-button\"><a class=\"wp-block-button__link has-text-color has-background no-border-radius\" href=\"https:\/\/gumi.hu\/szerviz?utm_source=blog&amp;utm_medium=link&amp;utm_campaign=gumicseretarolas\" style=\"background-color:#ffd814;color:#333333\" target=\"_blank\" rel=\"noreferrer noopener\"><strong>Foglaljon id\u0151pontot Online szervizeinkbe<\/strong><\/a><\/div>\n<\/div>\n\n\n\n<p>Fontos, hogy m\u00e9rj\u00fck a profilm\u00e9lys\u00e9get. Szem el\u0151tt kell tartanunk, hogy az aj\u00e1nlott minimum m\u00e9lys\u00e9g t\u00e9li gumiabroncsok eset\u00e9n 4, m\u00edg a ny\u00e1riak eset\u00e9n 3 mm. Amennyiben ett\u0151l kisebb a m\u00e9lys\u00e9g, az abroncs meg\u00e9rett a cser\u00e9re. A t\u00f6rv\u00e9nyileg el\u0151\u00edrt 1,6 mm m\u00e1r sok esetben nem jelent megfelel\u0151 tapad\u00e1st vagy v\u00edzelvezet\u00e9st.<\/p>\n\n\n\n<p>A tart\u00f3san nem haszn\u00e1lt abroncsok eset\u00e9ben tan\u00e1csos nedvess\u00e9gt\u0151l mentes, egyenes szakaszon hagyni az aut\u00f3t, \u00edgy k\u00edm\u00e9lj\u00fck az alv\u00e1zat \u00e9s a gumikat is. Ugyanakkor a folyamatos egyhelyben \u00e1ll\u00e1s miatt az abroncsok viszonylag kis fel\u00fclet\u00e9t \u00e9ri a nyom\u00e1s huzamosabb ideig, ez\u00e1ltal pedig deform\u00e1l\u00f3dhatnak. Tan\u00e1csos id\u0151k\u00f6z\u00f6nk\u00e9nt megmozgatni az aut\u00f3t, hogy a k\u00f6vetkez\u0151 parkol\u00e1s idej\u00e9re az abroncsnak egy m\u00e1sik fel\u00fclet\u00e9t \u00e9rje a nyom\u00e1s, \u00edgy nem alakul ki egyenetlens\u00e9g. Ilyen esetekre szokt\u00e1k m\u00e9g aj\u00e1nlani a bakol\u00e1st, teh\u00e1t a gumi al\u00e1t\u00e1maszt\u00e1s\u00e1t egy felf\u00fajhat\u00f3 gumibak seg\u00edts\u00e9g\u00e9vel. Ilyen form\u00e1ban az abroncsokat \u00e9r\u0151 nyom\u00e1s minim\u00e1lisra cs\u00f6kkenthet\u0151, \u00e9llettartamuk pedig megn\u00f6velhet\u0151.<\/p>\n\n\n\n<p>Fontos lesz\u00f6gezni, hogy a haszn\u00e1latra alkalmatlan gumiabroncs vesz\u00e9lyes hullad\u00e9knak min\u0151s\u00fcl, ez\u00e9rt annak elhelyez\u00e9s\u00e9r\u0151l gondoskodni kell. A gumiszervizek, aut\u00f3szervizek, amennyiben n\u00e1luk vessz\u00fck ig\u00e9nybe a szolg\u00e1ltat\u00e1st, gondoskodnak a leselejtezett abroncsok megfelel\u0151 elsz\u00e1ll\u00edt\u00e1s\u00e1r\u00f3l.<\/p>\n","protected":false},"excerpt":{"rendered":"<p>Sz\u00e1mtalan k\u00e9rd\u00e9s fogalmaz\u00f3dhat meg az emberben a gumicsere, illetve az aut\u00f3gumik kapcs\u00e1n. Jav\u00e1ban benne vagyunk a t\u00e9li gumicsere szezonban, azaz a t\u00e9l k\u00f6zeledt\u00e9vel, ahogy az \u00e1tlagh\u0151m\u00e9rs\u00e9klet kezdi el\u00e9rni a b\u0171v\u00f6s 7 fokot, egyre t\u00f6bben cser\u00e9lik \u00e1t aut\u00f3jukon a ny\u00e1ri abroncsokat t\u00e9lire. De mi is ez a 7 fokos hat\u00e1r? Amint az \u00e1tlagh\u0151m\u00e9rs\u00e9klet megk\u00f6zel\u00edti a 7<\/p>\n","protected":false},"author":2,"featured_media":6446,"comment_status":"open","ping_status":"open","sticky":false,"template":"","format":"standard","meta":{"footnotes":""},"categories":[1206,982,1185],"tags":[690,538,691,522,689,591,576,692,539,515],"class_list":["post-6444","post","type-post","status-publish","format-standard","has-post-thumbnail","hentry","category-gumiszerviz-2","category-teli-gumi","category-tudastar","tag-abroncs-tarolas","tag-autogumi","tag-autogumi-csere","tag-gumiabroncs","tag-gumiabroncs-tarolas","tag-gumicsere","tag-gumihotel","tag-teli-abroncs","tag-teli-gumi","tag-teli-gumiabroncs"],"_links":{"self":[{"href":"https:\/\/gumi.hu\/blog\/wp-json\/wp\/v2\/posts\/6444","targetHints":{"allow":["GET"]}}],"collection":[{"href":"https:\/\/gumi.hu\/blog\/wp-json\/wp\/v2\/posts"}],"about":[{"href":"https:\/\/gumi.hu\/blog\/wp-json\/wp\/v2\/types\/post"}],"author":[{"embeddable":true,"href":"https:\/\/gumi.hu\/blog\/wp-json\/wp\/v2\/users\/2"}],"replies":[{"embeddable":true,"href":"https:\/\/gumi.hu\/blog\/wp-json\/wp\/v2\/comments?post=6444"}],"version-history":[{"count":1,"href":"https:\/\/gumi.hu\/blog\/wp-json\/wp\/v2\/posts\/6444\/revisions"}],"predecessor-version":[{"id":6447,"href":"https:\/\/gumi.hu\/blog\/wp-json\/wp\/v2\/posts\/6444\/revisions\/6447"}],"wp:featuredmedia":[{"embeddable":true,"href":"https:\/\/gumi.hu\/blog\/wp-json\/wp\/v2\/media\/6446"}],"wp:attachment":[{"href":"https:\/\/gumi.hu\/blog\/wp-json\/wp\/v2\/media?parent=6444"}],"wp:term":[{"taxonomy":"category","embeddable":true,"href":"https:\/\/gumi.hu\/blog\/wp-json\/wp\/v2\/categories?post=6444"},{"taxonomy":"post_tag","embeddable":true,"href":"https:\/\/gumi.hu\/blog\/wp-json\/wp\/v2\/tags?post=6444"}],"curies":[{"name":"wp","href":"https:\/\/api.w.org\/{rel}","templated":true}]}}