{"id":7554,"date":"2021-09-16T14:14:33","date_gmt":"2021-09-16T12:14:33","guid":{"rendered":"https:\/\/gumi.hu\/blog\/?p=7554"},"modified":"2026-01-08T11:09:57","modified_gmt":"2026-01-08T09:09:57","slug":"faken-tire-nyero-szeria-a-terepversenyeken","status":"publish","type":"post","link":"https:\/\/gumi.hu\/blog\/faken-tire-nyero-szeria-a-terepversenyeken\/","title":{"rendered":"Falken Tire &#8211; nyer\u0151 sz\u00e9ria a terepversenyeken"},"content":{"rendered":"\n<p>A <strong><a href=\"https:\/\/gumi.hu\/autogumi\/falken-tire\/\" target=\"_blank\" rel=\"noreferrer noopener\">Falken Tires<\/a><\/strong> hat dobog\u00f3s helyet szerzett az Amsoil Champ \/ ULTRA4 vil\u00e1gbajnoki terepversenyeken a Crandon Int&#8217;l-en<\/p>\n\n\n\n<p>A helysz\u00edn t\u00f6k\u00e9letes volt a vil\u00e1gbajnoki off-road versenyekhez, ugyanis az Amsoil Champ Off-Road sorozat \u00e9s az ULTRA4 egy\u00fcttesen vettek r\u00e9szt a t\u00f6rt\u00e9nelmi Crandon International Raceway-n, hogy felejthetetlen verseny\u00e9lm\u00e9nyt biztos\u00edtsanak mindenki sz\u00e1m\u00e1ra. Ez az egy\u00fcttm\u0171k\u00f6d\u00e9s \u00f6t gy\u0151zelmet \u00e9s egy harmadik helyet jelentett Falken Team-nek.<\/p>\n\n\n\n<p>P\u00e9ntek est\u00e9t\u0151l a Falken Team pil\u00f3t\u00e1ja, Justin Hall kipip\u00e1lhat egy \u00fajabb dolgot a list\u00e1j\u00e1n. Nem csak el\u0151sz\u00f6r versenyzett Crandonnal, de \u00e1t is vette a vezet\u00e9st, \u00e9s megszerezte a gy\u0151zelmet a 4500-as ULTRA4 versenyen.<\/p>\n\n\n\n<p>\u201eEz nagyszer\u0171 gy\u0151zelem volt\u201d &#8211; mondta Hall. \u201eA Crandon az egyik olyan verseny, amin mindig is szerettem volna r\u00e9szt venni, aminek a hangulata hihetetlen\u00fcl misztikus. Nem hi\u00e1ba nevezik mindannyiuk \u201enagyapj\u00e1nak\u201d. B\u00fcszke vagyok, hogy a <strong><a href=\"https:\/\/gumi.hu\/products\/search\/keyword?query=falken%20wildpeak&amp;page=1\" target=\"_blank\" rel=\"noreferrer noopener\">Falken Wildpeak M\/T<\/a><\/strong> abroncsaim v\u00e9gig csin\u00e1lt\u00e1k a p\u00e1ly\u00e1t, kitartottak, hogy el\u0151kel\u0151 helyen v\u00e9gezzek.\u201d<\/p>\n\n\n\n<p>A h\u00e9tv\u00e9ge egyik szervez\u0151jek\u00e9nt az ULTRA4 n\u00e9gy oszt\u00e1lyb\u00f3l h\u00e1rmat egyes\u00edtett (4500, 4600 \u00e9s 4800), \u00e9s m\u00edg Hall uralta oszt\u00e1ly\u00e1t, Jon Schaefer az RPM Extreme #4688 Jeep -j\u00e9vel vette az akad\u00e1lyokat, \u00e9s \u00e1tvette a vezet\u00e9st a 4600 r\u00e9szversenyen is, ahol els\u0151 helyet szerezte meg.<\/p>\n\n\n\n<p>\u201e\u00d6r\u00f6m volt kor\u00e1bban versenyezni ezen a p\u00e1ly\u00e1n, de ez egy rendk\u00edv\u00fcli kih\u00edv\u00e1st jelent\u0151 \u00f6ssze\u00e1ll\u00edt\u00e1s volt\u201d- jegyezte meg Schaefer. \u201eA p\u00e1lya kezdett\u0151l fogva nagyon durva volt, de a <strong><a href=\"https:\/\/gumi.hu\/products\/search\/keyword?query=falken%20wildpeak&amp;page=1\" target=\"_blank\" rel=\"noreferrer noopener\">Falken Wildpeak M\/T<\/a><\/strong> abroncsaim tov\u00e1bbra is hib\u00e1tlanul teljes\u00edtettek. Siker\u00fclt, \u00e9s a dobog\u00f3 tetej\u00e9n \u00e1llunk. Nagyszer\u0171 \u00e9rz\u00e9s.\u201d<\/p>\n\n\n\n<p>\u201eEz egy t\u00f6k\u00e9letes m\u00f3dja volt az els\u0151 nap befejez\u00e9s\u00e9nek\u201d-mondta Stan Williams, a Falken terepj\u00e1r\u00f3 \u00e9s k\u00f6nny\u0171 teheraut\u00f3-motorsport-szak\u00e9rt\u0151je.<\/p>\n\n\n\n<p>A szombat sem volt m\u00e1shogy. Az Amsoil Champ terepj\u00e1r\u00f3 leg\u00e9nys\u00e9g \u00e1ltal ir\u00e1ny\u00edtott versenyek teljes \u00fctemterv\u00e9vel Cole Mamer, bebizony\u00edtotta a kor\u00e1bbi versenyeken \u00e9s bajnoki futamokon szerzett tapasztalatait. Att\u00f3l a pillanatt\u00f3l kezdve, hogy a z\u00f6ld jelz\u00e9st kaptak, Mamer 29 m\u00e1sik teheraut\u00f3 mellett h\u00fazott el \u00fagynevezett \u201esz\u00e1razf\u00f6ldi rohan\u00e1s\u201d n\u00e9ven \u00fagy, hogy h\u00e1tra sem n\u00e9zett, v\u00e9g\u00fcl pedig megszerezte az els\u0151 helyet. \u201eNyilv\u00e1nval\u00f3an el vagyok ragadtatva a csapatom mai teljes\u00edtm\u00e9ny\u00e9t\u0151l\u201d &#8211; mondta Mamer.<\/p>\n\n\n\n<p>Szombat est\u00e9re mind Hall, mind Schaefer ism\u00e9t p\u00e1ly\u00e1ra l\u00e9pett 4500, illetve 4600 oszt\u00e1lyban teheraut\u00f3j\u00e1val. Hall lend\u00fclete kiv\u00e1l\u00f3an megmaradt \u00e9s megszerezte az els\u0151 helyet.<\/p>\n\n\n\n<p>\u201eNagyon \u00f6r\u00fcl\u00f6k, hogy megtettem itt a 2400 m\u00e9rf\u00f6ldes t\u00e1vot\u201d-tette hozz\u00e1 Hall. \u201eA <strong>Wildpeak M\/T<\/strong> gumik tov\u00e1bbra is leny\u0171g\u00f6znek. Figyelembe v\u00e9ve, hogy mennyire ig\u00e9nybe vannak v\u00e9ve, folyamatosan kiv\u00e1l\u00f3an teljes\u00edtenek. Minden a hely\u00e9re ker\u00fclt, \u00e9s nagyszer\u0171en \u00e9rzem magam a k\u00e9t gy\u0151zelem megszerz\u00e9s\u00e9vel.\u201d<\/p>\n\n\n\n<p>Schaefer is er\u0151s teljes\u00edtm\u00e9nyt mutatott. B\u00e1r r\u00f6vid id\u0151re elakadt a Boulder Mountain -en, a Falken Wildpeak M\/T j\u00f3l b\u00edrta a terhel\u00e9st, \u00edgy a harmadik helyen v\u00e9gzett oszt\u00e1ly\u00e1ban.<\/p>\n\n\n\n<p>\u201eAz intenz\u00edv k\u00e9tnapos versenyek eredm\u00e9nyei fenomen\u00e1lisak voltak\u201d -mondta Douglas Fletcher, a Falken fel\u00fcgyel\u0151je. \u201eA versenyz\u0151k k\u00f6vetkezetesek voltak a teljes\u00edtm\u00e9ny\u00fckben, ak\u00e1rcsak a <strong><a href=\"https:\/\/gumi.hu\/keresesmeretszerint\/osszes\/osszes\/osszes\/teligumi\/falken\" target=\"_blank\" rel=\"noreferrer noopener\">Falken abroncsaik<\/a><\/strong>.\u201d<\/p>\n\n\n\n<p>A 3. nap pedig tov\u00e1bbi sikereket hozott a Falken csapatnak. Cole Mamer teheraut\u00f3ja r\u00f6gt\u00f6n minden versenyz\u0151t h\u00e1trahagyott a rajtn\u00e1l, vezet\u0151 poz\u00edci\u00f3ba ker\u00fclt. M\u00edg a t\u00f6bbsz\u00f6r\u00f6s balesetek \u00e9s a p\u00e1ly\u00e1val kapcsolatos figyelmeztet\u00e9sek folyamatosan vesz\u00e9lyeztett\u00e9k a verseny ir\u00e1ny\u00edt\u00e1s\u00e1t, Mamer magabiztoss\u00e1g\u00e1t nem tudt\u00e1k megt\u00f6rni, \u00e9s csapata els\u0151 hely\u00e9n v\u00e9gzett.<\/p>\n\n\n\n<p>\u201e\u0150szint\u00e9n sz\u00f3lva, ma nem lenn\u00e9k itt a csapatom \u00e9s a <strong><a href=\"https:\/\/gumi.hu\/keresesmeretszerint\/osszes\/osszes\/osszes\/teligumi\/falken\" target=\"_blank\" rel=\"noreferrer noopener\">Falken gumik<\/a><\/strong> n\u00e9lk\u00fcl\u201d &#8211; ismerte el Mamer. \u201eA Wildpeak AT3W abroncsok tov\u00e1bbra is elv\u00e9gzik a piszkos munk\u00e1t. Nagyon \u00f6r\u00fcl\u00f6k, hogy a dobog\u00f3 tetej\u00e9n fejeztem be a Red Bull vil\u00e1gbajnoks\u00e1got. J\u00f6v\u0151re feljebb l\u00e9pek az oszt\u00e1lyban, \u00e9s egy \u00faj platformra, egy \u00faj teheraut\u00f3ra fogok \u00f6sszpontos\u00edtani, ez\u00e9rt izgatottan v\u00e1rom a tov\u00e1bbiakat.\u201d<\/p>\n\n\n\n<p>Fletcher foglalta \u00f6ssze a legjobban: \u201eZseni\u00e1lis h\u00e9tv\u00e9g\u00e9t kaptunk a Falken Wildpeak csal\u00e1dt\u00f3l. Szerett\u00fcnk volna Crandonba j\u00f6nni, \u00e9s tov\u00e1bbi h\u00edrnevet szerezni magunknak a k\u00f6z\u00e9p-nyugati r\u00f6vidp\u00e1ly\u00e1s verseny r\u00e9sztvev\u0151i \u00e9s rajong\u00f3i k\u00f6zt, \u00e9s azt hiszem, ez siker\u00fclt a hat dobog\u00f3nkkal, \u00f6t els\u0151 \u00e9s egy harmadik hely\u00fcnkkel.\u201d<\/p>\n\n\n\n<figure class=\"wp-block-gallery has-nested-images columns-0 is-cropped wp-block-gallery-1 is-layout-flex wp-block-gallery-is-layout-flex\">\n<figure class=\"wp-block-image size-large\"><img fetchpriority=\"high\" decoding=\"async\" width=\"1024\" height=\"682\" data-id=\"7559\" src=\"https:\/\/gumi.hu\/blog\/wp-content\/uploads\/2021\/09\/Justin-Hall-Leading-Crandon-Championship-September-2021-1024x682.jpg\" alt=\"falken tire\" class=\"wp-image-7559\" title=\"\" srcset=\"https:\/\/gumi.hu\/blog\/wp-content\/uploads\/2021\/09\/Justin-Hall-Leading-Crandon-Championship-September-2021-1024x682.jpg 1024w, https:\/\/gumi.hu\/blog\/wp-content\/uploads\/2021\/09\/Justin-Hall-Leading-Crandon-Championship-September-2021-300x200.jpg 300w, https:\/\/gumi.hu\/blog\/wp-content\/uploads\/2021\/09\/Justin-Hall-Leading-Crandon-Championship-September-2021-768x511.jpg 768w, https:\/\/gumi.hu\/blog\/wp-content\/uploads\/2021\/09\/Justin-Hall-Leading-Crandon-Championship-September-2021-696x463.jpg 696w, https:\/\/gumi.hu\/blog\/wp-content\/uploads\/2021\/09\/Justin-Hall-Leading-Crandon-Championship-September-2021-1068x711.jpg 1068w, https:\/\/gumi.hu\/blog\/wp-content\/uploads\/2021\/09\/Justin-Hall-Leading-Crandon-Championship-September-2021-631x420.jpg 631w, https:\/\/gumi.hu\/blog\/wp-content\/uploads\/2021\/09\/Justin-Hall-Leading-Crandon-Championship-September-2021.jpg 1200w\" sizes=\"(max-width: 1024px) 100vw, 1024px\" \/><\/figure>\n\n\n\n<figure class=\"wp-block-image size-large\"><img decoding=\"async\" width=\"1000\" height=\"667\" data-id=\"7560\" src=\"https:\/\/gumi.hu\/blog\/wp-content\/uploads\/2021\/09\/Cole-Mamer-First-Place-Crandon-September-2021-1.jpg\" alt=\"falken tire\" class=\"wp-image-7560\" title=\"\" srcset=\"https:\/\/gumi.hu\/blog\/wp-content\/uploads\/2021\/09\/Cole-Mamer-First-Place-Crandon-September-2021-1.jpg 1000w, https:\/\/gumi.hu\/blog\/wp-content\/uploads\/2021\/09\/Cole-Mamer-First-Place-Crandon-September-2021-1-300x200.jpg 300w, https:\/\/gumi.hu\/blog\/wp-content\/uploads\/2021\/09\/Cole-Mamer-First-Place-Crandon-September-2021-1-768x512.jpg 768w, https:\/\/gumi.hu\/blog\/wp-content\/uploads\/2021\/09\/Cole-Mamer-First-Place-Crandon-September-2021-1-696x464.jpg 696w, https:\/\/gumi.hu\/blog\/wp-content\/uploads\/2021\/09\/Cole-Mamer-First-Place-Crandon-September-2021-1-630x420.jpg 630w\" sizes=\"(max-width: 1000px) 100vw, 1000px\" \/><\/figure>\n\n\n\n<figure class=\"wp-block-image size-large\"><img decoding=\"async\" width=\"1000\" height=\"667\" data-id=\"7561\" src=\"https:\/\/gumi.hu\/blog\/wp-content\/uploads\/2021\/09\/Jon-Schaefer-Cole-Mamer-Podiums-Crandon-Championships-September-2021-1.jpg\" alt=\"falken tire\" class=\"wp-image-7561\" title=\"\" srcset=\"https:\/\/gumi.hu\/blog\/wp-content\/uploads\/2021\/09\/Jon-Schaefer-Cole-Mamer-Podiums-Crandon-Championships-September-2021-1.jpg 1000w, https:\/\/gumi.hu\/blog\/wp-content\/uploads\/2021\/09\/Jon-Schaefer-Cole-Mamer-Podiums-Crandon-Championships-September-2021-1-300x200.jpg 300w, https:\/\/gumi.hu\/blog\/wp-content\/uploads\/2021\/09\/Jon-Schaefer-Cole-Mamer-Podiums-Crandon-Championships-September-2021-1-768x512.jpg 768w, https:\/\/gumi.hu\/blog\/wp-content\/uploads\/2021\/09\/Jon-Schaefer-Cole-Mamer-Podiums-Crandon-Championships-September-2021-1-696x464.jpg 696w, https:\/\/gumi.hu\/blog\/wp-content\/uploads\/2021\/09\/Jon-Schaefer-Cole-Mamer-Podiums-Crandon-Championships-September-2021-1-630x420.jpg 630w\" sizes=\"(max-width: 1000px) 100vw, 1000px\" \/><\/figure>\n<\/figure>\n\n\n\n<p>\u201eNyilv\u00e1nval\u00f3, hogy tov\u00e1bbra is a terepj\u00e1r\u00f3t haszn\u00e1ljuk abroncsok tesztel\u00e9s\u00e9re \u00e9s k\u00e9pess\u00e9geik kihaszn\u00e1l\u00e1s\u00e1ra, a rajong\u00f3ink el\u0151tt, majd a piacon\u201d -folytatta Fletcher. \u201eA p\u00e1ly\u00e1n mutatott teljes\u00edtm\u00e9ny\u00fcnk bizony\u00edt\u00e9k arra, hogy gumiabroncsainkat neh\u00e9z legy\u0151zni, \u00e9s k\u00e9pesek kezelni a nehezebb k\u00f6r\u00fclm\u00e9nyeket. Ehhez hozz\u00e1j\u00e1rulnak a dobog\u00f3s helyezettek \u00e9s a bajnoki versenyz\u0151k is egyar\u00e1nt. &nbsp;Rem\u00e9lj\u00fck, hogy j\u00f6v\u0151re folytathatjuk sikereinket a Champ Off-Road-on.\u201d<\/p>\n\n\n\n<p>Az utols\u00f3 ULTRA4 futamokra 2021.10.15.-\u00e9n ker\u00fcl sor Davisben<\/p>\n\n\n\n<p><em>Ne maradjon le \u00fajdons\u00e1gainkr\u00f3l, akci\u00f3inkr\u00f3l, iratkozzon fel h\u00edrlevel\u00fcnkre!<\/em><\/p>\n\n\n\n<div class=\"wp-block-buttons is-horizontal is-content-justification-center is-layout-flex wp-container-core-buttons-is-layout-499968f5 wp-block-buttons-is-layout-flex\">\n<div class=\"wp-block-button\"><a class=\"wp-block-button__link has-text-color has-background wp-element-button\" href=\"https:\/\/gumi.hu\/#subscribe-to-newsletter\" style=\"border-radius:1px;color:#333333;background-color:#fdd814\" target=\"_blank\" rel=\"noreferrer noopener\">H\u00edrlev\u00e9l feliratkoz\u00e1s<\/a><\/div>\n<\/div>\n","protected":false},"excerpt":{"rendered":"<p>A Falken Tires hat dobog\u00f3s helyet szerzett az Amsoil Champ \/ ULTRA4 vil\u00e1gbajnoki terepversenyeken a Crandon Int&#8217;l-en A helysz\u00edn t\u00f6k\u00e9letes volt a vil\u00e1gbajnoki off-road versenyekhez, ugyanis az Amsoil Champ Off-Road sorozat \u00e9s az ULTRA4 egy\u00fcttesen vettek r\u00e9szt a t\u00f6rt\u00e9nelmi Crandon International Raceway-n, hogy felejthetetlen verseny\u00e9lm\u00e9nyt biztos\u00edtsanak mindenki sz\u00e1m\u00e1ra. Ez az egy\u00fcttm\u0171k\u00f6d\u00e9s \u00f6t gy\u0151zelmet \u00e9s egy<\/p>\n","protected":false},"author":2,"featured_media":7555,"comment_status":"closed","ping_status":"closed","sticky":false,"template":"","format":"standard","meta":{"footnotes":""},"categories":[663,693],"tags":[528,648,919,1088,788,1083,1085,1086,1084],"class_list":["post-7554","post","type-post","status-publish","format-standard","has-post-thumbnail","hentry","category-falken","category-gumiabroncs-es-autoversenyek","tag-falken","tag-falken-abroncs","tag-falken-gumi","tag-falken-teher","tag-falken-tire","tag-falken-wildpeak","tag-teherabroncs","tag-tehergumi","tag-wildpeak"],"_links":{"self":[{"href":"https:\/\/gumi.hu\/blog\/wp-json\/wp\/v2\/posts\/7554","targetHints":{"allow":["GET"]}}],"collection":[{"href":"https:\/\/gumi.hu\/blog\/wp-json\/wp\/v2\/posts"}],"about":[{"href":"https:\/\/gumi.hu\/blog\/wp-json\/wp\/v2\/types\/post"}],"author":[{"embeddable":true,"href":"https:\/\/gumi.hu\/blog\/wp-json\/wp\/v2\/users\/2"}],"replies":[{"embeddable":true,"href":"https:\/\/gumi.hu\/blog\/wp-json\/wp\/v2\/comments?post=7554"}],"version-history":[{"count":3,"href":"https:\/\/gumi.hu\/blog\/wp-json\/wp\/v2\/posts\/7554\/revisions"}],"predecessor-version":[{"id":11892,"href":"https:\/\/gumi.hu\/blog\/wp-json\/wp\/v2\/posts\/7554\/revisions\/11892"}],"wp:featuredmedia":[{"embeddable":true,"href":"https:\/\/gumi.hu\/blog\/wp-json\/wp\/v2\/media\/7555"}],"wp:attachment":[{"href":"https:\/\/gumi.hu\/blog\/wp-json\/wp\/v2\/media?parent=7554"}],"wp:term":[{"taxonomy":"category","embeddable":true,"href":"https:\/\/gumi.hu\/blog\/wp-json\/wp\/v2\/categories?post=7554"},{"taxonomy":"post_tag","embeddable":true,"href":"https:\/\/gumi.hu\/blog\/wp-json\/wp\/v2\/tags?post=7554"}],"curies":[{"name":"wp","href":"https:\/\/api.w.org\/{rel}","templated":true}]}}