{"id":8003,"date":"2021-11-11T10:50:40","date_gmt":"2021-11-11T08:50:40","guid":{"rendered":"https:\/\/gumi.hu\/blog\/?p=8003"},"modified":"2022-04-13T09:11:34","modified_gmt":"2022-04-13T07:11:34","slug":"holanc","status":"publish","type":"post","link":"https:\/\/gumi.hu\/blog\/holanc\/","title":{"rendered":"H\u00f3l\u00e1nc haszn\u00e1lata a biztons\u00e1gos t\u00e9li vezet\u00e9shez"},"content":{"rendered":"\n<p><strong>A h\u00f3l\u00e1nc olyan speci\u00e1lis felszerel\u00e9s, amelyet a gumiabroncsra lehet r\u00f6gz\u00edteni. A l\u00e1nc haszn\u00e1lat\u00e1val fokozhat\u00f3 az aut\u00f3 tapad\u00e1sa jeges \u00e9s havas \u00fat fel\u00fcleteken. Ez cs\u00f6kkeni a kisodr\u00f3d\u00e1s vesz\u00e9ly\u00e9t \u00e9s biztons\u00e1gosabb\u00e1 teszi a t\u00e9li k\u00f6zleked\u00e9st. Magyarorsz\u00e1gon nem el\u0151\u00edrt a haszn\u00e1lata, a k\u00f6rnyez\u0151 orsz\u00e1gok t\u00f6bbs\u00e9g\u00e9ben t\u00e9len k\u00f6telez\u0151, melyeket <a href=\"#holanc-kulfold\">r\u00e9szletesen be is mutatunk<\/a>. Cikk\u00fcnkben hasznos tippeket mutatunk a biztons\u00e1gos t\u00e9li vezet\u00e9shez \u00e9s v\u00e1laszt kaphat a h\u00f3l\u00e1nc kapcs\u00e1n leggyakrabban felmer\u00fcl\u0151 k\u00e9rd\u00e9sekre!<\/strong><\/p>\n\n\n\n<h2 class=\"wp-block-heading\"><strong>H\u00f3l\u00e1nc, h\u00f3kengyel, h\u00f3zokni: mit v\u00e1lasszak t\u00e9li vezet\u00e9shez?<\/strong><\/h2>\n\n\n\n<p>A h\u00f3l\u00e1nc mellett egy\u00e9b, a tapad\u00e1st seg\u00edt\u0151 t\u00e9li felszerel\u00e9sek is el\u00e9rhet\u0151ek. Ilyen p\u00e9ld\u00e1ul a h\u00f3kengyel vagy a h\u00f3zokni. Az al\u00e1bbiakban \u00f6sszefoglaltuk a legfontosabb el\u0151ny\u00f6ket \u00e9s h\u00e1tr\u00e1nyokat, amelyek seg\u00edthetnek az ig\u00e9nyeinek legink\u00e1bb megfelel\u0151 t\u00e9li felszerel\u00e9s kiv\u00e1laszt\u00e1s\u00e1ban.<\/p>\n\n\n\n<h3 class=\"wp-block-heading\"><strong>H\u00f3l\u00e1nc<\/strong><\/h3>\n\n\n\n<p><strong>A h\u00f3l\u00e1nc haszn\u00e1lat el\u0151nyei:<\/strong><\/p>\n\n\n\n<ul class=\"wp-block-list\"><li>Jelent\u0151sen n\u00f6veli a aut\u00f3 tapad\u00e1s\u00e1t a jeges \u00e9s havas \u00fat fel\u00fcleteken.<\/li><li>A magasabb tapad\u00e1snak k\u00f6sz\u00f6nhet\u0151en cs\u00f6kkenti a kisodr\u00f3d\u00e1s kock\u00e1zat\u00e1t.<\/li><li>Sz\u00e1mos k\u00f6rnyez\u0151 orsz\u00e1gban k\u00f6telez\u0151, \u00edgy k\u00fclf\u00f6ldi \u00fat eset\u00e9n beszerz\u00e9se sz\u00fcks\u00e9ges lehet.<\/li><li>Seg\u00edtheti az cs\u00fasz\u00f3s, havas fel\u00fcletr\u0151l t\u00f6rt\u00e9n\u0151 elindul\u00e1st.<\/li><\/ul>\n\n\n\n<p><strong>A h\u00f3l\u00e1nc haszn\u00e1lat h\u00e1tr\u00e1nyai:<\/strong><\/p>\n\n\n\n<ul class=\"wp-block-list\"><li>B\u00e1r lehet kapni p\u00e1r ezer forint\u00e9rt is h\u00f3l\u00e1ncokat, ezek gyakran hamar t\u00f6nkre mennek. A val\u00f3ban tart\u00f3s h\u00f3l\u00e1ncok \u00e1ra ak\u00e1r t\u00f6bb t\u00edzezer forint is lehet.<\/li><li>Kell\u0151 gyakorlat hi\u00e1ny\u00e1ban neh\u00e9z lehet a h\u00f3l\u00e1ncok felszerel\u00e9se.<\/li><li>Tilos a h\u00f3l\u00e1nc haszn\u00e1lata, ha nincs \u00f6sszef\u00fcgg\u0151 j\u00e9g- vagy h\u00f3r\u00e9teg az \u00faton.<\/li><\/ul>\n\n\n\n<h3 class=\"wp-block-heading\"><strong>H\u00f3kengyel<\/strong><\/h3>\n\n\n\n<div class=\"wp-block-image\"><figure class=\"alignleft size-large\"><img decoding=\"async\" width=\"200\" height=\"200\" src=\"https:\/\/gumi.hu\/blog\/wp-content\/uploads\/2021\/11\/hokengyel.png\" alt=\"\" class=\"wp-image-8019\" title=\"\" srcset=\"https:\/\/gumi.hu\/blog\/wp-content\/uploads\/2021\/11\/hokengyel.png 200w, https:\/\/gumi.hu\/blog\/wp-content\/uploads\/2021\/11\/hokengyel-150x150.png 150w\" sizes=\"(max-width: 200px) 100vw, 200px\" \/><figcaption><br>H\u00f3kengyel<\/figcaption><\/figure><\/div>\n\n\n\n<p><\/p>\n\n\n\n<p><strong>A h\u00f3kengyel haszn\u00e1lat el\u0151nyei:<\/strong><\/p>\n\n\n\n<ul class=\"wp-block-list\"><li>A h\u00f3kengyel seg\u00edthet a havas \u00e9s jeges fel\u00fcletr\u0151l t\u00f6rt\u00e9n\u0151 indul\u00e1skor.<\/li><li>Felszerel\u00e9se gyors \u00e9s egyszer\u0171.<\/li><li>Kedvez\u0151 \u00e1r-\u00e9rt\u00e9k ar\u00e1ny\u00fa.<\/li><\/ul>\n\n\n\n<p><\/p>\n\n\n\n<p><\/p>\n\n\n\n<p><\/p>\n\n\n\n<p><strong>A h\u00f3kengyel haszn\u00e1lat h\u00e1tr\u00e1nyai:<\/strong><\/p>\n\n\n\n<ul class=\"wp-block-list\"><li>Nem alkalmas tart\u00f3s halad\u00e1shoz.<\/li><li>A legt\u00f6bb h\u00f3kengyel felszerel\u00e9st k\u00f6vet\u0151en nehezen t\u00e1vol\u00edthat\u00f3 el, az er\u0151s rug\u00f3s szerkezet miatt.<\/li><li>Nem k\u00e9pes helyettes\u00edteni a h\u00f3l\u00e1ncot.<\/li><\/ul>\n\n\n\n<h3 class=\"wp-block-heading\"><strong>H\u00f3zokni (h\u00f3paplan)<\/strong><\/h3>\n\n\n\n<div class=\"wp-block-image\"><figure class=\"alignleft size-large\"><img decoding=\"async\" width=\"200\" height=\"200\" src=\"https:\/\/gumi.hu\/blog\/wp-content\/uploads\/2021\/11\/hozokni.png\" alt=\"\" class=\"wp-image-8015\" title=\"\" srcset=\"https:\/\/gumi.hu\/blog\/wp-content\/uploads\/2021\/11\/hozokni.png 200w, https:\/\/gumi.hu\/blog\/wp-content\/uploads\/2021\/11\/hozokni-150x150.png 150w\" sizes=\"(max-width: 200px) 100vw, 200px\" \/><figcaption>H\u00f3zokni<\/figcaption><\/figure><\/div>\n\n\n\n<p><strong>A h\u00f3zokni haszn\u00e1lat el\u0151nyei:<\/strong><\/p>\n\n\n\n<ul class=\"wp-block-list\"><li>A h\u00f3zokni, vagy m\u00e1sn\u00e9ven h\u00f3paplan, olyan er\u0151s sz\u00f6vet, amelyet t\u00e9p\u0151z\u00e1rral nagyon k\u00f6nnyen lehet a gumiabroncsra r\u00f6gz\u00edteni. \u00cdgy felszerel\u00e9se p\u00e1r percet vesz ig\u00e9nybe.<\/li><li>Kedvez\u0151 \u00e1r\u00fa.<\/li><li>Indul\u00e1skor sokat seg\u00edthet havas \u00e9s jeges fel\u00fcleteken.<\/li><\/ul>\n\n\n\n<p><\/p>\n\n\n\n<p><\/p>\n\n\n\n<p><strong>A h\u00f3zokni haszn\u00e1lat h\u00e1tr\u00e1nyai:<\/strong><\/p>\n\n\n\n<ul class=\"wp-block-list\"><li>A felrak\u00e1sn\u00e1l vagy forgatni kell a kereket, vagy el\u0151re gurulni. \u00cdgy a r\u00f6gz\u00edt\u00e9shez k\u00e9t szem\u00e9lyre van sz\u00fcks\u00e9g.<\/li><li>Nem alkalmas a h\u00f3l\u00e1nc helyettes\u00edt\u00e9s\u00e9re, mivel nagy t\u00e1vols\u00e1g megt\u00e9tel\u00e9hez nem el\u00e9g tart\u00f3s.<\/li><\/ul>\n\n\n\n<h2 class=\"wp-block-heading\"><strong>A h\u00f3l\u00e1nc felszerel\u00e9se l\u00e9p\u00e9sr\u0151l-l\u00e9p\u00e9sre<\/strong><\/h2>\n\n\n\n<p>\u00dagy d\u00f6nt\u00f6tt, beszerez aut\u00f3j\u00e1hoz egy h\u00f3l\u00e1nc szettet? Remek d\u00f6nt\u00e9s! Fontos, hogy a h\u00f3l\u00e1nc felszerel\u00e9s\u00e9t gyakorolja, \u00edgy elker\u00fclheti, hogy \u00e9les helyzetben kelljen megtanulni a h\u00f3l\u00e1nc r\u00f6gz\u00edt\u00e9s technik\u00e1j\u00e1t. Javasoljuk, hogy tartsa meg a h\u00f3l\u00e1nc szettel kapott felhaszn\u00e1l\u00f3i \u00fatmutat\u00f3t. Ebben a dokumentumban r\u00e9szletes instrukci\u00f3kat tal\u00e1lhat a h\u00f3l\u00e1nc felszerel\u00e9s\u00e9hez. Ha elvesztette, vagy \u00e9ppen nincs k\u00e9zn\u00e9l, akkor sincs gond. Az al\u00e1bbi l\u00e9p\u00e9seket k\u00f6vetve, a legt\u00f6bb h\u00f3l\u00e1ncot fel lehet szerelni:<\/p>\n\n\n\n<ol class=\"wp-block-list\"><li><strong>L\u00e9p\u00e9s<\/strong>: Biztons\u00e1gosan h\u00faz\u00f3djon f\u00e9lre! \u00dcgyeljen arra, hogy ne akad\u00e1lyozza a forgalmat \u00e9s ne vesz\u00e9lyeztesse saj\u00e1t, vagy m\u00e1s aut\u00f3s testi \u00e9ps\u00e9g\u00e9t! Vegyen fel a f\u00e9nyvisszaver\u0151 mell\u00e9nyt!<\/li><li><strong>L\u00e9p\u00e9s:<\/strong> Vegye ki aut\u00f3b\u00f3l a h\u00f3l\u00e1nc k\u00e9szletet, fektesse a meghajtott ker\u00e9k el\u00e9, majd a gumiabroncs m\u00f6g\u00f6tt kapcsolja \u00f6ssze a h\u00f3l\u00e1ncot!<\/li><li><strong>L\u00e9p\u00e9s:<\/strong> Miut\u00e1n \u00f6sszekapcsolta a l\u00e1ncot, vezesse v\u00e9gig a ker\u00e9k k\u00fcls\u0151 r\u00e9sz\u00e9n!<\/li><li><strong>L\u00e9p\u00e9s:<\/strong> T\u00f6rekedjen arra, hogy a h\u00f3l\u00e1nc egyenletesen fedje a ker\u00e9k fel\u00fclet\u00e9t, v\u00e9g\u00fcl pedig r\u00f6gz\u00edtse biztons\u00e1gosan a l\u00e1ncot<\/li><\/ol>\n\n\n\n<figure class=\"wp-block-image size-large\"><img fetchpriority=\"high\" decoding=\"async\" width=\"1024\" height=\"768\" src=\"https:\/\/gumi.hu\/blog\/wp-content\/uploads\/2021\/11\/holanc-hokengyel-hozokni-1024x768.jpg\" alt=\"H\u00f3l\u00e1nc, h\u00f3kengyel, h\u00f3zokni: mit v\u00e1lasszak t\u00e9li vezet\u00e9shez?\" class=\"wp-image-8007\" title=\"\" srcset=\"https:\/\/gumi.hu\/blog\/wp-content\/uploads\/2021\/11\/holanc-hokengyel-hozokni-1024x768.jpg 1024w, https:\/\/gumi.hu\/blog\/wp-content\/uploads\/2021\/11\/holanc-hokengyel-hozokni-300x225.jpg 300w, https:\/\/gumi.hu\/blog\/wp-content\/uploads\/2021\/11\/holanc-hokengyel-hozokni-768x576.jpg 768w, https:\/\/gumi.hu\/blog\/wp-content\/uploads\/2021\/11\/holanc-hokengyel-hozokni-696x522.jpg 696w, https:\/\/gumi.hu\/blog\/wp-content\/uploads\/2021\/11\/holanc-hokengyel-hozokni-1068x801.jpg 1068w, https:\/\/gumi.hu\/blog\/wp-content\/uploads\/2021\/11\/holanc-hokengyel-hozokni-560x420.jpg 560w, https:\/\/gumi.hu\/blog\/wp-content\/uploads\/2021\/11\/holanc-hokengyel-hozokni-80x60.jpg 80w, https:\/\/gumi.hu\/blog\/wp-content\/uploads\/2021\/11\/holanc-hokengyel-hozokni-265x198.jpg 265w, https:\/\/gumi.hu\/blog\/wp-content\/uploads\/2021\/11\/holanc-hokengyel-hozokni.jpg 1280w\" sizes=\"(max-width: 1024px) 100vw, 1024px\" \/><figcaption>H\u00f3l\u00e1nc<\/figcaption><\/figure>\n\n\n\n<h2 class=\"wp-block-heading\"><strong>Gyakori k\u00e9rd\u00e9sek a h\u00f3l\u00e1nc kapcs\u00e1n<\/strong><\/h2>\n\n\n\n<h3 class=\"wp-block-heading\"><strong>K\u00f6telez\u0151 Magyarorsz\u00e1gon h\u00f3l\u00e1ncot haszn\u00e1lni t\u00e9len?<\/strong><\/h3>\n\n\n\n<p>Magyarorsz\u00e1gon nem k\u00f6telez\u0151 h\u00f3l\u00e1ncot haszn\u00e1lni t\u00e9len, csup\u00e1n javasolt. Azonban sz\u00e1mos k\u00f6rnyez\u0151 orsz\u00e1gban a t\u00f6rv\u00e9nyi el\u0151\u00edr\u00e1sok szerint az \u00e9v adott id\u0151szak\u00e1ban, bizonyos id\u0151j\u00e1r\u00e1si felt\u00e9telek eset\u00e9n k\u00f6telez\u0151 a h\u00f3l\u00e1nc haszn\u00e1lata. Ha k\u00fclf\u00f6ldi s\u00edt\u00far\u00e1ra vagy t\u00e9li kir\u00e1ndul\u00e1sra k\u00e9sz\u00fcl, t\u00e1j\u00e9koz\u00f3djon az orsz\u00e1g hat\u00e1lyos jogszab\u00e1lyair\u00f3l!<\/p>\n\n\n\n<h3 class=\"wp-block-heading\" id=\"holanc-kulfold\"><strong>Mely k\u00f6rnyez\u0151 orsz\u00e1gokban k\u00f6telez\u0151 h\u00f3l\u00e1ncot haszn\u00e1lni?<\/strong> <a href=\"https:\/\/gumi.hu\/blog\/2021\/11\/holanc#holanc-kulfold\">#<\/a><\/h3>\n\n\n\n<p>Az al\u00e1bbiakban \u00f6sszegy\u0171jt\u00f6tt\u00fck a legn\u00e9pszer\u0171bb t\u00e9li kir\u00e1ndul\u00e1si \u00fatic\u00e9lokra vonatkoz\u00f3 szab\u00e1lyoz\u00e1st. Fontos, hogy a cikkben olvashat\u00f3 k\u00f6z\u00fati szab\u00e1lyok csak t\u00e1j\u00e9koztat\u00f3 jelleg\u0171ek. Mindenk\u00e9pp ellen\u0151rizze az adott orsz\u00e1g hat\u00e1lyos jogszab\u00e1lyait az \u00fat el\u0151tt.<\/p>\n\n\n\n<ul class=\"wp-block-list\"><li><strong>Ausztria:<\/strong> Minden szem\u00e9lyg\u00e9pkocsi \u00e9s 3,5 tonn\u00e1n\u00e1l k\u00f6nnyebb g\u00e9pj\u00e1rm\u0171 eset\u00e9n k\u00f6telez\u0151 4 millim\u00e9tert meghalad\u00f3 profilm\u00e9lys\u00e9g\u0171 gumiabroncsot haszn\u00e1lni \u00e9s\/vagy h\u00f3l\u00e1ncot november 1. \u00e9s \u00e1prilis 15. k\u00f6z\u00f6tt. Fontos kit\u00e9tel, hogy a h\u00f3l\u00e1nc csak abban az esetben haszn\u00e1lhat\u00f3, ha \u00f6sszef\u00fcgg\u0151 j\u00e9g- vagy h\u00f3r\u00e9teg fedi az utat \u00e9s a h\u00f3l\u00e1nc haszn\u00e1lata nem okoz s\u00e9r\u00fcl\u00e9st az \u00fat fel\u00fclet\u00e9ben. A szab\u00e1lyszeg\u0151k ak\u00e1r t\u00f6bb ezer eur\u00f3s b\u00fcntet\u00e9sre is sz\u00e1m\u00edthatnak.<\/li><li><strong>Csehorsz\u00e1g:<\/strong> Bizonyos \u00fatszakaszokon t\u00e1bl\u00e1k jelzik a h\u00f3l\u00e1nc haszn\u00e1lat\u00e1t. Ezen \u00fatszakaszokon k\u00f6telez\u0151 h\u00f3l\u00e1nc felszerel\u00e9se er\u0151s havaz\u00e1s eset\u00e9ben.<\/li><li><strong>Franciaorsz\u00e1g: <\/strong>Minden aut\u00f3s sz\u00e1m\u00e1ra k\u00f6telez\u0151 a h\u00f3l\u00e1nc beszerz\u00e9se. Bizonyos \u00fatszakaszokon, er\u0151s havaz\u00e1s eset\u00e9n el\u0151\u00edr\u00e1s a t\u00e9li felszerel\u00e9s haszn\u00e1lata.<\/li><li><strong>Horv\u00e1thorsz\u00e1g: <\/strong>Az 50 millim\u00e9tert meghalad\u00f3 havaz\u00e1s eset\u00e9n k\u00f6telez\u0151 a h\u00f3l\u00e1nc felszerel\u00e9se.<\/li><li><strong>N\u00e9metorsz\u00e1g:<\/strong> Bizonyos \u00fatszakaszokon t\u00e1bl\u00e1k szab\u00e1lyozz\u00e1k a h\u00f3l\u00e1nc haszn\u00e1lat\u00e1t. Intenz\u00edv havaz\u00e1s eset\u00e9n k\u00f6telez\u0151 a h\u00f3l\u00e1nc felszerel\u00e9se ezeken az \u00fatszakaszokon.<\/li><li><strong>Norv\u00e9gia:<\/strong> A norv\u00e9g lakosok sz\u00e1m\u00e1ra k\u00f6telez\u0151 a h\u00f3l\u00e1nc haszn\u00e1lata.<\/li><li><strong>Olaszorsz\u00e1g:<\/strong> A s\u00edp\u00e1ly\u00e1khoz vezet\u0151 utak nagy r\u00e9sz\u00e9n k\u00f6telez\u0151 a h\u00f3l\u00e1nc haszn\u00e1lata.<\/li><li><strong>Sv\u00e1jc:<\/strong> Adott \u00fatszakaszokon t\u00e1bl\u00e1k szab\u00e1lyozz\u00e1k a h\u00f3l\u00e1nc haszn\u00e1lat\u00e1t. Ezen \u00fatszakaszokon k\u00f6telez\u0151 h\u00f3l\u00e1ncot haszn\u00e1lni, ha az id\u0151j\u00e1r\u00e1si k\u00f6r\u00fclm\u00e9nyek ezt indokoltt\u00e1 teszik.<\/li><li><strong>Sv\u00e9dorsz\u00e1g: <\/strong>A sv\u00e9d lakosok sz\u00e1m\u00e1ra k\u00f6telez\u0151 a h\u00f3l\u00e1nc haszn\u00e1lata.<\/li><li><strong>Szerbia:<\/strong> November 1. \u00e9s \u00e1prilis 1. k\u00f6z\u00f6tt er\u0151s havaz\u00e1s eset\u00e9n k\u00f6telez\u0151 a h\u00f3l\u00e1nc haszn\u00e1lata. Ak\u00e1r a hat\u00e1r\u00e1tl\u00e9p\u00e9st is megtagadhatj\u00e1k, ha aut\u00f3dban nem \u00e1ll rendelkez\u00e9sre a felszerel\u00e9s.<\/li><li><strong>Szlov\u00e9nia:<\/strong> Az 50 millim\u00e9tert meghalad\u00f3 havaz\u00e1s eset\u00e9n k\u00f6telez\u0151 a h\u00f3l\u00e1nc felszerel\u00e9se. Er\u0151s havaz\u00e1s eset\u00e9n gyakran ellen\u0151rzik hat\u00e1r\u00e1tl\u00e9p\u00e9skor a h\u00f3l\u00e1nc megl\u00e9t\u00e9t. Elfelejtett gondoskodni a h\u00f3l\u00e1ncr\u00f3l? Sajnos akkor megtagadhatj\u00e1k a hat\u00e1r\u00e1tl\u00e9p\u00e9st.<\/li><li><strong>Ukrajna: <\/strong>November 1. \u00e9s \u00e1prilis 1. k\u00f6z\u00f6tti id\u0151szakban k\u00f6telez\u0151 a h\u00f3l\u00e1nc felszerel\u00e9se \u00e9s haszn\u00e1lata, ha az id\u0151j\u00e1r\u00e1si k\u00f6r\u00fclm\u00e9nyek ezt indokolj\u00e1k. A hat\u00e1rn\u00e1l ellen\u0151rizhetik a h\u00f3l\u00e1nc felszerel\u00e9st.<\/li><\/ul>\n\n\n\n<h3 class=\"wp-block-heading\"><strong>Mekkora a maxim\u00e1lis sebess\u00e9g h\u00f3l\u00e1nc haszn\u00e1latakor?<\/strong><\/h3>\n\n\n\n<p>A K\u00f6z\u00fati Rendelkez\u00e9sek Egys\u00e9ges Szab\u00e1lyoz\u00e1sa (KRESZ) szerint maximum 50 kilom\u00e9ter\/\u00f3ra sebess\u00e9ggel haladhatunk h\u00f3l\u00e1ncot haszn\u00e1lva. Azt javasoljuk, v\u00e1lasszon alacsonyabb menetsebess\u00e9get h\u00f3l\u00e1nc haszn\u00e1latakor a maxim\u00e1lis biztons\u00e1g \u00e9rdek\u00e9ben.<\/p>\n\n\n\n<h3 class=\"wp-block-heading\"><strong>Mikor tilos a h\u00f3l\u00e1nc haszn\u00e1lata?<\/strong><\/h3>\n\n\n\n<p>Tilos a h\u00f3l\u00e1nc haszn\u00e1lata, ha nincs \u00f6sszef\u00fcgg\u0151 j\u00e9g- vagy h\u00f3r\u00e9teg az utakon. Ilyenkor a h\u00f3l\u00e1nc k\u00e1rt tehet az \u00fatfel\u00fcletben.<\/p>\n\n\n\n<h3 class=\"wp-block-heading\"><strong>Mi az automatikus h\u00f3l\u00e1nc?<\/strong><\/h3>\n\n\n\n<p>Az automatikus h\u00f3l\u00e1ncokat legink\u00e1bb buszokon \u00e9s hasznog\u00e9pjr\u00e1m\u0171veken szokt\u00e1k alkalmazni. Olyan speci\u00e1lis berendez\u00e9s, amely ak\u00e1r menet k\u00f6zben is bekapcsolhat\u00f3. C\u00e9lja, hogy a limit\u00e1lt be\u00e9p\u00edt\u00e9s\u0171 hellyel b\u00edr\u00f3 j\u00e1rm\u0171vek is biztons\u00e1gosan tudjanak k\u00f6zlekedni t\u00e9len a jeges \u00e9s havas utakon.<\/p>\n\n\n\n<h3 class=\"wp-block-heading\"><strong>A l\u00e9tramint\u00e1s vagy a trap\u00e9zmint\u00e1s h\u00f3l\u00e1ncot \u00e9rdemes v\u00e1lasztani?<\/strong><\/h3>\n\n\n\n<p>A szak\u00e9rt\u0151k t\u00f6bbnyire a trap\u00e9zmint\u00e1s h\u00f3l\u00e1nc v\u00e1laszt\u00e1s\u00e1t javasolj\u00e1k. M\u00edg a l\u00e9tramint\u00e1s h\u00f3l\u00e1nc bizonyos ker\u00e9k\u00e1ll\u00e1sokban nem \u00e9rinti a f\u00f6ldet, addig a trap\u00e9zmint\u00e1s minden ker\u00e9k poz\u00edci\u00f3ban \u00e9rintkezik az aszfalttal.<\/p>\n\n\n\n<h2 class=\"wp-block-heading\"><strong>\u00d6sszefoglal\u00e1s<\/strong><\/h2>\n\n\n\n<p>Ugyan haz\u00e1nkban nem k\u00f6telez\u0151 a h\u00f3l\u00e1nc haszn\u00e1lata a KRESZ szerint, m\u00e9gis sokat seg\u00edthet abban, hogy fagyos \u00e9s havas aszfalton biztons\u00e1gosan tudjon k\u00f6zlekedni. Felszerel\u00e9se egyszer\u0171 \u00e9s gyorsan elv\u00e9gezhet\u0151. A h\u00f3l\u00e1nc helyett haszn\u00e1lhat h\u00f3kengyelt vagy h\u00f3zoknit. Fontos, hogy saj\u00e1t ig\u00e9nyeinek \u00e9s az id\u0151j\u00e1r\u00e1si k\u00f6r\u00fclm\u00e9nyeket m\u00e9rlegelve hozzon d\u00f6nt\u00e9st!<\/p>\n\n\n\n<p><em>Ne maradjon le \u00fajdons\u00e1gainkr\u00f3l, akci\u00f3inkr\u00f3l, iratkozzon fel h\u00edrlevel\u00fcnkre!<\/em><\/p>\n\n\n\n<div class=\"wp-block-buttons is-content-justification-center is-layout-flex wp-block-buttons-is-layout-flex\">\n<div class=\"wp-block-button\"><a class=\"wp-block-button__link has-text-color has-background\" href=\"https:\/\/gumi.hu\/#subscribe-to-newsletter\" style=\"border-radius:1px;background-color:#fdd814;color:#333333\" target=\"_blank\" rel=\"noreferrer noopener\">H\u00edrlev\u00e9l feliratkoz\u00e1s<\/a><\/div>\n<\/div>\n","protected":false},"excerpt":{"rendered":"<p>A h\u00f3l\u00e1nc olyan speci\u00e1lis felszerel\u00e9s, amelyet a gumiabroncsra lehet r\u00f6gz\u00edteni. A l\u00e1nc haszn\u00e1lat\u00e1val fokozhat\u00f3 az aut\u00f3 tapad\u00e1sa jeges \u00e9s havas \u00fat fel\u00fcleteken. Ez cs\u00f6kkeni a kisodr\u00f3d\u00e1s vesz\u00e9ly\u00e9t \u00e9s biztons\u00e1gosabb\u00e1 teszi a t\u00e9li k\u00f6zleked\u00e9st. Magyarorsz\u00e1gon nem el\u0151\u00edrt a haszn\u00e1lata, a k\u00f6rnyez\u0151 orsz\u00e1gok t\u00f6bbs\u00e9g\u00e9ben t\u00e9len k\u00f6telez\u0151, melyeket r\u00e9szletesen be is mutatunk. Cikk\u00fcnkben hasznos tippeket mutatunk a biztons\u00e1gos<\/p>\n","protected":false},"author":2,"featured_media":8005,"comment_status":"closed","ping_status":"closed","sticky":false,"template":"","format":"standard","meta":{"footnotes":""},"categories":[982,1185],"tags":[],"class_list":["post-8003","post","type-post","status-publish","format-standard","has-post-thumbnail","hentry","category-teli-gumi","category-tudastar"],"_links":{"self":[{"href":"https:\/\/gumi.hu\/blog\/wp-json\/wp\/v2\/posts\/8003","targetHints":{"allow":["GET"]}}],"collection":[{"href":"https:\/\/gumi.hu\/blog\/wp-json\/wp\/v2\/posts"}],"about":[{"href":"https:\/\/gumi.hu\/blog\/wp-json\/wp\/v2\/types\/post"}],"author":[{"embeddable":true,"href":"https:\/\/gumi.hu\/blog\/wp-json\/wp\/v2\/users\/2"}],"replies":[{"embeddable":true,"href":"https:\/\/gumi.hu\/blog\/wp-json\/wp\/v2\/comments?post=8003"}],"version-history":[{"count":8,"href":"https:\/\/gumi.hu\/blog\/wp-json\/wp\/v2\/posts\/8003\/revisions"}],"predecessor-version":[{"id":8080,"href":"https:\/\/gumi.hu\/blog\/wp-json\/wp\/v2\/posts\/8003\/revisions\/8080"}],"wp:featuredmedia":[{"embeddable":true,"href":"https:\/\/gumi.hu\/blog\/wp-json\/wp\/v2\/media\/8005"}],"wp:attachment":[{"href":"https:\/\/gumi.hu\/blog\/wp-json\/wp\/v2\/media?parent=8003"}],"wp:term":[{"taxonomy":"category","embeddable":true,"href":"https:\/\/gumi.hu\/blog\/wp-json\/wp\/v2\/categories?post=8003"},{"taxonomy":"post_tag","embeddable":true,"href":"https:\/\/gumi.hu\/blog\/wp-json\/wp\/v2\/tags?post=8003"}],"curies":[{"name":"wp","href":"https:\/\/api.w.org\/{rel}","templated":true}]}}