{"id":8584,"date":"2022-04-13T12:56:16","date_gmt":"2022-04-13T10:56:16","guid":{"rendered":"https:\/\/gumi.hu\/blog\/?p=8584"},"modified":"2026-01-08T10:54:22","modified_gmt":"2026-01-08T08:54:22","slug":"rotalla-autobild-2022","status":"publish","type":"post","link":"https:\/\/gumi.hu\/blog\/rotalla-autobild-2022\/","title":{"rendered":"AutoBild 2022 teszt, meglep\u0151 eredm\u00e9ny &#8211; dobog\u00f3n a Rotalla"},"content":{"rendered":"\n<p>Az AutoBild Reisemobil 2022-es 5\/2022-es sz\u00e1m\u00e1ban 225\/75 R16C m\u00e9ret\u0171 n\u00e9gy\u00e9vszakos gumiabroncs tesztj\u00e9nek eredm\u00e9nyei jelennek meg. Ezen k\u00edv\u00fcl azonban van m\u00e9g k\u00e9t ny\u00e1ri abroncs is tesztelve \u00f6sszehasonl\u00edt\u00e1sk\u00e9ppen, ezek k\u00f6z\u00fcl az egyik megd\u00f6bben\u00e9st keltett. F\u0151leg, hogy Dierk M\u00f6ller \u00e9s Henning Klipp tesztel\u0151k \u201emeglep\u0151en j\u00f3 t\u00e9li tulajdons\u00e1gokat\u201d \u00e1llap\u00edtottak meg az abroncs teljes\u00edtm\u00e9ny\u00e9n\u00e9l. Az oldalfalr\u00f3l hi\u00e1nyzik a szimb\u00f3lum, \u00e9s a jogalkot\u00f3 szerint ez t\u00e9lies \u00fatviszonyok k\u00f6z\u00f6tt nem haszn\u00e1lhat\u00f3.<\/p>\n\n\n<div class=\"wp-block-image\">\n<figure class=\"aligncenter size-large\"><img fetchpriority=\"high\" decoding=\"async\" width=\"600\" height=\"450\" src=\"https:\/\/gumi.hu\/blog\/wp-content\/uploads\/2022\/04\/AutoBild-Reisemobil-Ganzjahresreifentest-2022.jpg\" alt=\"\" class=\"wp-image-8585\" title=\"\" srcset=\"https:\/\/gumi.hu\/blog\/wp-content\/uploads\/2022\/04\/AutoBild-Reisemobil-Ganzjahresreifentest-2022.jpg 600w, https:\/\/gumi.hu\/blog\/wp-content\/uploads\/2022\/04\/AutoBild-Reisemobil-Ganzjahresreifentest-2022-300x225.jpg 300w, https:\/\/gumi.hu\/blog\/wp-content\/uploads\/2022\/04\/AutoBild-Reisemobil-Ganzjahresreifentest-2022-560x420.jpg 560w, https:\/\/gumi.hu\/blog\/wp-content\/uploads\/2022\/04\/AutoBild-Reisemobil-Ganzjahresreifentest-2022-80x60.jpg 80w, https:\/\/gumi.hu\/blog\/wp-content\/uploads\/2022\/04\/AutoBild-Reisemobil-Ganzjahresreifentest-2022-265x198.jpg 265w\" sizes=\"(max-width: 600px) 100vw, 600px\" \/><figcaption class=\"wp-element-caption\">Forr\u00e1s: https:\/\/reifenpresse.de\/2022\/04\/12\/zwei-ueberraschungen-im-test-von-ganzjahresreifen-fuer-reisemobile\/<\/figcaption><\/figure><\/div>\n\n<div class=\"wp-block-image\">\n<figure class=\"aligncenter size-large is-resized\"><img decoding=\"async\" src=\"https:\/\/gumi.hu\/blog\/wp-content\/uploads\/2022\/04\/Rotalla-Setula-RA05-1-1024x768.jpg\" alt=\"Rotalla Autobild 2022\" class=\"wp-image-8589\" width=\"512\" height=\"384\" title=\"\" srcset=\"https:\/\/gumi.hu\/blog\/wp-content\/uploads\/2022\/04\/Rotalla-Setula-RA05-1-1024x768.jpg 1024w, https:\/\/gumi.hu\/blog\/wp-content\/uploads\/2022\/04\/Rotalla-Setula-RA05-1-300x225.jpg 300w, https:\/\/gumi.hu\/blog\/wp-content\/uploads\/2022\/04\/Rotalla-Setula-RA05-1-768x576.jpg 768w, https:\/\/gumi.hu\/blog\/wp-content\/uploads\/2022\/04\/Rotalla-Setula-RA05-1-696x522.jpg 696w, https:\/\/gumi.hu\/blog\/wp-content\/uploads\/2022\/04\/Rotalla-Setula-RA05-1-1068x801.jpg 1068w, https:\/\/gumi.hu\/blog\/wp-content\/uploads\/2022\/04\/Rotalla-Setula-RA05-1-560x420.jpg 560w, https:\/\/gumi.hu\/blog\/wp-content\/uploads\/2022\/04\/Rotalla-Setula-RA05-1-80x60.jpg 80w, https:\/\/gumi.hu\/blog\/wp-content\/uploads\/2022\/04\/Rotalla-Setula-RA05-1-265x198.jpg 265w, https:\/\/gumi.hu\/blog\/wp-content\/uploads\/2022\/04\/Rotalla-Setula-RA05-1.jpg 1280w\" sizes=\"(max-width: 512px) 100vw, 512px\" \/><\/figure><\/div>\n\n\n<p>Ugyanakkor a gumiabroncsoknak a jelenlegi \u00f6sszehasonl\u00edt\u00e1s\u00e1ban is megmutatkozik, hogy olykor egy gazdas\u00e1gosabb gumiabroncs is k\u00e9pes olyan eredm\u00e9nyeket hozni, vagy tal\u00e1n jobbat, mint pr\u00e9mium t\u00e1rsai. A tesztel\u0151k megd\u00f6bben\u00e9s\u00e9re a <strong><a href=\"https:\/\/gumi.hu\/autogumi\/negyevszakos\/rotalla\" target=\"_blank\" rel=\"noreferrer noopener\">Rotalla<\/a><\/strong> abroncsa is egy ilyen teljes\u00edtm\u00e9nyt tudhat a mag\u00e1\u00e9nak, maga m\u00f6g\u00e9 utas\u00edtva t\u00f6bbek k\u00f6zt a Continental \u00e9s a Bridgestone gumiabroncsait.<\/p>\n\n\n\n<p><strong>V\u00e1logasson kedv\u00e9re ny\u00e1ri gumi k\u00edn\u00e1latunkb\u00f3l, szereltesse \u00e1t orsz\u00e1gszerte t\u00f6bb, mint 200 helyen.<\/strong><\/p>\n\n\n\n<div class=\"wp-block-buttons is-horizontal is-content-justification-center is-layout-flex wp-container-core-buttons-is-layout-499968f5 wp-block-buttons-is-layout-flex\">\n<div class=\"wp-block-button\"><a class=\"wp-block-button__link has-text-color has-background wp-element-button\" href=\"https:\/\/gumi.hu\/autogumi\/negyevszakos\/rotalla\" style=\"border-radius:1px;color:#333333;background-color:#fdd814\" target=\"_blank\" rel=\"noreferrer noopener\">Rotalla n\u00e9gy\u00e9vszakos gumiabroncsok<\/a><\/div>\n<\/div>\n\n\n\n<p><em>Ne maradjon le \u00fajdons\u00e1gainkr\u00f3l, akci\u00f3inkr\u00f3l, iratkozzon fel h\u00edrlevel\u00fcnkre!<\/em><\/p>\n\n\n\n<div class=\"wp-block-buttons is-horizontal is-content-justification-center is-layout-flex wp-container-core-buttons-is-layout-499968f5 wp-block-buttons-is-layout-flex\">\n<div class=\"wp-block-button\"><a class=\"wp-block-button__link has-text-color has-background wp-element-button\" href=\"https:\/\/gumi.hu\/#subscribe-to-newsletter\" style=\"border-radius:1px;color:#333333;background-color:#fdd814\" target=\"_blank\" rel=\"noreferrer noopener\">H\u00edrlev\u00e9l feliratkoz\u00e1s<\/a><\/div>\n<\/div>\n\n\n\n<p><\/p>\n","protected":false},"excerpt":{"rendered":"<p>Az AutoBild Reisemobil 2022-es 5\/2022-es sz\u00e1m\u00e1ban 225\/75 R16C m\u00e9ret\u0171 n\u00e9gy\u00e9vszakos gumiabroncs tesztj\u00e9nek eredm\u00e9nyei jelennek meg. Ezen k\u00edv\u00fcl azonban van m\u00e9g k\u00e9t ny\u00e1ri abroncs is tesztelve \u00f6sszehasonl\u00edt\u00e1sk\u00e9ppen, ezek k\u00f6z\u00fcl az egyik megd\u00f6bben\u00e9st keltett. F\u0151leg, hogy Dierk M\u00f6ller \u00e9s Henning Klipp tesztel\u0151k \u201emeglep\u0151en j\u00f3 t\u00e9li tulajdons\u00e1gokat\u201d \u00e1llap\u00edtottak meg az abroncs teljes\u00edtm\u00e9ny\u00e9n\u00e9l. Az oldalfalr\u00f3l hi\u00e1nyzik a szimb\u00f3lum, \u00e9s<\/p>\n","protected":false},"author":2,"featured_media":8590,"comment_status":"closed","ping_status":"closed","sticky":false,"template":"","format":"standard","meta":{"footnotes":""},"categories":[983,1209,1208,328,1186],"tags":[],"class_list":["post-8584","post","type-post","status-publish","format-standard","has-post-thumbnail","hentry","category-negyevszakos-gumi","category-autobild","category-gumiabroncs","category-gumitesztek","category-rotalla"],"_links":{"self":[{"href":"https:\/\/gumi.hu\/blog\/wp-json\/wp\/v2\/posts\/8584","targetHints":{"allow":["GET"]}}],"collection":[{"href":"https:\/\/gumi.hu\/blog\/wp-json\/wp\/v2\/posts"}],"about":[{"href":"https:\/\/gumi.hu\/blog\/wp-json\/wp\/v2\/types\/post"}],"author":[{"embeddable":true,"href":"https:\/\/gumi.hu\/blog\/wp-json\/wp\/v2\/users\/2"}],"replies":[{"embeddable":true,"href":"https:\/\/gumi.hu\/blog\/wp-json\/wp\/v2\/comments?post=8584"}],"version-history":[{"count":5,"href":"https:\/\/gumi.hu\/blog\/wp-json\/wp\/v2\/posts\/8584\/revisions"}],"predecessor-version":[{"id":9337,"href":"https:\/\/gumi.hu\/blog\/wp-json\/wp\/v2\/posts\/8584\/revisions\/9337"}],"wp:featuredmedia":[{"embeddable":true,"href":"https:\/\/gumi.hu\/blog\/wp-json\/wp\/v2\/media\/8590"}],"wp:attachment":[{"href":"https:\/\/gumi.hu\/blog\/wp-json\/wp\/v2\/media?parent=8584"}],"wp:term":[{"taxonomy":"category","embeddable":true,"href":"https:\/\/gumi.hu\/blog\/wp-json\/wp\/v2\/categories?post=8584"},{"taxonomy":"post_tag","embeddable":true,"href":"https:\/\/gumi.hu\/blog\/wp-json\/wp\/v2\/tags?post=8584"}],"curies":[{"name":"wp","href":"https:\/\/api.w.org\/{rel}","templated":true}]}}