{"id":8614,"date":"2022-04-29T11:22:07","date_gmt":"2022-04-29T09:22:07","guid":{"rendered":"https:\/\/gumi.hu\/blog\/?p=8614"},"modified":"2026-01-06T16:38:04","modified_gmt":"2026-01-06T14:38:04","slug":"fekcsere","status":"publish","type":"post","link":"https:\/\/gumi.hu\/blog\/fekcsere\/","title":{"rendered":"F\u00e9kcsere: mikor aj\u00e1nlott a f\u00e9kbet\u00e9t \u00e9s a f\u00e9kt\u00e1rcsa cser\u00e9je?"},"content":{"rendered":"\n<p><strong>A f\u00e9kt\u00e1rcsa \u00e9s f\u00e9kbet\u00e9t kop\u00f3alkatr\u00e9szek, amelyeket id\u0151k\u00f6z\u00f6nk\u00e9nt cser\u00e9lni kell. A vezet\u00e9si st\u00edlus, a f\u00e9k alkatr\u00e9szek min\u0151s\u00e9ge \u00e9s a vezet\u00e9si szok\u00e1sok befoly\u00e1solj\u00e1k a f\u00e9kalkatr\u00e9szek \u00e9lettartam\u00e1t. Mikor aj\u00e1nlott a f\u00e9kbet\u00e9t \u00e9s a f\u00e9kt\u00e1rcsa cser\u00e9je? Mennyibe ker\u00fcl a f\u00e9kcsere? Mit jelent a \u201cf\u00e9k bekoptat\u00e1sa\u201d? Cikk\u00fcnkben megismerheti a f\u00e9kcsere sz\u00fcks\u00e9gess\u00e9g\u00e9re utal\u00f3 egy\u00e9rtelm\u0171 jeleket \u00e9s v\u00e1laszt kapahat a leggyakoribb k\u00e9rd\u00e9seire!<\/strong><\/p>\n\n\n\n<h2 class=\"wp-block-heading\"><strong>Mikor sz\u00fcks\u00e9ges a f\u00e9kcsere?<\/strong><\/h2>\n\n\n\n<p>A f\u00e9kalkatr\u00e9szek \u00e9lettartam\u00e1t sz\u00e1mos t\u00e9nyez\u0151 befoly\u00e1solhatja. Az al\u00e1bbiakban \u00f6sszegy\u0171jt\u00f6tt\u00fck azokat a t\u00e9nyez\u0151ket, amelyek a legnagyobb hat\u00e1st gyakorolj\u00e1k a f\u00e9kt\u00e1rcsa amortiz\u00e1ci\u00f3j\u00e1ra.<\/p>\n\n\n\n<ul class=\"wp-block-list\">\n<li><strong>Vezet\u00e9si st\u00edlus:<\/strong> A sportos vezet\u00e9si st\u00edlus nagyobb m\u00e9rt\u00e9k\u0171 f\u00e9k amortiz\u00e1ci\u00f3hoz vezet. A nagyobb \u00e1tlagsebess\u00e9g, hirtelen f\u00e9kez\u00e9sek \u00e9s gyakori el\u0151z\u00e9s cs\u00f6kkenethetik a f\u00e9kalkatr\u00e9szek \u00e9llettartam\u00e1t.<\/li>\n\n\n\n<li><strong>F\u00e9kalkatr\u00e9szek min\u0151s\u00e9ge:<\/strong> A f\u00e9kalkatr\u00e9szek csereperi\u00f3dus\u00e1ra jelent\u0151s hat\u00e1sa van a haszn\u00e1lt alkatr\u00e9szek min\u0151s\u00e9g\u00e9nek.<\/li>\n\n\n\n<li><strong>Vezet\u00e9si k\u00f6rnyezet:<\/strong> Rendszeresen vezet aut\u00f3p\u00e1ly\u00e1n? Gyakran vezet dombos ter\u00fcleten? Nem csup\u00e1n a vezet\u00e9si st\u00edlus, de a vezet\u00e9si k\u00f6rnyezet is hat\u00e1st gyakorolhat a f\u00e9kcsere gyakoris\u00e1g\u00e1ra.<\/li>\n\n\n\n<li><strong>F\u00e9kbet\u00e9t kem\u00e9nys\u00e9ge: <\/strong>A nagyobb kem\u00e9nys\u00e9g\u0171 f\u00e9kbet\u00e9tek hosszabb fut\u00e1steljes\u00edtm\u00e9nnyel b\u00edrnak, h\u00e1tr\u00e1nyuk, hogy t\u00f6bb id\u0151 sz\u00fcks\u00e9ges bemeleged\u00e9s\u00fckh\u00f6z. A kem\u00e9ny f\u00e9kbet\u00e9teket \u00e1ltal\u00e1ban nagy teljes\u00edtm\u00e9ny\u0171 aut\u00f3kban haszn\u00e1lj\u00e1k.<\/li>\n\n\n\n<li><strong>Maxim\u00e1lis fut\u00e1steljes\u00edtm\u00e9ny:<\/strong> A gy\u00e1rt\u00f3 \u00e1ltal megadott maxim\u00e1lis fut\u00e1steljes\u00edtm\u00e9nyt \u00e9rdemes szem el\u0151tt tartani. A fenti t\u00e9nyez\u0151k jelent\u0151sen cs\u00f6kkenthetik ezt az \u00e9rt\u00e9ket.<\/li>\n<\/ul>\n\n\n\n<p>A gy\u00e1rt\u00f3 \u00e1ltal meghat\u00e1rozott minimum kop\u00e1si vastags\u00e1g el\u00e9r\u00e9sekor mindenk\u00e9pp \u00e9rdemes f\u00e9kalkatr\u00e9szt cser\u00e9lni. Amennyiben a f\u00e9kt\u00e1rcsa a minimum vastags\u00e1g alatti, a f\u00e9kbet\u00e9t t\u00falzott m\u00e9rt\u00e9kben felforr\u00f3sodik a s\u00farl\u00f3d\u00e1si h\u0151 miatt. Ez cs\u00f6kkenti a f\u00e9krendszer hat\u00e9konys\u00e1g\u00e1t. Egyenetlen kop\u00e1s eset\u00e9n azonnali f\u00e9kcser\u00e9re lehet sz\u00fcks\u00e9g. Ilyenkor a f\u00e9kbet\u00e9tek vagy f\u00e9kt\u00e1rcs\u00e1k n\u00e9melyike nagyobb m\u00e9rt\u00e9k\u0171 kop\u00e1s miatt elt\u00e9r\u0151 f\u00e9ker\u0151vel b\u00edr. Ez balesetvesz\u00e9lyes lehet. A f\u00e9kbet\u00e9t kop\u00e1s\u00e1t k\u00e9t egym\u00e1st\u00f3l f\u00fcggetlen rendszer jelzi. \u00c1ltal\u00e1ban az akusztikus kop\u00e1sjelz\u0151 jellegzetes hangot ad, amennyiben a f\u00e9kbet\u00e9t el\u00e9rte a minim\u00e1lis szintet. A korszer\u0171 aut\u00f3kon digit\u00e1lis f\u00e9kbet\u00e9t kop\u00e1sjelz\u0151 is figyelmezteti a sof\u0151rt a f\u00e9kalkatr\u00e9sz kop\u00e1s\u00e1ra. T\u00f6bbnyire a f\u00e9kbet\u00e9tek k\u00e9tszer olyan gyorsan kopnak, mint a f\u00e9kt\u00e1rcs\u00e1k, \u00edgy ezek cser\u00e9je gyakrabban sz\u00fcks\u00e9ges.<\/p>\n\n\n\n<h2 class=\"wp-block-heading\"><strong>Mennyibe ker\u00fcl egy f\u00e9kcsere?<\/strong><\/h2>\n\n\n\n<p>A maxim\u00e1lis fut\u00e1steljes\u00edtm\u00e9nyhez k\u00f6zeledve sok aut\u00f3sban felmer\u00fcl a k\u00e9rd\u00e9s: mennyibe ker\u00fcl egy f\u00e9kcsere? A f\u00e9kcsere \u00e1r meg\u00e1llap\u00edt\u00e1s\u00e1hoz haszn\u00e1lja al\u00e1bbi szerviz list\u00e1nk:<\/p>\n\n\n\n<p><strong><em>F\u00e9kcsere \u00e1rlist\u00e1nkat megtal\u00e1lja <a href=\"https:\/\/gumi.hu\/szolgaltatasok#fek_javitas\" target=\"_blank\" rel=\"noreferrer noopener\">ITT<\/a><\/em><\/strong><\/p>\n\n\n\n<p>Ha szeretn\u00e9 elker\u00fclni a sorban \u00e1ll\u00e1st, akkor foglaljon id\u0151pontot online! \u00dcgyfeleink online foglalhatnak id\u0151pontot a professzion\u00e1lis szervizeink egyik\u00e9be.<\/p>\n\n\n\n<div class=\"wp-block-buttons is-horizontal is-content-justification-center is-layout-flex wp-container-core-buttons-is-layout-499968f5 wp-block-buttons-is-layout-flex\">\n<div class=\"wp-block-button\"><a class=\"wp-block-button__link has-text-color has-background wp-element-button\" href=\"https:\/\/gumi.hu\/autoszerviz-online\" style=\"border-radius:1px;color:#333333;background-color:#fdd814\" target=\"_blank\" rel=\"noreferrer noopener\">ID\u0150PONTFOGLAL\u00c1S<\/a><\/div>\n<\/div>\n\n\n\n<figure class=\"wp-block-image size-large\"><img fetchpriority=\"high\" decoding=\"async\" width=\"1024\" height=\"683\" src=\"https:\/\/gumi.hu\/blog\/wp-content\/uploads\/2022\/04\/MicrosoftTeams-image-4-1024x683.jpg\" alt=\"f\u00e9kcsere\" class=\"wp-image-8616\" title=\"\" srcset=\"https:\/\/gumi.hu\/blog\/wp-content\/uploads\/2022\/04\/MicrosoftTeams-image-4-1024x683.jpg 1024w, https:\/\/gumi.hu\/blog\/wp-content\/uploads\/2022\/04\/MicrosoftTeams-image-4-300x200.jpg 300w, https:\/\/gumi.hu\/blog\/wp-content\/uploads\/2022\/04\/MicrosoftTeams-image-4-768x512.jpg 768w, https:\/\/gumi.hu\/blog\/wp-content\/uploads\/2022\/04\/MicrosoftTeams-image-4-1536x1025.jpg 1536w, https:\/\/gumi.hu\/blog\/wp-content\/uploads\/2022\/04\/MicrosoftTeams-image-4-696x464.jpg 696w, https:\/\/gumi.hu\/blog\/wp-content\/uploads\/2022\/04\/MicrosoftTeams-image-4-1068x713.jpg 1068w, https:\/\/gumi.hu\/blog\/wp-content\/uploads\/2022\/04\/MicrosoftTeams-image-4-630x420.jpg 630w, https:\/\/gumi.hu\/blog\/wp-content\/uploads\/2022\/04\/MicrosoftTeams-image-4.jpg 1980w\" sizes=\"(max-width: 1024px) 100vw, 1024px\" \/><figcaption class=\"wp-element-caption\">Car wheel braking system. Modern car brake disc with caliper.<\/figcaption><\/figure>\n\n\n\n<h2 class=\"wp-block-heading\"><strong>Gyakori k\u00e9rd\u00e9sek f\u00e9kcsere kapcs\u00e1n<\/strong><\/h2>\n\n\n\n<h3 class=\"wp-block-heading\"><strong>Mi az a f\u00e9kolaj?<\/strong><\/h3>\n\n\n\n<p>A f\u00e9kolaj, m\u00e1sn\u00e9ven f\u00e9kfolyad\u00e9k, feladata a f\u0151f\u00e9khengerben keletkezett nyom\u00e1s transzfer\u00e1l\u00e1sa a f\u00e9kmunkahengerek \u00e9s f\u00e9knyergek fel\u00e9. A modern hidraulikus f\u00e9krendszerek mindegyike haszn\u00e1l f\u00e9kfolyad\u00e9kot. Fontos, hogy v\u00e9szf\u00e9kez\u00e9seket k\u00f6vet\u0151en bubor\u00e9kok k\u00e9pz\u0151dhetnek a f\u00e9kolajban, amelyek cs\u00f6kkentik a f\u00e9kfolyad\u00e9k hat\u00e9konys\u00e1g\u00e1t.<\/p>\n\n\n\n<p>A f\u00e9kfolyad\u00e9k v\u00edzmegk\u00f6t\u0151 higroszk\u00f3pus tulajdons\u00e1ga miatt az adott min\u0151s\u00e9g\u0171 f\u00e9kfolyad\u00e9k forr\u00e1spotja id\u0151vel cs\u00f6kken. \u00cdgy a f\u00e9kez\u00e9s sor\u00e1n fell\u00e9p\u0151 t\u00f6bblet h\u0151hat\u00e1s miatt bubor\u00e9kk\u00e9pz\u0151d\u00e9s l\u00e9phet fel. A f\u00e9kped\u00e1l beeshet.<\/p>\n\n\n\n<h3 class=\"wp-block-heading\"><strong>Milyen gyakran sz\u00fcks\u00e9ges a f\u00e9kolaj csere?<\/strong><\/h3>\n\n\n\n<p>A f\u00e9kolaj csere ideje aut\u00f3t\u00edpusonk\u00e9nt elt\u00e9rhet, \u00edgy azt javasoljuk, mindig k\u00f6vesse a gy\u00e1rt\u00f3i instrukci\u00f3kat a f\u00e9kolaj csereperi\u00f3dus meg\u00e1llap\u00edt\u00e1s\u00e1hoz. \u00c1ltal\u00e1ban 40000-45000 kilom\u00e9ter megt\u00e9tel\u00e9t k\u00f6vet\u0151en sz\u00fcks\u00e9ges a f\u00e9kfolyad\u00e9k cser\u00e9je.<\/p>\n\n\n\n<h3 class=\"wp-block-heading\"><strong>Mit jelent a f\u00e9kgyeng\u00fcl\u00e9s?<\/strong><\/h3>\n\n\n\n<p>A f\u00e9kgyeng\u00fcl\u00e9s jelent\u00e9se a f\u00e9ker\u0151 r\u00e9szleges vagy teljes megsz\u0171n\u00e9se. Ez a f\u00e9krendszer meghib\u00e1sod\u00e1sa miatt k\u00f6vetkezik be. \u00c1ltal\u00e1ban az okozza, hogy a f\u00e9kbet\u00e9t \u00e9s f\u00e9kt\u00e1rcsa egym\u00e1shoz s\u00farl\u00f3d\u00e1sa nem fejt ki el\u00e9g f\u00e9ker\u0151t a g\u00e9pj\u00e1rm\u0171 gyors meg\u00e1ll\u00edt\u00e1s\u00e1hoz.<\/p>\n\n\n\n<h3 class=\"wp-block-heading\"><strong>Mi az a \u201cf\u00e9k bekoptat\u00e1s\u201d?<\/strong><\/h3>\n\n\n\n<p>Amikor a f\u00e9kt\u00e1rcs\u00e1t \u00e9s\/vagy f\u00e9kbet\u00e9tet lecser\u00e9lik, a k\u00e9t f\u00e9k alkatr\u00e9sz nem illeszkedik t\u00f6k\u00e9letesen egym\u00e1shoz. Amennyiben hirtelen nagyon felmelegedik a f\u00e9kbet\u00e9t a felrak\u00e1st k\u00f6vet\u0151en, a s\u00farl\u00f3d\u00e1si h\u0151 miatt deform\u00e1l\u00f3dhat. \u00cdgy f\u00e9kcser\u00e9t k\u00f6vet\u0151en nem c\u00e9lszer\u0171 egyb\u0151l a megszokott vezet\u00e9si st\u00edlusunk szerint k\u00f6zlekedni. A f\u00e9k bekoptat\u00e1sa eset\u00e9n annyi a teend\u0151nk, hogy ker\u00fclj\u00fck a tart\u00f3s v\u00e9szf\u00e9kez\u00e9sszer\u0171 lass\u00edt\u00e1sokat indokolatlanul az els\u0151 500 kilom\u00e9teren.<\/p>\n\n\n\n<h3 class=\"wp-block-heading\"><strong>F\u00e9kcsere ut\u00e1n haszn\u00e1lhat\u00f3 egyb\u0151l az aut\u00f3?<\/strong><\/h3>\n\n\n\n<p>Igen, a f\u00e9kcsere ut\u00e1n haszn\u00e1lhat\u00f3 egyb\u0151l az aut\u00f3. Azonban \u00e9rdemes a f\u00e9k bekoptat\u00e1s m\u00f3dszer\u00e9t alkalmazni, hogy a hirtelen fell\u00e9p\u0151 h\u0151sokkt\u00f3l ne deform\u00e1l\u00f3djanak az \u00faj f\u00e9kalkatr\u00e9szek.<\/p>\n\n\n\n<h3 class=\"wp-block-heading\"><strong>F\u00e9kbet\u00e9t csere \u00e1r: mennyibe ker\u00fcl a f\u00e9kbet\u00e9t csere?<\/strong><\/h3>\n\n\n\n<p>\u00c1rlist\u00e1nkat megtal\u00e1lja<strong> <a href=\"https:\/\/gumi.hu\/szolgaltatasok#fek_javitas\" target=\"_blank\" rel=\"noreferrer noopener\">ITT<\/a><\/strong><\/p>\n\n\n\n<h3 class=\"wp-block-heading\"><strong>F\u00e9kfolyad\u00e9k csere \u00e1r: mennyibe ker\u00fcl a f\u00e9kfolyad\u00e9k csere?<\/strong><\/h3>\n\n\n\n<p>\u00c1rlist\u00e1nkat megtal\u00e1lja<strong> <a href=\"https:\/\/gumi.hu\/szolgaltatasok#fek_javitas\" target=\"_blank\" rel=\"noreferrer noopener\">ITT<\/a><\/strong><\/p>\n\n\n\n<p><a href=\"https:\/\/gumi.hu\/autoszerviz-online\" target=\"_blank\" rel=\"noreferrer noopener\"><strong>Elj\u00f6tt a f\u00e9kcsere ideje? Foglaljon id\u0151pontot most professzion\u00e1lis szervizeink egyik\u00e9be!<\/strong><\/a><\/p>\n\n\n\n<div class=\"wp-block-buttons is-horizontal is-content-justification-center is-layout-flex wp-container-core-buttons-is-layout-499968f5 wp-block-buttons-is-layout-flex\">\n<div class=\"wp-block-button\"><a class=\"wp-block-button__link has-text-color has-background wp-element-button\" href=\"https:\/\/gumi.hu\/autoszerviz-online\" style=\"border-radius:1px;color:#333333;background-color:#fdd814\" target=\"_blank\" rel=\"noreferrer noopener\">ID\u0150PONTFOGLAL\u00c1S<\/a><\/div>\n<\/div>\n\n\n\n<p><strong>V\u00e1logasson kedv\u00e9re ny\u00e1ri gumi k\u00edn\u00e1latunkb\u00f3l, szereltesse \u00e1t orsz\u00e1gszerte t\u00f6bb, mint 200 helyen.<\/strong><\/p>\n\n\n\n<div class=\"wp-block-buttons is-horizontal is-content-justification-center is-layout-flex wp-container-core-buttons-is-layout-499968f5 wp-block-buttons-is-layout-flex\">\n<div class=\"wp-block-button\"><a class=\"wp-block-button__link has-text-color has-background wp-element-button\" href=\"https:\/\/gumi.hu\/autogumi\/nyari-gumi\" style=\"border-radius:1px;color:#333333;background-color:#fdd814\" target=\"_blank\" rel=\"noreferrer noopener\">Ny\u00e1ri gumiabroncsok<\/a><\/div>\n<\/div>\n\n\n\n<p><em>Ne maradjon le \u00fajdons\u00e1gainkr\u00f3l, akci\u00f3inkr\u00f3l, iratkozzon fel h\u00edrlevel\u00fcnkre!<\/em><\/p>\n\n\n\n<div class=\"wp-block-buttons is-horizontal is-content-justification-center is-layout-flex wp-container-core-buttons-is-layout-499968f5 wp-block-buttons-is-layout-flex\">\n<div class=\"wp-block-button\"><a class=\"wp-block-button__link has-text-color has-background wp-element-button\" href=\"https:\/\/gumi.hu\/#subscribe-to-newsletter\" style=\"border-radius:1px;color:#333333;background-color:#fdd814\" target=\"_blank\" rel=\"noreferrer noopener\">H\u00edrlev\u00e9l feliratkoz\u00e1s<\/a><\/div>\n<\/div>\n","protected":false},"excerpt":{"rendered":"<p>A f\u00e9kt\u00e1rcsa \u00e9s f\u00e9kbet\u00e9t kop\u00f3alkatr\u00e9szek, amelyeket id\u0151k\u00f6z\u00f6nk\u00e9nt cser\u00e9lni kell. A vezet\u00e9si st\u00edlus, a f\u00e9k alkatr\u00e9szek min\u0151s\u00e9ge \u00e9s a vezet\u00e9si szok\u00e1sok befoly\u00e1solj\u00e1k a f\u00e9kalkatr\u00e9szek \u00e9lettartam\u00e1t. Mikor aj\u00e1nlott a f\u00e9kbet\u00e9t \u00e9s a f\u00e9kt\u00e1rcsa cser\u00e9je? Mennyibe ker\u00fcl a f\u00e9kcsere? Mit jelent a \u201cf\u00e9k bekoptat\u00e1sa\u201d? Cikk\u00fcnkben megismerheti a f\u00e9kcsere sz\u00fcks\u00e9gess\u00e9g\u00e9re utal\u00f3 egy\u00e9rtelm\u0171 jeleket \u00e9s v\u00e1laszt kapahat a leggyakoribb k\u00e9rd\u00e9seire!<\/p>\n","protected":false},"author":2,"featured_media":8619,"comment_status":"closed","ping_status":"closed","sticky":false,"template":"","format":"standard","meta":{"footnotes":""},"categories":[1205,1185],"tags":[],"class_list":["post-8614","post","type-post","status-publish","format-standard","has-post-thumbnail","hentry","category-autoszerviz-3","category-tudastar"],"_links":{"self":[{"href":"https:\/\/gumi.hu\/blog\/wp-json\/wp\/v2\/posts\/8614","targetHints":{"allow":["GET"]}}],"collection":[{"href":"https:\/\/gumi.hu\/blog\/wp-json\/wp\/v2\/posts"}],"about":[{"href":"https:\/\/gumi.hu\/blog\/wp-json\/wp\/v2\/types\/post"}],"author":[{"embeddable":true,"href":"https:\/\/gumi.hu\/blog\/wp-json\/wp\/v2\/users\/2"}],"replies":[{"embeddable":true,"href":"https:\/\/gumi.hu\/blog\/wp-json\/wp\/v2\/comments?post=8614"}],"version-history":[{"count":4,"href":"https:\/\/gumi.hu\/blog\/wp-json\/wp\/v2\/posts\/8614\/revisions"}],"predecessor-version":[{"id":11692,"href":"https:\/\/gumi.hu\/blog\/wp-json\/wp\/v2\/posts\/8614\/revisions\/11692"}],"wp:featuredmedia":[{"embeddable":true,"href":"https:\/\/gumi.hu\/blog\/wp-json\/wp\/v2\/media\/8619"}],"wp:attachment":[{"href":"https:\/\/gumi.hu\/blog\/wp-json\/wp\/v2\/media?parent=8614"}],"wp:term":[{"taxonomy":"category","embeddable":true,"href":"https:\/\/gumi.hu\/blog\/wp-json\/wp\/v2\/categories?post=8614"},{"taxonomy":"post_tag","embeddable":true,"href":"https:\/\/gumi.hu\/blog\/wp-json\/wp\/v2\/tags?post=8614"}],"curies":[{"name":"wp","href":"https:\/\/api.w.org\/{rel}","templated":true}]}}