{"id":8701,"date":"2022-06-08T12:41:06","date_gmt":"2022-06-08T10:41:06","guid":{"rendered":"https:\/\/gumi.hu\/blog\/?p=8701"},"modified":"2026-01-07T15:38:58","modified_gmt":"2026-01-07T13:38:58","slug":"pollenszuro-csere","status":"publish","type":"post","link":"https:\/\/gumi.hu\/blog\/pollenszuro-csere\/","title":{"rendered":"Pollensz\u0171r\u0151 csere A-t\u00f3l Z-ig: minden, amit tudni \u00e9rdemes"},"content":{"rendered":"\n<p><strong>A pollensz\u0171r\u0151 (m\u00e1s n\u00e9ven utast\u00e9r sz\u0171r\u0151) feladata az aut\u00f3 utast\u00e9r\u00e9be \u00e1ramol\u00f3 leveg\u0151ben tal\u00e1lhat\u00f3 pollen, korom, por \u00e9s egy\u00e9b szennyez\u0151d\u00e9sek sz\u0171r\u00e9se. A konvencion\u00e1lis sz\u0171r\u0151k mellett el\u00e9rhet\u0151ek akt\u00edvszenes sz\u0171r\u0151k, amelyek a szil\u00e1rd szennyez\u0151d\u00e9seket t\u00fal a kellemetlen szagokat \u00e9s eg\u00e9szs\u00e9gre vesz\u00e9lyes g\u00e1zok egy r\u00e9sz\u00e9t is megk\u00f6tik. Mikor sz\u00fcks\u00e9ges a pollensz\u0171r\u0151 csere? Mi az akt\u00edvszenes utast\u00e9r sz\u0171r\u0151 el\u0151nye \u00e9s meg\u00e9ri a magasabb \u00e1rat? Cikk\u00fcnkben v\u00e1laszt kaphat a leggyakrabban felmer\u00fcl\u0151 k\u00e9rd\u00e9sekre!<\/strong><\/p>\n\n\n\n<h2 class=\"wp-block-heading\"><strong>Mi az a pollensz\u0171r\u0151?<\/strong><\/h2>\n\n\n\n<p>A l\u00e9gszennyez\u00e9s komoly eg\u00e9szs\u00e9g\u00fcgyi kock\u00e1zatot jelent.&nbsp; Az Eur\u00f3pai Uni\u00f3 tag\u00e1llamaiban 2019-ben a leveg\u0151ben tal\u00e1lhat\u00f3 apr\u00f3 r\u00e9szecsk\u00e9k, a l\u00e9gszennyezetts\u00e9g miatti kr\u00f3nikus nitrog\u00e9n-dioxid \u00e9s \u00f3zon szint \u00f6sszesen 364200 korai elhal\u00e1loz\u00e1shoz vezetett. B\u00e1r ez az \u00e9rt\u00e9k cs\u00f6kkent 2018-hoz k\u00e9pest a szigorod\u00f3 k\u00f6rnyezetv\u00e9delmi el\u0151\u00edr\u00e1soknak k\u00f6sz\u00f6nhet\u0151en, a l\u00e9gszennyezetts\u00e9g tov\u00e1bbra is sok Eur\u00f3pai nagyv\u00e1rost \u00e9rint\u0151 probl\u00e9ma.<\/p>\n\n\n\n<p>Az aut\u00f3 szell\u0151ztet\u0151 rendszere a kinti leveg\u0151t juttatja az utast\u00e9rbe. A h\u0171t\u00e9si- \u00e9s f\u0171t\u00e9si berendez\u00e9s haszn\u00e1latakor a k\u00fclt\u00e9ri leveg\u0151ben kering\u0151 szennyez\u0151d\u00e9s az utast\u00e9rbe ker\u00fclhet. A megfelel\u0151 l\u00e9gtiszt\u00edt\u00f3 n\u00e9lk\u00fcl ez fokozhatja a l\u00e9g\u00fati fert\u0151z\u00e9sek kock\u00e1zat\u00e1t. A pollensz\u0171r\u0151 olyan berendez\u00e9s, amely az utast\u00e9rbe \u00e1raml\u00f3 leveg\u0151t tiszt\u00edtja meg a port\u00f3l, pollenekt\u0151l, koromt\u00f3l, egy\u00e9b apr\u00f3 r\u00e9szecsk\u00e9kt\u0151l \u00e9s bizonyos eg\u00e9szs\u00e9gre vesz\u00e9lyes g\u00e1zokt\u00f3l. Az utast\u00e9r sz\u0171r\u0151 leggyakrabban a motort\u00e9rben vagy a bels\u0151 t\u00e9rben tal\u00e1lhat\u00f3. H\u00e1rom f\u0151 t\u00edpusa:<\/p>\n\n\n\n<ul class=\"wp-block-list\">\n<li><strong>Norm\u00e1l pollensz\u0171r\u0151: <\/strong>A norm\u00e1l utast\u00e9r sz\u0171r\u0151 els\u0151sorban a szil\u00e1rd szennyez\u0151d\u00e9sek sz\u0171r\u00e9s\u00e9re alkalmas. K\u00e9pes megk\u00f6tni a polleneket, port \u00e9s kormot. \u00c1ra \u00e1ltal\u00e1ban kedvez\u0151bb, mint az akt\u00edvszenes \u00e9s antibakteri\u00e1lis term\u00e9kek\u00e9.<\/li>\n\n\n\n<li><strong>Akt\u00edvszenes pollensz\u0171r\u0151: <\/strong>Az akt\u00edvszenes utast\u00e9rsz\u0171r\u0151 el\u0151nye, hogy az extra sz\u00e9nr\u00e9teg miatt k\u00e9pes az eg\u00e9szs\u00e9gre vesz\u00e9lyes g\u00e1zok egy r\u00e9sz\u00e9t megk\u00f6tni, \u00edgy tov\u00e1bbi v\u00e9delmet ny\u00fajthat az \u00f3zon \u00e9s a nitrog\u00e9n-dioxiddal szemben. H\u00e1tr\u00e1nya a magasabb \u00e1r.<\/li>\n\n\n\n<li><strong>Antibakteri\u00e1lis pollensz\u0171r\u0151: <\/strong>Maxim\u00e1lis v\u00e9delmet szeretne? A legmodernebb pollensz\u0171r\u0151 berendez\u00e9sek a fenti el\u0151ny\u00f6k mellett antibakteri\u00e1lis tulajdons\u00e1ggal b\u00edrnak. \u00cdgy a leveg\u0151 \u00e1ltal sz\u00e1ll\u00edtott bakt\u00e9rium fert\u0151z\u00e9sek egy r\u00e9sz\u00e9t semleges\u00edtik miel\u0151tt az utast\u00e9rbe \u00e9rhetn\u00e9nek.<\/li>\n<\/ul>\n\n\n\n<p>A rendszeres pollensz\u0171r\u0151 csere elengedhetetlen, ahhoz, hogy a sz\u0171r\u0151 meg\u0151rizze effektivit\u00e1s. A pollensz\u0171r\u0151 csereperi\u00f3dus term\u00e9kenk\u00e9nt elt\u00e9rhet, \u00e1ltal\u00e1ban 1 \u00e9v.<\/p>\n\n\n\n<figure class=\"wp-block-image size-large\"><img fetchpriority=\"high\" decoding=\"async\" width=\"1024\" height=\"683\" src=\"https:\/\/gumi.hu\/blog\/wp-content\/uploads\/2022\/06\/car-ventilation-system-automobile-air-conditioner-cooling-technology-modern-luxury-vehicle-photo-1024x683.jpg\" alt=\"pollensz\u0171r\u0151 csere\" class=\"wp-image-8702\" title=\"\" srcset=\"https:\/\/gumi.hu\/blog\/wp-content\/uploads\/2022\/06\/car-ventilation-system-automobile-air-conditioner-cooling-technology-modern-luxury-vehicle-photo-1024x683.jpg 1024w, https:\/\/gumi.hu\/blog\/wp-content\/uploads\/2022\/06\/car-ventilation-system-automobile-air-conditioner-cooling-technology-modern-luxury-vehicle-photo-300x200.jpg 300w, https:\/\/gumi.hu\/blog\/wp-content\/uploads\/2022\/06\/car-ventilation-system-automobile-air-conditioner-cooling-technology-modern-luxury-vehicle-photo-768x512.jpg 768w, https:\/\/gumi.hu\/blog\/wp-content\/uploads\/2022\/06\/car-ventilation-system-automobile-air-conditioner-cooling-technology-modern-luxury-vehicle-photo-1536x1024.jpg 1536w, https:\/\/gumi.hu\/blog\/wp-content\/uploads\/2022\/06\/car-ventilation-system-automobile-air-conditioner-cooling-technology-modern-luxury-vehicle-photo-696x464.jpg 696w, https:\/\/gumi.hu\/blog\/wp-content\/uploads\/2022\/06\/car-ventilation-system-automobile-air-conditioner-cooling-technology-modern-luxury-vehicle-photo-1068x712.jpg 1068w, https:\/\/gumi.hu\/blog\/wp-content\/uploads\/2022\/06\/car-ventilation-system-automobile-air-conditioner-cooling-technology-modern-luxury-vehicle-photo-630x420.jpg 630w, https:\/\/gumi.hu\/blog\/wp-content\/uploads\/2022\/06\/car-ventilation-system-automobile-air-conditioner-cooling-technology-modern-luxury-vehicle-photo.jpg 1920w\" sizes=\"(max-width: 1024px) 100vw, 1024px\" \/><\/figure>\n\n\n\n<h2 class=\"wp-block-heading\"><strong>Mi\u00e9rt fontos a pollensz\u0171r\u0151 csere?<\/strong><\/h2>\n\n\n\n<p>Az \u200b\u200butast\u00e9rsz\u0171r\u0151 a haszn\u00e1lat sor\u00e1n vesz\u00edt l\u00e9gtiszt\u00edt\u00f3 k\u00e9pess\u00e9g\u00e9b\u0151l. A kezdeti hat\u00e9konys\u00e1g id\u0151vel egyre alacsonyabb lesz. A pollensz\u0171r\u0151 csereperi\u00f3dus \u00e1ltal\u00e1ban egy \u00e9v. A tavaszi aut\u00f3kl\u00edma tiszt\u00edt\u00e1s sor\u00e1n szokott sor ker\u00fclni pollensz\u0171r\u0151 cser\u00e9re. A csere hi\u00e1ny\u00e1ban:<\/p>\n\n\n\n<ul class=\"wp-block-list\">\n<li>cs\u00f6kken a szil\u00e1rd szennyez\u0151d\u00e9sek megk\u00f6t\u00e9s\u00e9nek m\u00e9rt\u00e9ke,<\/li>\n\n\n\n<li>romlik a szagredukci\u00f3s k\u00e9pess\u00e9g,<\/li>\n\n\n\n<li>cs\u00f6kken az eg\u00e9szs\u00e9g k\u00e1ros\u00edt\u00f3 g\u00e1zok sz\u0171r\u00e9si hat\u00e9konys\u00e1ga \u00e9s<\/li>\n\n\n\n<li>antibakteri\u00e1lis r\u00e9teggel rendelkez\u0151 term\u00e9kekn\u00e9l a bakteri\u00e1lis fert\u0151z\u00e9sek elleni v\u00e9delem is romlik.<\/li>\n<\/ul>\n\n\n\n<h2 class=\"wp-block-heading\"><strong>Gyakori k\u00e9rd\u00e9sek \u00e9s v\u00e1laszok<\/strong><\/h2>\n\n\n\n<h3 class=\"wp-block-heading\"><strong>Mi a pollensz\u0171r\u0151 feladata?<\/strong><\/h3>\n\n\n\n<p>A pollensz\u0171r\u0151 feladata az utast\u00e9rbe \u00e1raml\u00f3 leveg\u0151 megtiszt\u00edt\u00e1sa a szennyez\u0151d\u00e9sekt\u0151l. Szil\u00e1rd szennyez\u0151d\u00e9s lehet a por, pollen \u00e9s a korom. A modern akt\u00edvszenes \u00e9s antibakteri\u00e1lis r\u00e9teggel rendelkez\u0151 utast\u00e9r sz\u0171r\u0151k k\u00e9pesek az eg\u00e9szs\u00e9gk\u00e1ros\u00edt\u00f3 g\u00e1zok \u00e9s bakt\u00e9riumok egy r\u00e9sz\u00e9t is megk\u00f6tni.<\/p>\n\n\n\n<h3 class=\"wp-block-heading\"><strong>Pollensz\u0171r\u0151 csereperi\u00f3dus: milyen gyakran \u00e9rdemes cser\u00e9lni a pollensz\u0171r\u0151t?<\/strong><\/h3>\n\n\n\n<p>A pollensz\u0171r\u0151 csereperi\u00f3dus term\u00e9kenk\u00e9nt elt\u00e9rhet. A legt\u00f6bb utast\u00e9r sz\u0171r\u0151t \u00e9vente \u00e9rdemes cser\u00e9lni. Amennyiben az annu\u00e1lis csere elmarad, cs\u00f6kken a term\u00e9k sz\u0171r\u0151k\u00e9pess\u00e9ge. \u00c1ltal\u00e1ban a tavaszi nagy szerviz alkalm\u00e1val az aut\u00f3kl\u00edma tiszt\u00edt\u00e1ssal egy\u00fctt cser\u00e9lik.<\/p>\n\n\n\n<h3 class=\"wp-block-heading\"><strong>Mi az akt\u00edvszenes pollensz\u0171r\u0151 el\u0151nye?<\/strong><\/h3>\n\n\n\n<p>Az akt\u00edvszenes pollensz\u0171r\u0151 el\u0151nye a hat\u00e9konyabb sz\u0171r\u0151k\u00e9pess\u00e9g. Az extra akt\u00edvsz\u00e9n r\u00e9tegnek k\u00f6sz\u00f6nhet\u0151en nem csup\u00e1n a szil\u00e1rd szennyez\u0151d\u00e9seket k\u00e9pes megk\u00f6tni, hanem az eg\u00e9szs\u00e9gre vesz\u00e9lyes g\u00e1zokat egy r\u00e9sz\u00e9t is. A nagyobb v\u00e9delem miatt, javasoljuk, hogy v\u00e1lassza a dr\u00e1g\u00e1bb, de efekt\u00edvebb akt\u00edvszenes pollensz\u0171r\u0151ket.<\/p>\n\n\n\n<h3 class=\"wp-block-heading\"><strong>Mennyibe ker\u00fcl az aut\u00f3 pollensz\u0171r\u0151?<\/strong><\/h3>\n\n\n\n<p>Az aut\u00f3 pollensz\u0171r\u0151 \u00e1ra orsz\u00e1gos lefedetts\u00e9g\u0171, professzion\u00e1lis szerviz\u00fcnkben az al\u00e1bbiakban el\u00e9rhet\u0151<\/p>\n\n\n\n<div class=\"wp-block-buttons is-horizontal is-content-justification-center is-layout-flex wp-container-core-buttons-is-layout-499968f5 wp-block-buttons-is-layout-flex\">\n<div class=\"wp-block-button\"><a class=\"wp-block-button__link has-text-color has-background wp-element-button\" href=\"https:\/\/gumi.hu\/szolgaltatasok#gumiszerviz\" style=\"border-radius:1px;color:#333333;background-color:#fdd814\" target=\"_blank\" rel=\"noreferrer noopener\">\u00c1RLISTA<\/a><\/div>\n<\/div>\n\n\n\n<h3 class=\"wp-block-heading\"><strong>Pollensz\u0171r\u0151 cser\u00e9je elv\u00e9gezhet\u0151 szakember seg\u00edts\u00e9ge n\u00e9lk\u00fcl is?<\/strong><\/h3>\n\n\n\n<p>A pollensz\u0171r\u0151 cser\u00e9je elv\u00e9gezhet\u0151 szakember seg\u00edts\u00e9ge n\u00e9lk\u00fcl is. A legt\u00f6bb term\u00e9k eset\u00e9n r\u00e9szletes instrukci\u00f3kat tal\u00e1l a cser\u00e9hez. Fontos, hogy a helytelen\u00fcl telep\u00edtett \u200b\u200butast\u00e9rsz\u0171r\u0151 l\u00e9gsz\u0171r\u0151 k\u00e9pess\u00e9ge alacsony. Amennyiben biztosra szeretne menni, k\u00e9rje szakember seg\u00edts\u00e9g\u00e9t!&nbsp;<\/p>\n\n\n\n<h2 class=\"wp-block-heading\"><strong>\u00d6sszefoglal\u00e1s<\/strong><\/h2>\n\n\n\n<p>A l\u00e9gszennyezetts\u00e9g sz\u00e1mos kr\u00f3nikus betegs\u00e9g kock\u00e1zat\u00e1t n\u00f6veli. A leveg\u0151ben kering\u0151 szil\u00e1rd \u00e9s g\u00e1znem\u0171 szennyez\u0151d\u00e9sek eg\u00e9szs\u00e9g\u00fcgyi probl\u00e9m\u00e1k kialakul\u00e1s\u00e1hoz vezethetnek. A szem\u00e9lyg\u00e9pj\u00e1rm\u0171vek szell\u0151ztet\u0151 rendszere a k\u00fclt\u00e9ri leveg\u0151t juttatja az aut\u00f3ba. A pollensz\u0171r\u0151 olyan berendez\u00e9s, amely seg\u00edt a por, pollen, korom \u00e9s egy\u00e9b szennyez\u0151d\u00e9sek megk\u00f6t\u00e9s\u00e9ben. A rendszeres pollensz\u0171r\u0151 csere garant\u00e1lja, hogy a berendez\u00e9s hat\u00e9konyan m\u0171k\u00f6dj\u00f6n.<\/p>\n\n\n\n<p><a href=\"https:\/\/gumi.hu\/autoszerviz-online\"><strong>B\u00edzza szak\u00e9rt\u0151kre a pollensz\u0171r\u0151 cser\u00e9t \u00e9s foglaljon k\u00e9nyelmesen id\u0151pontot online!<\/strong><\/a><\/p>\n\n\n\n<div class=\"wp-block-buttons is-horizontal is-content-justification-center is-layout-flex wp-container-core-buttons-is-layout-499968f5 wp-block-buttons-is-layout-flex\">\n<div class=\"wp-block-button\"><a class=\"wp-block-button__link has-text-color has-background wp-element-button\" href=\"https:\/\/gumi.hu\/autoszerviz-online\" style=\"border-radius:1px;color:#333333;background-color:#fdd814\" target=\"_blank\" rel=\"noreferrer noopener\">ID\u0150PONTFOGLAL\u00c1S<\/a><\/div>\n<\/div>\n\n\n\n<p><strong>V\u00e1logasson kedv\u00e9re ny\u00e1ri gumi k\u00edn\u00e1latunkb\u00f3l, szereltesse \u00e1t orsz\u00e1gszerte t\u00f6bb, mint 200 helyen.<\/strong><\/p>\n\n\n\n<div class=\"wp-block-buttons is-horizontal is-content-justification-center is-layout-flex wp-container-core-buttons-is-layout-499968f5 wp-block-buttons-is-layout-flex\">\n<div class=\"wp-block-button\"><a class=\"wp-block-button__link has-text-color has-background wp-element-button\" href=\"https:\/\/gumi.hu\/autogumi\/nyari-gumi\" style=\"border-radius:1px;color:#333333;background-color:#fdd814\">Ny\u00e1ri gumiabroncsok<\/a><\/div>\n<\/div>\n\n\n\n<p><em>Ne maradjon le \u00fajdons\u00e1gainkr\u00f3l, akci\u00f3inkr\u00f3l, iratkozzon fel h\u00edrlevel\u00fcnkre!<\/em><\/p>\n\n\n\n<div class=\"wp-block-buttons is-horizontal is-content-justification-center is-layout-flex wp-container-core-buttons-is-layout-499968f5 wp-block-buttons-is-layout-flex\">\n<div class=\"wp-block-button\"><a class=\"wp-block-button__link has-text-color has-background wp-element-button\" href=\"https:\/\/gumi.hu\/#subscribe-to-newsletter\" style=\"border-radius:1px;color:#333333;background-color:#fdd814\" target=\"_blank\" rel=\"noreferrer noopener\">H\u00edrlev\u00e9l feliratkoz\u00e1s<\/a><\/div>\n<\/div>\n","protected":false},"excerpt":{"rendered":"<p>A pollensz\u0171r\u0151 (m\u00e1s n\u00e9ven utast\u00e9r sz\u0171r\u0151) feladata az aut\u00f3 utast\u00e9r\u00e9be \u00e1ramol\u00f3 leveg\u0151ben tal\u00e1lhat\u00f3 pollen, korom, por \u00e9s egy\u00e9b szennyez\u0151d\u00e9sek sz\u0171r\u00e9se. A konvencion\u00e1lis sz\u0171r\u0151k mellett el\u00e9rhet\u0151ek akt\u00edvszenes sz\u0171r\u0151k, amelyek a szil\u00e1rd szennyez\u0151d\u00e9seket t\u00fal a kellemetlen szagokat \u00e9s eg\u00e9szs\u00e9gre vesz\u00e9lyes g\u00e1zok egy r\u00e9sz\u00e9t is megk\u00f6tik. Mikor sz\u00fcks\u00e9ges a pollensz\u0171r\u0151 csere? Mi az akt\u00edvszenes utast\u00e9r sz\u0171r\u0151 el\u0151nye \u00e9s<\/p>\n","protected":false},"author":2,"featured_media":8703,"comment_status":"closed","ping_status":"closed","sticky":false,"template":"","format":"standard","meta":{"footnotes":""},"categories":[1205,1185],"tags":[],"class_list":["post-8701","post","type-post","status-publish","format-standard","has-post-thumbnail","hentry","category-autoszerviz-3","category-tudastar"],"_links":{"self":[{"href":"https:\/\/gumi.hu\/blog\/wp-json\/wp\/v2\/posts\/8701","targetHints":{"allow":["GET"]}}],"collection":[{"href":"https:\/\/gumi.hu\/blog\/wp-json\/wp\/v2\/posts"}],"about":[{"href":"https:\/\/gumi.hu\/blog\/wp-json\/wp\/v2\/types\/post"}],"author":[{"embeddable":true,"href":"https:\/\/gumi.hu\/blog\/wp-json\/wp\/v2\/users\/2"}],"replies":[{"embeddable":true,"href":"https:\/\/gumi.hu\/blog\/wp-json\/wp\/v2\/comments?post=8701"}],"version-history":[{"count":4,"href":"https:\/\/gumi.hu\/blog\/wp-json\/wp\/v2\/posts\/8701\/revisions"}],"predecessor-version":[{"id":11697,"href":"https:\/\/gumi.hu\/blog\/wp-json\/wp\/v2\/posts\/8701\/revisions\/11697"}],"wp:featuredmedia":[{"embeddable":true,"href":"https:\/\/gumi.hu\/blog\/wp-json\/wp\/v2\/media\/8703"}],"wp:attachment":[{"href":"https:\/\/gumi.hu\/blog\/wp-json\/wp\/v2\/media?parent=8701"}],"wp:term":[{"taxonomy":"category","embeddable":true,"href":"https:\/\/gumi.hu\/blog\/wp-json\/wp\/v2\/categories?post=8701"},{"taxonomy":"post_tag","embeddable":true,"href":"https:\/\/gumi.hu\/blog\/wp-json\/wp\/v2\/tags?post=8701"}],"curies":[{"name":"wp","href":"https:\/\/api.w.org\/{rel}","templated":true}]}}