{"id":8922,"date":"2022-08-03T13:27:05","date_gmt":"2022-08-03T11:27:05","guid":{"rendered":"https:\/\/gumi.hu\/blog\/?p=8922"},"modified":"2026-01-07T15:51:57","modified_gmt":"2026-01-07T13:51:57","slug":"defektjavito-keszlet-hasznalata","status":"publish","type":"post","link":"https:\/\/gumi.hu\/blog\/defektjavito-keszlet-hasznalata\/","title":{"rendered":"A defektjav\u00edt\u00f3 k\u00e9szlet haszn\u00e1lata l\u00e9p\u00e9sr\u0151l-l\u00e9p\u00e9sre"},"content":{"rendered":"\n<p><strong>A gumiabroncsokat \u00e9rt egyik leggyakoribb meghib\u00e1sod\u00e1s a defekt. A fut\u00f3fel\u00fcletben keletkezett szerkezeti s\u00e9r\u00fcl\u00e9st idegen t\u00e1rgy vagy k\u00fcls\u0151 er\u0151behat\u00e1s okozza. A cs\u00f6kkent guminyom\u00e1s eredm\u00e9nyek\u00e9ppen az abroncs haszn\u00e1lhatatlann\u00e1 v\u00e1lhat r\u00f6vid id\u0151n bel\u00fcl. A kellemetlen \u00e9s vesz\u00e9lyes abroncs s\u00e9r\u00fcl\u00e9s jav\u00edt\u00e1s\u00e1ra sz\u00e1mos m\u00f3dszer l\u00e9tezik: defektjav\u00edt\u00f3 k\u00e9szlet, p\u00f3tker\u00e9k, defektt\u0171r\u0151 gumi. Cikk\u00fcnk t\u00e9m\u00e1ja a defektjav\u00edt\u00f3 k\u00e9szlet haszn\u00e1lata, amely egyszer\u0171 \u00e9s gyorsan elsaj\u00e1t\u00edthat\u00f3. Tov\u00e1bb\u00e1 bemutatjuk az el\u00e9rhet\u0151 alternat\u00edv defektjav\u00edt\u00e1si m\u00f3dszereket.<\/strong><\/p>\n\n\n\n<h2 class=\"wp-block-heading\"><strong>Defektjav\u00edt\u00f3 k\u00e9szlet, p\u00f3tker\u00e9k vagy defektt\u0171r\u0151 gumi: mit v\u00e1lasszak?<\/strong><\/h2>\n\n\n\n<h3 class=\"wp-block-heading\"><strong>1. Defektjav\u00edt\u00f3 k\u00e9szlet<\/strong><\/h3>\n\n\n\n<p>A defektjav\u00edt\u00f3 k\u00e9szlet a kisebb m\u00e9ret\u0171 abroncsot \u00e9rt s\u00e9r\u00fcl\u00e9sek \u00e1tmeneti korrig\u00e1l\u00e1s\u00e1ra haszn\u00e1lt aut\u00f3felszerel\u00e9s. Haszn\u00e1lata egyszer\u0171 \u00e9s gyorsan elsaj\u00e1t\u00edthat\u00f3. Nem p\u00f3tolja a gumicser\u00e9t, azonban olyan esetekben, amikor nem \u00e1ll rendelkez\u00e9sre p\u00f3tker\u00e9k, hasznos megold\u00e1st jelenthet a defekt kezel\u00e9s\u00e9re.<\/p>\n\n\n\n<p><strong>Defektjav\u00edt\u00f3 k\u00e9szlet el\u0151nyei:<\/strong><\/p>\n\n\n\n<ul class=\"wp-block-list\"><li>Gyors \u00e9s azonnali megold\u00e1st jelent a defekt kezel\u00e9s\u00e9re.<\/li><li>Haszn\u00e1lata egyszer\u0171 \u00e9s az instrukci\u00f3k elolvas\u00e1s\u00e1val gyorsan elsaj\u00e1t\u00edthat\u00f3.<\/li><li>A defektjav\u00edt\u00f3 k\u00e9szlet \u00e1ra kedvez\u0151 \u00e9s a legt\u00f6bb aut\u00f3s \u00fczletben megv\u00e1s\u00e1rolhat\u00f3.<\/li><li>Biztons\u00e1gos \u00e1tmeneti megold\u00e1st jelent kisebb abroncs s\u00e9r\u00fcl\u00e9sek eset\u00e9n.<\/li><\/ul>\n\n\n\n<p><strong>Defektjav\u00edt\u00f3 k\u00e9szlet h\u00e1tr\u00e1nyai:<\/strong><\/p>\n\n\n\n<ul class=\"wp-block-list\"><li>H\u00e1tr\u00e1nya, hogy nagym\u00e9ret\u0171 szakad\u00e1sos gumi s\u00e9r\u00fcl\u00e9sekn\u00e9l, illetve az oldalfalat \u00e9rt szerkezeti s\u00e9r\u00fcl\u00e9sekn\u00e9l nem haszn\u00e1lhat\u00f3.<\/li><li>A defektjav\u00edt\u00f3 haszn\u00e1lat\u00e1t k\u00f6vet\u0151en cs\u00f6kkentett sebess\u00e9ggel k\u00f6zlekedhet. A maxim\u00e1lis megengedett sebess\u00e9g minden esetben szerepel a k\u00e9szlet term\u00e9kle\u00edr\u00e1s\u00e1ban. Sokszor figyelmeztet\u0151 matrica is tal\u00e1lhat\u00f3 a felszerel\u00e9sben.<\/li><li>Nem csup\u00e1n a sebess\u00e9g, de a maxim\u00e1lisan megtehet\u0151 t\u00e1vols\u00e1g is korl\u00e1tozott. \u00c1ltal\u00e1ban a legnagyobb t\u00e1vols\u00e1g, amelyet a defektjav\u00edt\u00e1st k\u00f6vet\u0151en megtehet egy aut\u00f3, 200 kilom\u00e9ter.<\/li><li>T\u00f6bb defektjav\u00edt\u00f3 k\u00e9szlet er\u0151s, irrit\u00e1l\u00f3 vegyszer szag\u00fa.<\/li><li>A defektjav\u00edt\u00f3 k\u00e9szlet haszn\u00e1lat\u00e1t k\u00f6vet\u0151en minden esetben cser\u00e9lni sz\u00fcks\u00e9ges a gumikat, \u00e9s a <a href=\"https:\/\/gumi.hu\/blog\/2020\/11\/tpms-rendszer\/\">TPMS szenzort<\/a> is.<\/li><\/ul>\n\n\n\n<div class=\"wp-block-buttons is-content-justification-center is-layout-flex wp-block-buttons-is-layout-flex\">\n<div class=\"wp-block-button\"><a class=\"wp-block-button__link has-text-color has-background\" href=\"https:\/\/gumi.hu\/idopontfoglalas\" style=\"border-radius:1px;background-color:#fdd814;color:#333333\" target=\"_blank\" rel=\"noreferrer noopener\"> ID\u0150PONTFOGLAL\u00c1S<\/a><\/div>\n<\/div>\n\n\n\n<h3 class=\"wp-block-heading\"><strong>2. P\u00f3tker\u00e9k (ker\u00e9kcsere)<\/strong><\/h3>\n\n\n\n<p>Szakad\u00e1s tal\u00e1lhat\u00f3 a fut\u00f3fel\u00fcleten? Oldalfali s\u00e9r\u00fcl\u00e9s \u00e9rte a kereket? Ilyenkor kiz\u00e1r\u00f3lag a p\u00f3tker\u00e9k seg\u00edthet.<\/p>\n\n\n\n<p><strong>Ker\u00e9kcsere el\u0151nyei:<\/strong><\/p>\n\n\n\n<ul class=\"wp-block-list\"><li>Biztons\u00e1gos megold\u00e1st jelent ak\u00e1rmilyen ker\u00e9k s\u00e9r\u00fcl\u00e9s eset\u00e9n.<\/li><li>P\u00f3tker\u00e9k haszn\u00e1lat\u00e1val teljesnorm\u00e1l menetsebess\u00e9ggel k\u00f6zlekedhet.<\/li><li>Tov\u00e1bbi el\u0151ny, hogy a menett\u00e1vols\u00e1got sem sz\u00fcks\u00e9ges cs\u00f6kkenteni.<\/li><\/ul>\n\n\n\n<p><strong>Ker\u00e9kcsere h\u00e1tr\u00e1nyai:<\/strong><\/p>\n\n\n\n<ul class=\"wp-block-list\"><li>A ker\u00e9kcsere id\u0151ig\u00e9nyes feladat. Tapasztalt szem\u00e9lyek sz\u00e1m\u00e1ra is 30-60 perces feladat lehet.<\/li><li>A le\u00e1ll\u00f3s\u00e1vban meg\u00e1llni, a megfelel\u0151 \u00f3vint\u00e9zked\u00e9sek ellen\u00e9re is vesz\u00e9lyes.<\/li><li>Egy megbesz\u00e9l\u00e9sre k\u00e9sz\u00fcl \u00e9s eleg\u00e1ns ruh\u00e1t visel? Akkor lehet, hogy \u00e9rdemes ink\u00e1bb aut\u00f3ment\u0151t h\u00edvni! A ker\u00e9kcser\u00e9t nem lehet meg\u00faszni tiszta ruh\u00e1ban!<\/li><li>B\u00e1r a kell\u0151 el\u0151k\u00e9sz\u00fcletekkel ak\u00e1r egy laikus is k\u00e9pes szakszer\u0171en elv\u00e9gezni a p\u00f3tker\u00e9k felhelyez\u00e9s\u00e9t, de amennyiben nem ismeri a munkafolyamat l\u00e9p\u00e9seit, k\u00e9rje szakember seg\u00edts\u00e9g\u00e9t.<\/li><\/ul>\n\n\n\n<h3 class=\"wp-block-heading\"><strong>3. Defektt\u0171r\u0151 gumi<\/strong><\/h3>\n\n\n\n<p>A <a href=\"https:\/\/gumi.hu\/blog\/2021\/12\/defektturo-gumi\/\">defektt\u0171r\u0151 gumi<\/a> meger\u0151s\u00edtett oldalfal\u00fa abroncs, gyakran nevezik \u00f6nhord\u00f3 oldalfal\u00fa guminak a kem\u00e9ny oldalfalak miatt. Seg\u00edthet abban, hogy gumi s\u00e9r\u00fcl\u00e9s eset\u00e9n a legk\u00f6zelebbi benzinkutat vagy gumiszervizt el\u00e9rhesse.<\/p>\n\n\n\n<p><strong>Defektt\u0171r\u0151 gumi el\u0151nyei:<\/strong><\/p>\n\n\n\n<ul class=\"wp-block-list\"><li>A gumit \u00e9rt s\u00e9r\u00fcl\u00e9s k\u00f6vetkezt\u00e9ben fell\u00e9p\u0151 nyom\u00e1scs\u00f6kken\u00e9s ellen\u00e9re is \u00fczemk\u00e9pes maradhat.<\/li><li>Cs\u00f6kkenti a durrdefekt kock\u00e1zat\u00e1t, \u00edgy biztons\u00e1gosabb\u00e1 teszi a vezet\u00e9st.<\/li><\/ul>\n\n\n\n<p><strong>Defektt\u0171r\u0151 gumi h\u00e1tr\u00e1nyai:<\/strong><\/p>\n\n\n\n<ul class=\"wp-block-list\"><li>A defektt\u0171r\u0151 gumi \u00e1ltal\u00e1ban 30%-kal dr\u00e1g\u00e1bb a hagyom\u00e1nyos abroncsokn\u00e1l.<\/li><li>Csak olyan aut\u00f3n haszn\u00e1lhat\u00f3, amely rendelkezik abroncsnyom\u00e1s-ellen\u0151rz\u0151 rendszerrel (TPMS).<\/li><li>Mind\u00f6ssze 50-80 kilom\u00e9ter tehet\u0151 meg s\u00e9r\u00fclt defektt\u0171r\u0151 gumival.<\/li><li>Meghib\u00e1sodott defektt\u0171r\u0151 abroncsokkal \u00e1ltal\u00e1ban max. 80 kilom\u00e9ter\/\u00f3ra sebess\u00e9ggel lehet k\u00f6zlekedni.<\/li><\/ul>\n\n\n\n<figure class=\"wp-block-image size-large\"><img fetchpriority=\"high\" decoding=\"async\" width=\"1024\" height=\"682\" src=\"https:\/\/gumi.hu\/blog\/wp-content\/uploads\/2022\/08\/defektjavito-1024x682.jpg\" alt=\"Defektjav\u00edt\u00f3 k\u00e9szlet haszn\u00e1lata\" class=\"wp-image-8923\" title=\"\" srcset=\"https:\/\/gumi.hu\/blog\/wp-content\/uploads\/2022\/08\/defektjavito-1024x682.jpg 1024w, https:\/\/gumi.hu\/blog\/wp-content\/uploads\/2022\/08\/defektjavito-300x200.jpg 300w, https:\/\/gumi.hu\/blog\/wp-content\/uploads\/2022\/08\/defektjavito-768x512.jpg 768w, https:\/\/gumi.hu\/blog\/wp-content\/uploads\/2022\/08\/defektjavito.jpg 1280w\" sizes=\"(max-width: 1024px) 100vw, 1024px\" \/><\/figure>\n\n\n\n<h2 class=\"wp-block-heading\"><strong>Defektjav\u00edt\u00f3 k\u00e9szlet haszn\u00e1lata<\/strong><\/h2>\n\n\n\n<p>Most, hogy bemutattuk a defekt eset\u00e9n rendelkez\u00e9sre \u00e1ll\u00f3 lehet\u0151s\u00e9geket, ideje a defektjav\u00edt\u00f3 k\u00e9szlet haszn\u00e1lat\u00e1t r\u00e9szletezni.<\/p>\n\n\n\n<p><strong>Defektjav\u00edt\u00f3 k\u00e9szlet haszn\u00e1lata:<\/strong><\/p>\n\n\n\n<ol class=\"wp-block-list\"><li><strong>L\u00e9p\u00e9s: <\/strong>A defekt \u00e9szlel\u00e9s\u00e9t k\u00f6vet\u0151en stabiliz\u00e1lja az aut\u00f3t, lassan h\u00faz\u00f3djon biztons\u00e1gos meg\u00e1ll\u00f3helyre! Fokozatosan cs\u00f6kkentse az aut\u00f3 sebess\u00e9g\u00e9t \u00e9s hirtelen f\u00e9kez\u00e9s helyett v\u00e1lassza a gurul\u00e1st!<\/li><li><strong>L\u00e9p\u00e9s:<\/strong> Vegye fel f\u00e9nyvisszaver\u0151 mell\u00e9nyt, helyezze ki az elakad\u00e1sjelz\u0151 h\u00e1romsz\u00f6geket \u00e9s gondoskodjon a biztons\u00e1gos gumiszerel\u00e9sr\u0151l!<\/li><li><strong>L\u00e9p\u00e9s: <\/strong>Amennyiben a defektjav\u00edt\u00f3 k\u00e9szlet haszn\u00e1lata mellett d\u00f6nt\u00f6tt, keresse meg a felszerel\u00e9st az aut\u00f3ban! Olvassa el a term\u00e9k haszn\u00e1lati \u00fatmutat\u00f3j\u00e1t \u00e9s k\u00f6vesse az abban le\u00edrtakat. A tov\u00e1bbiakban bemutatott l\u00e9p\u00e9sek csup\u00e1n t\u00e1j\u00e9koztat\u00f3 jelleg\u0171ek.<\/li><li><strong>L\u00e9p\u00e9s:<\/strong> Amennyiben a fut\u00f3fel\u00fcleten f\u00far\u00f3dott idegen test okozta a s\u00e9r\u00fcl\u00e9st, akkor azt hagyja a gumiban!<\/li><li><strong>L\u00e9p\u00e9s: <\/strong>Vegye le a defektjav\u00edt\u00f3 k\u00e9szleten tal\u00e1lhat\u00f3 figyelmeztet\u0151 matric\u00e1t \u00e9s helyezze a sz\u00e9lv\u00e9d\u0151 als\u00f3 sark\u00e1ba! Ez eml\u00e9kezteti, hogy ne l\u00e9pje \u00e1t a legnagyobb megengedett sebess\u00e9get.<\/li><li><strong>L\u00e9p\u00e9s: <\/strong>Csatlakoztassa a kikapcsolt \u00e1llapot\u00fa kompresszorhoz a t\u00f6lt\u0151 folyad\u00e9kot! Ezt k\u00f6vet\u0151en ne szerelje sz\u00e9t a palackot \u00e9s a kompresszort, mert kifolyik a t\u00f6lt\u0151folyad\u00e9k!<\/li><li><strong>L\u00e9p\u00e9s:<\/strong> T\u00e1vol\u00edtsa el a gumi porv\u00e9d\u0151 sapk\u00e1j\u00e1t a szelepr\u0151l, majd csatlakoztassa a t\u00f6ml\u0151t a leveg\u0151szelepre!<\/li><li><strong>L\u00e9p\u00e9s: <\/strong>Ind\u00edtsa be az aut\u00f3t \u00e9s a kompresszort!<\/li><li><strong>L\u00e9p\u00e9s: <\/strong>F\u00fajja a kereket a sz\u00fcks\u00e9ges ideig! A pontos id\u0151tartam szerepel a term\u00e9k instrukci\u00f3k k\u00f6z\u00f6tt. \u00c1ltal\u00e1ban 5-10 percig sz\u00fcks\u00e9ges a kompresszort bekapcsolva hagyni.<\/li><li><strong>L\u00e9p\u00e9s: <\/strong>Kapcsolja ki a kompresszort \u00e9s ellen\u0151rizze a gumiabroncs nyom\u00e1st! Amennyiben a guminyom\u00e1s megfelel\u0151, t\u00e1vol\u00edtsa el a kompresszort, csavarozza le a t\u00f6ml\u0151t \u00e9s helyezze vissza a v\u00e9d\u0151 sapk\u00e1t!<\/li><li><strong>L\u00e9p\u00e9s:<\/strong> A term\u00e9kle\u00edr\u00e1sban szerepl\u0151 maxim\u00e1lis menett\u00e1vols\u00e1got \u00e9s sebess\u00e9g korl\u00e1tot betartva keresse fel a legk\u00f6zelebbi gumiszerviz \u00e1llom\u00e1st!<\/li><\/ol>\n\n\n\n<h2 class=\"wp-block-heading\"><strong>AKH szerviz h\u00e1l\u00f3zat: kiemelked\u0151 szerviz szolg\u00e1ltat\u00e1s<\/strong><\/h2>\n\n\n\n<p>Az al\u00e1bbi t\u00e9rk\u00e9pes list\u00e1b\u00f3l kiv\u00e1laszthatja az \u00d6nh\u00f6z legk\u00f6zelebb es\u0151 AKH szervizt:<\/p>\n\n\n\n<div class=\"wp-block-buttons is-content-justification-center is-layout-flex wp-block-buttons-is-layout-flex\">\n<div class=\"wp-block-button\"><a class=\"wp-block-button__link has-text-color has-background\" href=\"https:\/\/gumi.hu\/szervizek\" style=\"border-radius:1px;background-color:#fdd814;color:#333333\" target=\"_blank\" rel=\"noreferrer noopener\"> SZERVIZEINK<\/a><\/div>\n<\/div>\n\n\n\n<p>Az 1995-ben, csal\u00e1di v\u00e1llalkoz\u00e1sk\u00e9nt alap\u00edtott Abroncs Keresked\u0151h\u00e1z Kft. (AKH) a magyar gumiabroncs piac \u00e9rt\u00e9kes\u00edt\u00e9si \u00e9s szolg\u00e1ltat\u00e1si ter\u00fclet\u00e9n bel\u00fcl t\u00f6bb kateg\u00f3ri\u00e1ban is piacvezet\u0151. V\u00e1llalatunk arra t\u00f6rekszik, hogy kiemelked\u0151 szolg\u00e1ltat\u00e1st ny\u00fajtson a g\u00e9pj\u00e1rm\u0171 jav\u00edt\u00e1si piacon is, \u00edgy szervizpontjaink a gumiabroncs szolg\u00e1ltat\u00e1s mellett f\u00fcggetlen aut\u00f3szervizk\u00e9nt is m\u0171k\u00f6dnek. Szakszerviz programunk a sz\u00e9les term\u00e9kv\u00e1laszt\u00e9k mellett a legmodernebb g\u00e9pek biztos\u00edtotta technol\u00f3gi\u00e1t, valamint a profi szakemberek tud\u00e1s\u00e1t \u00e9s elhivatotts\u00e1g\u00e1t foglalja mag\u00e1ba.<\/p>\n\n\n\n<p id=\"block-6d114a2c-0770-4c96-a4ac-674038d27c91\"><strong>V\u00e1logasson kedv\u00e9re ny\u00e1ri gumi k\u00edn\u00e1latunkb\u00f3l, szereltesse \u00e1t orsz\u00e1gszerte t\u00f6bb, mint 200 helyen.<\/strong><\/p>\n\n\n\n<div class=\"wp-block-buttons is-content-justification-center is-layout-flex wp-block-buttons-is-layout-flex\">\n<div class=\"wp-block-button\"><a class=\"wp-block-button__link has-text-color has-background\" href=\"https:\/\/gumi.hu\/keresesmeretszerint\/osszes\/osszes\/osszes\/negyevszakos\" style=\"border-radius:1px;background-color:#fdd814;color:#333333\" target=\"_blank\" rel=\"noreferrer noopener\"> N\u00e9gy\u00e9vszakos gumiabroncsok<\/a><\/div>\n<\/div>\n\n\n\n<p id=\"block-e424f1da-f735-41b2-b7c7-927ce732da23\"><em>Ne maradjon le \u00fajdons\u00e1gainkr\u00f3l, akci\u00f3inkr\u00f3l, iratkozzon fel h\u00edrlevel\u00fcnkre!<\/em>H\u00edrlev\u00e9l feliratkoz\u00e1s<\/p>\n\n\n\n<div class=\"wp-block-buttons is-content-justification-center is-layout-flex wp-block-buttons-is-layout-flex\">\n<div class=\"wp-block-button\"><a class=\"wp-block-button__link has-text-color has-background\" href=\"https:\/\/gumi.hu\/szervizek\" style=\"border-radius:1px;background-color:#fdd814;color:#333333\" target=\"_blank\" rel=\"noreferrer noopener\"> H\u00edrlev\u00e9l feliratkoz\u00e1s<\/a><\/div>\n<\/div>\n\n\n\n<p><\/p>\n\n\n\n<p><\/p>\n","protected":false},"excerpt":{"rendered":"<p>A gumiabroncsokat \u00e9rt egyik leggyakoribb meghib\u00e1sod\u00e1s a defekt. A fut\u00f3fel\u00fcletben keletkezett szerkezeti s\u00e9r\u00fcl\u00e9st idegen t\u00e1rgy vagy k\u00fcls\u0151 er\u0151behat\u00e1s okozza. A cs\u00f6kkent guminyom\u00e1s eredm\u00e9nyek\u00e9ppen az abroncs haszn\u00e1lhatatlann\u00e1 v\u00e1lhat r\u00f6vid id\u0151n bel\u00fcl. A kellemetlen \u00e9s vesz\u00e9lyes abroncs s\u00e9r\u00fcl\u00e9s jav\u00edt\u00e1s\u00e1ra sz\u00e1mos m\u00f3dszer l\u00e9tezik: defektjav\u00edt\u00f3 k\u00e9szlet, p\u00f3tker\u00e9k, defektt\u0171r\u0151 gumi. Cikk\u00fcnk t\u00e9m\u00e1ja a defektjav\u00edt\u00f3 k\u00e9szlet haszn\u00e1lata, amely egyszer\u0171 \u00e9s gyorsan<\/p>\n","protected":false},"author":2,"featured_media":8924,"comment_status":"closed","ping_status":"closed","sticky":false,"template":"","format":"standard","meta":{"footnotes":""},"categories":[1185,1206],"tags":[],"class_list":["post-8922","post","type-post","status-publish","format-standard","has-post-thumbnail","hentry","category-tudastar","category-gumiszerviz-2"],"_links":{"self":[{"href":"https:\/\/gumi.hu\/blog\/wp-json\/wp\/v2\/posts\/8922","targetHints":{"allow":["GET"]}}],"collection":[{"href":"https:\/\/gumi.hu\/blog\/wp-json\/wp\/v2\/posts"}],"about":[{"href":"https:\/\/gumi.hu\/blog\/wp-json\/wp\/v2\/types\/post"}],"author":[{"embeddable":true,"href":"https:\/\/gumi.hu\/blog\/wp-json\/wp\/v2\/users\/2"}],"replies":[{"embeddable":true,"href":"https:\/\/gumi.hu\/blog\/wp-json\/wp\/v2\/comments?post=8922"}],"version-history":[{"count":1,"href":"https:\/\/gumi.hu\/blog\/wp-json\/wp\/v2\/posts\/8922\/revisions"}],"predecessor-version":[{"id":8925,"href":"https:\/\/gumi.hu\/blog\/wp-json\/wp\/v2\/posts\/8922\/revisions\/8925"}],"wp:featuredmedia":[{"embeddable":true,"href":"https:\/\/gumi.hu\/blog\/wp-json\/wp\/v2\/media\/8924"}],"wp:attachment":[{"href":"https:\/\/gumi.hu\/blog\/wp-json\/wp\/v2\/media?parent=8922"}],"wp:term":[{"taxonomy":"category","embeddable":true,"href":"https:\/\/gumi.hu\/blog\/wp-json\/wp\/v2\/categories?post=8922"},{"taxonomy":"post_tag","embeddable":true,"href":"https:\/\/gumi.hu\/blog\/wp-json\/wp\/v2\/tags?post=8922"}],"curies":[{"name":"wp","href":"https:\/\/api.w.org\/{rel}","templated":true}]}}