{"id":8927,"date":"2022-08-04T12:11:21","date_gmt":"2022-08-04T10:11:21","guid":{"rendered":"https:\/\/gumi.hu\/blog\/?p=8927"},"modified":"2026-01-08T10:50:10","modified_gmt":"2026-01-08T08:50:10","slug":"pakolasi-tippek","status":"publish","type":"post","link":"https:\/\/gumi.hu\/blog\/pakolasi-tippek\/","title":{"rendered":"&#8222;Nyaralni megyek, \u00e9s magammal viszem a\u2026&#8221; &#8211; Semperit pakol\u00e1si tippek k\u00fcl\u00f6nb\u00f6z\u0151 t\u00edpus\u00fa aut\u00f3s nyaral\u00e1sokhoz"},"content":{"rendered":"\n<p><strong>Adrenalinfokoz\u00f3 kalandok, kempingez\u00e9s a term\u00e9szetben, v\u00e1rosi s\u00e9t\u00e1k vagy naps\u00fct\u00f6tte tengerpart: a nyaral\u00e1s t\u00edpus\u00e1t\u00f3l f\u00fcgg\u0151en v\u00e1ltoznak az aut\u00f3s utaz\u00e1st megel\u0151z\u0151 pakol\u00e1s k\u00f6vetelm\u00e9nyei. De m\u00e9gis hogyan? A <a href=\"https:\/\/gumi.hu\/autogumi\/semperit\/\" target=\"_blank\" rel=\"noreferrer noopener\">Semperit<\/a> gumiabroncsgy\u00e1rt\u00f3 n\u00e9gy klasszikus nyaral\u00e1st\u00edpushoz ad pakol\u00e1si javaslatokat, \u00e9s tippeket ahhoz, hogy mindenki biztons\u00e1gosan \u00e9s nyugodtan indulhasson \u00fatnak aut\u00f3j\u00e1val.<\/strong><\/p>\n\n\n\n<p>Ha ny\u00e1r van, akkor utazunk. Az el\u0151z\u0151 k\u00e9t \u00e9v neh\u00e9zs\u00e9gei \u00e9s kih\u00edv\u00e1st okoz\u00f3 k\u00f6r\u00fclm\u00e9nyei ellen\u00e9re Eur\u00f3pa lakosai tov\u00e1bbra sem tettek le arr\u00f3l, hogy utazzanak. Az aut\u00f3 m\u00e1r nem csak a csal\u00e1dosok els\u0151 sz\u00e1m\u00fa k\u00f6zleked\u00e9si eszk\u00f6ze, amikor a vak\u00e1ci\u00f3 megtervez\u00e9se ker\u00fcl sz\u00f3ba: az eur\u00f3paiak 55 sz\u00e1zal\u00e9ka aut\u00f3val v\u00e1g neki a ny\u00e1ri szabads\u00e1gnak. Az utaz\u00e1s el\u0151tt azonban fontos, hogy megfelel\u0151en t\u00e1roljuk a csomagjainkat az aut\u00f3ban. De hogyan lehet hat\u00e9konyan \u00e9s biztons\u00e1gosan megt\u00f6lteni a csomagtart\u00f3t, ami am\u00fagy is mindig pont \u00e9ppen kicsinek t\u0171nik? A v\u00e1lasz a nyaral\u00e1s t\u00edpus\u00e1t\u00f3l f\u00fcgg, mivel a k\u00fcl\u00f6nb\u00f6z\u0151 szabadid\u0151s tev\u00e9kenys\u00e9gek k\u00fcl\u00f6nb\u00f6z\u0151 pakol\u00e1si kih\u00edv\u00e1sokkal j\u00e1rnak. Am\u00edg a tengerpart szerelmesei nem hagyhatj\u00e1k otthon a f\u00fcrd\u0151ruh\u00e1jukat \u00e9s az eBook olvas\u00f3jukat, a sz\u00f6rfdeszka \u00e9s a mountain bike az akt\u00edv kikapcsol\u00f3d\u00f3k sz\u00e1m\u00e1ra elengedhetetlen. Az \u00f6nell\u00e1t\u00f3 kempingez\u0151 csal\u00e1d nem indulhat el elektromos h\u0171t\u0151t\u00e1ska n\u00e9lk\u00fcl, a v\u00e1rosn\u00e9z\u00e9s\u00e9rt rajong\u00f3knak pedig minden eshet\u0151s\u00e9gre fel kell k\u00e9sz\u00fclni\u00fck.<\/p>\n\n\n\n<p><strong>Az adrenalinkeres\u0151 kalandoz\u00f3k<\/strong><\/p>\n\n\n\n<p>A sport\u0151r\u00fclt nyaral\u00f3 sz\u00e1m\u00e1ra nem is k\u00e9rd\u00e9ses, hogy saj\u00e1t sportfelszerel\u00e9s\u00e9vel indul \u00fatnak megh\u00f3d\u00edtani a tengeri hull\u00e1mokat vagy a k\u00f6vetkez\u0151 alpesi h\u00e1g\u00f3t. Esetleg majd a helysz\u00ednen b\u00e9reljen eszk\u00f6zt? Az adrenalinkalandorokn\u00e1l ez sz\u00f3ba sem j\u00f6het! De ez azt is jelenti, hogy min\u00e9l nagyobb \u00e9s orm\u00f3tlanabb a sporteszk\u00f6z, ann\u00e1l \u00f3vatosabban kell elpakolni \u2013 kiv\u00e9ve, ha megengedhetj\u00fck, hogy minden alkalommal a sportfelszerel\u00e9shez igaz\u00edtsuk aut\u00f3nk m\u00e9ret\u00e9t, erre azonban nincs sok es\u00e9ly. A kisebb eszk\u00f6z\u00f6knek \u00edgy mindenk\u00e9pp az aut\u00f3n bel\u00fcl van a helye, term\u00e9szetesen, ha m\u00e9g elf\u00e9r t\u0151le a t\u00f6bbi csomag. Na de mi van akkor, ha egyszerre t\u00f6bben utazunk, \u00e9s \u00edgy a felszerel\u00e9s mennyis\u00e9ge is n\u00f6vekszik? Ebben az esetben a csomagtart\u00f3 val\u00f3sz\u00edn\u0171leg m\u00e1r nem lesz el\u00e9g. Ilyenkor p\u00e9ld\u00e1ul a klasszikus tet\u0151csomagtart\u00f3 az ide\u00e1lis megold\u00e1s. F\u0151leg az olyan testes sporteszk\u00f6z\u00f6k, mint a kenuk vagy sz\u00f6rfdeszk\u00e1k sz\u00e1m\u00e1ra a legalkalmasabb ez a sz\u00e1ll\u00edt\u00e1si m\u00f3dszer, mivel alakjuk hasonl\u00f3 az aut\u00f3\u00e9hoz. Az e-biciklikkel azonban legy\u00fcnk \u00f3vatosak, az elektromos alkatr\u00e9szek jelent\u0151sen megn\u00f6velik a ker\u00e9kp\u00e1r s\u00faly\u00e1t, ami \u00edgy meghaladhatja a tet\u0151 teherb\u00edr\u00e1s\u00e1t. \u00c1ltal\u00e1noss\u00e1gban elmondhat\u00f3, hogy minden t\u00edpus\u00fa ker\u00e9kp\u00e1r sz\u00e1m\u00e1ra jobban megfelel a h\u00e1ts\u00f3 ker\u00e9kp\u00e1rtart\u00f3. Ez a megold\u00e1s kisebb hat\u00e1ssal van a vezethet\u0151s\u00e9gre, mint a tet\u0151n elhelyezett t\u00e1rgyak, valamint a bicikliket is k\u00f6nnyebb r\u00f6gz\u00edteni \u00e9s mozgatni. Az akkumul\u00e1torok viszont mindig maradjanak az aut\u00f3n bel\u00fcl. V\u00e9g\u00fcl pedig, amennyiben nem l\u00e9pt\u00fck t\u00fal a megengedett \u00f6sszs\u00falyt \u00e9s megfelel\u00fcnk mind a saj\u00e1t orsz\u00e1gunk, mind a v\u00e1lasztott \u00fati c\u00e9l t\u00f6rv\u00e9nyi el\u0151\u00edr\u00e1sainak, nyugodtan megkezdhetj\u00fck az akt\u00edv kikapcsol\u00f3d\u00e1st.<\/p>\n\n\n\n<figure class=\"wp-block-image size-large\"><img fetchpriority=\"high\" decoding=\"async\" width=\"1024\" height=\"1024\" src=\"https:\/\/gumi.hu\/blog\/wp-content\/uploads\/2022\/08\/Semperit-1024x1024.jpg\" alt=\"\" class=\"wp-image-8928\" title=\"\" srcset=\"https:\/\/gumi.hu\/blog\/wp-content\/uploads\/2022\/08\/Semperit-1024x1024.jpg 1024w, https:\/\/gumi.hu\/blog\/wp-content\/uploads\/2022\/08\/Semperit-300x300.jpg 300w, https:\/\/gumi.hu\/blog\/wp-content\/uploads\/2022\/08\/Semperit-150x150.jpg 150w, https:\/\/gumi.hu\/blog\/wp-content\/uploads\/2022\/08\/Semperit-768x768.jpg 768w, https:\/\/gumi.hu\/blog\/wp-content\/uploads\/2022\/08\/Semperit-1536x1536.jpg 1536w, https:\/\/gumi.hu\/blog\/wp-content\/uploads\/2022\/08\/Semperit.jpg 1920w\" sizes=\"(max-width: 1024px) 100vw, 1024px\" \/><\/figure>\n\n\n\n<p><strong>A kempingez\u0151k<\/strong><\/p>\n\n\n\n<p>A kempingez\u0151k lehetnek nagyobb csoportok, csal\u00e1dok, vagy ak\u00e1r csak p\u00e1rok, de azzal minden term\u00e9szetrajong\u00f3 kir\u00e1ndul\u00f3 pontosan tiszt\u00e1ban van, hogy mi az, ami m\u00e9g bef\u00e9r az aut\u00f3ba, \u00e9s mi az, ami m\u00e1r nem, illetve mindegyik\u00fck tapasztalt veter\u00e1nja a csomagtart\u00f3-tetrisnek. Kiemelt figyelmet kell ford\u00edtani a csomagok s\u00faly\u00e1ra, illetve a j\u00e1rm\u0171 minden szeglet\u00e9t maxim\u00e1lisan ki kell t\u00f6lteni. A gy\u00e1rt\u00f3k szerencs\u00e9re egyre t\u00f6bb high-tech megold\u00e1ssal \u00e1llnak el\u0151 a hely- \u00e9s s\u00falytakar\u00e9kos kempingfelszerel\u00e9sek \u00e9rdek\u00e9ben, ami megk\u00f6nny\u00edti a pakol\u00e1st. Azok a kempingez\u0151k, akik hosszabb \u00fatra indulnak \u00e9s az aut\u00f3p\u00e1lya-pihen\u0151k\u00f6n is meg szeretn\u00e9k csillogtatni tud\u00e1sukat, m\u00e9g indul\u00e1s el\u0151tt n\u00e9zzenek ut\u00e1na az adott orsz\u00e1gban hat\u00e1lyos lak\u00f3aut\u00f3kra vonatkoz\u00f3 k\u00f6zleked\u00e9si szab\u00e1lyoknak. P\u00e9ld\u00e1ul Sv\u00e1jcban a lak\u00f3kocsik nem haszn\u00e1lhatj\u00e1k a h\u00e1roms\u00e1vos aut\u00f3p\u00e1ly\u00e1k bal oldali s\u00e1vjait. Emellett az ut\u00e1nfut\u00f3 \u00e9s a vontat\u00f3 j\u00e1rm\u0171 k\u00f6z\u00f6tt egy tov\u00e1bbi biztons\u00e1gi csatlakoz\u00e1snak is meg kell lennie, amelyet speci\u00e1lis f\u0171z\u0151lyukkal vagy konzollal kell r\u00f6gz\u00edteni, illetve azt a megold\u00e1st is elfogadj\u00e1k t\u00f6bb helyen, ha a vontat\u00f3k\u00e1bel ker\u00fcl k\u00fcl\u00f6n r\u00f6gz\u00edt\u00e9sre az ut\u00e1nfut\u00f3hoz.<\/p>\n\n\n\n<p><strong>A v\u00e1rosn\u00e9z\u0151k<\/strong><\/p>\n\n\n\n<p>K\u00e9nyelmes cip\u0151 a v\u00e1ros felfedez\u00e9s\u00e9hez, megfelel\u0151 ruha egy eleg\u00e1nsabb \u00e9tteremben elt\u00f6lt\u00f6tt vacsor\u00e1hoz, \u00e9s persze a cs\u00facsmin\u0151s\u00e9g\u0171 f\u00e9nyk\u00e9pez\u0151g\u00e9p alapfelszerel\u00e9st jelent azoknak, akik a klasszikus m\u00f3don nyakukba akarnak venni egy v\u00e1rost. A v\u00e1rosn\u00e9z\u0151k a nyaral\u00f3k vil\u00e1g\u00e1nak kam\u00e9leonjai, hiszen nem b\u00edznak semmit a v\u00e9letlenre, \u00e9s t\u00f6bbnyire minden eshet\u0151s\u00e9gre fel vannak k\u00e9sz\u00fclve. Ide\u00e1lis esetben a kocsi felt\u00f6r\u00e9s\u00e9nek vesz\u00e9ly\u00e9t is szem el\u0151tt tartj\u00e1k. Term\u00e9szetesen ezt nem lehet teljes biztons\u00e1ggal megel\u0151zni, de egy p\u00e1r j\u00f3 tan\u00e1cs megfogad\u00e1s\u00e1val minim\u00e1lisra cs\u00f6kkenthet\u0151 a kock\u00e1zat. Ker\u00fclj\u00fck el a s\u00f6t\u00e9t sik\u00e1torokat, ahol bizony\u00edtottan magasabb a b\u0171n\u00f6z\u00e9si mutat\u00f3, \u00e9s ne hagyjuk \u00e9rt\u00e9kt\u00e1rgyainkat, pap\u00edrjainkat, navig\u00e1ci\u00f3s rendszereinket vagy okostelefonjainkat szem el\u0151tt a leparkolt aut\u00f3nkban.<\/p>\n\n\n\n<div class=\"wp-block-buttons is-horizontal is-content-justification-center is-layout-flex wp-container-core-buttons-is-layout-499968f5 wp-block-buttons-is-layout-flex\">\n<div class=\"wp-block-button\"><a class=\"wp-block-button__link has-text-color has-background\" href=\"https:\/\/gumi.hu\/keresesmeretszerint\/osszes\/osszes\/osszes\/nyari-gumi\/semperit\" style=\"border-radius:1px;background-color:#fdd814;color:#333333\" target=\"_blank\" rel=\"noreferrer noopener\">Semperit ny\u00e1ri gumiabroncsok<\/a><\/div>\n<\/div>\n\n\n\n<p>Ugyanilyen odafigyel\u00e9st illend\u0151 tan\u00fas\u00edtani a c\u00e9lorsz\u00e1g speci\u00e1lis k\u00f6zleked\u00e9si szab\u00e1lyaira is. Ez nemcsak a v\u00e1rosn\u00e9z\u0151kre vonatkozik, hanem mindenki m\u00e1sra is, akinek \u00fatja egy v\u00e1ros t\u00f6rt\u00e9nelmi belv\u00e1ros\u00e1ba vezet, hiszen az ezekbe val\u00f3 behajt\u00e1s gyakran k\u00fcl\u00f6n d\u00edjfizet\u00e9s ut\u00e1n vagy enged\u00e9ly birtok\u00e1ban lehets\u00e9ges. Olaszorsz\u00e1gban p\u00e9ld\u00e1ul tiszt\u00e1ban kell lenni a Zona Traffico Limitato (ZTL) hat\u00e1raival. El\u0151fordul, hogy az ilyen speci\u00e1lis megk\u00f6t\u00e9sek ideiglenesen ker\u00fclnek fel\u00e1ll\u00edt\u00e1sra, a n\u00e9pszer\u0171 nyaral\u00f3helyeken \u00e9ppen aktu\u00e1lis helyzethez igaz\u00edtva. P\u00e9ld\u00e1ul, bizonyos k\u00f6rnyezetv\u00e9delmi z\u00f3n\u00e1kban, p\u00e9ld\u00e1ul a Genfi-t\u00f3 k\u00f6r\u00fcli v\u00e1rosi ter\u00fcleten egyedi ideiglenes behajt\u00e1si \u00e9s sebess\u00e9gkorl\u00e1toz\u00e1sok l\u00e9pnek hat\u00e1lyba, amennyiben a fokozott ny\u00e1ri forgalom k\u00f6vetkezt\u00e9ben megemelkedik a l\u00e9gszennyez\u00e9s szintje.<\/p>\n\n\n\n<p>J\u00f3 tudni: ha seg\u00edts\u00e9gre van sz\u00fcks\u00e9g a c\u00e9lorsz\u00e1g szab\u00e1lyainak b\u00fcrokratikus dzsungel\u00e9ben val\u00f3 eligazod\u00e1shoz, sz\u00e1mos aut\u00f3klub \u00e9s port\u00e1l rendelkez\u00e9sre \u00e1ll, hogy relev\u00e1ns szolg\u00e1ltat\u00e1sokat \u00e9s az orsz\u00e1ggal kapcsolatos inform\u00e1ci\u00f3kat k\u00edn\u00e1ljon.<\/p>\n\n\n\n<p><strong>A strandol\u00f3k<\/strong><\/p>\n\n\n\n<p>Azoknak, akiknek a tengerpart\u00e9rt dobban meg a sz\u00edv\u00fck, kevesebb szab\u00e1lyoz\u00e1st kell, hogy fejben tartsanak. Sz\u00e1mukra az a legfontosabb, hogy aut\u00f3jukkal az \u00e1lomstrandjukhoz lehet\u0151 legk\u00f6zelebb tudjanak eljutni. Az, hogy a homok beker\u00fcl az aut\u00f3 belter\u00e9be, m\u00e1r szinte term\u00e9szetes velej\u00e1r\u00f3ja a nyaral\u00e1snak. Azonban a leveg\u0151vel t\u00f6lt\u00f6tt t\u00e1rgyak, p\u00e9ld\u00e1ul matracok vagy egy\u00e9b felf\u00fajhat\u00f3 j\u00e1t\u00e9kok eset\u00e9ben egy fokkal jobban oda kell figyelni kis- \u00e9s nagy v\u00edzrajong\u00f3knak egyar\u00e1nt. Noha eredeti csomagol\u00e1sukban \u00e1ltal\u00e1ban k\u00f6nnyen kezelhet\u0151k \u00e9s az oda\u00faton probl\u00e9ma n\u00e9lk\u00fcl elf\u00e9rnek, a k\u00f6vetkez\u0151t szem el\u0151tt kell tartani, ahogy meg\u00e9rkez\u00fcnk a nyaral\u00e1s helysz\u00edn\u00e9re: min\u00e9l melegebb helyen parkol az aut\u00f3, ann\u00e1l nagyobb az es\u00e9ly arra, hogy az adott t\u00e1rgy \u2013 felf\u00fajva \u00e9s a meleg aut\u00f3ban hagyva \u2013 felrobban. Ha direkt kev\u00e9s csomaggal utazunk, mert szimpl\u00e1n csak ki szeretn\u00e9nk \u00e9lvezni a tengerpartot, akkor a csomagt\u00e9r m\u00e1r ink\u00e1bb t\u00fal nagy, mint t\u00fal kicsi. Ilyenkor \u00fagy akad\u00e1lyozhatjuk meg, hogy oda-vissza d\u00fcl\u00f6ng\u00e9ljenek a csomagjaink, ha egy gumisz\u0151nyeget tesz\u00fcnk al\u00e1juk.<\/p>\n\n\n\n<p><strong>A megfelel\u0151 felk\u00e9sz\u00fcl\u00e9ssel megalapozzuk a j\u00f3 vak\u00e1ci\u00f3t&nbsp;<\/strong><\/p>\n\n\n\n<p>Lehetsz strandol\u00f3, kalandor, kempingez\u0151 vagy v\u00e1rosn\u00e9z\u0151, amikor a kocsi megpakol\u00e1s\u00e1ra ker\u00fcl sz\u00f3, fontos el\u0151re v\u00e9giggondolni, hogy mit kell mindenk\u00e9pp magunkkal vinni az utaz\u00e1sra. Gondolkozt\u00e1l m\u00e1r azon, hogy a helysz\u00ednen b\u00e9relsz egy vadonat\u00faj trendi SUP-ot vagy ker\u00e9kp\u00e1rokat az eg\u00e9sz csal\u00e1dnak? Vagy azon, hogy r\u00e1k\u00e9rdezel a kempingben, vagy a hotelben, hol vannak \u00e1rny\u00e9kos helyek, vagy szabad naperny\u0151k? Azt meg m\u00e1r mondani sem kell, hogy meg szoktad-e indul\u00e1s el\u0151tt n\u00e9zni a nyaral\u00f3helyre vonatkoz\u00f3 id\u0151j\u00e1r\u00e1s jelent\u00e9st, hogy tudd, milyen ruh\u00e1t kell elcsomagolni.<\/p>\n\n\n\n<p><strong>Hogyan m\u0171k\u00f6dik a csomagtart\u00f3-tetris?<\/strong><\/p>\n\n\n\n<p>Ha mindennel megvagy, van egy aranyszab\u00e1ly, ami minden vak\u00e1ci\u00f3-t\u00edpusra igaz: a t\u00e1rol\u00f3helyeket \u00e9s a l\u00e1bter\u00fcletet hagyd szabadon, a neh\u00e9z t\u00e1rgyak ker\u00fcljenek alulra, \u00e9s ne l\u00e9pd t\u00fal a maxim\u00e1lis teherb\u00edr\u00e1st (ennek m\u00e9rt\u00e9ke benne van az aut\u00f3 k\u00e9zik\u00f6nyv\u00e9ben). Ha m\u00e9g a bepakol\u00e1s el\u0151tt minden csomagot az aut\u00f3 mell\u00e9 raksz, seg\u00edt \u00e1tl\u00e1tni a mennyis\u00e9get, \u00e9s \u00edgy ler\u00f6vid\u00fcl a csomagtart\u00f3-tetris j\u00e1t\u00e9k. Tov\u00e1bb\u00e1 oda kell m\u00e9g arra is figyelni, hogy a csomagok ne cs\u00faszk\u00e1ljanak, illetve ne felejts\u00fck el azt sem, hogy mekkora a csomagt\u00e9r magass\u00e1ga.<\/p>\n\n\n\n<p>Fontos, hogy minimaliz\u00e1ljuk a kock\u00e1zatokat m\u00e9g az utaz\u00e1s megkezd\u00e9se el\u0151tt: a gumiabroncs nyom\u00e1s\u00e1t \u00e9s a f\u00e9nysz\u00f3r\u00f3k poz\u00edci\u00f3j\u00e1t mindig a megemelkedett \u00f6sszs\u00falyhoz igaz\u00edtva \u00e1ll\u00edtsuk be! Mivel a megfelel\u0151 guminyom\u00e1s a modellt\u0151l f\u00fcgg\u0151en v\u00e1ltozhat, ezen a t\u00e9ren az aut\u00f3gy\u00e1rt\u00f3 honlapj\u00e1n megtal\u00e1lhat\u00f3 err\u0151l sz\u00f3l\u00f3 r\u00e9szletes inform\u00e1ci\u00f3 ny\u00fajthat seg\u00edts\u00e9get.<\/p>\n\n\n\n<p>A keszty\u0171tart\u00f3ban, a tanksapk\u00e1ra, illetve az ajt\u00f3keretre felragasztott matric\u00e1k is r\u00f6vid t\u00e1j\u00e9koztat\u00e1st tudnak ny\u00fajtani az \u00fat sor\u00e1n. Amennyiben m\u00e9g mindig nem vagyunk biztosak abban, hogy az aut\u00f3 be\u00e1ll\u00edt\u00e1sai helyesek-e, amikor teljesen megpakoltuk, ezt m\u00e9g mindig leellen\u0151riztethetj\u00fck egy aut\u00f3szervizben.<\/p>\n\n\n\n<p><strong>V\u00e1logasson kedv\u00e9re ny\u00e1ri gumi k\u00edn\u00e1latunkb\u00f3l, szereltesse \u00e1t orsz\u00e1gszerte t\u00f6bb, mint 200 helyen.<\/strong><\/p>\n\n\n\n<div class=\"wp-block-buttons is-horizontal is-content-justification-center is-layout-flex wp-container-core-buttons-is-layout-499968f5 wp-block-buttons-is-layout-flex\">\n<div class=\"wp-block-button\"><a class=\"wp-block-button__link has-text-color has-background\" href=\"https:\/\/gumi.hu\/keresesmeretszerint\/osszes\/osszes\/osszes\/nyari-gumi\/semperit\" style=\"border-radius:1px;background-color:#fdd814;color:#333333\" target=\"_blank\" rel=\"noreferrer noopener\">Semperit ny\u00e1ri gumiabroncsok<\/a><\/div>\n<\/div>\n\n\n\n<p><em>Ne maradjon le \u00fajdons\u00e1gainkr\u00f3l, akci\u00f3inkr\u00f3l, iratkozzon fel h\u00edrlevel\u00fcnkre!<\/em><\/p>\n\n\n\n<div class=\"wp-block-buttons is-horizontal is-content-justification-center is-layout-flex wp-container-core-buttons-is-layout-499968f5 wp-block-buttons-is-layout-flex\">\n<div class=\"wp-block-button\"><a class=\"wp-block-button__link has-text-color has-background\" href=\"https:\/\/gumi.hu\/#subscribe-to-newsletter\" style=\"border-radius:1px;background-color:#fdd814;color:#333333\" target=\"_blank\" rel=\"noreferrer noopener\">H\u00edrlev\u00e9l feliratkoz\u00e1s<\/a><\/div>\n<\/div>\n","protected":false},"excerpt":{"rendered":"<p>Adrenalinfokoz\u00f3 kalandok, kempingez\u00e9s a term\u00e9szetben, v\u00e1rosi s\u00e9t\u00e1k vagy naps\u00fct\u00f6tte tengerpart: a nyaral\u00e1s t\u00edpus\u00e1t\u00f3l f\u00fcgg\u0151en v\u00e1ltoznak az aut\u00f3s utaz\u00e1st megel\u0151z\u0151 pakol\u00e1s k\u00f6vetelm\u00e9nyei. De m\u00e9gis hogyan? A Semperit gumiabroncsgy\u00e1rt\u00f3 n\u00e9gy klasszikus nyaral\u00e1st\u00edpushoz ad pakol\u00e1si javaslatokat, \u00e9s tippeket ahhoz, hogy mindenki biztons\u00e1gosan \u00e9s nyugodtan indulhasson \u00fatnak aut\u00f3j\u00e1val. Ha ny\u00e1r van, akkor utazunk. Az el\u0151z\u0151 k\u00e9t \u00e9v neh\u00e9zs\u00e9gei \u00e9s<\/p>\n","protected":false},"author":2,"featured_media":8931,"comment_status":"closed","ping_status":"closed","sticky":false,"template":"","format":"standard","meta":{"footnotes":""},"categories":[1187,985],"tags":[],"class_list":["post-8927","post","type-post","status-publish","format-standard","has-post-thumbnail","hentry","category-semperit","category-erdekesseg-gumiabroncs"],"_links":{"self":[{"href":"https:\/\/gumi.hu\/blog\/wp-json\/wp\/v2\/posts\/8927","targetHints":{"allow":["GET"]}}],"collection":[{"href":"https:\/\/gumi.hu\/blog\/wp-json\/wp\/v2\/posts"}],"about":[{"href":"https:\/\/gumi.hu\/blog\/wp-json\/wp\/v2\/types\/post"}],"author":[{"embeddable":true,"href":"https:\/\/gumi.hu\/blog\/wp-json\/wp\/v2\/users\/2"}],"replies":[{"embeddable":true,"href":"https:\/\/gumi.hu\/blog\/wp-json\/wp\/v2\/comments?post=8927"}],"version-history":[{"count":3,"href":"https:\/\/gumi.hu\/blog\/wp-json\/wp\/v2\/posts\/8927\/revisions"}],"predecessor-version":[{"id":8942,"href":"https:\/\/gumi.hu\/blog\/wp-json\/wp\/v2\/posts\/8927\/revisions\/8942"}],"wp:featuredmedia":[{"embeddable":true,"href":"https:\/\/gumi.hu\/blog\/wp-json\/wp\/v2\/media\/8931"}],"wp:attachment":[{"href":"https:\/\/gumi.hu\/blog\/wp-json\/wp\/v2\/media?parent=8927"}],"wp:term":[{"taxonomy":"category","embeddable":true,"href":"https:\/\/gumi.hu\/blog\/wp-json\/wp\/v2\/categories?post=8927"},{"taxonomy":"post_tag","embeddable":true,"href":"https:\/\/gumi.hu\/blog\/wp-json\/wp\/v2\/tags?post=8927"}],"curies":[{"name":"wp","href":"https:\/\/api.w.org\/{rel}","templated":true}]}}