{"id":8981,"date":"2022-08-12T09:39:45","date_gmt":"2022-08-12T07:39:45","guid":{"rendered":"https:\/\/gumi.hu\/blog\/?p=8981"},"modified":"2026-01-07T15:50:53","modified_gmt":"2026-01-07T13:50:53","slug":"kerekcsere","status":"publish","type":"post","link":"https:\/\/gumi.hu\/blog\/kerekcsere\/","title":{"rendered":"Ker\u00e9kcsere kalauz: abroncscsere l\u00e9p\u00e9sr\u0151l-l\u00e9p\u00e9sre\ufffc"},"content":{"rendered":"\n<p><strong>Elj\u00f6tt a szezon\u00e1lis gumiszerel\u00e9s ideje? \u00daj gumiszettet v\u00e1s\u00e1rolt \u00e9s szeretn\u00e9 lecser\u00e9lni a r\u00e9gi abroncsokat? Nem lehets\u00e9ges a gumi jav\u00edt\u00e1sa \u00e9s p\u00f3tkereket sz\u00fcks\u00e9ges felszereln\u00fcnk? Legyen ak\u00e1rmi az ok, a ker\u00e9kcsere ak\u00e1r szakember seg\u00edts\u00e9ge n\u00e9lk\u00fcl is elv\u00e9gezhet\u0151 feladat. Cikk\u00fcnkben l\u00e9p\u00e9sr\u0151l-l\u00e9p\u00e9sre mutatjuk be az abroncscsere folyamat\u00e1t!<\/strong><\/p>\n\n\n\n<h2 class=\"wp-block-heading\"><strong>Ker\u00e9kcsere menete: melyek a ker\u00e9kcsere l\u00e9p\u00e9sei?<\/strong><\/h2>\n\n\n\n<p>T\u00f6bb okb\u00f3l is sz\u00fcks\u00e9gess\u00e9 v\u00e1lhat a ker\u00e9kcsere saj\u00e1tkez\u0171 elv\u00e9gz\u00e9se. Legyen sz\u00f3 ak\u00e1r kalandkedvr\u0151l, sp\u00f3rol\u00e1sr\u00f3l vagy sz\u00fcks\u00e9ghelyzetr\u0151l, az abroncscsere ismerete hasznos tud\u00e1s lehet. Hogy melyek a ker\u00e9kcsere l\u00e9p\u00e9sei? Mutatjuk!<\/p>\n\n\n\n<p>A ker\u00e9kcsere menete az al\u00e1bbi l\u00e9p\u00e9sekre bonthat\u00f3.<\/p>\n\n\n\n<h3 class=\"wp-block-heading\"><strong>1. Balesetmegel\u0151z\u00e9s<\/strong><\/h3>\n\n\n\n<p>El\u0151fordulhat, hogy egy forgalmas aut\u00f3\u00fat ment\u00e9n sz\u00fcks\u00e9ges elv\u00e9gezni a ker\u00e9kcser\u00e9t. Ilyenkor a szerel\u00e9si feladatok megkezd\u00e9se el\u0151tt felt\u00e9tlen\u00fcl gondoskodjunk saj\u00e1t magunk \u00e9s m\u00e1sok biztons\u00e1g\u00e1r\u00f3l. Ehhez az al\u00e1bbi l\u00e9p\u00e9seket k\u00f6vesse:<\/p>\n\n\n\n<ul class=\"wp-block-list\"><li>Vegye fel a l\u00e1that\u00f3s\u00e1gi mell\u00e9nyt!<\/li><li>Kapcsolja be az elakad\u00e1sjelz\u0151t!<\/li><li>Helyezze el f\u00e9kt\u00e1vols\u00e1gon k\u00edv\u00fcl az elakad\u00e1sjelz\u0151 h\u00e1romsz\u00f6get!<\/li><li>Sz\u00fcks\u00e9g eset\u00e9n \u00e9rtes\u00edtse az aut\u00f3p\u00e1lya rend\u0151rs\u00e9get!<\/li><\/ul>\n\n\n\n<h3 class=\"wp-block-heading\"><strong>2. El\u0151k\u00e9sz\u00fclet<\/strong><\/h3>\n\n\n\n<p>A balesetmegel\u0151z\u00e9si l\u00e9p\u00e9seket k\u00f6vet\u0151en belev\u00e1ghat a ker\u00e9kcsere el\u0151k\u00e9sz\u00fcleteibe. K\u00f6vesse az al\u00e1bbi l\u00e9p\u00e9seket a sikeres ker\u00e9kcser\u00e9hez:<\/p>\n\n\n\n<ul class=\"wp-block-list\"><li>\u00c1lljon szil\u00e1rd talajbor\u00edt\u00e1s\u00fa, v\u00edzszintes fel\u00fcletre! Ker\u00fclje a lejt\u0151ket \u00e9s a puha f\u00f6ldfel\u00fcleteket!<\/li><li>Szerelje le a d\u00edszt\u00e1rcs\u00e1kat, amennyiben a felniken megtal\u00e1lhat\u00f3k!<\/li><li>H\u00fazza be a k\u00e9zif\u00e9ket \u00e9s helyezze sebess\u00e9gbe az aut\u00f3t! Automata kocsit vezet? Akkor tegye P \u00e1ll\u00e1sba az aut\u00f3t!<\/li><\/ul>\n\n\n\n<p>A szerel\u00e9shez \u00e9rdemes az al\u00e1bbi szersz\u00e1mokat \u00e9s eszk\u00f6z\u00f6ket el\u0151k\u00e9sz\u00edteni:<\/p>\n\n\n\n<ul class=\"wp-block-list\"><li>Emel\u0151<\/li><li>Felszerelend\u0151 ker\u00e9k<\/li><li>Ker\u00e9kkulcs \/ pipakulcs<\/li><li>Szerel\u0151keszty\u0171<\/li><\/ul>\n\n\n\n<figure class=\"wp-block-image size-large\"><img fetchpriority=\"high\" decoding=\"async\" width=\"1024\" height=\"682\" src=\"https:\/\/gumi.hu\/blog\/wp-content\/uploads\/2022\/08\/mankokerek-1024x682.jpg\" alt=\"ker\u00e9kcsere\" class=\"wp-image-8982\" title=\"\" srcset=\"https:\/\/gumi.hu\/blog\/wp-content\/uploads\/2022\/08\/mankokerek-1024x682.jpg 1024w, https:\/\/gumi.hu\/blog\/wp-content\/uploads\/2022\/08\/mankokerek-300x200.jpg 300w, https:\/\/gumi.hu\/blog\/wp-content\/uploads\/2022\/08\/mankokerek-768x512.jpg 768w, https:\/\/gumi.hu\/blog\/wp-content\/uploads\/2022\/08\/mankokerek.jpg 1280w\" sizes=\"(max-width: 1024px) 100vw, 1024px\" \/><\/figure>\n\n\n\n<h3 class=\"wp-block-heading\"><strong>3. Szerel\u00e9s<\/strong><\/h3>\n\n\n\n<p>A megfelel\u0151 szerel\u00e9si k\u00f6r\u00fclm\u00e9nyek megteremt\u00e9s\u00e9t k\u00f6vet\u0151en k\u00f6vetkezhet a kerekek elt\u00e1vol\u00edt\u00e1sa. Ehhez k\u00f6vesse az al\u00e1bbi l\u00e9p\u00e9seket:<\/p>\n\n\n\n<ul class=\"wp-block-list\"><li>Keresse meg a csomagtart\u00f3ban (\u00e1ltal\u00e1ban a p\u00f3tker\u00e9k alatt elhelyezett) ker\u00e9kkulcsot!<\/li><li>Helyezze az emel\u0151t a lecser\u00e9lend\u0151 ker\u00e9khez legk\u00f6zelebb tal\u00e1lhat\u00f3 emel\u00e9si pontra! \u00dcgyeljen arra, hogy az emel\u0151 berendez\u00e9s egyenes legyen! A ferde emel\u0151 balesetvesz\u00e9lyes.<\/li><li>Kiss\u00e9 laz\u00edtsa meg a ker\u00e9kcsavarokat!<\/li><li>Emelje fel az aut\u00f3t olyan magass\u00e1gba, hogy a cser\u00e9lend\u0151 ker\u00e9k fut\u00f3fel\u00fclete \u00e9s a talaj k\u00f6z\u00f6tt 3-5 centim\u00e9ter t\u00e1vols\u00e1g legyen!<\/li><li>Extra tipp: lapos gumi cser\u00e9l\u00e9sekor ez a t\u00e1vols\u00e1g legyen 10-15 centim\u00e9ter. A nagyobb magass\u00e1gra az\u00e9rt van sz\u00fcks\u00e9g, mert a felf\u00fajt \u00e1llapot\u00fa gumi \u00e1tm\u00e9r\u0151je nagyobb.<\/li><li>A ker\u00e9kkulcs seg\u00edts\u00e9g\u00e9vel csavarja ki a kerekeket tart\u00f3 csavarokat!<\/li><li>Helyezze fel a felszerelend\u0151 kereket a tengelyre, majd kezdje el becsavarni a csavarokat! Fontos, hogy a csavaron ne legyen szennyez\u0151d\u00e9s.<\/li><li>Ezt k\u00f6vet\u0151en h\u00fazza meg a ker\u00e9kcsavarokat \u00fctk\u00f6z\u00e9sig!<\/li><li>V\u00e9g\u00fcl engedje le az aut\u00f3t, majd ism\u00e9t h\u00fazza meg a csavarokat!<\/li><li>A folyamatot ism\u00e9telje meg a t\u00f6bbi, cser\u00e9lend\u0151 ker\u00e9kn\u00e9l is!<\/li><\/ul>\n\n\n\n<figure class=\"wp-block-image size-large\"><img decoding=\"async\" width=\"1024\" height=\"682\" src=\"https:\/\/gumi.hu\/blog\/wp-content\/uploads\/2022\/08\/kerekcsere-menete-1024x682.jpg\" alt=\"ker\u00e9kcsere\" class=\"wp-image-8983\" title=\"\" srcset=\"https:\/\/gumi.hu\/blog\/wp-content\/uploads\/2022\/08\/kerekcsere-menete-1024x682.jpg 1024w, https:\/\/gumi.hu\/blog\/wp-content\/uploads\/2022\/08\/kerekcsere-menete-300x200.jpg 300w, https:\/\/gumi.hu\/blog\/wp-content\/uploads\/2022\/08\/kerekcsere-menete-768x512.jpg 768w, https:\/\/gumi.hu\/blog\/wp-content\/uploads\/2022\/08\/kerekcsere-menete.jpg 1280w\" sizes=\"(max-width: 1024px) 100vw, 1024px\" \/><\/figure>\n\n\n\n<h2 class=\"wp-block-heading\"><strong>Fontos tudnival\u00f3k a ker\u00e9kcsere kapcs\u00e1n<\/strong><\/h2>\n\n\n\n<h3 class=\"wp-block-heading\"><strong>Ker\u00e9kcsere \u00e1rak: mennyibe ker\u00fcl a ker\u00e9kcsere?<\/strong><\/h3>\n\n\n\n<p>Sokan ink\u00e1bb tapasztalt szakemberekre b\u00edzz\u00e1k a ker\u00e9kcsere folyamat\u00e1t. Ennek el\u0151nye, hogy a csere mellett a ker\u00e9k \u00e1llapotfelm\u00e9r\u00e9s\u00e9t \u00e9s a <a href=\"https:\/\/gumi.hu\/blog\/2022\/04\/centrirozas\/\">centr\u00edroz\u00e1s<\/a> is elv\u00e9gzik.<\/p>\n\n\n\n<p>A centr\u00edroz\u00e1s szakemberrel val\u00f3 elv\u00e9gz\u00e9se szezononk\u00e9nt javasolt, ez\u00e9rt mindenk\u00e9ppen a szakszervizben t\u00f6rt\u00e9n\u0151 ker\u00e9kcser\u00e9t javasoljuk.<\/p>\n\n\n\n<p><\/p>\n\n\n\n<div class=\"wp-block-buttons is-horizontal is-content-justification-center is-layout-flex wp-container-core-buttons-is-layout-499968f5 wp-block-buttons-is-layout-flex\">\n<div class=\"wp-block-button\"><a class=\"wp-block-button__link has-text-color has-background\" href=\"https:\/\/gumi.hu\/szolgaltatasok#gumiszerviz\" style=\"border-radius:1px;background-color:#fdd814;color:#333333\"> \u00c1RLISTA<\/a><\/div>\n<\/div>\n\n\n\n<p><\/p>\n\n\n\n<p><\/p>\n\n\n\n<div class=\"wp-block-buttons is-horizontal is-content-justification-center is-layout-flex wp-container-core-buttons-is-layout-499968f5 wp-block-buttons-is-layout-flex\">\n<div class=\"wp-block-button\"><a class=\"wp-block-button__link has-text-color has-background\" href=\"https:\/\/gumi.hu\/idopontfoglalas\" style=\"border-radius:1px;background-color:#fdd814;color:#333333\" target=\"_blank\" rel=\"noreferrer noopener\"> ID\u0150PONTFOGLAL\u00c1S<\/a><\/div>\n<\/div>\n\n\n\n<h3 class=\"wp-block-heading\"><strong>Melyek a ker\u00e9kcsere emel\u00e9si pontok?<\/strong><\/h3>\n\n\n\n<p>Ker\u00e9kcsere emel\u00e9si pontok alatt az aut\u00f3 alj\u00e1n tal\u00e1lhat\u00f3, h\u00e1romsz\u00f6g alak\u00fa m\u00e9lyed\u00e9seket \u00e9rtj\u00fck. Ezek a meger\u0151s\u00edtett pontok seg\u00edtenek abban, hogy az emel\u0151vel k\u00f6nnyed\u00e9n felemelhesse az aut\u00f3t. Ha a karossz\u00e9ria m\u00e1s r\u00e9sz\u00e9n haszn\u00e1lja az emel\u0151t, az ak\u00e1r a karossz\u00e9ria s\u00e9r\u00fcl\u00e9s\u00e9hez is vezethet. A szem\u00e9lyg\u00e9pkocsikon \u00e1ltal\u00e1ban 4 emel\u00e9si pont tal\u00e1lhat\u00f3 \u00f6sszesen. A szervizk\u00f6nyvben a gy\u00e1rt\u00f3 pontos t\u00e1j\u00e9koztat\u00e1st ad arr\u00f3l, hogy hol tal\u00e1lhat\u00f3 az aut\u00f3 emel\u00e9si pontja. <\/p>\n\n\n\n<h3 class=\"wp-block-heading\"><strong>Ker\u00e9kcsere otthon vs. szervizben: melyiket v\u00e1lasszam?<\/strong><\/h3>\n\n\n\n<p>A ker\u00e9kcsere otthon is elv\u00e9gezhet\u0151 feladat. A fenti l\u00e9p\u00e9seket betartva biztons\u00e1gosan, saj\u00e1tkez\u0171leg is elv\u00e9gezheti a csere feladatot. Azonban speci\u00e1lis felszerel\u00e9sek \u00e9s szak\u00e9rtelem n\u00e9lk\u00fcl a ker\u00e9k \u00e1llapotfelm\u00e9r\u00e9se \u00e9s a centr\u00edroz\u00e1s nem k\u00e9pezi a folyamat r\u00e9sz\u00e9t. Az javasoljuk, a szezon\u00e1lis ker\u00e9kcser\u00e9hez k\u00e9rje szakember seg\u00edts\u00e9g\u00e9t!<\/p>\n\n\n\n<h3 class=\"wp-block-heading\"><strong>Mennyi id\u0151t vesz ig\u00e9nybe a ker\u00e9kcsere?<\/strong><\/h3>\n\n\n\n<p>A ker\u00e9kcsere tapasztalt szakemberek sz\u00e1m\u00e1ra, profi felszerel\u00e9ssel, 4 ker\u00e9k cser\u00e9je eset\u00e9n k\u00f6r\u00fclbel\u00fcl 30 perces feladat. A ker\u00e9kcser\u00e9n\u00e9l kev\u00e9sb\u00e9 j\u00e1rtas szem\u00e9lyeknek a fent le\u00edrt m\u00f3dszerrel ak\u00e1r 1-2 \u00f3r\u00e1s feladat is lehet 4 ker\u00e9k cser\u00e9je.<\/p>\n\n\n\n<h3 class=\"wp-block-heading\"><strong>Gumijav\u00edt\u00e1s vs. ker\u00e9kcsere: melyiket \u00e9rdemes v\u00e1lasztani?<\/strong><\/h3>\n\n\n\n<p>A gumi jav\u00edt\u00e1s el\u0151nye lehet a p\u00e9nzmegtakar\u00edt\u00e1s \u00e9s a k\u00f6rnyezeti terhel\u00e9s cs\u00f6kkent\u00e9se. Azonban, nem minden esetben lehets\u00e9ges az abroncsot \u00e9rt s\u00e9r\u00fcl\u00e9st megjav\u00edtani. A gumijav\u00edt\u00e1s nem lehets\u00e9ges, amennyiben:<\/p>\n\n\n\n<ul class=\"wp-block-list\"><li>a ker\u00e9k sebess\u00e9gindexe W vagy magasabb,<\/li><li>s\u00e9r\u00fclt az oldalfal<\/li><li>a fut\u00f3fel\u00fcleten tal\u00e1lhat\u00f3 s\u00e9r\u00fcl\u00e9s meghaladja a 6 millim\u00e9ter \u00e1tm\u00e9r\u0151t<\/li><li>Vagy a s\u00e9r\u00fcl\u00e9st\u0151l adott t\u00e1vols\u00e1gon bel\u00fcl tal\u00e1lhat\u00f3 egy r\u00e9gebbi jav\u00edt\u00e1s.<\/li><\/ul>\n\n\n\n<p>Ilyenkor \u00faj abroncsot sz\u00fcks\u00e9ges v\u00e1s\u00e1rolni!<\/p>\n\n\n\n<h2 class=\"wp-block-heading\"><strong>AKH: t\u00e9li-ny\u00e1ri ker\u00e9kcsere szakember seg\u00edts\u00e9g\u00e9vel<\/strong><\/h2>\n\n\n\n<p>Az 1995-ben csal\u00e1di v\u00e1llalkoz\u00e1sk\u00e9nt alap\u00edtott Abroncs Keresked\u0151h\u00e1z Kft. (AKH) a magyar gumiabroncspiac \u00e9rt\u00e9kes\u00edt\u00e9si \u00e9s szolg\u00e1ltat\u00e1si ter\u00fclet\u00e9n bel\u00fcl t\u00f6bb kateg\u00f3ri\u00e1ban is piacvezet\u0151. Ha szeretn\u00e9 a ker\u00e9kcsere folyamat\u00e1t profikra b\u00edzni, v\u00e1lassza az Abroncs Keresked\u0151h\u00e1z Kft. (AKH) orsz\u00e1gos lefedetts\u00e9g\u0171 szerviz h\u00e1l\u00f3zat\u00e1t. T\u00f6bb \u00e9ves tapasztalattal rendelkez\u0151 szakembereink a szakmai el\u0151\u00edr\u00e1soknak megfelel\u0151en gondoskodnak a biztons\u00e1gos gumicser\u00e9rr\u0151l! Szeretn\u00e9 elker\u00fclni a sorban \u00e1ll\u00e1st? Az AKH szervizekbe k\u00e9nyelmesen, gyorsan, online is foglalhat id\u0151pontot.<\/p>\n\n\n\n<p id=\"block-6d114a2c-0770-4c96-a4ac-674038d27c91\"><strong>V\u00e1logasson kedv\u00e9re ny\u00e1ri gumi k\u00edn\u00e1latunkb\u00f3l, szereltesse \u00e1t orsz\u00e1gszerte t\u00f6bb, mint 200 helyen.<\/strong><\/p>\n\n\n\n<div class=\"wp-block-buttons is-horizontal is-content-justification-center is-layout-flex wp-container-core-buttons-is-layout-499968f5 wp-block-buttons-is-layout-flex\">\n<div class=\"wp-block-button\"><a class=\"wp-block-button__link has-text-color has-background\" href=\"https:\/\/gumi.hu\/keresesmeretszerint\/osszes\/osszes\/osszes\/nyari-gumi\" style=\"border-radius:1px;background-color:#fdd814;color:#333333\"> Ny\u00e1ri gumiabroncsok<\/a><\/div>\n<\/div>\n\n\n\n<p id=\"block-e424f1da-f735-41b2-b7c7-927ce732da23\"><em>Ne maradjon le \u00fajdons\u00e1gainkr\u00f3l, akci\u00f3inkr\u00f3l, iratkozzon fel h\u00edrlevel\u00fcnkre!<\/em>H\u00edrlev\u00e9l feliratkoz\u00e1s<\/p>\n\n\n\n<div class=\"wp-block-buttons is-horizontal is-content-justification-center is-layout-flex wp-container-core-buttons-is-layout-499968f5 wp-block-buttons-is-layout-flex\">\n<div class=\"wp-block-button\"><a class=\"wp-block-button__link has-text-color has-background\" href=\"https:\/\/gumi.hu\/szervizek\" style=\"border-radius:1px;background-color:#fdd814;color:#333333\" target=\"_blank\" rel=\"noreferrer noopener\"> H\u00edrlev\u00e9l feliratkoz\u00e1s<\/a><\/div>\n<\/div>\n","protected":false},"excerpt":{"rendered":"<p>Elj\u00f6tt a szezon\u00e1lis gumiszerel\u00e9s ideje? \u00daj gumiszettet v\u00e1s\u00e1rolt \u00e9s szeretn\u00e9 lecser\u00e9lni a r\u00e9gi abroncsokat? Nem lehets\u00e9ges a gumi jav\u00edt\u00e1sa \u00e9s p\u00f3tkereket sz\u00fcks\u00e9ges felszereln\u00fcnk? Legyen ak\u00e1rmi az ok, a ker\u00e9kcsere ak\u00e1r szakember seg\u00edts\u00e9ge n\u00e9lk\u00fcl is elv\u00e9gezhet\u0151 feladat. Cikk\u00fcnkben l\u00e9p\u00e9sr\u0151l-l\u00e9p\u00e9sre mutatjuk be az abroncscsere folyamat\u00e1t! Ker\u00e9kcsere menete: melyek a ker\u00e9kcsere l\u00e9p\u00e9sei? T\u00f6bb okb\u00f3l is sz\u00fcks\u00e9gess\u00e9 v\u00e1lhat a<\/p>\n","protected":false},"author":2,"featured_media":8984,"comment_status":"closed","ping_status":"closed","sticky":false,"template":"","format":"standard","meta":{"footnotes":""},"categories":[1206,1185],"tags":[],"class_list":["post-8981","post","type-post","status-publish","format-standard","has-post-thumbnail","hentry","category-gumiszerviz-2","category-tudastar"],"_links":{"self":[{"href":"https:\/\/gumi.hu\/blog\/wp-json\/wp\/v2\/posts\/8981","targetHints":{"allow":["GET"]}}],"collection":[{"href":"https:\/\/gumi.hu\/blog\/wp-json\/wp\/v2\/posts"}],"about":[{"href":"https:\/\/gumi.hu\/blog\/wp-json\/wp\/v2\/types\/post"}],"author":[{"embeddable":true,"href":"https:\/\/gumi.hu\/blog\/wp-json\/wp\/v2\/users\/2"}],"replies":[{"embeddable":true,"href":"https:\/\/gumi.hu\/blog\/wp-json\/wp\/v2\/comments?post=8981"}],"version-history":[{"count":4,"href":"https:\/\/gumi.hu\/blog\/wp-json\/wp\/v2\/posts\/8981\/revisions"}],"predecessor-version":[{"id":8992,"href":"https:\/\/gumi.hu\/blog\/wp-json\/wp\/v2\/posts\/8981\/revisions\/8992"}],"wp:featuredmedia":[{"embeddable":true,"href":"https:\/\/gumi.hu\/blog\/wp-json\/wp\/v2\/media\/8984"}],"wp:attachment":[{"href":"https:\/\/gumi.hu\/blog\/wp-json\/wp\/v2\/media?parent=8981"}],"wp:term":[{"taxonomy":"category","embeddable":true,"href":"https:\/\/gumi.hu\/blog\/wp-json\/wp\/v2\/categories?post=8981"},{"taxonomy":"post_tag","embeddable":true,"href":"https:\/\/gumi.hu\/blog\/wp-json\/wp\/v2\/tags?post=8981"}],"curies":[{"name":"wp","href":"https:\/\/api.w.org\/{rel}","templated":true}]}}