{"id":9157,"date":"2022-11-08T14:50:27","date_gmt":"2022-11-08T12:50:27","guid":{"rendered":"https:\/\/gumi.hu\/blog\/?p=9157"},"modified":"2026-01-08T10:47:22","modified_gmt":"2026-01-08T08:47:22","slug":"vredestein-wintrac-pro","status":"publish","type":"post","link":"https:\/\/gumi.hu\/blog\/vredestein-wintrac-pro\/","title":{"rendered":"A kiv\u00e1l\u00f3 min\u0151s\u00e9g\u0171 Vredestein Wintrac Pro ki\u00e9rdemelte a bizalmat"},"content":{"rendered":"\n<p><strong>A Vredestein gumiabroncsai t\u00f6bb n\u00e9met abroncsteszten is elismer\u00e9st v\u00edvtak ki<\/strong><\/p>\n\n\n\n<p>Az Apollo Tyres pr\u00e9mium abroncsm\u00e1rk\u00e1j\u00e1nak, a Vredesteinnek a term\u00e9kei t\u00f6bb k\u00fcl\u00f6nb\u00f6z\u0151, id\u00e9n \u0151sszel elv\u00e9gzett abroncsteszten komoly elismer\u00e9st v\u00edvtak ki. A teszteket olyan vezet\u0151 n\u00e9met fogyaszt\u00f3i magazinok szervezt\u00e9k, mint az <em>AutoBild<\/em>, az <em>ACE Lenkard<\/em> \u00e9s az <em>AUTO Stra\u00dfenverkehr<\/em>, illetve az ADAC, Eur\u00f3pa legnagyobb g\u00e9pj\u00e1rm\u0171vekkel foglalkoz\u00f3 sz\u00f6vets\u00e9ge.<\/p>\n\n\n\n<h2 class=\"wp-block-heading\"><strong>Vredestein Quatrac Pro<\/strong> &#8211; n\u00e9gy\u00e9vszakos gumiabroncs<\/h2>\n\n\n\n<p>A nagy teljes\u00edtm\u00e9ny\u0171 <strong><a href=\"https:\/\/gumi.hu\/products\/search\/keyword?query=quatrac+pro\" target=\"_blank\" rel=\"noreferrer noopener\">Quatrac Pro<\/a><\/strong> gumiabroncs \u00f6sszes\u00edt\u00e9sben az \u201e\u00e1r-min\u0151s\u00e9g kateg\u00f3ria gy\u0151ztese\u201d lett az <em>AUTO Stra\u00dfenverkehr <\/em>tesztj\u00e9n, illetve \u201eaj\u00e1nlott\u201d besorol\u00e1st kapott az <em>ACE Lenkard<\/em> magazin szeptemberi, n\u00e9gy \u00e9vszakos gumiabroncsokat pr\u00f3b\u00e1ra tev\u0151 tesztj\u00e9n. Az <em>AutoBild<\/em> tesztel\u0151i k\u00fcl\u00f6n kiemelt\u00e9k a Quatrac Pro havas k\u00f6r\u00fclm\u00e9nyek k\u00f6z\u00f6tt ny\u00fajtott teljes\u00edtm\u00e9ny\u00e9t, valamint \u201ea nedves lejt\u0151k\u00f6n ny\u00fajtott stabil vezet\u00e9si jellemz\u0151it \u00e9s r\u00f6vid f\u00e9kt\u00e1vols\u00e1g\u00e1t, illetve alacsony menetzaj\u00e1t\u201d.<\/p>\n\n\n\n<p>A hagyom\u00e1nyos, csal\u00e1di aut\u00f3k \u00e9s SUV-k sz\u00e1m\u00e1ra tervezett Quatrac a m\u00e1sodik helyet szerezte meg az <em>AutoBild<\/em> er\u0151s mez\u0151nyt felvonultat\u00f3, n\u00e9gy \u00e9vszakos gumiabroncsokkal kapcsolatos tesztj\u00e9n, \u00e9s teljes\u00edtm\u00e9ny\u00e9t a lap \u201ep\u00e9lda\u00e9rt\u00e9k\u0171nek\u201d nevezte. A tesztel\u0151k \u00fagy fogalmaztak, hogy a Quatrac egy \u201eremek n\u00e9gy \u00e9vszakos gumiabroncs, amely nedves \u00e9s sz\u00e1raz \u00fatfel\u00fcleteken is kiegyens\u00falyozott teljes\u00edtm\u00e9nyt ny\u00fajt \u00e9s elismer\u00e9sre m\u00e9lt\u00f3an r\u00f6vid f\u00e9kt\u00e1vokat tesz lehet\u0151v\u00e9\u201d.<\/p>\n\n\n\n<h2 class=\"wp-block-heading\"><strong>Vredestein Wintrac Pro<\/strong> &#8211; t\u00e9li gumiabroncs<\/h2>\n\n\n\n<p>A Vredestein t\u00e9ligumiabroncs-k\u00edn\u00e1lat\u00e1nak tagjai szint\u00e9n j\u00f3l teljes\u00edtettek a k\u00f6zelm\u00faltban lezajlott f\u00fcggetlen teszteken. A<strong><a href=\"https:\/\/gumi.hu\/products\/search\/keyword?query=wintrac+pro\" target=\"_blank\" rel=\"noreferrer noopener\"> Vredestein Wintrac Pro<\/a><\/strong>-t N\u00e9metorsz\u00e1g legnagyobb, k\u00f6r\u00fclbel\u00fcl 21 milli\u00f3 tagot sz\u00e1ml\u00e1l\u00f3 aut\u00f3klubja, az ADAC az \u201eaj\u00e1nlott\u201d kateg\u00f3ri\u00e1ba sorolta. A szervezet kiemelte a gumiabroncs jeges \u00faton ny\u00fajtott teljes\u00edtm\u00e9ny\u00e9t \u00e9s alacsony g\u00f6rd\u00fcl\u00e9si ellen\u00e1ll\u00e1s\u00e1t. Mindek\u00f6zben az <em>AUTO Stra\u00dfenverkehr <\/em>a nagy teljes\u00edtm\u00e9ny\u0171 Vredestein Wintrac Pro t\u00e9li gumiabroncsnak \u201enagyon j\u00f3\u201d \u00e9rt\u00e9kel\u00e9st adott.&nbsp;&nbsp;&nbsp;<\/p>\n\n\n<div class=\"wp-block-image\">\n<figure class=\"aligncenter size-large\"><img fetchpriority=\"high\" decoding=\"async\" width=\"1024\" height=\"536\" src=\"https:\/\/gumi.hu\/blog\/wp-content\/uploads\/2022\/11\/Display-ad-Wintrac-Pro-VR-AKH-1200x628-1-1024x536.jpg\" alt=\"Vredestein Wintrac Pro\" class=\"wp-image-9158\" title=\"\" srcset=\"https:\/\/gumi.hu\/blog\/wp-content\/uploads\/2022\/11\/Display-ad-Wintrac-Pro-VR-AKH-1200x628-1-1024x536.jpg 1024w, https:\/\/gumi.hu\/blog\/wp-content\/uploads\/2022\/11\/Display-ad-Wintrac-Pro-VR-AKH-1200x628-1-300x157.jpg 300w, https:\/\/gumi.hu\/blog\/wp-content\/uploads\/2022\/11\/Display-ad-Wintrac-Pro-VR-AKH-1200x628-1-768x402.jpg 768w, https:\/\/gumi.hu\/blog\/wp-content\/uploads\/2022\/11\/Display-ad-Wintrac-Pro-VR-AKH-1200x628-1-390x205.jpg 390w, https:\/\/gumi.hu\/blog\/wp-content\/uploads\/2022\/11\/Display-ad-Wintrac-Pro-VR-AKH-1200x628-1.jpg 1200w\" sizes=\"(max-width: 1024px) 100vw, 1024px\" \/><\/figure><\/div>\n\n\n<p>Daniele Lorenzetti, a v\u00e1llalat technol\u00f3giai vezet\u0151je \u00edgy fogalmazott: \u201eA Vredestein ism\u00e9t nagyon er\u0151s \u00e9vet z\u00e1rt a f\u00fcggetlen abroncsteszteken ny\u00fajtott teljes\u00edtm\u00e9ny tekintet\u00e9ben, \u00e9s nagyon b\u00fcszk\u00e9k vagyunk r\u00e1, hogy t\u00f6bb nagy preszt\u00edzs\u0171 n\u00e9metorsz\u00e1gi teszten is d\u00edjakat nyert\u00fcnk. Folyamatos sikereinkben K+F oszt\u00e1lyunk alapvet\u0151 fontoss\u00e1g\u00fa szerepet j\u00e1tszik, amelynek munkat\u00e1rsai folyamatosan optimaliz\u00e1lj\u00e1k a legfontosabb abroncskateg\u00f3ri\u00e1kban el\u00e9rhet\u0151 term\u00e9keink jellemz\u0151it.\u201d<\/p>\n\n\n\n<p>Az Apollo Tyres \u00fajabb d\u00edjak\u00e9rt sz\u00e1ll harcba a 2022-es \u00e9v k\u00e9s\u0151bbi r\u00e9sz\u00e9ben bemutat\u00e1sra ker\u00fcl\u0151 teljesen \u00faj, elektromos j\u00e1rm\u0171vekhez k\u00e9sz\u00fclt n\u00e9gy \u00e9vszakos Vredestein gumiabroncs bemutat\u00e1s\u00e1val. A v\u00e1llalat jelenleg vezet\u0151 aut\u00f3gy\u00e1rt\u00f3kkal k\u00f6z\u00f6sen dolgozva fontos kutat\u00e1si \u00e9s fejleszt\u00e9si feladatokat v\u00e9gez az \u00faj term\u00e9kkel kapcsolatban. A Vredestein pr\u00e9mium gumiabroncsm\u00e1rka folyamatosan a n\u00e9gy \u00e9vszakos gumiabroncsok piac\u00e1nak \u00e9l\u00e9n \u00e1ll, ami\u00f3ta a szegmens az 1990-es \u00e9vek elej\u00e9n megjelent. Az \u00edgy szerzett szaktud\u00e1st most arra haszn\u00e1lja a v\u00e1llalat, hogy \u00faj szintekre emelje az elektromos j\u00e1rm\u0171vek n\u00e9gy \u00e9vszakos gumiabroncsaival kapcsolatos innov\u00e1ci\u00f3kat.<\/p>\n\n\n\n<figure class=\"wp-block-embed is-type-video is-provider-youtube wp-block-embed-youtube wp-embed-aspect-16-9 wp-has-aspect-ratio\"><div class=\"wp-block-embed__wrapper\">\n<iframe title=\"Vredestein Wintrac pro t\u00e9li gumiabroncs VR AKH\" width=\"640\" height=\"360\" src=\"https:\/\/www.youtube.com\/embed\/8G0GKDOY-Mw?feature=oembed\" frameborder=\"0\" allow=\"accelerometer; autoplay; clipboard-write; encrypted-media; gyroscope; picture-in-picture; web-share\" referrerpolicy=\"strict-origin-when-cross-origin\" allowfullscreen><\/iframe>\n<\/div><\/figure>\n\n\n\n<p><strong>V\u00e1logasson kedv\u00e9re t\u00e9li gumi k\u00edn\u00e1latunkb\u00f3l, szereltesse \u00e1t orsz\u00e1gszerte t\u00f6bb, mint 200 helyen.<\/strong><\/p>\n\n\n\n<div class=\"wp-block-buttons is-horizontal is-content-justification-center is-layout-flex wp-container-core-buttons-is-layout-499968f5 wp-block-buttons-is-layout-flex\">\n<div class=\"wp-block-button\"><a class=\"wp-block-button__link has-text-color has-background\" href=\"https:\/\/gumi.hu\/keresesmeretszerint\/osszes\/osszes\/osszes\/teli-gumi\/vredestein\" style=\"border-radius:1px;background-color:#fdd814;color:#333333\"><strong>Vredestein <\/strong>t\u00e9li gumiabroncsok<\/a><\/div>\n<\/div>\n\n\n\n<p><\/p>\n\n\n\n<p><em>Ne maradjon le \u00fajdons\u00e1gainkr\u00f3l, akci\u00f3inkr\u00f3l, iratkozzon fel h\u00edrlevel\u00fcnkre!<\/em><\/p>\n\n\n\n<div class=\"wp-block-buttons is-horizontal is-content-justification-center is-layout-flex wp-container-core-buttons-is-layout-499968f5 wp-block-buttons-is-layout-flex\">\n<div class=\"wp-block-button\"><a class=\"wp-block-button__link has-text-color has-background\" href=\"https:\/\/gumi.hu\/#subscribe-to-newsletter\" style=\"border-radius:1px;background-color:#fdd814;color:#333333\" target=\"_blank\" rel=\"noreferrer noopener\">H\u00edrlev\u00e9l feliratkoz\u00e1s<\/a><\/div>\n<\/div>\n","protected":false},"excerpt":{"rendered":"<p>A Vredestein gumiabroncsai t\u00f6bb n\u00e9met abroncsteszten is elismer\u00e9st v\u00edvtak ki Az Apollo Tyres pr\u00e9mium abroncsm\u00e1rk\u00e1j\u00e1nak, a Vredesteinnek a term\u00e9kei t\u00f6bb k\u00fcl\u00f6nb\u00f6z\u0151, id\u00e9n \u0151sszel elv\u00e9gzett abroncsteszten komoly elismer\u00e9st v\u00edvtak ki. A teszteket olyan vezet\u0151 n\u00e9met fogyaszt\u00f3i magazinok szervezt\u00e9k, mint az AutoBild, az ACE Lenkard \u00e9s az AUTO Stra\u00dfenverkehr, illetve az ADAC, Eur\u00f3pa legnagyobb g\u00e9pj\u00e1rm\u0171vekkel foglalkoz\u00f3 sz\u00f6vets\u00e9ge.<\/p>\n","protected":false},"author":2,"featured_media":9160,"comment_status":"closed","ping_status":"closed","sticky":false,"template":"","format":"standard","meta":{"footnotes":""},"categories":[982,1107],"tags":[],"class_list":["post-9157","post","type-post","status-publish","format-standard","has-post-thumbnail","hentry","category-teli-gumi","category-vredestein"],"_links":{"self":[{"href":"https:\/\/gumi.hu\/blog\/wp-json\/wp\/v2\/posts\/9157","targetHints":{"allow":["GET"]}}],"collection":[{"href":"https:\/\/gumi.hu\/blog\/wp-json\/wp\/v2\/posts"}],"about":[{"href":"https:\/\/gumi.hu\/blog\/wp-json\/wp\/v2\/types\/post"}],"author":[{"embeddable":true,"href":"https:\/\/gumi.hu\/blog\/wp-json\/wp\/v2\/users\/2"}],"replies":[{"embeddable":true,"href":"https:\/\/gumi.hu\/blog\/wp-json\/wp\/v2\/comments?post=9157"}],"version-history":[{"count":2,"href":"https:\/\/gumi.hu\/blog\/wp-json\/wp\/v2\/posts\/9157\/revisions"}],"predecessor-version":[{"id":9161,"href":"https:\/\/gumi.hu\/blog\/wp-json\/wp\/v2\/posts\/9157\/revisions\/9161"}],"wp:featuredmedia":[{"embeddable":true,"href":"https:\/\/gumi.hu\/blog\/wp-json\/wp\/v2\/media\/9160"}],"wp:attachment":[{"href":"https:\/\/gumi.hu\/blog\/wp-json\/wp\/v2\/media?parent=9157"}],"wp:term":[{"taxonomy":"category","embeddable":true,"href":"https:\/\/gumi.hu\/blog\/wp-json\/wp\/v2\/categories?post=9157"},{"taxonomy":"post_tag","embeddable":true,"href":"https:\/\/gumi.hu\/blog\/wp-json\/wp\/v2\/tags?post=9157"}],"curies":[{"name":"wp","href":"https:\/\/api.w.org\/{rel}","templated":true}]}}