{"id":9287,"date":"2023-01-12T11:17:32","date_gmt":"2023-01-12T09:17:32","guid":{"rendered":"https:\/\/gumi.hu\/blog\/?p=9287"},"modified":"2023-01-12T12:56:00","modified_gmt":"2023-01-12T10:56:00","slug":"gumigyartas-magyarorszagon","status":"publish","type":"post","link":"https:\/\/gumi.hu\/blog\/gumigyartas-magyarorszagon\/","title":{"rendered":"Gumigy\u00e1rt\u00e1s Magyarorsz\u00e1gon: k\u00f6rk\u00e9p a hazai abroncsgy\u00e1rt\u00e1sr\u00f3l"},"content":{"rendered":"\n<p><strong>A gumigy\u00e1rt\u00e1s Magyarorsz\u00e1gon t\u00f6bb gy\u00e1rban is folyik, \u00edgy haz\u00e1nk val\u00f3di abroncsgy\u00e1rt\u00f3 nagyhatalom. Cikk\u00fcnkben bemutatjuk a kapcsol\u00f3d\u00f3 glob\u00e1lis trendeket, a hazai szerepl\u0151ket \u00e9s gumiabroncsgy\u00e1rt\u00e1s l\u00e9p\u00e9seit. Tudjon meg t\u00f6bbet a t\u00e9m\u00e1ban!<\/strong><\/p>\n\n\n\n<h2 class=\"wp-block-heading\"><strong>Glob\u00e1lis gumiabroncsgy\u00e1rt\u00e1s trendek<\/strong><\/h2>\n\n\n\n<p>A gumiabroncsgy\u00e1rt\u00e1s egy meghat\u00e1roz\u00f3 ipar\u00e1g, amely glob\u00e1lisan t\u00f6bb milli\u00f3 embernek ad munk\u00e1t \u00e9s jelent\u0151sen hozz\u00e1j\u00e1rul a gazdas\u00e1ghoz. A k\u00f6vetkez\u0151kben \u00f6sszefoglaltuk az ipar\u00e1gra vonatkoz\u00f3 legfontosabb statisztik\u00e1kat.<\/p>\n\n\n\n<p>Glob\u00e1lis gumiabroncsgy\u00e1rt\u00e1s trendek:<\/p>\n\n\n\n<ul class=\"wp-block-list\">\n<li>2021-ben 2,35 milli\u00e1rd gumiabroncsot gy\u00e1rtottak. A sokkol\u00f3an magas sz\u00e1m az \u00fczleti el\u0151rejelz\u00e9sek szerint tov\u00e1bb n\u00f6vekszik a k\u00f6vetkez\u0151 \u00e9vekben.<\/li>\n\n\n\n<li>A v\u00e1rhat\u00f3 \u00f6sszetett \u00e9ves n\u00f6veked\u00e9si \u00fctem 4,3% 2026-ig. Teh\u00e1t az abroncsipar\u00e1g v\u00e1rhat\u00f3an k\u00f6zel 5%-kal n\u00f6vekszik \u00e9ves szinten az elk\u00f6vetkez\u0151 4 \u00e9vben.<\/li>\n\n\n\n<li>Az abroncsipar 2021-ben glob\u00e1lisan el\u00e9rte a 122 milli\u00e1rd eur\u00f3 \u00e9rt\u00e9ket.<\/li>\n\n\n\n<li>A 3 legnagyobb piaci r\u00e9szesed\u00e9s\u0171 v\u00e1llalat a <a href=\"https:\/\/gumi.hu\/autogumi\/michelin\/\">Michelin<\/a>, <a href=\"https:\/\/gumi.hu\/autogumi\/bridgestone\/\">Bridgestone<\/a> \u00e9s <a href=\"https:\/\/gumi.hu\/autogumi\/goodyear\/\">Goodyear<\/a>. Ezen c\u00e9gek egy\u00fcttesen gener\u00e1lj\u00e1k az abroncsipari bev\u00e9telek k\u00f6zel 50%-\u00e1t.<\/li>\n\n\n\n<li>A vezet\u0151 8 gumiabroncs gy\u00e1rt\u00f3 c\u00e9g \u00e1tlagos haszonkulcsa 9,2%, teh\u00e1t minden megkeresett 10000 forint ut\u00e1n 920 Ft profitot realiz\u00e1lnak.<\/li>\n\n\n\n<li>A legmagasabb haszonkulcsot 2021-ben a <a href=\"https:\/\/gumi.hu\/autogumi\/continental\/\">Continental<\/a> c\u00e9g \u00e9rte el, amely 14,4% volt.<\/li>\n\n\n\n<li>A Bridgestone a legnagyobb abroncsgy\u00e1rt\u00f3 \u00c9szak-Amerik\u00e1ban, 9282 milli\u00f3 eur\u00f3s \u00e1rbev\u00e9telt gener\u00e1lt<\/li>\n\n\n\n<li>A <a href=\"https:\/\/gumi.hu\/autogumi\/pirelli\/\">Pirelli<\/a> a legt\u00f6bbet k\u00f6lt a kutat\u00e1sra \u00e9s fejleszt\u00e9sre a bev\u00e9tel\u00e9hez k\u00e9pest, 4,5%-kal.<\/li>\n<\/ul>\n\n\n\n<p>Meg\u00e1llap\u00edthat\u00f3, hogy a gumiabroncsgy\u00e1rt\u00e1s egy kiemelked\u0151 piaci \u00e9rt\u00e9k\u0171 \u00e9s n\u00f6vekv\u0151 trendet mutat\u00f3 ipar\u00e1g. Haz\u00e1nkban t\u00f6bb gumigy\u00e1rt\u00f3 \u00fczem tal\u00e1lhat\u00f3, a k\u00f6vetkez\u0151kben ezeket mutatjuk be.<\/p>\n\n\n\n<h2 class=\"wp-block-heading\"><strong>Gumigy\u00e1rt\u00e1s Magyarorsz\u00e1gon<\/strong><\/h2>\n\n\n\n<p>A gumigy\u00e1rt\u00e1s Magyarorsz\u00e1gon t\u00f6bb \u00fczemben folyik. Sz\u00e1mos nemzetk\u00f6zileg elismert v\u00e1llalat d\u00f6nt\u00f6tt amellett, hogy haz\u00e1nkban l\u00e9tes\u00edt gy\u00e1regys\u00e9geket. A k\u00f6vetkez\u0151kben r\u00f6viden bemutatjuk a legjelent\u0151sebb v\u00e1llalatokat \u00e9s magyarorsz\u00e1gi tev\u00e9kenys\u00e9g\u00fcket.<\/p>\n\n\n\n<h3 class=\"wp-block-heading\"><strong>Michelin<\/strong><\/h3>\n\n\n\n<p>A Michelin sz\u00e9lesk\u00f6r\u0171 abroncsportf\u00f3li\u00f3ja kiterjed a SUV modellekre, szem\u00e9ly \u2013\u00e9s kisteheraut\u00f3kra, motorker\u00e9kp\u00e1rokra \u00e9s robog\u00f3kra, ker\u00e9kp\u00e1rokra, veter\u00e1n aut\u00f3kra, teheraut\u00f3kra \u00e9s tr\u00e9lerekre, b\u00e1nya \u2013\u00e9s f\u00f6ldmunkag\u00e9pekre, mez\u0151gazdas\u00e1gi j\u00e1rm\u0171vekre \u00e9s v\u00e9g\u00fcl, de nem utols\u00f3 sorban rep\u00fcl\u0151g\u00e9pekre is. Pr\u00e9mium min\u0151s\u00e9g\u00e9nek \u00e9s az abroncstesztek sor\u00e1n szerzett kiemelked\u0151 min\u0151s\u00edt\u00e9seinek k\u00f6sz\u00f6nhet\u0151en, sz\u00e1mos aut\u00f3gy\u00e1rt\u00f3 v\u00e1lasztja els\u0151 szerel\u00e9snek a Michelin gumikat, mint pl. Audi, BMW, Chevrolet, Dodge, Honda, Mercedes, Porsche.<\/p>\n\n\n\n<p>A Michelin-csoport 1996 \u00f3ta van jelen haz\u00e1nkban. Magyarorsz\u00e1gon n\u00e9gy telephelyen v\u00e9geznek \u00fczleti tev\u00e9kenys\u00e9get. A gumiabroncsgy\u00e1rt\u00e1s mellett logisztikai, alapanyag forgalmaz\u00f3i feladatokat is v\u00e9geznek orsz\u00e1gunkban. A gumigy\u00e1rt\u00f3 l\u00e9tes\u00edtm\u00e9ny Ny\u00edregyh\u00e1z\u00e1n tal\u00e1lhat\u00f3, amelyet a v\u00e1llalat 40 milli\u00f3 eur\u00f3s beruh\u00e1z\u00e1ssal fejlesztett 2015-ben, \u00edgy 100 \u00faj munkahelyet teremtett.<\/p>\n\n\n\n<h3 class=\"wp-block-heading\"><strong>Hankook<\/strong><\/h3>\n\n\n\n<p>A Hankook alap\u00edt\u00e1s\u00e1nak 80-ik \u00e9vfordul\u00f3j\u00e1t 2021-ben \u00fcnnepelt\u00e9k. A n\u00e9pszer\u0171 abroncsgy\u00e1rt\u00f3 v\u00e1llalat sz\u00e9les term\u00e9kpalett\u00e1j\u00e1r\u00f3l, kedvez\u0151 \u00e1r-\u00e9rt\u00e9k ar\u00e1ny\u00fa term\u00e9keir\u0151l ismert. Duna\u00fajv\u00e1rosban tal\u00e1lhat\u00f3 d\u00e9l-koreai v\u00e1llalat egyik gy\u00e1regys\u00e9ge. A c\u00e9g oldal\u00e1n a k\u00f6vetkez\u0151 olvashat\u00f3 a Magyarorsz\u00e1gi gumiabroncs gy\u00e1rt\u00e1s kapcs\u00e1n:<\/p>\n\n\n\n<p><em>\u201cA Hankook Tire vil\u00e1gsz\u00ednvonal\u00fa eur\u00f3pai \u00fczem\u00e9ben \u00e9ves szinten 19 milli\u00f3 gumiabroncs g\u00f6rd\u00fcl le a gy\u00e1rt\u00f3szalagr\u00f3l. A gy\u00e1r 2007 j\u00fanius\u00e1ban kezdte meg m\u0171k\u00f6d\u00e9s\u00e9t \u00e9s az\u00f3ta is folyamatosan fejl\u0151dik, b\u0151v\u00fcl. A c\u00e9g jelenleg m\u00e1r mintegy 3300 alkalmazottat foglalkoztat, \u00e9s szem\u00e9lyg\u00e9pkocsik, SUV-ok \u00e9s k\u00f6nny\u0171 teherg\u00e9pkocsik sz\u00e1m\u00e1ra gy\u00e1rt gumiabroncsokat. A harmadik beruh\u00e1z\u00e1si \u00fctem 2015 tavasz\u00e1n fejez\u0151d\u00f6tt be, ezzel a magyar gy\u00e1r \u00e9ves gy\u00e1rt\u00f3kapacit\u00e1sa 19 milli\u00f3ra n\u0151tt.\u201d<\/em><\/p>\n\n\n\n<h3 class=\"wp-block-heading\"><strong>Bridgestone<\/strong><\/h3>\n\n\n\n<p>A Bridgestone a vil\u00e1g egyik legismertebb abroncs gy\u00e1rt\u00f3 c\u00e9ge. H\u00edrnev\u00e9t m\u00e9lt\u00e1n k\u00f6sz\u00f6nheti kit\u0171n\u0151 alapanyagokb\u00f3l k\u00e9sz\u00edtett kifog\u00e1stalan abroncsainak, melyeket el\u0151szeretettel v\u00e1s\u00e1rolnak az aut\u00f3 tulajdonosok. Egy-egy akci\u00f3 keret\u00e9ben, a kit\u0171n\u0151 min\u0151s\u00e9g\u0171 abroncsokat igen j\u00f3 \u00e1ron szerezhetj\u00fck be. A c\u00e9g egy jap\u00e1n tulajdonban l\u00e9v\u0151 gy\u00e1rt\u00f3, amelyet Shojiro Ishibashi alap\u00edtott m\u00e9g az 1930-as \u00e9vek elej\u00e9n. A Bridgestone Tatab\u00e1nya Termel\u0151 Kft. 2007-ben kezdte meg m\u0171k\u00f6d\u00e9s\u00e9t Tatab\u00e1nya v\u00e1ros\u00e1ban. A v\u00e1llalat id\u0151vel megdupl\u00e1zta a foglalkoztatott szem\u00e9lyek sz\u00e1m\u00e1t, \u00edgy m\u00e1ra t\u00f6bb mint 1300 ember dolgozik az abroncs gy\u00e1rban.<\/p>\n\n\n\n<h3 class=\"wp-block-heading\"><strong>Apollo<\/strong><\/h3>\n\n\n\n<p>Az indiai Apollo m\u00e1rka term\u00e9kei a kedvez\u0151 \u00e1rak ellen\u00e9re kiv\u00e1l\u00f3an szerepeltek a f\u00fcggetlen teszteken. 2017-ben nyitotta meg a v\u00e1llalat 6 \u00fczem\u00e9t, melynek helysz\u00edn\u00e9\u00fcl Magyarorsz\u00e1got v\u00e1lasztott\u00e1k. A kedvelt m\u00e1rka gy\u00f6ngy\u00f6shal\u00e1szi gy\u00e1r\u00e1ban \u00e9vente t\u00f6bb mint 6 milli\u00f3 abroncs gurul le a gy\u00e1rt\u00f3sorr\u00f3l. Az 72 hekt\u00e1ros ter\u00fcleten \u00e9p\u00edtett gy\u00e1regys\u00e9g l\u00e9trehoz\u00e1s\u00e1t 2015-ben kezdt\u00e9k meg \u00e9s t\u00f6bb mint 500 milli\u00f3 eur\u00f3s beruh\u00e1z\u00e1st jelentett a v\u00e1llalat sz\u00e1m\u00e1ra.<\/p>\n\n\n\n<figure class=\"wp-block-image size-large\"><img fetchpriority=\"high\" decoding=\"async\" width=\"1024\" height=\"683\" src=\"https:\/\/gumi.hu\/blog\/wp-content\/uploads\/2023\/01\/abroncsgyartas.jpg-1024x683.jpg\" alt=\"gumiabroncsgy\u00e1rt\u00e1s\" class=\"wp-image-9288\" title=\"\" srcset=\"https:\/\/gumi.hu\/blog\/wp-content\/uploads\/2023\/01\/abroncsgyartas.jpg-1024x683.jpg 1024w, https:\/\/gumi.hu\/blog\/wp-content\/uploads\/2023\/01\/abroncsgyartas.jpg-300x200.jpg 300w, https:\/\/gumi.hu\/blog\/wp-content\/uploads\/2023\/01\/abroncsgyartas.jpg-768x512.jpg 768w, https:\/\/gumi.hu\/blog\/wp-content\/uploads\/2023\/01\/abroncsgyartas.jpg.jpg 1500w\" sizes=\"(max-width: 1024px) 100vw, 1024px\" \/><\/figure>\n\n\n\n<h2 class=\"wp-block-heading\"><strong>Egy abroncs \u00e9letciklusa: gy\u00e1rt\u00e1st\u00f3l az \u00fajrahasznos\u00edt\u00e1sig<\/strong><\/h2>\n\n\n\n<p>Most, hogy ismertett\u00fck a legnagyobb magyar \u00fczemeket, \u00e9rdemes sz\u00f3t ejteni a gumiabroncsok term\u00e9k-\u00e9letciklus\u00e1r\u00f3l. A t\u00f6bb sz\u00e1z \u00e1llom\u00e1sb\u00f3l \u00e1ll\u00f3 folyamat a nyersanyagok beszerz\u00e9s\u00e9vel kezd\u0151dik \u00e9s az \u00fajrahasznos\u00edt\u00e1ssal v\u00e9gz\u0151dik.<\/p>\n\n\n\n<ol class=\"wp-block-list\">\n<li><strong>Kutat\u00e1s fejleszt\u00e9s:<\/strong> Az ak\u00e1r hossz\u00fa \u00e9veken \u00e1t tart\u00f3 folyamat sor\u00e1n t\u00f6bb sz\u00e1z anyagot, diz\u00e1jnt \u00e9s m\u00e9rn\u00f6ki megold\u00e1st tesztelnek. A c\u00e9l, optimaliz\u00e1lni az abroncsot a j\u00f6v\u0151beni felhaszn\u00e1l\u00e1shoz.<\/li>\n\n\n\n<li><strong>Gumigy\u00e1rt\u00e1s: <\/strong>A <a href=\"https:\/\/gumi.hu\/blog\/2022\/11\/mibol-keszul-a-gumiabroncs\/\">gumigy\u00e1rt\u00e1s<\/a>, amely egy \u00f6sszetett ipari folyamat, az al\u00e1bbi l\u00e9p\u00e9sekre bonthat\u00f3: kever\u00e9s, alkatr\u00e9szgy\u00e1rt\u00e1s, fel\u00e9p\u00edt\u00e9s \u00e9s vulkaniz\u00e1l\u00e1s.<\/li>\n\n\n\n<li><strong>\u00c9rt\u00e9kes\u00edt\u00e9s:<\/strong> A gy\u00e1rt\u00e1st k\u00f6vet\u0151en \u00e9rt\u00e9kes\u00edt\u00e9sre ker\u00fclnek az abroncsok, ez a legt\u00f6bb esetben \u00e9rt\u00e9kes\u00edt\u0151 partnereken kereszt\u00fcl t\u00f6rt\u00e9nik.<\/li>\n\n\n\n<li><strong>V\u00e1s\u00e1rl\u00e1s \u00e9s haszn\u00e1lat:<\/strong> Egy \u00e1tlagos abroncsot 5 \u00e9vig haszn\u00e1lnak, ez id\u0151 alatt 95-120000 kilom\u00e9tert tesz meg.<\/li>\n\n\n\n<li><strong>\u00dajrahasznos\u00edt\u00e1s \u00e9s hullad\u00e9kmenedzsment: <\/strong>Az \u00e9letciklusuk v\u00e9g\u00e9re az abroncsok jelent\u0151s r\u00e9sze \u00fajrahasznos\u00edt\u00e1sra ker\u00fcl. A <a href=\"https:\/\/gumi.hu\/blog\/2022\/07\/hasznalt-gumi-leadas\/\">haszn\u00e1lt gumi lead\u00e1sa<\/a> Magyarorsz\u00e1gon ingyenes \u00e9s egyszer\u0171 folyamat. A lefutott abroncsok vesz\u00e9lyes hullad\u00e9knak min\u0151s\u00fclnek, \u00edgy k\u00f6rnyezetv\u00e9delmi okok miatt kiemelten fontos, hogy a megfelel\u0151 m\u00f3don szabaduljon meg t\u0151l\u00fck.<\/li>\n<\/ol>\n\n\n\n<h2 class=\"wp-block-heading\"><strong>Gumiabroncs v\u00e1s\u00e1rl\u00e1s a gumi.hu webshopon<\/strong><\/h2>\n\n\n\n<p>Az im\u00e9nt bemutatott m\u00e1rk\u00e1kkal egy\u00fctt jelenleg 24 db m\u00e1rk\u00e1t forgalmazunk web\u00e1ruh\u00e1zunkban. Tekintse meg az \u00e1ltalunk forgalmazott <a href=\"https:\/\/gumi.hu\/autogumi\/\">gumim\u00e1rk\u00e1kat<\/a> \u00e9s v\u00e1lassza ki az ide\u00e1lis gumiabroncsot a <a href=\"https:\/\/gumi.hu\/\">gumi.hu<\/a>-n!<\/p>\n\n\n\n<p id=\"block-6d114a2c-0770-4c96-a4ac-674038d27c91\"><strong>V\u00e1logasson kedv\u00e9re t\u00e9li gumi k\u00edn\u00e1latunkb\u00f3l, szereltesse \u00e1t orsz\u00e1gszerte t\u00f6bb, mint 200 helyen.<\/strong><\/p>\n\n\n\n<div class=\"wp-block-buttons is-horizontal is-content-justification-center is-layout-flex wp-container-core-buttons-is-layout-499968f5 wp-block-buttons-is-layout-flex\">\n<div class=\"wp-block-button\"><a class=\"wp-block-button__link has-text-color has-background wp-element-button\" href=\"https:\/\/gumi.hu\/keresesmeretszerint\/osszes\/osszes\/osszes\/teli-gumi\" style=\"border-radius:1px;color:#333333;background-color:#fdd814\"> T\u00e9li gumiabroncsok<\/a><\/div>\n<\/div>\n\n\n\n<p id=\"block-e424f1da-f735-41b2-b7c7-927ce732da23\"><em>Ne maradjon le \u00fajdons\u00e1gainkr\u00f3l, akci\u00f3inkr\u00f3l, iratkozzon fel h\u00edrlevel\u00fcnkre!<\/em>H\u00edrlev\u00e9l feliratkoz\u00e1s<\/p>\n\n\n\n<div class=\"wp-block-buttons is-horizontal is-content-justification-center is-layout-flex wp-container-core-buttons-is-layout-499968f5 wp-block-buttons-is-layout-flex\">\n<div class=\"wp-block-button\"><a class=\"wp-block-button__link has-text-color has-background wp-element-button\" href=\"https:\/\/gumi.hu\/szervizek\" style=\"border-radius:1px;color:#333333;background-color:#fdd814\" target=\"_blank\" rel=\"noreferrer noopener\"> H\u00edrlev\u00e9l feliratkoz\u00e1s<\/a><\/div>\n<\/div>\n","protected":false},"excerpt":{"rendered":"<p>A gumigy\u00e1rt\u00e1s Magyarorsz\u00e1gon t\u00f6bb gy\u00e1rban is folyik, \u00edgy haz\u00e1nk val\u00f3di abroncsgy\u00e1rt\u00f3 nagyhatalom. Cikk\u00fcnkben bemutatjuk a kapcsol\u00f3d\u00f3 glob\u00e1lis trendeket, a hazai szerepl\u0151ket \u00e9s gumiabroncsgy\u00e1rt\u00e1s l\u00e9p\u00e9seit. Tudjon meg t\u00f6bbet a t\u00e9m\u00e1ban! Glob\u00e1lis gumiabroncsgy\u00e1rt\u00e1s trendek A gumiabroncsgy\u00e1rt\u00e1s egy meghat\u00e1roz\u00f3 ipar\u00e1g, amely glob\u00e1lisan t\u00f6bb milli\u00f3 embernek ad munk\u00e1t \u00e9s jelent\u0151sen hozz\u00e1j\u00e1rul a gazdas\u00e1ghoz. A k\u00f6vetkez\u0151kben \u00f6sszefoglaltuk az ipar\u00e1gra vonatkoz\u00f3<\/p>\n","protected":false},"author":2,"featured_media":9289,"comment_status":"closed","ping_status":"closed","sticky":false,"template":"","format":"standard","meta":{"footnotes":""},"categories":[1185,985],"tags":[],"class_list":["post-9287","post","type-post","status-publish","format-standard","has-post-thumbnail","hentry","category-tudastar","category-erdekesseg-gumiabroncs"],"_links":{"self":[{"href":"https:\/\/gumi.hu\/blog\/wp-json\/wp\/v2\/posts\/9287","targetHints":{"allow":["GET"]}}],"collection":[{"href":"https:\/\/gumi.hu\/blog\/wp-json\/wp\/v2\/posts"}],"about":[{"href":"https:\/\/gumi.hu\/blog\/wp-json\/wp\/v2\/types\/post"}],"author":[{"embeddable":true,"href":"https:\/\/gumi.hu\/blog\/wp-json\/wp\/v2\/users\/2"}],"replies":[{"embeddable":true,"href":"https:\/\/gumi.hu\/blog\/wp-json\/wp\/v2\/comments?post=9287"}],"version-history":[{"count":4,"href":"https:\/\/gumi.hu\/blog\/wp-json\/wp\/v2\/posts\/9287\/revisions"}],"predecessor-version":[{"id":9294,"href":"https:\/\/gumi.hu\/blog\/wp-json\/wp\/v2\/posts\/9287\/revisions\/9294"}],"wp:featuredmedia":[{"embeddable":true,"href":"https:\/\/gumi.hu\/blog\/wp-json\/wp\/v2\/media\/9289"}],"wp:attachment":[{"href":"https:\/\/gumi.hu\/blog\/wp-json\/wp\/v2\/media?parent=9287"}],"wp:term":[{"taxonomy":"category","embeddable":true,"href":"https:\/\/gumi.hu\/blog\/wp-json\/wp\/v2\/categories?post=9287"},{"taxonomy":"post_tag","embeddable":true,"href":"https:\/\/gumi.hu\/blog\/wp-json\/wp\/v2\/tags?post=9287"}],"curies":[{"name":"wp","href":"https:\/\/api.w.org\/{rel}","templated":true}]}}