{"id":9564,"date":"2023-04-19T13:25:59","date_gmt":"2023-04-19T11:25:59","guid":{"rendered":"https:\/\/gumi.hu\/blog\/?p=9564"},"modified":"2026-01-07T16:06:20","modified_gmt":"2026-01-07T14:06:20","slug":"autoklima-mukodese","status":"publish","type":"post","link":"https:\/\/gumi.hu\/blog\/autoklima-mukodese\/","title":{"rendered":"Az aut\u00f3kl\u00edma m\u0171k\u00f6d\u00e9se \u00e9s gyakori meghib\u00e1sod\u00e1sai"},"content":{"rendered":"\n<p><strong>A ny\u00e1r k\u00f6zeledt\u00e9vel egyre gyakrabban haszn\u00e1lj\u00e1k az aut\u00f3sok a g\u00e9pkocsik kl\u00edmaberendez\u00e9s\u00e9t. A kellemesen h\u0171v\u00f6s utast\u00e9r ma m\u00e1r alapk\u00f6vetelm\u00e9nynek sz\u00e1m\u00edt a a meleg napokon, de a nem megfelel\u0151 haszn\u00e1lat \u00e9s az odafigyel\u00e9s hi\u00e1nya k\u00f6nnyen a kl\u00edma meghib\u00e1sod\u00e1s\u00e1hoz vezethet, ami komoly k\u00f6lts\u00e9gekkel j\u00e1rhat. Hogyan is m\u0171k\u00f6dik az aut\u00f3kl\u00edma, milyen r\u00e9szei romolhatnak el, hogyan kell ezeket jav\u00edtani \u00e9s mit tehet\u00fcnk mi magunk a j\u00f3 m\u0171k\u00f6d\u00e9s \u00e9rdek\u00e9ben? Sz\u00edvesen tudna meg t\u00f6bbet aut\u00f3ja h\u0171t\u00e9si rendszer\u00e9r\u0151l? Cikk\u00fcnkben az aut\u00f3kl\u00edma m\u0171k\u00f6d\u00e9se, fel\u00e9p\u00edt\u00e9se \u00e9s gyakori meghib\u00e1sod\u00e1sai ker\u00fclnek bemutat\u00e1sra.<\/strong><\/p>\n\n\n\n<h2 class=\"wp-block-heading\"><strong>Az aut\u00f3kl\u00edma t\u00f6rt\u00e9nete: nem volt mindig alapfelszerel\u00e9s<\/strong><\/h2>\n\n\n\n<p>Ma m\u00e1r szinte minden \u00fajonnan v\u00e1s\u00e1rolt aut\u00f3n\u00e1l alapfelszerelts\u00e9gnek sz\u00e1m\u00edt, teljesen term\u00e9szetesnek vessz\u00fck, hogy van \u00e9s szinte el sem tudjuk k\u00e9pzelni az aut\u00f3z\u00e1st kl\u00edma n\u00e9lk\u00fcl. Ha haszn\u00e1lt aut\u00f3 beszerz\u00e9s\u00e9t tervezz\u00fck, az egyik els\u0151 k\u00e9rd\u00e9s\u00fcnk, hogy van-e benne kl\u00edma. Pedig nem volt ez mindig ennyire term\u00e9szetes, hiszen az aut\u00f3kban nagyj\u00e1b\u00f3l a 70-es \u00e9vekben jelent meg az utast\u00e9r h\u0171t\u00e9s\u00e9t biztos\u00edt\u00f3 berendez\u00e9s, igaz akkoriban m\u00e9g csak a luxusaut\u00f3k tulajdonosait illette meg ez a kiv\u00e1lts\u00e1g. Ezzel szemben ma m\u00e1r az alacsonyabb kateg\u00f3ri\u00e1j\u00fa kocsikn\u00e1l is sz\u00e9riatartoz\u00e9k.<\/p>\n\n\n\n<p>S b\u00e1r sokan term\u00e9szetesnek veszik a berendez\u00e9s megl\u00e9t\u00e9t, nem mindenki tudja, hogy pontosan mit is csin\u00e1l az aut\u00f3kl\u00edma, hogyan m\u0171k\u00f6dik, milyen jelei lehetnek a meghib\u00e1sod\u00e1s\u00e1nak, hogyan kell vigy\u00e1zni r\u00e1 \u00e9s mi a teend\u0151, ha be\u00fct a krach \u00e9s elromlik? El\u0151sz\u00f6r vegy\u00fck \u00e1t nagy vonalakban, hogy mi is tulajdonk\u00e9ppen az aut\u00f3kl\u00edma \u00e9s hogyan m\u0171k\u00f6dik?<\/p>\n\n\n\n<h2 class=\"wp-block-heading\"><strong>Az aut\u00f3kl\u00edma m\u0171k\u00f6d\u00e9se l\u00e9p\u00e9sr\u0151l-l\u00e9p\u00e9sre<\/strong><\/h2>\n\n\n\n<h3 class=\"wp-block-heading\"><strong>1. Bekapcsol\u00e1s<\/strong><\/h3>\n\n\n\n<p>Az aut\u00f3kl\u00edma m\u0171k\u00f6d\u00e9se a h\u0171t\u0151rendszer aktiv\u00e1l\u00e1s\u00e1val kezd\u0151dik. A kl\u00edma az a berendez\u00e9s az aut\u00f3nkban, ami folyamatosan k\u00e9pes az utast\u00e9r h\u0151m\u00e9rs\u00e9klet\u00e9nek szab\u00e1lyoz\u00e1s\u00e1ra, jellemz\u0151en h\u0171t\u00e9s\u00e9re. A rendszer m\u0171k\u00f6dtet\u00e9se egyszer\u0171, tulajdonk\u00e9ppen egy gomb megnyom\u00e1s\u00e1val m\u00e1r ind\u00edthat\u00f3 is a h\u0171t\u00e9s. A kapcsol\u00f3 seg\u00edts\u00e9g\u00e9vel egy szivatty\u00fat ind\u00edtunk be, ami h\u0171t\u0151k\u00f6zeget juttat a kl\u00edmarendszer elemein kereszt\u00fcl az utast\u00e9rben l\u00e9v\u0151 bels\u0151 elp\u00e1rologtat\u00f3ba, ami h\u0151t von el az utast\u00e9rb\u0151l, ez\u00e1ltal cs\u00f6kkenti annak h\u0151m\u00e9rs\u00e9klet\u00e9t.<\/p>\n\n\n\n<h3 class=\"wp-block-heading\"><strong>2. H\u0171t\u0151k\u00f6zeg keringet\u00e9se<\/strong><\/h3>\n\n\n\n<p>Az aut\u00f3k kl\u00edmaberendez\u00e9se a h\u0171t\u0151k\u00f6zeg nyom\u00e1s- \u00e9s halmaz\u00e1llapot-v\u00e1ltoz\u00e1s\u00e1ra, illetve az ezzel j\u00e1r\u00f3 h\u0151m\u00e9rs\u00e9klet-v\u00e1ltoz\u00e1sra \u00e9p\u00fcl. A rendszer legfontosabb alkatr\u00e9sze a kl\u00edmakompresszor, aminek a feladata, hogy \u00f6sszes\u0171r\u00edtse a meglehet\u0151sen furcsa nev\u0171, de k\u00f6rnyezetbar\u00e1t R134A nev\u0171, g\u00e1z halmaz\u00e1llapot\u00fa h\u0171t\u0151k\u00f6zeget. Fontos tudni, hogy ugyan sok, az utakon forgalomban l\u00e9v\u0151 aut\u00f3 ezzel a g\u00e1zzal \u00fczemel, de az \u00fajabb t\u00edpusokban m\u00e1r m\u00e1sfajta g\u00e1z kering.<\/p>\n\n\n\n<h3 class=\"wp-block-heading\"><strong>3. P\u00e1r\u00e1tlan\u00edt\u00e1s \u00e9s szennyez\u0151d\u00e9sek felfog\u00e1sa<\/strong><\/h3>\n\n\n\n<p>A s\u0171r\u00edt\u00e9s hat\u00e1s\u00e1ra magas h\u0151m\u00e9rs\u00e9klet\u0171 \u00e9s nagynyom\u00e1s\u00fa g\u00e1z j\u00f6n l\u00e9tre. Ez ut\u00e1n a kondenz\u00e1torba ker\u00fcl, ahol a menetsz\u00e9l leh\u0171ti \u00e9s cseppfoly\u00f3ss\u00e1 v\u00e1lik. A rendszer k\u00f6vetkez\u0151 eleme a sz\u00e1r\u00edt\u00f3sz\u0171r\u0151, ami p\u00e1r\u00e1tlan\u00edtja a k\u00f6zeget \u00e9s a k\u00fcl\u00f6nb\u00f6z\u0151 szennyez\u0151d\u00e9seket is felfogja.<\/p>\n\n\n\n<h3 class=\"wp-block-heading\"><strong>4. Az utast\u00e9r h\u0171t\u00e9se<\/strong><\/h3>\n\n\n\n<p>A m\u00e9g mindig foly\u00e9kony halmaz\u00e1llapot\u00fa, nagy nyom\u00e1s\u00fa \u00e9s meleg h\u0171t\u0151k\u00f6zeg ezt k\u00f6vet\u0151en \u00e1tmegy a t\u00e1gul\u00f3 vagy m\u00e1s n\u00e9ven expanzi\u00f3s szelepen, ahol hirtelen kit\u00e1gul, lecs\u00f6kken a nyom\u00e1sa, ennek hat\u00e1s\u00e1ra leh\u0171l. A m\u00e1r hideg R134A a p\u00e1rologtat\u00f3n \u00e1thaladva ism\u00e9t felmelegszik, ez\u00e1ltal pedig leh\u0171ti az utast\u00e9r szint\u00e9n ide be\u00e9rkez\u0151 leveg\u0151j\u00e9t, \u00e9s a benne l\u00e9v\u0151 vizet is kivonja. Az utast\u00e9rbe \u00edgy sz\u00e1raz \u00e9s h\u0171v\u00f6s leveg\u0151 ker\u00fcl vissza. A h\u0171t\u0151k\u00f6zeg k\u00f6zben felveszi eredeti \u00e1llapot\u00e1t, ism\u00e9t kis nyom\u00e1s\u00fa g\u00e1z lesz bel\u0151le \u00e9s a folyamat kezd\u0151dhet el\u00f6lr\u0151l. A aut\u00f3kl\u00edma m\u0171k\u00f6d\u00e9se komplex folyamat, amely sok ponton meghib\u00e1sodhat. A k\u00f6vetkez\u0151kben ezeket mutatjuk be.<\/p>\n\n\n\n<h2 class=\"wp-block-heading\"><strong>Mi romolhat el az aut\u00f3kl\u00edm\u00e1ban?<\/strong><\/h2>\n\n\n\n<h3 class=\"wp-block-heading\"><strong>Aut\u00f3kl\u00edma sziv\u00e1rg\u00e1s<\/strong><\/h3>\n\n\n\n<p>A leggyakoribb hiba az aut\u00f3k kl\u00edmaberendez\u00e9s\u00e9ben, ha a h\u0171t\u0151k\u00f6zeg valamilyen okb\u00f3l sziv\u00e1rog. Ennek t\u00f6bb oka is lehet, de jellemz\u0151en a leggyakoribb, hogy valamely, a rendszerbe \u00e9p\u00edtett cs\u0151 elhaszn\u00e1l\u00f3dik \u00e9s megreped, esetleg a t\u00f6m\u00edt\u00e9sekn\u00e9l sz\u00f6kik a k\u00f6zeg. Ez a probl\u00e9ma k\u00f6nnyen orvosolhat\u00f3 \u00e9s legt\u00f6bb esetben szabad szemmel is j\u00f3l l\u00e1that\u00f3. A hib\u00e1s cs\u0151 cser\u00e9je gyorsan megvan, de nem \u00e1rt tudni, hogy egy gy\u00e1ri kl\u00edmacs\u0151 ak\u00e1r 50-100 ezer forintos k\u00f6lts\u00e9get is jelenthet. Fontos tudni, hogy az egyszer\u0171 ut\u00e1nt\u00f6lt\u00e9s ilyenkor sem jelent teljes megold\u00e1st, a hib\u00e1s alkatr\u00e9szt c\u00e9lszer\u0171 id\u0151ben kicser\u00e9ltetni. A r\u00e9gebbi aut\u00f3kn\u00e1l k\u00f6telez\u0151 volt a h\u0171t\u0151k\u00f6zeg n\u00e9h\u00e1ny \u00e9venk\u00e9nti felt\u00f6lt\u00e9se, az \u00fajabb modellekn\u00e9l ugyanakkor m\u00e1r komolyabb probl\u00e9m\u00e1t is jelezhet az aut\u00f3kl\u00edma sziv\u00e1rg\u00e1s.<\/p>\n\n\n\n<h3 class=\"wp-block-heading\"><strong>Aut\u00f3kl\u00edma kompresszor hib\u00e1k<\/strong><\/h3>\n\n\n\n<p>Nagyobb a baj, ha a kompresszor romlik el a rendszerben, m\u00e1r csak az\u00e9rt is, mert ez a teljes berendez\u00e9s leggyeng\u00e9bb l\u00e1ncszeme. A kompresszor biztons\u00e1gos m\u0171k\u00f6d\u00e9s\u00e9hez h\u0171t\u00e9sre van sz\u00fcks\u00e9g, amit az ide visszat\u00e9r\u0151 h\u0171t\u0151k\u00f6zeg v\u00e9gez el. Ha a h\u0171t\u0151k\u00f6zeg nem kell\u0151en hideg, nem tudja leh\u0171teni a kompresszort, ami melegedni \u00e9s t\u00e1gulni kezd, a dugatty\u00fak megszorulnak, majd v\u00e9g\u00fcl teljesen be\u00e1llnak. Elromolhat a kompresszor kapcsol\u00f3-mechanizmusa \u00e9s bels\u0151 s\u00e9r\u00fcl\u00e9s is keletkezhet a kompresszoron bel\u00fcl. Ez ut\u00f3bbi esetben a keletkez\u0151 t\u00f6rmel\u00e9kek \u00e9s szennyez\u0151d\u00e9sek tiszt\u00edt\u00e1shoz a teljes alkatr\u00e9szt sz\u00e9t kell szedni, rosszabb esetben cser\u00e9lni, ami sok sz\u00e1zezer forintos k\u00f6lts\u00e9get is jelenthet. Az aut\u00f3kl\u00edma kompresszor hib\u00e1k jav\u00edt\u00e1si k\u00f6lts\u00e9ge igen magas lehet.<\/p>\n\n\n\n<h3 class=\"wp-block-heading\"><strong>Aut\u00f3kl\u00edma kondenz\u00e1tor hiba<\/strong><\/h3>\n\n\n\n<p>A rendszer m\u00e1sik fontos alkatr\u00e9sze, az aut\u00f3kl\u00edma kondenz\u00e1tor is elromolhat. Gyakori, hogy a t\u00e9li id\u0151szakban a cs\u00fasz\u00f3s utakon haszn\u00e1lt s\u00f3 vagy s\u00f3s latyak ker\u00fcl kapcsolatba a kl\u00edmah\u0171t\u0151vel, ilyenkor elrepedhet, megrozsd\u00e1sodhat. A megjelen\u0151 reped\u00e9seken lassan t\u00e1vozik a h\u0171t\u0151k\u00f6zeg \u00e9s id\u0151vel jelentkezik a kompresszor be\u00e1ll\u00e1sa. A h\u0171t\u0151t nem \u00e9rdemes jav\u00edtani, ha elromlik, sajnos cser\u00e9lni kell.<\/p>\n\n\n\n<h3 class=\"wp-block-heading\"><strong>Sz\u00e1r\u00edt\u00f3sz\u0171r\u0151 probl\u00e9ma<\/strong><\/h3>\n\n\n\n<p>A nagyobb aut\u00f3kl\u00edma jav\u00edt\u00e1skor aj\u00e1nlatos a sz\u00e1r\u00edt\u00f3sz\u0171r\u0151 cser\u00e9je is, ugyanis ez k\u00f6nnyen tel\u00edt\u0151dhet, ha a leveg\u0151vel \u00e9rintkezik. Ez egy, a kl\u00edma h\u0171t\u0151be \u00e9p\u00edtett patron, ami n\u00e9h\u00e1ny t\u00edzezer forint k\u00f6r\u00fcli \u00f6sszeget jelent az aut\u00f3snak.<\/p>\n\n\n\n<p>A rendszerben jelentkez\u0151 dugul\u00e1s is legink\u00e1bb a sz\u00e1r\u00edt\u00f3sz\u0171r\u0151 tel\u00edt\u0151d\u00e9s\u00e9vel jelentkezik. A dugul\u00e1snak lehet oka a kondenz\u00e1tor egy cs\u00f6v\u00e9nek \u00f6sszenyom\u00f3d\u00e1sa is, amit ak\u00e1r egy felpattan\u00f3 k\u0151 is okozhat. Dugul\u00e1st okozhat m\u00e9g a kompresszor kop\u00e1sa \u00e9s az ezzel egy\u00fctt j\u00e1r\u00f3 elt\u00f6m\u0151d\u00e9s is, vagy az is, ha a h\u0171t\u0151k\u00f6zegbe kevert olaj mennyis\u00e9ge nem a megfelel\u0151. Ezek mindegyike akad\u00e1lyozza a k\u00f6zeg \u00e1raml\u00e1s\u00e1t.<\/p>\n\n\n\n<h3 class=\"wp-block-heading\"><strong>Pollensz\u0171r\u0151 elt\u00f6m\u0151d\u00e9s<\/strong><\/h3>\n\n\n\n<p>Szint\u00e9n gyakori hiba a pollensz\u0171r\u0151 elt\u00f6m\u0151d\u00e9se, amit szint\u00e9n \u00e9rdemes ak\u00e1r \u00e9vente is kicser\u00e9lni. A pollensz\u0171r\u0151 nem csak a leveg\u0151 \u00e1tenged\u00e9se miatt fontos, hanem a szennyez\u0151d\u00e9sek, illetve a bakt\u00e9riumok felfog\u00e1s\u00e1ra szolg\u00e1l.<\/p>\n\n\n\n<h2 class=\"wp-block-heading\"><strong>Melyek az aut\u00f3kl\u00edma hiba jelei?<\/strong><\/h2>\n\n\n\n<p>Nem kell felt\u00e9tlen\u00fcl szakavatott kl\u00edmaszerel\u0151nek lenn\u00fcnk ahhoz, hogy meg\u00e1llap\u00edtsuk, valami nem stimmel az aut\u00f3nk kl\u00edmaberendez\u00e9s\u00e9vel. Van n\u00e9h\u00e1ny olyan jel, amit, ha \u00e9szlel\u00fcnk \u00e9s id\u0151ben l\u00e9p\u00fcnk, megel\u0151zhetj\u00fck az esetleges komolyabb meghib\u00e1sod\u00e1st, nem utols\u00f3 sorban pedig ak\u00e1r komolyabb k\u00f6lts\u00e9gekt\u0151l is megk\u00edm\u00e9lhetj\u00fck magunkat.<\/p>\n\n\n\n<p>Az aut\u00f3kl\u00edma hiba jelei az al\u00e1bbiak \u00e1ltal\u00e1ban:<\/p>\n\n\n\n<ul class=\"wp-block-list\">\n<li>A legink\u00e1bb szembet\u0171n\u0151 jel, ha a kl\u00edmarendszer a kapcsol\u00f3 gomb megnyom\u00e1s\u00e1val el sem indul.<\/li>\n\n\n\n<li>Szint\u00e9n a rendszer meghib\u00e1sod\u00e1s\u00e1ra kell gondolnunk, ha a kl\u00edma nem f\u00faj kell\u0151en hideg, 10 Celsius fok alatti leveg\u0151t.<\/li>\n\n\n\n<li>A h\u0171t\u0151k\u00f6zeg elsz\u00f6k\u00e9s\u00e9re utalhat, ha gyeng\u00fcl, vagy teljesen megsz\u0171nik a h\u0171t\u00e9s. Ilyenkor egy\u00e9bk\u00e9nt a gyeng\u00e9bben h\u0171t\u0151 kl\u00edmaberendez\u00e9st nem \u00e9rdemes tov\u00e1bb haszn\u00e1lni, mert az tov\u00e1bbi k\u00e1rosod\u00e1sokhoz vezethet.<\/li>\n\n\n\n<li>Gyanakodni kell a rendszer meghib\u00e1sod\u00e1s\u00e1ra, ha a kl\u00edma b\u00fcd\u00f6s leveg\u0151t f\u00faj. Ilyenkor azonnal forduljunk szakszervizhez!<\/li>\n\n\n\n<li>A sz\u00e1r\u00edt\u00f3sz\u0171r\u0151 meghib\u00e1sod\u00e1s\u00e1t jelzi, ha a kl\u00edma m\u0171k\u00f6dtet\u00e9se sor\u00e1n, vagy azt k\u00f6vet\u0151en nem csepeg v\u00edz az aut\u00f3 al\u00e1.<\/li>\n\n\n\n<li>Ha a kl\u00edmaberendez\u00e9s nem tud p\u00e1r\u00e1tlan\u00edtani, az szint\u00e9n a meghib\u00e1sod\u00e1s jele lehet.<\/li>\n<\/ul>\n\n\n<div class=\"wp-block-image\">\n<figure class=\"aligncenter size-large\"><img fetchpriority=\"high\" decoding=\"async\" width=\"1024\" height=\"683\" src=\"https:\/\/gumi.hu\/blog\/wp-content\/uploads\/2023\/04\/autoklima-felepitese-1024x683.jpg\" alt=\"aut\u00f3kl\u00edma fel\u00e9p\u00edt\u00e9se\" class=\"wp-image-9565\" title=\"\" srcset=\"https:\/\/gumi.hu\/blog\/wp-content\/uploads\/2023\/04\/autoklima-felepitese-1024x683.jpg 1024w, https:\/\/gumi.hu\/blog\/wp-content\/uploads\/2023\/04\/autoklima-felepitese-300x200.jpg 300w, https:\/\/gumi.hu\/blog\/wp-content\/uploads\/2023\/04\/autoklima-felepitese-768x512.jpg 768w, https:\/\/gumi.hu\/blog\/wp-content\/uploads\/2023\/04\/autoklima-felepitese-1536x1024.jpg 1536w, https:\/\/gumi.hu\/blog\/wp-content\/uploads\/2023\/04\/autoklima-felepitese.jpg 1920w\" sizes=\"(max-width: 1024px) 100vw, 1024px\" \/><\/figure><\/div>\n\n\n<h2 class=\"wp-block-heading\"><strong>Tippek a karbantart\u00e1shoz<\/strong><\/h2>\n\n\n\n<h3 class=\"wp-block-heading\"><strong>Aut\u00f3kl\u00edma ellen\u0151rz\u00e9s<\/strong><\/h3>\n\n\n\n<p>A kl\u00edmarendszer ellen\u0151rz\u00e9s\u00e9t akkor is c\u00e9lszer\u0171 elv\u00e9geztetni, ha egy\u00e9bk\u00e9nt semmilyen meghib\u00e1sod\u00e1sra utal\u00f3 jelet nem \u00e9rz\u00e9kel\u00fcnk. \u00c1ltal\u00e1nosan elfogadott, hogy \u00e9vente, de legal\u00e1bb k\u00e9t\u00e9vente \u00e9rdemes ezt elv\u00e9gezni. Ilyenkor r\u00e1ad\u00e1sul nem csak az t\u00f6rt\u00e9nik, hogy ut\u00e1n t\u00f6ltik az esetlegesen elsz\u00f6k\u0151 g\u00e1zt, hanem \u00e1ltal\u00e1ban a sz\u00e1r\u00edt\u00f3sz\u0171r\u0151 cser\u00e9j\u00e9re is sor ker\u00fcl.<\/p>\n\n\n\n<h3 class=\"wp-block-heading\"><strong>Aut\u00f3kl\u00edma t\u00f6lt\u00e9s<\/strong><\/h3>\n\n\n\n<p>Mint az aut\u00f3 minden egy\u00e9b m\u0171szaki rendszere, \u00edgy a kl\u00edmarendszer is ig\u00e9nyli a rendszeres ellen\u0151rz\u00e9st, karbantart\u00e1st. Az aut\u00f3kl\u00edma jav\u00edt\u00e1s\u00e1ra \u00e9s ellen\u0151rz\u00e9s\u00e9re nemcsak az\u00e9rt van sz\u00fcks\u00e9g, mert ezzel a kl\u00edma id\u0151tartam\u00e1t \u00e9s az el\u0151\u00edr\u00e1sszer\u0171 m\u0171k\u00f6d\u00e9s\u00e9t is biztos\u00edtjuk, de az eg\u00e9szs\u00e9g\u00fcnk meg\u0151rz\u00e9se szempontj\u00e1b\u00f3l is fontos lehet, s\u0151t a nem megfelel\u0151en karbantartott kl\u00edmaberendez\u00e9s a fogyaszt\u00e1st is n\u00f6velheti. N\u00e9zz\u00fck teh\u00e1t, milyen beavatkoz\u00e1sokra van sz\u00fcks\u00e9g a profi kl\u00edmaszervizben.<\/p>\n\n\n\n<p>Mint l\u00e1ttuk, a kl\u00edma lecs\u00f6kkent teljes\u00edtm\u00e9nye utalhat arra, hogy a rendszerb\u0151l valahol sz\u00f6kik a h\u0171t\u0151k\u00f6zeg. Az, hogy az el\u0151\u00edrtakhoz k\u00e9pest mekkora mennyis\u00e9g\u0171 k\u00f6zeg kering a rendszerben \u00e9s mennyi sz\u00f6k\u00f6tt el, az aut\u00f3 szervizcsatlakoz\u00f3in kereszt\u00fcl pontosan meg\u00e1llap\u00edthat\u00f3, a hi\u00e1nyz\u00f3 mennyis\u00e9g pedig p\u00f3tolhat\u00f3. Ehhez el\u0151sz\u00f6r lefejtik a rendszerben l\u00e9v\u0151 g\u00e1zt, ezt megm\u00e9rik, \u00f6sszehasonl\u00edtj\u00e1k az el\u0151\u00edrt mennyis\u00e9ggel, a hi\u00e1nyz\u00f3 mennyis\u00e9get pedig p\u00f3tolj\u00e1k. Elmer\u00fclne m\u00e9lyebben a t\u00e9m\u00e1ban? Olvassa el az \u200b\u200baut\u00f3kl\u00edma t\u00f6lt\u00e9s t\u00e9m\u00e1j\u00fa cikkeket!<\/p>\n\n\n\n<h3 class=\"wp-block-heading\"><strong>Pollensz\u0171r\u0151 csere<\/strong><\/h3>\n\n\n\n<p>Ezekn\u00e9l az ellen\u0151rz\u00e9sekn\u00e9l \u00e1ltal\u00e1ban a pollensz\u0171r\u0151 cser\u00e9j\u00e9t is elv\u00e9gzik a szakemberek. A legt\u00f6bb gy\u00e1rt\u00f3 8-10 ezer kilom\u00e9ter megt\u00e9tele ut\u00e1n \u00edrja el\u0151 a cser\u00e9t, de ha v\u00e1rosi k\u00f6rnyezetben haszn\u00e1ljuk aut\u00f3nkat, ak\u00e1r m\u00e1r 5 ezer kilom\u00e9terenk\u00e9nt is \u00e9rdemes kicser\u00e9ltetni a sz\u0171r\u0151t. A pollensz\u0171r\u0151 cser\u00e9je nemcsak az\u00e9rt fontos, mert az eldugult sz\u0171r\u0151n kereszt\u00fcl kevesebb leveg\u0151 ker\u00fcl az aut\u00f3 utaster\u00e9be, hanem, mert a sz\u0171r\u0151ben lerak\u00f3dott bakt\u00e9riumok eg\u00e9szs\u00e9gk\u00e1rosod\u00e1st is okozhatnak.<\/p>\n\n\n\n<h3 class=\"wp-block-heading\"><strong>Aut\u00f3kl\u00edma fert\u0151tlen\u00edt\u00e9s<\/strong><\/h3>\n\n\n\n<p>Szint\u00e9n \u00e9rdemes rendszeres id\u0151k\u00f6z\u00f6nk\u00e9nt elv\u00e9geztetni az <a href=\"https:\/\/gumi.hu\/blog\/autoklima-tisztitas\/\">aut\u00f3kl\u00edma fert\u0151tlen\u00edt\u00e9s<\/a> feladatokat. A bels\u0151 elp\u00e1rologtat\u00f3ban a folyamatos h\u0151ingadoz\u00e1snak k\u00f6sz\u00f6nhet\u0151en k\u00f6nnyen megtelepedhetnek a k\u00fcl\u00f6nf\u00e9le bakt\u00e9riumok \u00e9s gomb\u00e1k, amelyek szint\u00e9n \u00e1rtalmasak lehetnek az eg\u00e9szs\u00e9gre.<\/p>\n\n\n\n<p>Az aut\u00f3kl\u00edma tiszt\u00edt\u00e1s\u00e1t \u00e9s fert\u0151tlen\u00edt\u00e9s\u00e9t a szakszervizek \u00f3zon gener\u00e1tor seg\u00edts\u00e9g\u00e9vel v\u00e9gzik. A technol\u00f3gia az \u00f3zon fert\u0151tlen\u00edt\u0151 hat\u00e1s\u00e1ra \u00e9p\u00fcl. Az \u00f3zon akt\u00edv oxig\u00e9n molekul\u00e1i er\u0151s oxid\u00e1l\u00f3 tulajdons\u00e1g\u00e1nak k\u00f6sz\u00f6nhet\u0151en t\u00f6k\u00e9letesek a bakt\u00e9riumok okozta kellemetlen szagok megsz\u00fcntet\u00e9s\u00e9re is. Kellemetlen szagok forr\u00e1sa lehet a rendszerben lecsap\u00f3d\u00f3 \u00e9s pang\u00f3 v\u00edz is. A fert\u0151tlen\u00edt\u00e9skor ezt is kezelni kell. Fontos tudni, hogy a kl\u00edma fert\u0151tlen\u00edt\u00e9s\u00e9t k\u00f6vet\u0151en a pollen sz\u0171r\u0151t minden esetben cser\u00e9lni kell. A fert\u0151tlen\u00edt\u00e9st k\u00fcl\u00f6nb\u00f6z\u0151 spray-k seg\u00edts\u00e9g\u00e9vel ugyan h\u00e1zilag is el lehet v\u00e9gezni, de az ilyen otthoni beavatkoz\u00e1sok sosem jelentenek teljes megold\u00e1st, ez\u00e9rt c\u00e9lszer\u0171 mindig szakemberre b\u00edzni a feladatot. A gondos aut\u00f3s a kl\u00edmaszezon el\u0151tt \u00e9s ut\u00e1n is ellen\u0151rizteti a berendez\u00e9st, de \u00e9vente egyszer legal\u00e1bb aj\u00e1nlatos fert\u0151tlen\u00edttetni.<\/p>\n\n\n\n<h2 class=\"wp-block-heading\"><strong>Milyen k\u00f6lts\u00e9gekkel sz\u00e1molhatok?<\/strong><\/h2>\n\n\n\n<p>Sajnos sok aut\u00f3s pr\u00f3b\u00e1l sp\u00f3rolni az aut\u00f3kl\u00edma tiszt\u00edt\u00e1s\u00e1n, enn\u00e9l fogva ellen\u0151rz\u00e9sre sem viszi el aut\u00f3j\u00e1t, pedig ez hiba. A szakszer\u0171 ellen\u0151rz\u00e9ssel, tiszt\u00edt\u00e1ssal ugyanis a k\u00e9s\u0151bbi, j\u00f3val nagyobb kiad\u00e1sok is megel\u0151zhet\u0151k, el\u00e9g csak a h\u0171t\u0151, pl\u00e1ne a kompresszor cser\u00e9j\u00e9re gondolni, ami ak\u00e1r t\u00f6bb sz\u00e1zezres t\u00e9tel is lehet. A h\u0171t\u0151k\u00f6zeg sziv\u00e1rg\u00e1sakor a felt\u00f6lt\u00e9st pedig nem is lehet h\u00e1zilag elv\u00e9gezni, hiszen ehhez speci\u00e1lis berendez\u00e9sek \u00e9s szak\u00e9rtelem sz\u00fcks\u00e9ges.<\/p>\n\n\n\n<h3 class=\"wp-block-heading\"><strong>Aut\u00f3kl\u00edma tiszt\u00edt\u00e1s \u00e1rak<\/strong><\/h3>\n\n\n\n<p>A kl\u00edmarendszer ellen\u0151rz\u00e9se, tiszt\u00edt\u00e1sa, illetve a g\u00e1z felt\u00f6lt\u00e9se igaz\u00e1n nem ker\u00fcl sokba. A szakszervizek az ellen\u0151rz\u00e9st 5000 forint k\u00f6r\u00fcli \u00f6sszeg\u00e9rt v\u00e9gzik el. Az elv\u00e9gzett szolg\u00e1ltat\u00e1sok sz\u00e1m\u00e1t\u00f3l \u00e9s fajt\u00e1j\u00e1t\u00f3l f\u00fcgg\u0151en \u00e1ltal\u00e1ban l\u00e9teznek alap- \u00e9s pr\u00e9mium csomagok.<\/p>\n\n\n\n<p><a href=\"https:\/\/gumi.hu\/szolgaltatasok\"><strong>Aktu\u00e1lis aut\u00f3kl\u00edma tiszt\u00edt\u00e1s \u00e1rak<\/strong><\/a><\/p>\n\n\n\n<h3 class=\"wp-block-heading\"><strong>Aut\u00f3kl\u00edma t\u00f6lt\u00e9s \u00e1rak<\/strong><\/h3>\n\n\n\n<p>Az alapcsomagban az ellen\u0151rz\u00e9s \u00e9s a kl\u00edmat\u00f6lt\u00e9s szerepel. Ha a felt\u00f6lt\u00f6tt g\u00e1z mennyis\u00e9ge 600 gramm alatt van, akkor 15 000 forintot, ha pedig 600 gramm felett, akkor 20 000 forintot kell fizetni.<\/p>\n\n\n\n<p><a href=\"https:\/\/gumi.hu\/szolgaltatasok\"><strong>Aktu\u00e1lis aut\u00f3kl\u00edma t\u00f6lt\u00e9s \u00e1rak<\/strong><\/a><\/p>\n\n\n\n<h3 class=\"wp-block-heading\"><strong>\u00d3zonos fert\u0151tlen\u00edt\u00e9s \u00e1rak<\/strong><\/h3>\n\n\n\n<p>A pr\u00e9mium csomagban a fentieken t\u00fal m\u00e1r \u00f3zonos fert\u0151tlen\u00edt\u00e9s is benne van az \u00e1rban. Itt is k\u00fcl\u00f6nb\u00f6z\u0151 a szolg\u00e1ltat\u00e1s d\u00edja, ha 600 gramm alatti, vagy 600 gramm feletti mennyis\u00e9get t\u00f6ltenek a rendszerbe. El\u0151bbi esetben 20 000 forint, ut\u00f3bbin\u00e1l pedig 25 000 forint a szolg\u00e1ltat\u00e1s d\u00edja. Fontos tudni, hogy a szakszervizben kiz\u00e1r\u00f3lag R134A t\u00edpus\u00fa g\u00e1zt tudnak a rendszerbe t\u00f6lteni \u00e9s nem lehet el\u00e9gszer hangs\u00falyozni, hogy a fert\u0151tlen\u00edt\u00e9s nem lehet teljes \u00e9s hiteles, a pollensz\u0171r\u0151 egyidej\u0171 cser\u00e9je n\u00e9lk\u00fcl.<\/p>\n\n\n\n<p><a href=\"https:\/\/gumi.hu\/szolgaltatasok\"><strong>Aktu\u00e1lis \u00f3zonos fert\u0151tlen\u00edt\u00e9s \u00e1rak<\/strong><\/a><\/p>\n\n\n\n<h2 class=\"wp-block-heading\"><strong>Hasznos tippek a hossz\u00fa \u00e9lettartam\u00e9rt<\/strong><\/h2>\n\n\n\n<h3 class=\"wp-block-heading\"><strong>\u00c1ltal\u00e1nos tippek<\/strong><\/h3>\n\n\n\n<p>Az aut\u00f3 kl\u00edmarendszer\u00e9nek min\u00e9l jobb m\u0171k\u00f6d\u00e9s\u00e9\u00e9rt \u00e9s \u00e9lettartam\u00e1nak megn\u00f6vel\u00e9s\u00e9\u00e9rt mi magunk is sokat tehet\u00fcnk. Az els\u0151 \u00e9s legfontosabb, hogy a kl\u00edm\u00e1t m\u00e9g t\u00e9len is kapcsoljuk be, hetente legal\u00e1bb egyszer. Erre egyr\u00e9szt az\u00e9rt van sz\u00fcks\u00e9g, mert \u00edgy a kompresszor m\u0171k\u00f6d\u00e9s\u00e9t seg\u00edt\u0151 ken\u0151anyag kering\u00e9s\u00e9t is el\u0151seg\u00edtj\u00fck, m\u00e1sr\u00e9szt pedig a h\u0171t\u0151k\u00f6zeg mozgat\u00e1s\u00e1val elej\u00e9t vehetj\u00fck a rendszerben megragad\u00f3 v\u00edzben a pen\u00e9szgomb\u00e1k kifejl\u0151d\u00e9s\u00e9nek. A kl\u00edma m\u0171k\u00f6dtet\u00e9s\u00e9vel a t\u00f6m\u00edt\u00e9sek is megfelel\u0151 ken\u00e9st kapnak, ezzel elker\u00fclhetj\u00fck, hogy a t\u00f6m\u00edt\u00e9sek megrepedez\u00e9s\u00e9vel a h\u0171t\u0151k\u00f6zeg sziv\u00e1rogni kezdjen.<\/p>\n\n\n\n<h3 class=\"wp-block-heading\"><strong>Aut\u00f3kl\u00edma tiszt\u00edt\u00e1s h\u00e1zilag<\/strong><\/h3>\n\n\n\n<p>Szint\u00e9n elv\u00e9gezhet\u0151 h\u00e1zilag a kl\u00edmah\u0171t\u0151 fel\u00fclet\u00e9nek lemos\u00e1sa, amit \u00e9vente egyszer, legink\u00e1bb tavasszal \u00e9rdemes elv\u00e9gezni. Ezzel nem csak a lamell\u00e1kat elt\u00f6m\u00edt\u0151 leveleket, vagy bogarakat lehet elt\u00fcntetni, hanem a t\u00e9li latyak \u00e1ltal el\u0151id\u00e9zett korr\u00f3zi\u00f3 is megel\u0151zhet\u0151. Ezt ak\u00e1r sima v\u00edzzel vagy tiszt\u00edt\u00f3oldattal is elv\u00e9gezhetj\u00fck. Az \u00e9ves rendes tiszt\u00edt\u00e1s mellett 5-8 \u00e9vente \u00e9rdemes szakszervizben kiszereltetni a h\u0171t\u0151t \u00e9s egy alaposabb tiszt\u00edt\u00e1snak al\u00e1vetni.<\/p>\n\n\n\n<p>Fontos, hogy az utaz\u00e1s v\u00e9ge el\u0151tt kapcsoljuk ki a kl\u00edm\u00e1t, ne miut\u00e1n meg\u00e9rkezt\u00fcnk \u00e9s \u00e9pp le\u00e1ll\u00edtan\u00e1nk az aut\u00f3t. Ezzel megel\u0151zhetj\u00fck a gomb\u00e1k kialakul\u00e1s\u00e1t \u00e9s megteleped\u00e9s\u00e9t a rendszerben.<\/p>\n\n\n\n<h3 class=\"wp-block-heading\"><strong>Gyakori szakszer\u0171 m\u0171szaki vizsg\u00e1lat<\/strong><\/h3>\n\n\n\n<p>A kl\u00edmaberendez\u00e9s helyes haszn\u00e1lata \u00e9s rendszeres ellen\u0151rz\u00e9se nemcsak a rendszer \u00e9lettartam\u00e1t n\u00f6veli, hanem az aut\u00f3z\u00e1s \u00e9lm\u00e9ny\u00e9t is nagyban n\u00f6veli. A kl\u00edma megfelel\u0151 m\u0171k\u00f6d\u00e9se jav\u00edtja a koncentr\u00e1ci\u00f3s k\u00e9pess\u00e9get, enyh\u00edti a f\u00e1radts\u00e1g\u00e9rzetet, ez\u00e1ltal n\u00f6veli az aut\u00f3z\u00e1s biztons\u00e1g\u00e1t. Nem utols\u00f3sorban pedig komoly k\u00f6lts\u00e9gekt\u0151l is meg\u00f3vhatjuk magunkat, ha odafigyel\u00fcnk aut\u00f3nk kl\u00edmaberendez\u00e9s\u00e9re.<\/p>\n\n\n\n<p><\/p>\n\n\n\n<div class=\"wp-block-buttons is-horizontal is-content-justification-center is-layout-flex wp-container-core-buttons-is-layout-499968f5 wp-block-buttons-is-layout-flex\">\n<div class=\"wp-block-button\"><a class=\"wp-block-button__link has-text-color has-background wp-element-button\" href=\"https:\/\/gumi.hu\/autoszerviz-online\" style=\"border-radius:1px;color:#333333;background-color:#fdd814\" target=\"_blank\" rel=\"noreferrer noopener\"><strong>Id\u0151pontfoglal\u00e1s<\/strong><\/a><\/div>\n<\/div>\n\n\n\n<p class=\"has-text-align-left\"><em>Pr\u00e9mium min\u0151s\u00e9g\u0171 gumi- \u00e9s aut\u00f3szerviz szolg\u00e1ltat\u00e1sok az \u00d6n k\u00f6zel\u00e9ben &#8211; haszn\u00e1lja t\u00e9rk\u00e9pes keres\u0151nket!<\/em><\/p>\n\n\n\n<div class=\"wp-block-buttons is-horizontal is-content-justification-center is-layout-flex wp-container-core-buttons-is-layout-499968f5 wp-block-buttons-is-layout-flex\">\n<div class=\"wp-block-button\"><a class=\"wp-block-button__link has-text-color has-background wp-element-button\" href=\"https:\/\/akh.hu\/szervizek\" style=\"border-radius:1px;color:#333333;background-color:#fdd814\" target=\"_blank\" rel=\"noreferrer noopener nofollow\"><strong>Pr\u00e9mium Partner keres\u0151<\/strong><\/a><\/div>\n<\/div>\n\n\n\n<p><em>Ne maradjon le \u00fajdons\u00e1gainkr\u00f3l, akci\u00f3inkr\u00f3l, iratkozzon fel h\u00edrlevel\u00fcnkre!<\/em><\/p>\n\n\n\n<div class=\"wp-block-buttons is-horizontal is-content-justification-center is-layout-flex wp-container-core-buttons-is-layout-499968f5 wp-block-buttons-is-layout-flex\">\n<div class=\"wp-block-button\"><a class=\"wp-block-button__link has-text-color has-background wp-element-button\" href=\"https:\/\/gumi.hu\/#subscribe-to-newsletter\" style=\"border-radius:1px;color:#333333;background-color:#fdd814\" target=\"_blank\" rel=\"noreferrer noopener\">H\u00edrlev\u00e9l feliratkoz\u00e1s<\/a><\/div>\n<\/div>\n","protected":false},"excerpt":{"rendered":"<p>A ny\u00e1r k\u00f6zeledt\u00e9vel egyre gyakrabban haszn\u00e1lj\u00e1k az aut\u00f3sok a g\u00e9pkocsik kl\u00edmaberendez\u00e9s\u00e9t. A kellemesen h\u0171v\u00f6s utast\u00e9r ma m\u00e1r alapk\u00f6vetelm\u00e9nynek sz\u00e1m\u00edt a a meleg napokon, de a nem megfelel\u0151 haszn\u00e1lat \u00e9s az odafigyel\u00e9s hi\u00e1nya k\u00f6nnyen a kl\u00edma meghib\u00e1sod\u00e1s\u00e1hoz vezethet, ami komoly k\u00f6lts\u00e9gekkel j\u00e1rhat. Hogyan is m\u0171k\u00f6dik az aut\u00f3kl\u00edma, milyen r\u00e9szei romolhatnak el, hogyan kell ezeket jav\u00edtani \u00e9s<\/p>\n","protected":false},"author":2,"featured_media":9567,"comment_status":"closed","ping_status":"closed","sticky":false,"template":"","format":"standard","meta":{"footnotes":""},"categories":[1205,1185],"tags":[],"class_list":["post-9564","post","type-post","status-publish","format-standard","has-post-thumbnail","hentry","category-autoszerviz-3","category-tudastar"],"_links":{"self":[{"href":"https:\/\/gumi.hu\/blog\/wp-json\/wp\/v2\/posts\/9564","targetHints":{"allow":["GET"]}}],"collection":[{"href":"https:\/\/gumi.hu\/blog\/wp-json\/wp\/v2\/posts"}],"about":[{"href":"https:\/\/gumi.hu\/blog\/wp-json\/wp\/v2\/types\/post"}],"author":[{"embeddable":true,"href":"https:\/\/gumi.hu\/blog\/wp-json\/wp\/v2\/users\/2"}],"replies":[{"embeddable":true,"href":"https:\/\/gumi.hu\/blog\/wp-json\/wp\/v2\/comments?post=9564"}],"version-history":[{"count":1,"href":"https:\/\/gumi.hu\/blog\/wp-json\/wp\/v2\/posts\/9564\/revisions"}],"predecessor-version":[{"id":9568,"href":"https:\/\/gumi.hu\/blog\/wp-json\/wp\/v2\/posts\/9564\/revisions\/9568"}],"wp:featuredmedia":[{"embeddable":true,"href":"https:\/\/gumi.hu\/blog\/wp-json\/wp\/v2\/media\/9567"}],"wp:attachment":[{"href":"https:\/\/gumi.hu\/blog\/wp-json\/wp\/v2\/media?parent=9564"}],"wp:term":[{"taxonomy":"category","embeddable":true,"href":"https:\/\/gumi.hu\/blog\/wp-json\/wp\/v2\/categories?post=9564"},{"taxonomy":"post_tag","embeddable":true,"href":"https:\/\/gumi.hu\/blog\/wp-json\/wp\/v2\/tags?post=9564"}],"curies":[{"name":"wp","href":"https:\/\/api.w.org\/{rel}","templated":true}]}}