{"id":9656,"date":"2023-06-09T09:55:41","date_gmt":"2023-06-09T07:55:41","guid":{"rendered":"https:\/\/gumi.hu\/blog\/?p=9656"},"modified":"2026-01-08T10:40:51","modified_gmt":"2026-01-08T08:40:51","slug":"1000-miglia-2023","status":"publish","type":"post","link":"https:\/\/gumi.hu\/blog\/1000-miglia-2023\/","title":{"rendered":"\u00daj Versenyt hirdet a Vredestien a 1000 Miglia futamon"},"content":{"rendered":"<div class=\"wp-block-image\">\n<figure class=\"aligncenter size-full\"><img decoding=\"async\" width=\"304\" height=\"100\" src=\"https:\/\/gumi.hu\/blog\/wp-content\/uploads\/2022\/03\/vredestein-logo.png\" alt=\"\" class=\"wp-image-8467\" title=\"\" srcset=\"https:\/\/gumi.hu\/blog\/wp-content\/uploads\/2022\/03\/vredestein-logo.png 304w, https:\/\/gumi.hu\/blog\/wp-content\/uploads\/2022\/03\/vredestein-logo-300x99.png 300w\" sizes=\"(max-width: 304px) 100vw, 304px\" \/><\/figure><\/div>\n\n\n<p>\u00daj versenyt hirdettek meg a Vredestein pr\u00e9mium abroncsm\u00e1rka \u00e9s az ikonikus 1000 Miglia klasszikus aut\u00f3verseny k\u00f6z\u00f6tti partners\u00e9g meg\u00fcnnepl\u00e9s\u00e9re. Az Apollo Tyres tulajdon\u00e1ban l\u00e9v\u0151 Vredestein k\u00e9t izgalmas VIP \u00e9lm\u00e9nyt k\u00edn\u00e1l az esem\u00e9nyre, ide\u00e9rtve a vissza\u00fat rep\u00fcl\u0151jegyeit Mil\u00e1n\u00f3ba \u00e9s egy h\u00e1rom\u00e9jszak\u00e1s sz\u00e1ll\u00e1st egy n\u00e9gycsillagos sz\u00e1llod\u00e1ban.<\/p>\n\n\n\n<p>2023 j\u00fanius 12-\u00e9n a nyertesek kiz\u00e1r\u00f3lagos hozz\u00e1f\u00e9r\u00e9st kapnak a paddock-hoz, ahol k\u00f6zelr\u0151l megtekinthetik az \u00f6sszes 405 \u00e9rt\u00e9kes klasszikus j\u00e1rm\u0171vet a hivatalos el\u0151futam technikai ellen\u0151rz\u00e9s\u00e9n\u00e9l. Ezt a k\u00f6vetkez\u0151 napon rendeznek meg a verseny hivatalos kezd\u00e9se el\u0151tt, egyed\u00fcl\u00e1ll\u00f3 h\u00e1tt\u00e9rmegtapasztal\u00e1sk\u00e9nt. A harmadik napon a nyertesek bel\u00e9phetnek a 1000 Miglia faluba, majd kiz\u00e1r\u00f3lagos p\u00e1lya melletti hozz\u00e1f\u00e9r\u00e9st kapnak, hogy l\u00e1thass\u00e1k a verseny izgalmas kezdet\u00e9t.<\/p>\n\n\n\n<p>A versenybe val\u00f3 bel\u00e9p\u00e9shez a r\u00e9szleteket 2023. \u00e1prilis 30-a el\u0151tt kell beny\u00fajtani a Ready? Set\u2026 Win! oldalon.<\/p>\n\n\n\n<p>Mint a &#8222;vil\u00e1g legszebb versenye&#8221;-k\u00e9nt ismert, idei 1000 Miglia \u00f6t napig tart majd \u00e9s t\u00f6bb mint 1000 m\u00e9rf\u00f6ldet fed le. A verseny t\u00e1mogatja Brescia v\u00e1ros\u00e1t. A futamon a klasszikus aut\u00f3k R\u00f3m\u00e1ba utaznak majd, majd visszat\u00e9rnek Bresci\u00e1ba.<\/p>\n\n\n\n<figure class=\"wp-block-gallery has-nested-images columns-default is-cropped wp-block-gallery-1 is-layout-flex wp-block-gallery-is-layout-flex\">\n<figure class=\"wp-block-image size-large\"><img fetchpriority=\"high\" decoding=\"async\" width=\"1024\" height=\"683\" data-id=\"9657\" src=\"https:\/\/gumi.hu\/blog\/wp-content\/uploads\/2023\/06\/Deel-2-00023-1024x683.jpg\" alt=\"1000 Miglia 2023\" class=\"wp-image-9657\" title=\"\" srcset=\"https:\/\/gumi.hu\/blog\/wp-content\/uploads\/2023\/06\/Deel-2-00023-1024x683.jpg 1024w, https:\/\/gumi.hu\/blog\/wp-content\/uploads\/2023\/06\/Deel-2-00023-300x200.jpg 300w, https:\/\/gumi.hu\/blog\/wp-content\/uploads\/2023\/06\/Deel-2-00023-768x512.jpg 768w, https:\/\/gumi.hu\/blog\/wp-content\/uploads\/2023\/06\/Deel-2-00023-1536x1024.jpg 1536w, https:\/\/gumi.hu\/blog\/wp-content\/uploads\/2023\/06\/Deel-2-00023.jpg 1920w\" sizes=\"(max-width: 1024px) 100vw, 1024px\" \/><\/figure>\n\n\n\n<figure class=\"wp-block-image size-large\"><img decoding=\"async\" width=\"1024\" height=\"576\" data-id=\"9658\" src=\"https:\/\/gumi.hu\/blog\/wp-content\/uploads\/2023\/06\/Mile-Miglia-2023-1024x576.jpg\" alt=\"\" class=\"wp-image-9658\" title=\"\" srcset=\"https:\/\/gumi.hu\/blog\/wp-content\/uploads\/2023\/06\/Mile-Miglia-2023-1024x576.jpg 1024w, https:\/\/gumi.hu\/blog\/wp-content\/uploads\/2023\/06\/Mile-Miglia-2023-300x169.jpg 300w, https:\/\/gumi.hu\/blog\/wp-content\/uploads\/2023\/06\/Mile-Miglia-2023-768x432.jpg 768w, https:\/\/gumi.hu\/blog\/wp-content\/uploads\/2023\/06\/Mile-Miglia-2023-1536x864.jpg 1536w, https:\/\/gumi.hu\/blog\/wp-content\/uploads\/2023\/06\/Mile-Miglia-2023.jpg 1920w\" sizes=\"(max-width: 1024px) 100vw, 1024px\" \/><\/figure>\n<\/figure>\n\n\n\n<p>A <strong><a href=\"https:\/\/gumi.hu\/auto-gumi\/vredestein\/\">Vredestein <\/a><\/strong>m\u00e1rka 2017 \u00f3ta r\u00e9szt vesz a 1000 Miglia versenyen, amikoris az esem\u00e9ny els\u0151 hivatalos abroncspartnere lett. Id\u00e9n a hivatalos Vredestein csapatot n\u00e9gy aut\u00f3 alkotja: egy 1955-\u00f6s Porsche 356 1500 Speedster, egy 1955-\u00f6s Salmson 2300 Sport, 1954-es Fiat 1100\/103 TV Coup\u00e9 Pininfarina \u00e9s egy 1954-es Fiat 1100\/103 TV Berlina Mille Miglia Original.<\/p>\n\n\n\n<p>A 1000 Miglia Green versenyen is r\u00e9szt vesz egy Vredestien t\u00e1mogat\u00e1s\u00fa csapat, amely ugyanazt az \u00fatvonalat k\u00f6veti, mint a klasszikus 1000 Miglia, de elektromos j\u00e1rm\u0171vekkel zajlik. Az \u00f6t\u00f6dik \u00e9ve megrendezett esem\u00e9ny az els\u0151 szab\u00e1lyos verseny alternat\u00edv \u00fczemanyag\u00fa j\u00e1rm\u0171vek sz\u00e1m\u00e1ra, \u00edgy a 1000 Miglia \u00fatt\u00f6r\u0151 szellem\u00e9t hozza be egy nulla kibocs\u00e1t\u00e1s\u00fa form\u00e1tumba.<\/p>\n\n\n\n<figure class=\"wp-block-embed is-type-video is-provider-youtube wp-block-embed-youtube wp-embed-aspect-16-9 wp-has-aspect-ratio\"><div class=\"wp-block-embed__wrapper\">\n<iframe title=\"Vredestien 1000 Miglia Italian Landscape\" width=\"640\" height=\"360\" src=\"https:\/\/www.youtube.com\/embed\/yk9JXofRkPI?feature=oembed\" frameborder=\"0\" allow=\"accelerometer; autoplay; clipboard-write; encrypted-media; gyroscope; picture-in-picture; web-share\" referrerpolicy=\"strict-origin-when-cross-origin\" allowfullscreen><\/iframe>\n<\/div><\/figure>\n\n\n\n<p>Egy Vredestein t\u00e1mogat\u00e1s\u00fa csapat is r\u00e9szt vesz a 1000 Miglia Green versenyen, amely ugyanazt az \u00fatvonalat k\u00f6veti, mint a klasszikus 1000 Miglia, de elektromos j\u00e1rm\u0171vekkel zajlik. Az esem\u00e9ny az \u00f6t\u00f6dik \u00e9v\u00e9ben j\u00e1r. Ez az els\u0151 rendszeres verseny alternat\u00edv \u00fczemanyag\u00fa j\u00e1rm\u0171vek sz\u00e1m\u00e1ra.<\/p>\n\n\n\n<p>A Vredestien t\u00f6bb mint 110 \u00e9vnyi tapasztalattal rendelkezik a gumiabroncs-piacon, sz\u00e9les pr\u00e9mium v\u00e1laszt\u00e9kot k\u00edn\u00e1l, amelyeket kifejezetten a klasszikus \u00e9s veter\u00e1n aut\u00f3k sz\u00e1m\u00e1ra terveztek. A Sprint Classic, Sprint+, Snow Classic, Grip Classic \u00e9s Transport Classic mind hagyom\u00e1nyos st\u00edlust \u00f6tv\u00f6znek, modern technol\u00f3gi\u00e1val a teljes\u00edtm\u00e9ny, ak\u00e9nyelem \u00e9s vezet\u0151i el\u00e9gedetts\u00e9g optimaliz\u00e1l\u00e1sa \u00e9rdek\u00e9ben.<br><br><\/p>\n\n\n\n<p><strong>V\u00e1logasson kedv\u00e9re ny\u00e1ri gumi k\u00edn\u00e1latunkb\u00f3l, szereltesse \u00e1t az orsz\u00e1gban b\u00e1rhol, 200 szerviz pontunk vagy szerviz Partner\u00fcnk b\u00e1rmelyik\u00e9n\u00e9l<\/strong><\/p>\n\n\n\n<div class=\"wp-block-buttons is-horizontal is-content-justification-center is-layout-flex wp-container-core-buttons-is-layout-499968f5 wp-block-buttons-is-layout-flex\">\n<div class=\"wp-block-button\"><a class=\"wp-block-button__link has-text-color has-background wp-element-button\" href=\"https:\/\/gumi.hu\/autogumi\/nyari-gumi\/vredestein\" style=\"border-radius:1px;color:#333333;background-color:#fdd814\" target=\"_blank\" rel=\"noreferrer noopener\"><strong>Vredestien ny\u00e1ri gumiabroncsok<\/strong><\/a><\/div>\n<\/div>\n\n\n\n<p><em>Ne maradjon le \u00fajdons\u00e1gainkr\u00f3l, akci\u00f3inkr\u00f3l, iratkozzon fel h\u00edrlevel\u00fcnkre!<\/em><\/p>\n\n\n\n<div class=\"wp-block-buttons is-horizontal is-content-justification-center is-layout-flex wp-container-core-buttons-is-layout-499968f5 wp-block-buttons-is-layout-flex\">\n<div class=\"wp-block-button\"><a class=\"wp-block-button__link has-text-color has-background wp-element-button\" href=\"https:\/\/gumi.hu\/#subscribe-to-newsletter\" style=\"border-radius:1px;color:#333333;background-color:#fdd814\" target=\"_blank\" rel=\"noreferrer noopener\">H\u00edrlev\u00e9l feliratkoz\u00e1s<\/a><\/div>\n<\/div>\n","protected":false},"excerpt":{"rendered":"<p>\u00daj versenyt hirdettek meg a Vredestein pr\u00e9mium abroncsm\u00e1rka \u00e9s az ikonikus 1000 Miglia klasszikus aut\u00f3verseny k\u00f6z\u00f6tti partners\u00e9g meg\u00fcnnepl\u00e9s\u00e9re. Az Apollo Tyres tulajdon\u00e1ban l\u00e9v\u0151 Vredestein k\u00e9t izgalmas VIP \u00e9lm\u00e9nyt k\u00edn\u00e1l az esem\u00e9nyre, ide\u00e9rtve a vissza\u00fat rep\u00fcl\u0151jegyeit Mil\u00e1n\u00f3ba \u00e9s egy h\u00e1rom\u00e9jszak\u00e1s sz\u00e1ll\u00e1st egy n\u00e9gycsillagos sz\u00e1llod\u00e1ban. 2023 j\u00fanius 12-\u00e9n a nyertesek kiz\u00e1r\u00f3lagos hozz\u00e1f\u00e9r\u00e9st kapnak a paddock-hoz, ahol k\u00f6zelr\u0151l<\/p>\n","protected":false},"author":2,"featured_media":9658,"comment_status":"closed","ping_status":"closed","sticky":false,"template":"","format":"standard","meta":{"footnotes":""},"categories":[1107],"tags":[],"class_list":["post-9656","post","type-post","status-publish","format-standard","has-post-thumbnail","hentry","category-vredestein"],"_links":{"self":[{"href":"https:\/\/gumi.hu\/blog\/wp-json\/wp\/v2\/posts\/9656","targetHints":{"allow":["GET"]}}],"collection":[{"href":"https:\/\/gumi.hu\/blog\/wp-json\/wp\/v2\/posts"}],"about":[{"href":"https:\/\/gumi.hu\/blog\/wp-json\/wp\/v2\/types\/post"}],"author":[{"embeddable":true,"href":"https:\/\/gumi.hu\/blog\/wp-json\/wp\/v2\/users\/2"}],"replies":[{"embeddable":true,"href":"https:\/\/gumi.hu\/blog\/wp-json\/wp\/v2\/comments?post=9656"}],"version-history":[{"count":2,"href":"https:\/\/gumi.hu\/blog\/wp-json\/wp\/v2\/posts\/9656\/revisions"}],"predecessor-version":[{"id":9660,"href":"https:\/\/gumi.hu\/blog\/wp-json\/wp\/v2\/posts\/9656\/revisions\/9660"}],"wp:featuredmedia":[{"embeddable":true,"href":"https:\/\/gumi.hu\/blog\/wp-json\/wp\/v2\/media\/9658"}],"wp:attachment":[{"href":"https:\/\/gumi.hu\/blog\/wp-json\/wp\/v2\/media?parent=9656"}],"wp:term":[{"taxonomy":"category","embeddable":true,"href":"https:\/\/gumi.hu\/blog\/wp-json\/wp\/v2\/categories?post=9656"},{"taxonomy":"post_tag","embeddable":true,"href":"https:\/\/gumi.hu\/blog\/wp-json\/wp\/v2\/tags?post=9656"}],"curies":[{"name":"wp","href":"https:\/\/api.w.org\/{rel}","templated":true}]}}