{"id":9790,"date":"2023-07-25T14:46:46","date_gmt":"2023-07-25T12:46:46","guid":{"rendered":"https:\/\/gumi.hu\/blog\/?p=9790"},"modified":"2026-01-07T16:10:16","modified_gmt":"2026-01-07T14:10:16","slug":"auto-akkumulator-csere","status":"publish","type":"post","link":"https:\/\/gumi.hu\/blog\/auto-akkumulator-csere\/","title":{"rendered":"Elj\u00f6tt az aut\u00f3 akkumul\u00e1tor csere ideje? Innen tudhat\u00f3!"},"content":{"rendered":"\n<p class=\"has-medium-font-size\"><strong>Milyen jelek utalnak arra, hogy elj\u00f6tt az \u200baut\u00f3 akkumul\u00e1tor csere ideje? A halv\u00e1ny erej\u0171 f\u00e9nysz\u00f3r\u00f3 vagy nehezen indul\u00f3 motor miatt van okunk agg\u00f3dni? \u00c9rdemes szerel\u0151h\u00f6z fordulni, ha rendszeresen sz\u00fcks\u00e9ges bebik\u00e1zni a g\u00e9pj\u00e1rm\u0171vet az indul\u00e1shoz? Cikk\u00fcnkben \u00f6sszefoglaljuk az akku csere sz\u00fcks\u00e9gess\u00e9g\u00e9r\u0151l \u00e1rulkod\u00f3 hib\u00e1kat. Tov\u00e1bb\u00e1 bemutatjuk az akksi csere l\u00e9p\u00e9seit!<\/strong><\/p>\n\n\n\n<h2 class=\"wp-block-heading\"><strong>Mi az aut\u00f3 akkumul\u00e1tor feladata pontosan?<\/strong><\/h2>\n\n\n\n<p>Az akkumul\u00e1torok k\u00e9pesek a villamos energi\u00e1t k\u00e9miai energi\u00e1v\u00e1 transzform\u00e1lni \u00e9s hossz\u00fa ideig t\u00e1rolni. Haszn\u00e1lat k\u00f6zben pedig k\u00e9pesek ford\u00edtva elv\u00e9gezni a folyamatot, teh\u00e1t a t\u00e1rolt k\u00e9miai energi\u00e1t visszaalak\u00edtani villamos energi\u00e1v\u00e1. Hogy mi haszna van ennek a g\u00e9pj\u00e1rm\u0171vek eset\u00e9n? Az aut\u00f3 akkumul\u00e1tor legfontosabb feladata az, hogy elegend\u0151 energi\u00e1t biztos\u00edtson a kocsi indul\u00e1sakor. Tov\u00e1bbi c\u00e9lja, hogy t\u00falfesz\u00fclts\u00e9g-v\u00e9d\u0151k\u00e9nt m\u0171k\u00f6dve megakad\u00e1lyozza az aut\u00f3k ir\u00e1ny\u00edt\u00f3 egys\u00e9g\u00e9nek (electric control unit, ECU) k\u00e1rosod\u00e1s\u00e1t \u00e9s energi\u00e1val l\u00e1ssa el az olyan rendszereket, mint a vil\u00e1g\u00edt\u00e1s, r\u00e1di\u00f3 vagy GPS. Lemer\u00fclt vagy s\u00falyosan meghib\u00e1sodott akkumul\u00e1torral az aut\u00f3 nem indul el, \u00edgy teljesen \u00fczemk\u00e9ptelen.<\/p>\n\n\n\n<h2 class=\"wp-block-heading\"><strong>5 jel, amely arra utal, hogy itt az aut\u00f3 akkumul\u00e1tor csere ideje<\/strong><\/h2>\n\n\n\n<p>A modern aut\u00f3 akkumul\u00e1tor \u00e1tlagos \u00e9lettartama 4-5 \u00e9v, amelyet az egy\u00e9ni felhaszn\u00e1l\u00e1si szok\u00e1sok \u00e9s sz\u00e1mos egy\u00e9b faktor befoly\u00e1solhat. Azonban el\u0151fordulhat, hogy a norm\u00e1l csereperi\u00f3dus el\u0151tt meghib\u00e1sodik az akksi. Az al\u00e1bbiakban bemutatjuk azokat az \u00e1rulkod\u00f3 jeleket, amelyek alapj\u00e1n tudhatja, hogy elj\u00f6tt a csere ideje.<\/p>\n\n\n\n<h3 class=\"wp-block-heading\"><strong>1. Fokozott korr\u00f3zi\u00f3 az aut\u00f3 akkumul\u00e1tor k\u00f6rny\u00e9k\u00e9n<\/strong><\/h3>\n\n\n\n<p>Az, hogy az aut\u00f3 akkumul\u00e1toron \u00e9s k\u00f6rny\u00e9k\u00e9n id\u0151vel a korr\u00f3zi\u00f3 megjelenik, teljesen norm\u00e1lis. Speci\u00e1lis rozsdaelt\u00e1vol\u00edt\u00f3 haszn\u00e1lat\u00e1val k\u00f6nnyed\u00e9n megszabadulhat a nem k\u00edv\u00e1natos szennyez\u0151d\u00e9st\u0151l. Azonban, a rendszeres \u00e9s r\u00f6vid id\u0151 alatt kialakul\u00f3 korr\u00f3zi\u00f3 utalhat az akkumul\u00e1tor sziv\u00e1rg\u00e1s\u00e1ra. Amennyiben hetek leforg\u00e1sa alatt visszat\u00e9r a rozsda, val\u00f3sz\u00edn\u0171leg el\u00e9rkezett az akkumul\u00e1tor csere ideje!<\/p>\n\n\n\n<h3 class=\"wp-block-heading\"><strong>2. Deform\u00e1l\u00f3dott akkumul\u00e1tor h\u00e1z<\/strong><\/h3>\n\n\n\n<p>K\u00fcls\u00e9r\u00fcl\u00e9s nyomai l\u00e1that\u00f3ak az akkumul\u00e1tor h\u00e1zon? Kellemetlen szagot bocs\u00e1t ki a berendez\u00e9s? El\u0151fordulhat, hogy a magas h\u0151m\u00e9rs\u00e9klet vagy t\u00fal magas savass\u00e1g k\u00f6vetkezt\u00e9ben megs\u00e9r\u00fclt az akkumul\u00e1tor, ilyenkor kiz\u00e1r\u00f3lag a miel\u0151bbi csere seg\u00edthet.<\/p>\n\n\n\n<h3 class=\"wp-block-heading\"><strong>3. Visszat\u00e9r\u0151 probl\u00e9ma az ind\u00edt\u00e1skor<\/strong><\/h3>\n\n\n\n<p>Az aut\u00f3 ind\u00edt\u00e1sakor fell\u00e9p\u0151 neh\u00e9zs\u00e9geknek sz\u00e1mos oka lehet, ilyen p\u00e9ld\u00e1ul a felkapcsolva felejtett vil\u00e1g\u00edt\u00e1s vagy a bekapcsolva hagyott m\u00e9dialej\u00e1tsz\u00f3. Azonban, ha r\u00f6vid id\u0151 leforg\u00e1sa alatt t\u00f6bb alkalommal bik\u00e1z\u00e1sra volt sz\u00fcks\u00e9g az indul\u00e1shoz, akkor j\u00f3 es\u00e9llyel itt az aut\u00f3 akkumul\u00e1tor csere ideje.<\/p>\n\n\n\n<h3 class=\"wp-block-heading\"><strong>4. S\u00e1padt, er\u0151tlen f\u00e9nysz\u00f3r\u00f3k<\/strong><\/h3>\n\n\n\n<p>A pisl\u00e1kol\u00f3, s\u00e1padt f\u00e9nysz\u00f3r\u00f3 utalhat arra, hogy az akkumul\u00e1torban t\u00e1rolt energia nem el\u00e9gs\u00e9ges a megfelel\u0151 f\u00e9nyer\u0151 biztos\u00edt\u00e1s\u00e1hoz. Csere el\u0151tt javasolt az akkumul\u00e1tor felt\u00f6lt\u00e9s\u00e9vel pr\u00f3b\u00e1lkozni, amely egyes esetekben megoldhatja a probl\u00e9m\u00e1t. Ha az akksi a teljes t\u00f6lt\u00e9s ellen\u00e9re sem k\u00e9pes el\u00e9gs\u00e9ges energi\u00e1t ny\u00fajtani a vil\u00e1g\u00edt\u00e1s r\u00e9sz\u00e9re, akkor kiz\u00e1r\u00f3lag a csere seg\u00edthet.<\/p>\n\n\n\n<h3 class=\"wp-block-heading\"><strong>5. Sok id\u0151t vesz ig\u00e9nybe a motor ind\u00edt\u00e1sa<\/strong><\/h3>\n\n\n\n<p>Az akku kapacit\u00e1s, vagyis a t\u00e1rolni k\u00e9pes energia mennyis\u00e9g\u00e9nek cs\u00f6kken\u00e9se norm\u00e1lis id\u0151vel. A s\u00falyosan amortiz\u00e1l\u00f3dott akkumul\u00e1torok gyakran k\u00e9ptelenek a megfelel\u0151 t\u00f6lt\u00e9s t\u00e1rol\u00e1s\u00e1ra \u00e9s r\u00f6vid id\u0151 alatt lemer\u00fclnek. Ha a motor rendszeresen lassan indul, akkor val\u00f3sz\u00edn\u0171leg aut\u00f3 akksi csere sz\u00fcks\u00e9ges.<\/p>\n\n\n\n<figure class=\"wp-block-image size-large\"><img fetchpriority=\"high\" decoding=\"async\" width=\"1024\" height=\"683\" src=\"https:\/\/gumi.hu\/blog\/wp-content\/uploads\/2023\/07\/auto-akkumulator-problemak-1-1024x683.jpg\" alt=\"Aut\u00f3 akkumul\u00e1tor probl\u00e9m\u00e1k\" class=\"wp-image-9793\" title=\"\" srcset=\"https:\/\/gumi.hu\/blog\/wp-content\/uploads\/2023\/07\/auto-akkumulator-problemak-1-1024x683.jpg 1024w, https:\/\/gumi.hu\/blog\/wp-content\/uploads\/2023\/07\/auto-akkumulator-problemak-1-300x200.jpg 300w, https:\/\/gumi.hu\/blog\/wp-content\/uploads\/2023\/07\/auto-akkumulator-problemak-1-768x512.jpg 768w, https:\/\/gumi.hu\/blog\/wp-content\/uploads\/2023\/07\/auto-akkumulator-problemak-1-1536x1024.jpg 1536w, https:\/\/gumi.hu\/blog\/wp-content\/uploads\/2023\/07\/auto-akkumulator-problemak-1-2048x1365.jpg 2048w\" sizes=\"(max-width: 1024px) 100vw, 1024px\" \/><\/figure>\n\n\n\n<h2 class=\"wp-block-heading\"><strong>Mi a teend\u0151 aut\u00f3 akkumul\u00e1tor probl\u00e9m\u00e1k \u00e9szlel\u00e9sekor?<\/strong><\/h2>\n\n\n\n<p>A fenti aut\u00f3 akkumul\u00e1tor probl\u00e9m\u00e1k jelentkez\u00e9se eset\u00e9n \u00e9rdemes felkeresni egy szerel\u0151t, aki a megfelel\u0151 m\u0171szaki vizsg\u00e1latot k\u00f6vet\u0151en szakszer\u0171en k\u00e9pes cser\u00e9lni az akkumul\u00e1tort. B\u00e1r sz\u00e1mos instrukci\u00f3t olvashat\u00f3 az akkumul\u00e1tor csere l\u00e9p\u00e9sr\u0151l, sok ponton elronthat\u00f3 a feladat. A gyakori hib\u00e1k k\u00f6z\u00e9 tartoznak az al\u00e1bbiak:<\/p>\n\n\n\n<ul class=\"wp-block-list\">\n<li>Nem rendelkezik a tulajdonos r\u00e1di\u00f3k\u00f3ddal, \u00edgy nem tudja visszakapcsolni a berendez\u00e9st.<\/li>\n\n\n\n<li>K\u00e1r keletkezik a szakszer\u0171tlen \u00e1ramk\u00f6r megszak\u00edt\u00e1s k\u00f6vetkezt\u00e9ben az elektromos rendszerben.<\/li>\n\n\n\n<li>Nem megfelel\u0151en k\u00f6tik be a sarukat.<\/li>\n\n\n\n<li>De a testi \u00e9ps\u00e9g\u00fcnket is kock\u00e1ztathatjuk.<\/li>\n<\/ul>\n\n\n\n<h2 class=\"wp-block-heading\"><strong>Aut\u00f3 akkumul\u00e1tor lead\u00e1s \u00e1rak<\/strong><\/h2>\n\n\n\n<p>Tudta, hogy az akkumul\u00e1tor vesz\u00e9lyes hullad\u00e9k, \u00edgy kiz\u00e1r\u00f3lag az erre kijel\u00f6lt helyekre dobhat\u00f3 ki? Az akkumul\u00e1tor lead\u00e1sra a szem\u00e9tdudvarokon \u00e9s M\u00c9H-telepeken egyar\u00e1nt van lehet\u0151s\u00e9g. Ez ut\u00f3bbi opci\u00f3 v\u00e1laszt\u00e1sa eset\u00e9n a haszn\u00e1lt akkumul\u00e1tor\u00e9rt cser\u00e9ben p\u00e9nzt is kaphatunk. 2023. j\u00falius 1-t\u0151l \u00faj jogszab\u00e1ly l\u00e9p \u00e9letbe, \u00e9rdemes err\u0151l t\u00e1j\u00e9koz\u00f3dni!<\/p>\n\n\n\n<h2 class=\"wp-block-heading\"><strong>Akku csere az AKH szervizekben<\/strong><\/h2>\n\n\n\n<p>Szeretn\u00e9 profikra b\u00edzni az az akku cser\u00e9t? Akkor v\u00e1lassza az Abroncs Keresked\u0151h\u00e1z Kft. (AKH) szervizh\u00e1l\u00f3zat\u00e1t! A percek alatt elv\u00e9gezhet\u0151 folyamatra, online id\u0151pont foglal\u00e1s sor\u00e1n t\u00f6bb budapesti szerviz \u00e1llom\u00e1s k\u00f6z\u00fcl v\u00e1laszthatja ki az ig\u00e9nyeinek megfelel\u0151 helyet, de Buda\u00f6rs\u00f6n is megtal\u00e1l minket! Ker\u00fclje el a hosszas sorban \u00e1ll\u00e1st \u00e9s b\u00edzza sok \u00e9ves tapasztalattal rendelkez\u0151 szakemberekre az aut\u00f3 akkumul\u00e1tor cser\u00e9t!<\/p>\n\n\n\n<p><\/p>\n\n\n\n<div class=\"wp-block-buttons is-horizontal is-content-justification-center is-layout-flex wp-container-core-buttons-is-layout-499968f5 wp-block-buttons-is-layout-flex\">\n<div class=\"wp-block-button\"><a class=\"wp-block-button__link has-text-color has-background wp-element-button\" href=\"https:\/\/gumi.hu\/autoszerviz-online\" style=\"border-radius:1px;color:#333333;background-color:#fdd814\" target=\"_blank\" rel=\"noreferrer noopener\"><strong>Id\u0151pontfoglal\u00e1s<\/strong><\/a><\/div>\n<\/div>\n\n\n\n<p class=\"has-text-align-left\"><em>Pr\u00e9mium min\u0151s\u00e9g\u0171 gumi- \u00e9s aut\u00f3szerviz szolg\u00e1ltat\u00e1sok az \u00d6n k\u00f6zel\u00e9ben &#8211; haszn\u00e1lja t\u00e9rk\u00e9pes keres\u0151nket!<\/em><\/p>\n\n\n\n<div class=\"wp-block-buttons is-horizontal is-content-justification-center is-layout-flex wp-container-core-buttons-is-layout-499968f5 wp-block-buttons-is-layout-flex\">\n<div class=\"wp-block-button\"><a class=\"wp-block-button__link has-text-color has-background wp-element-button\" href=\"https:\/\/akh.hu\/szervizek\" style=\"border-radius:1px;color:#333333;background-color:#fdd814\" target=\"_blank\" rel=\"noreferrer noopener nofollow\"><strong>Pr\u00e9mium Partner keres\u0151<\/strong><\/a><\/div>\n<\/div>\n\n\n\n<p><em>Ne maradjon le \u00fajdons\u00e1gainkr\u00f3l, akci\u00f3inkr\u00f3l, iratkozzon fel h\u00edrlevel\u00fcnkre!<\/em><\/p>\n\n\n\n<div class=\"wp-block-buttons is-horizontal is-content-justification-center is-layout-flex wp-container-core-buttons-is-layout-499968f5 wp-block-buttons-is-layout-flex\">\n<div class=\"wp-block-button\"><a class=\"wp-block-button__link has-text-color has-background wp-element-button\" href=\"https:\/\/gumi.hu\/#subscribe-to-newsletter\" style=\"border-radius:1px;color:#333333;background-color:#fdd814\" target=\"_blank\" rel=\"noreferrer noopener\">H\u00edrlev\u00e9l feliratkoz\u00e1s<\/a><\/div>\n<\/div>\n","protected":false},"excerpt":{"rendered":"<p>Milyen jelek utalnak arra, hogy elj\u00f6tt az \u200baut\u00f3 akkumul\u00e1tor csere ideje? A halv\u00e1ny erej\u0171 f\u00e9nysz\u00f3r\u00f3 vagy nehezen indul\u00f3 motor miatt van okunk agg\u00f3dni? \u00c9rdemes szerel\u0151h\u00f6z fordulni, ha rendszeresen sz\u00fcks\u00e9ges bebik\u00e1zni a g\u00e9pj\u00e1rm\u0171vet az indul\u00e1shoz? Cikk\u00fcnkben \u00f6sszefoglaljuk az akku csere sz\u00fcks\u00e9gess\u00e9g\u00e9r\u0151l \u00e1rulkod\u00f3 hib\u00e1kat. Tov\u00e1bb\u00e1 bemutatjuk az akksi csere l\u00e9p\u00e9seit! Mi az aut\u00f3 akkumul\u00e1tor feladata pontosan? Az<\/p>\n","protected":false},"author":15,"featured_media":9791,"comment_status":"closed","ping_status":"closed","sticky":false,"template":"","format":"standard","meta":{"footnotes":""},"categories":[981,1205,1185],"tags":[],"class_list":["post-9790","post","type-post","status-publish","format-standard","has-post-thumbnail","hentry","category-nyari-gumi","category-autoszerviz-3","category-tudastar"],"_links":{"self":[{"href":"https:\/\/gumi.hu\/blog\/wp-json\/wp\/v2\/posts\/9790","targetHints":{"allow":["GET"]}}],"collection":[{"href":"https:\/\/gumi.hu\/blog\/wp-json\/wp\/v2\/posts"}],"about":[{"href":"https:\/\/gumi.hu\/blog\/wp-json\/wp\/v2\/types\/post"}],"author":[{"embeddable":true,"href":"https:\/\/gumi.hu\/blog\/wp-json\/wp\/v2\/users\/15"}],"replies":[{"embeddable":true,"href":"https:\/\/gumi.hu\/blog\/wp-json\/wp\/v2\/comments?post=9790"}],"version-history":[{"count":3,"href":"https:\/\/gumi.hu\/blog\/wp-json\/wp\/v2\/posts\/9790\/revisions"}],"predecessor-version":[{"id":11682,"href":"https:\/\/gumi.hu\/blog\/wp-json\/wp\/v2\/posts\/9790\/revisions\/11682"}],"wp:featuredmedia":[{"embeddable":true,"href":"https:\/\/gumi.hu\/blog\/wp-json\/wp\/v2\/media\/9791"}],"wp:attachment":[{"href":"https:\/\/gumi.hu\/blog\/wp-json\/wp\/v2\/media?parent=9790"}],"wp:term":[{"taxonomy":"category","embeddable":true,"href":"https:\/\/gumi.hu\/blog\/wp-json\/wp\/v2\/categories?post=9790"},{"taxonomy":"post_tag","embeddable":true,"href":"https:\/\/gumi.hu\/blog\/wp-json\/wp\/v2\/tags?post=9790"}],"curies":[{"name":"wp","href":"https:\/\/api.w.org\/{rel}","templated":true}]}}