{"id":9921,"date":"2023-09-05T11:23:07","date_gmt":"2023-09-05T09:23:07","guid":{"rendered":"https:\/\/gumi.hu\/blog\/?p=9921"},"modified":"2026-01-07T16:07:29","modified_gmt":"2026-01-07T14:07:29","slug":"fagyallo-hutofolyadek-csereje","status":"publish","type":"post","link":"https:\/\/gumi.hu\/blog\/fagyallo-hutofolyadek-csereje\/","title":{"rendered":"Fagy\u00e1ll\u00f3 h\u0171t\u0151folyad\u00e9k cser\u00e9je: minden, amit tudni \u00e9rdemes"},"content":{"rendered":"\n<p class=\"has-medium-font-size\"><strong>A n\u00e9gy\u00fctem\u0171 bels\u0151\u00e9g\u00e9s\u0171 motorok \u00e1ltal\u00e1ban folyad\u00e9kh\u0171t\u00e9st haszn\u00e1lnak a megfelel\u0151 \u00fczemi h\u0151m\u00e9rs\u00e9klet fenntart\u00e1s\u00e1hoz. A fagy\u00e1ll\u00f3 h\u0171t\u0151folyad\u00e9k vagy m\u00e1s n\u00e9ven h\u0171t\u0151v\u00edz seg\u00edt elvezetni a motorh\u0151t \u00e9s meg\u00f3vja az alkatr\u00e9szeket az esetleges h\u0151k\u00e1rt\u00f3l. Milyen h\u0171t\u0151folyad\u00e9kot \u00e9rdemes haszn\u00e1lni? Mikor j\u00f6n el a csere ideje? Lehets\u00e9ges ut\u00e1nt\u00f6lteni a h\u0171t\u0151vizet? <\/strong><\/p>\n\n\n\n<p class=\"has-medium-font-size\"><strong>Olvassa el cikk\u00fcnket \u00e9s ismerje meg a legfontosabb tudnival\u00f3kat a fagy\u00e1ll\u00f3 h\u0171t\u0151folyad\u00e9k cser\u00e9je, \u00f6sszet\u00e9tele, ut\u00e1nt\u00f6lt\u00e9se \u00e9s t\u00edpusai kapcs\u00e1n!<\/strong><\/p>\n\n\n\n<h2 class=\"wp-block-heading\"><strong>Mi a fagy\u00e1ll\u00f3 h\u0171t\u0151folyad\u00e9k szerepe az aut\u00f3 m\u0171k\u00f6d\u00e9s\u00e9ben?<\/strong><\/h2>\n\n\n\n<p>A motor \u00fczemh\u0151m\u00e9rs\u00e9klete el\u00e9rheti ak\u00e1r az 1000 \u00b0C h\u0151m\u00e9rs\u00e9kletet is. Ahhoz, hogy a motort \u00e9s a kapcsol\u00f3d\u00f3 rendszereket meg\u00f3vj\u00e1k a h\u0151k\u00e1rt\u00f3l, elengedhetetlen valamilyen h\u0171t\u00e9si megold\u00e1s. M\u00edg a kisebb teljes\u00edtm\u00e9ny\u0171, k\u00e9t\u00fctem\u0171 bels\u0151\u00e9g\u00e9s\u0171 motorok eset\u00e9n elegend\u0151 a l\u00e9h\u0171t\u00e9s, addig a magasabb teljes\u00edtm\u00e9ny eset\u00e9n \u00e1ltal\u00e1ban a folyad\u00e9kh\u0171t\u00e9st haszn\u00e1lj\u00e1k. A h\u0171t\u0151folyad\u00e9k egy olyan speci\u00e1lis anyag, amely seg\u00edt a motor h\u0151m\u00e9rs\u00e9kletet az elfogadhat\u00f3 tartom\u00e1nyban tartani, cs\u00f6kkenti a h\u0171t\u0151k\u00f6r amortiz\u00e1ci\u00f3j\u00e1t \u00e9s meg\u00f3vja az \u00e9rz\u00e9keny alkatr\u00e9szeket a hirtelen h\u0151m\u00e9rs\u00e9kletv\u00e1ltoz\u00e1sb\u00f3l keletkez\u0151 lehets\u00e9ges k\u00e1rt\u00f3l.<\/p>\n\n\n\n<h2 class=\"wp-block-heading\"><strong>A fagy\u00e1ll\u00f3 h\u0171t\u0151folyad\u00e9k \u00f6sszet\u00e9tele<\/strong><\/h2>\n\n\n\n<p>A fagy\u00e1ll\u00f3 h\u0171t\u0151folyad\u00e9k \u00f6sszet\u00e9tele t\u00edpusonk\u00e9nt v\u00e1ltozhat. A k\u00f6vetkez\u0151kben bemutatjuk a legn\u00e9pszer\u0171bb h\u0171t\u0151v\u00edz fajt\u00e1kat \u00e9s a term\u00e9kekben haszn\u00e1lt anyagokat:<\/p>\n\n\n\n<ul class=\"wp-block-list\">\n<li><strong>Szervetlen h\u0171t\u0151folyad\u00e9k: <\/strong>A szervetlen h\u0171t\u0151folyad\u00e9k kev\u00e9sb\u00e9 korszer\u0171 elj\u00e1r\u00e1s szerint k\u00e9sz\u00fcl, \u00edgy csereperi\u00f3dusa r\u00f6videbb \u00e9s h\u0151elvezet\u0151 k\u00e9pess\u00e9ge gyeng\u00e9bb. \u00c1ltal\u00e1ban szervetlen savat, foszf\u00e1tot szilik\u00e1t tartalmaz. K\u00e1rt tehet az alum\u00ednium alkatr\u00e9szekben, \u00edgy extra k\u00f6r\u00fcltekint\u00e9st ig\u00e9nyel haszn\u00e1lata. V\u00e1s\u00e1rl\u00e1s el\u0151tt gy\u0151z\u0151dj\u00f6n meg arr\u00f3l, hogy kompatibilis aut\u00f3j\u00e1val a szervetlen h\u0171t\u0151folyad\u00e9k.<\/li>\n\n\n\n<li><strong>Szerves h\u0171t\u0151folyad\u00e9k:<\/strong> A szerves h\u0171t\u0151folyad\u00e9k magasabb \u00e1r\u00fa, modern h\u0171t\u0151v\u00edz. Jelent\u0151sen hosszabb csereperi\u00f3dussal \u00e9s kedvez\u0151bb h\u0151elvezet\u00e9si tulajdons\u00e1gokkal rendelkezik. Ezek a k\u00e9sz\u00edtm\u00e9nyek szerves savakat tartalmaznak, ilyen lehet p\u00e9ld\u00e1ul a propil\u00e9n-glikol.<\/li>\n\n\n\n<li><strong>Hibrid h\u0171t\u0151folyad\u00e9k:<\/strong> Szerves- \u00e9s szervetlen anyagok kever\u00e9ke, amely haszn\u00e1lhat\u00f3 alum\u00ednium alkatr\u00e9szekkel is.<\/li>\n<\/ul>\n\n\n\n<h2 class=\"wp-block-heading\"><strong>Mi\u00e9rt fontos, hogy a h\u0171t\u0151folyad\u00e9k fagy\u00e1ll\u00f3 legyen?<\/strong><\/h2>\n\n\n\n<p>A v\u00edz t\u00e9rfogata megn\u0151 amikor megfagy. Amennyiben a h\u0171t\u0151folyad\u00e9k nem tartalmaz speci\u00e1lis fagy\u00e1st akad\u00e1lyoz\u00f3 adal\u00e9kanyagokat, akkor a fagypontalatti halmaz\u00e1llapot v\u00e1ltoz\u00e1skor k\u00e1rt tehet a motorban. Ahhoz, hogy megakad\u00e1lyozzuk a fagy\u00e1s k\u00f6vetkezt\u00e9ben be\u00e1ll\u00f3 bel\u00fclr\u0151l t\u00f6rt\u00e9n\u0151 sz\u00e9tfesz\u00edt\u00e9st, minden esetben fagy\u00e1ll\u00f3 h\u0171t\u0151folyad\u00e9kot haszn\u00e1ljunk!<\/p>\n\n\n\n<p><strong>Extra tipp:<\/strong> Az EU tag\u00e1llamokban forgalmazott h\u0171t\u0151folyad\u00e9kok garant\u00e1ltan m\u0171k\u00f6dnek ak\u00e1r -35 \u00b0C id\u0151j\u00e1r\u00e1sban is. Azonban, ha extr\u00e9m id\u0151j\u00e1r\u00e1si k\u00f6r\u00fclm\u00e9nyek k\u00f6z\u00f6tt k\u00f6zlekedik, \u00e9rdemes lehet enn\u00e9l nagyobb fagy\u00e1ll\u00f3k\u00e9pess\u00e9g\u0171 term\u00e9ket v\u00e1lasztani.<\/p>\n\n\n\n<h2 class=\"wp-block-heading\"><strong>Milyen a fagy\u00e1ll\u00f3 h\u0171t\u0151folyad\u00e9k sz\u00edne?<\/strong><\/h2>\n\n\n\n<p>A fagy\u00e1ll\u00f3 h\u0171t\u0151folyad\u00e9k sz\u00edne egyebek mellett lehet vil\u00e1gosk\u00e9k, ibolyasz\u00edn\u0171, r\u00f3zsasz\u00edn, s\u00e1rga. Hogy mi a jelent\u0151s\u00e9ge a sz\u00ednnek? Nem sok, hiszen a h\u0171t\u0151folyad\u00e9k kompatibilit\u00e1s\u00e1t nem a sz\u00edn hat\u00e1rozza meg.<\/p>\n\n\n\n<p>A sz\u00edn helyett t\u00e1maszkodjon a fagy\u00e1ll\u00f3 h\u0171t\u0151folyad\u00e9kok klasszifik\u00e1l\u00e1s\u00e1ra kialak\u00edtott rendszerre, amely megk\u00fcl\u00f6nb\u00f6zteti az al\u00e1bbi t\u00edpusokat:<\/p>\n\n\n\n<ul class=\"wp-block-list\">\n<li><strong>G11: <\/strong>Az 1996 el\u0151tt gy\u00e1rtott j\u00e1rm\u0171vekhez javasolt haszn\u00e1lata<\/li>\n\n\n\n<li><strong>G12:<\/strong> Azokhoz a j\u00e1rm\u0171vekhez aj\u00e1nlott, amelyeket 1996 ut\u00e1n gy\u00e1rtottak.<\/li>\n\n\n\n<li><strong>G12++: <\/strong>Azokhoz a j\u00e1rm\u0171vekhez aj\u00e1nlott, amelyeket 2006 ut\u00e1n gy\u00e1rtottak.<\/li>\n\n\n\n<li><strong>G13: <\/strong>A 2008 ut\u00e1n gy\u00e1rtott g\u00e9pkocsikhoz haszn\u00e1lhat\u00f3.<\/li>\n<\/ul>\n\n\n\n<p>Fontos, hogy az aut\u00f3 g\u00e9pk\u00f6nyv\u00e9ben szerepl\u0151, gy\u00e1rt\u00f3 \u00e1ltal meghat\u00e1rozott h\u0171t\u0151folyad\u00e9kot haszn\u00e1lja. Semmilyen k\u00f6r\u00fclm\u00e9ny k\u00f6z\u00f6tt ne v\u00e1lasszon inkompatibilis h\u0171t\u0151folyad\u00e9kot, mert ez jelent\u0151s k\u00e1rt tehet a motorban. Tov\u00e1bb\u00e1, fontos, hogy ne keverje az inkompatibilis h\u0171t\u0151vizet az el\u0151\u00edr\u00e1snak megfelel\u0151 folyad\u00e9khoz.<\/p>\n\n\n<div class=\"wp-block-image\">\n<figure class=\"aligncenter size-large\"><img fetchpriority=\"high\" decoding=\"async\" width=\"1024\" height=\"683\" src=\"https:\/\/gumi.hu\/blog\/wp-content\/uploads\/2023\/09\/fagyallo-hutofolyadek-csere.jpg-1024x683.jpg\" alt=\"Fagy\u00e1ll\u00f3 h\u0171t\u0151folyad\u00e9k csere el\u0151tti m\u0171szaki ellen\u0151rz\u00e9s is sz\u00fcks\u00e9ges.\" class=\"wp-image-9923\" title=\"\" srcset=\"https:\/\/gumi.hu\/blog\/wp-content\/uploads\/2023\/09\/fagyallo-hutofolyadek-csere.jpg-1024x683.jpg 1024w, https:\/\/gumi.hu\/blog\/wp-content\/uploads\/2023\/09\/fagyallo-hutofolyadek-csere.jpg-300x200.jpg 300w, https:\/\/gumi.hu\/blog\/wp-content\/uploads\/2023\/09\/fagyallo-hutofolyadek-csere.jpg-768x512.jpg 768w, https:\/\/gumi.hu\/blog\/wp-content\/uploads\/2023\/09\/fagyallo-hutofolyadek-csere.jpg.jpg 1500w\" sizes=\"(max-width: 1024px) 100vw, 1024px\" \/><\/figure><\/div>\n\n\n<h2 class=\"wp-block-heading\"><strong>Mikor esed\u00e9kes a fagy\u00e1ll\u00f3 h\u0171t\u0151folyad\u00e9k csere?<\/strong><\/h2>\n\n\n\n<p>Ak\u00e1rcsak a motorolaj, a fagy\u00e1ll\u00f3 h\u0171t\u0151folyad\u00e9k is cser\u00e9re szorul id\u0151vel. A haszn\u00e1lat k\u00f6vetkezt\u00e9ben boml\u00e1sterm\u00e9kek jelennek meg a folyad\u00e9kban, ezek pedig cs\u00f6kkenthetik a h\u0151elvezet\u00e9si k\u00e9pess\u00e9get. De vajon mikor esed\u00e9kes a fagy\u00e1ll\u00f3 h\u0171t\u0151folyad\u00e9k csere? Ez t\u00edpusonk\u00e9nt jelent\u0151sen elt\u00e9rhet. Szervetlen fagy\u00e1ll\u00f3 eset\u00e9n k\u00f6r\u00fclbel\u00fcl 2 \u00e9v vagy 50000 kilom\u00e9tert k\u00f6vet\u0151en j\u00f6n el a csere ideje. M\u00edg szerves \u00e9s hibrid h\u0171t\u0151v\u00edz eset\u00e9n 4 \u00e9v vagy 250000 kilom\u00e9ter is kib\u00edrhat a h\u0171t\u0151folyad\u00e9k. Minden esetben k\u00f6vesse a m\u0171szaki k\u00f6nyvben szerepl\u0151 gy\u00e1rt\u00f3i instrukci\u00f3kat a csereperi\u00f3dus meghat\u00e1roz\u00e1s\u00e1hoz.<\/p>\n\n\n\n<h2 class=\"wp-block-heading\"><strong>Elv\u00e9gezhet\u0151 a fagy\u00e1ll\u00f3 h\u0171t\u0151folyad\u00e9k cser\u00e9je \u00e9s ut\u00e1nt\u00f6lt\u00e9se ak\u00e1r otthon is?<\/strong><\/h2>\n\n\n\n<p>A fagy\u00e1ll\u00f3 h\u0171t\u0151folyad\u00e9k cser\u00e9je \u00e9s ut\u00e1nt\u00f6lt\u00e9se egyszer\u0171 feladatnak t\u00fcnet, azonban k\u00f6nnyen elronthat\u00f3. A leggyakoribb hib\u00e1k k\u00f6z\u00e9 tartozik:<\/p>\n\n\n\n<ul class=\"wp-block-list\">\n<li>inkompatibilit\u00e1s fagy\u00e1ll\u00f3 h\u0171t\u0151folyad\u00e9k haszn\u00e1lata,<\/li>\n\n\n\n<li>m\u0171szaki hib\u00e1k figyelmen k\u00edv\u00fcl hagy\u00e1sa,<\/li>\n\n\n\n<li>&nbsp;t\u00fal sok vagy t\u00fal kev\u00e9s h\u0171t\u0151v\u00edz haszn\u00e1lata.<\/li>\n<\/ul>\n\n\n\n<p>Javasoljuk, hogy b\u00edzza profi szakemberekre a fagy\u00e1ll\u00f3 h\u0171t\u0151folyad\u00e9k cser\u00e9j\u00e9t, akik garant\u00e1ltan szakszer\u0171en j\u00e1rnak el. Ezzel meg\u00f3vhatja aut\u00f3j\u00e1t a ban\u00e1lis okb\u00f3l bek\u00f6vetkez\u0151, azonban s\u00falyos anyagi terhekkel j\u00e1r\u00f3 motorhib\u00e1t\u00f3l.B\u00edzza az Abroncs Keresked\u0151h\u00e1z Kft. (AKH) szervizh\u00e1l\u00f3zat\u00e1ban dolgoz\u00f3 profi aut\u00f3szerel\u0151kre a h\u0171t\u0151folyad\u00e9k felt\u00f6lt\u00e9s\u00e9t. Ehhez nincs m\u00e1s dolga, mint az online foglal\u00e1si rendszer\u00fcnkben kiv\u00e1lasztani az ig\u00e9nyeinek megfelel\u0151 szerviz\u00e1llom\u00e1st, id\u0151pontot \u00e9s megadni a foglal\u00e1si adatokat. Ezt k\u00f6vet\u0151en r\u00f6videsen emailben \u00e9rtes\u00edtj\u00fck a sikeres foglal\u00e1sr\u00f3l. Aktu\u00e1lis \u00e1rainkat<a href=\"https:\/\/gumi.hu\/szolgaltatasok\" target=\"_blank\" rel=\"noreferrer noopener\"> itt<\/a> tekintheti meg.<\/p>\n\n\n\n<div class=\"wp-block-buttons is-horizontal is-content-justification-center is-layout-flex wp-container-core-buttons-is-layout-499968f5 wp-block-buttons-is-layout-flex\">\n<div class=\"wp-block-button\"><a class=\"wp-block-button__link has-text-color has-background wp-element-button\" href=\"https:\/\/gumi.hu\/autoszerviz-online\" style=\"border-radius:1px;color:#333333;background-color:#fdd814\" target=\"_blank\" rel=\"noreferrer noopener\"><strong>Id\u0151pontfoglal\u00e1s<\/strong><\/a><\/div>\n<\/div>\n\n\n\n<p class=\"has-text-align-left\"><em>Pr\u00e9mium min\u0151s\u00e9g\u0171 gumi- \u00e9s aut\u00f3szerviz szolg\u00e1ltat\u00e1sok az \u00d6n k\u00f6zel\u00e9ben &#8211; haszn\u00e1lja t\u00e9rk\u00e9pes keres\u0151nket!<\/em><\/p>\n\n\n\n<div class=\"wp-block-buttons is-horizontal is-content-justification-center is-layout-flex wp-container-core-buttons-is-layout-499968f5 wp-block-buttons-is-layout-flex\">\n<div class=\"wp-block-button\"><a class=\"wp-block-button__link has-text-color has-background wp-element-button\" href=\"https:\/\/akh.hu\/szervizek\" style=\"border-radius:1px;color:#333333;background-color:#fdd814\" target=\"_blank\" rel=\"noreferrer noopener nofollow\"><strong>Pr\u00e9mium Partner keres\u0151<\/strong><\/a><\/div>\n<\/div>\n\n\n\n<p><em>Ne maradjon le \u00fajdons\u00e1gainkr\u00f3l, akci\u00f3inkr\u00f3l, iratkozzon fel h\u00edrlevel\u00fcnkre!<\/em><\/p>\n\n\n\n<div class=\"wp-block-buttons is-horizontal is-content-justification-center is-layout-flex wp-container-core-buttons-is-layout-499968f5 wp-block-buttons-is-layout-flex\">\n<div class=\"wp-block-button\"><a class=\"wp-block-button__link has-text-color has-background wp-element-button\" href=\"https:\/\/gumi.hu\/#subscribe-to-newsletter\" style=\"border-radius:1px;color:#333333;background-color:#fdd814\" target=\"_blank\" rel=\"noreferrer noopener\">H\u00edrlev\u00e9l feliratkoz\u00e1s<\/a><\/div>\n<\/div>\n","protected":false},"excerpt":{"rendered":"<p>A n\u00e9gy\u00fctem\u0171 bels\u0151\u00e9g\u00e9s\u0171 motorok \u00e1ltal\u00e1ban folyad\u00e9kh\u0171t\u00e9st haszn\u00e1lnak a megfelel\u0151 \u00fczemi h\u0151m\u00e9rs\u00e9klet fenntart\u00e1s\u00e1hoz. A fagy\u00e1ll\u00f3 h\u0171t\u0151folyad\u00e9k vagy m\u00e1s n\u00e9ven h\u0171t\u0151v\u00edz seg\u00edt elvezetni a motorh\u0151t \u00e9s meg\u00f3vja az alkatr\u00e9szeket az esetleges h\u0151k\u00e1rt\u00f3l. Milyen h\u0171t\u0151folyad\u00e9kot \u00e9rdemes haszn\u00e1lni? Mikor j\u00f6n el a csere ideje? Lehets\u00e9ges ut\u00e1nt\u00f6lteni a h\u0171t\u0151vizet? Olvassa el cikk\u00fcnket \u00e9s ismerje meg a legfontosabb tudnival\u00f3kat a fagy\u00e1ll\u00f3<\/p>\n","protected":false},"author":15,"featured_media":9922,"comment_status":"closed","ping_status":"closed","sticky":false,"template":"","format":"standard","meta":{"footnotes":""},"categories":[1185,1205,981],"tags":[],"class_list":["post-9921","post","type-post","status-publish","format-standard","has-post-thumbnail","hentry","category-tudastar","category-autoszerviz-3","category-nyari-gumi"],"_links":{"self":[{"href":"https:\/\/gumi.hu\/blog\/wp-json\/wp\/v2\/posts\/9921","targetHints":{"allow":["GET"]}}],"collection":[{"href":"https:\/\/gumi.hu\/blog\/wp-json\/wp\/v2\/posts"}],"about":[{"href":"https:\/\/gumi.hu\/blog\/wp-json\/wp\/v2\/types\/post"}],"author":[{"embeddable":true,"href":"https:\/\/gumi.hu\/blog\/wp-json\/wp\/v2\/users\/15"}],"replies":[{"embeddable":true,"href":"https:\/\/gumi.hu\/blog\/wp-json\/wp\/v2\/comments?post=9921"}],"version-history":[{"count":4,"href":"https:\/\/gumi.hu\/blog\/wp-json\/wp\/v2\/posts\/9921\/revisions"}],"predecessor-version":[{"id":11684,"href":"https:\/\/gumi.hu\/blog\/wp-json\/wp\/v2\/posts\/9921\/revisions\/11684"}],"wp:featuredmedia":[{"embeddable":true,"href":"https:\/\/gumi.hu\/blog\/wp-json\/wp\/v2\/media\/9922"}],"wp:attachment":[{"href":"https:\/\/gumi.hu\/blog\/wp-json\/wp\/v2\/media?parent=9921"}],"wp:term":[{"taxonomy":"category","embeddable":true,"href":"https:\/\/gumi.hu\/blog\/wp-json\/wp\/v2\/categories?post=9921"},{"taxonomy":"post_tag","embeddable":true,"href":"https:\/\/gumi.hu\/blog\/wp-json\/wp\/v2\/tags?post=9921"}],"curies":[{"name":"wp","href":"https:\/\/api.w.org\/{rel}","templated":true}]}}